{"id":61655,"date":"2015-08-12T22:21:31","date_gmt":"2015-08-13T01:21:31","guid":{"rendered":"http:\/\/www.notibras.com\/site\/?p=61655"},"modified":"2015-08-13T00:20:21","modified_gmt":"2015-08-13T03:20:21","slug":"fla-sem-guerrero-quebra-jejum-em-cima-do-furacao-com-3-a-2","status":"publish","type":"post","link":"https:\/\/www.notibras.com\/site\/fla-sem-guerrero-quebra-jejum-em-cima-do-furacao-com-3-a-2\/","title":{"rendered":"Flamengo sem Guerrero quebra o jejum em cima do Furac\u00e3o com placar de 3 a 2"},"content":{"rendered":"<p>O Flamengo n\u00e3o vencia o Atl\u00e9tico-PR, pelo Campeonato Brasileiro , h\u00e1 seis anos, mas quebrou o jejum na noite desta quarta-feira, no Maracan\u00e3. O Rubro-negro da G\u00e1vea derrotou o Furac\u00e3o por 3 a 2 e afastou a crise que amea\u00e7ava o cargo do t\u00e9cnico Cristov\u00e3o Borges, muito festejado pelos jogadores na comemora\u00e7\u00e3o dos gols. Confira como foi a partida minuto a minuto.<\/p>\n<p>O resultado fez o Flamengo chegar aos 23 pontos e subir para a 10\u00aa posi\u00e7\u00e3o. O time do Paran\u00e1 segue em sexto, com 29 pontos. Antes da partida, os \u00e1rbitros fizeram um protesto pela exclus\u00e3o da categoria da recente Medida Provis\u00f3ria assinada pela presidente Dilma Rousseff.<\/p>\n<p>A vit\u00f3ria do Flamengo , que jogou sem Guerrero, suspenso, foi justa porque a equipe carioca foi superior ao advers\u00e1rio, principalmente no primeiro tempo, quando marcou os gols que garantiram o resultado. O Atl\u00e9tico-PR entrou com uma postura defensiva e s\u00f3 conseguiu criar dificuldades para o Flamengo, quando apelou para a jogada a\u00e9rea. Os gols do Flamengo foram marcados por Wallace, Emerson Sheik e Alan Patrick, enquanto Hernani e Kadu anotaram para o Furac\u00e3o.<\/p>\n<p>Na pr\u00f3xima rodada, o Flamengo enfrentar\u00e1 o Palmeiras , em S\u00e3o Paulo. O Atl\u00e9tico PR vai encarar o Santos , em Curitiba.<\/p>\n<p>O Flamengo come\u00e7ou a partida no ataque e, logo aos dois minutos, Emerson fez bom passe para o estreante Ederson que chutou rasteiro e obrigou o goleiro Weverton a se esticar e desviar para escanteio. Ederson atuava como piv\u00f4 no ataque, centralizado entre os zagueiros paranaenses, e contava com a companhia de Emerson Sheik que se movimentava por todos os lados.<\/p>\n<p>Aos 12 minutos, o Flamengo marcou o primeiro gol. Ap\u00f3s cobran\u00e7a de escanteio, o zagueiro Wallace pega, de primeira, e manda para as redes. Na comemora\u00e7\u00e3o, todos os jogadores do rubro-negro carioca foram abra\u00e7ar o t\u00e9cnico Cristov\u00e3o Borges.<\/p>\n<p>Mesmo sofrendo o gol, o Atl\u00e9tico n\u00e3o conseguiu se organizar ofensivamente e continuou numa postura defensiva, enquanto a equipe carioca continuava com mais posse de bola. S\u00f3 aos 18 minutos \u00e9 que o Furac\u00e3o chegou ao ataque com chute de Eduardo que assustou o goleiro C\u00e9sar, mas a bola saiu. Aos 24 minutos, o Atl\u00e9tico-PR empatou. Ap\u00f3s cobran\u00e7a de escanteio, C\u00e9sar socou para fora da \u00e1rea. Sidcley levantou e Hernani, sem marca\u00e7\u00e3o, cabeceou para empatar.<\/p>\n<p>O time carioca n\u00e3o se abalou com o gol sofrido e continuou controlando as a\u00e7\u00f5es. E o t\u00e9cnico Milton Mendes decidiu fazer uma mudan\u00e7a, trocando o meia Bruno Mota por Barrientos. Aos 36 minutos, ap\u00f3s cruzamento na \u00e1rea paranaense, C\u00e9sar Martins escorou, de cabe\u00e7a, e Ederson chuta para defesa f\u00e1cil de Weverton.<\/p>\n<p>O Flamengo desempatou aos 39 minutos. Everton ganhou a bola no meio campo e enfiou para Emerson Sheik que penetrou em velocidade e tocou na sa\u00edda do goleiro do Atl\u00e9tico.O time da G\u00e1vea manteve a press\u00e3o e conseguiu o terceiro gol, aos 44 minutos. Alan Patrick bateu falta, com categoria, e colocou no \u00e2ngulo esquerdo de Weverton que ficou sem a\u00e7\u00e3o.<\/p>\n<p>O Furac\u00e3o voltou modificado para o segundo tempo, buscando alterar o andamento da partida. Aos sete minutos, Walter recebeu lan\u00e7amento, amorteceu no peito e mandou uma bomba que passou muito perto do travess\u00e3o defendido por C\u00e9sar.\u00a0Dois minutos depois, o t\u00e9cnico Cristov\u00e3o Borges trocou Ederson pelo atacante Kayke que tamb\u00e9m fez a sua estreia.<\/p>\n<p>Aos 19 minutos, o time paranaense marcou o segundo gol. E novamente em cobran\u00e7a de escanteio. O zagueiro Kadu se antecipou aos zagueiros para cabecear a bola para as redes da equipe carioca. A torcida do rubro-negro carioca passou a hostilizar o zagueiro Wallace por causa dos gols paranaenses e o t\u00e9cnico Cristov\u00e3o Borges decidiu troc\u00e1-lo por Samir.<br \/>\nO time da G\u00e1vea continuava com mais posse de bola e, aos 31 minutos, Alan Patrick, um dos destaques da equipe.arriscou de longe, mas Weverton defendeu bem. A equipe de Cristov\u00e3o Borges administrava a vantagem, enquanto a equipe visitante s\u00f3 conseguia criar dificuldades para a defesa carioca em lances de bola parada.<\/p>\n<p>Aos 34 minutos, o volante Hernani que j\u00e1 tinha sido advertido com o cart\u00e3o amarelo, cometeu outra falta violenta e foi exclu\u00eddo de campo, deixando a sua equipe com dez jogadores. Sem muita alternativa, o Atl\u00e9tico s\u00f3 chegava ao gol do Flamengo em chutes longos do atacante Walter, o \u00fanico que incomodava a defesa carioca. Nos minutos finais, o rubro-negro carioca apenas se preocupou em se fechar na defesa para n\u00e3o correr riscos e garantir a vit\u00f3ria.<\/p>\n","protected":false},"excerpt":{"rendered":"<p>O Flamengo n\u00e3o vencia o Atl\u00e9tico-PR, pelo Campeonato Brasileiro , h\u00e1 seis anos, mas quebrou o jejum na noite desta quarta-feira, no Maracan\u00e3. O Rubro-negro da G\u00e1vea derrotou o Furac\u00e3o por 3 a 2 e afastou a crise que amea\u00e7ava o cargo do t\u00e9cnico Cristov\u00e3o Borges, muito festejado pelos jogadores na comemora\u00e7\u00e3o dos gols. Confira [&hellip;]<\/p>\n","protected":false},"author":2,"featured_media":61656,"comment_status":"open","ping_status":"closed","sticky":false,"template":"","format":"standard","meta":{"_acf_changed":false,"footnotes":""},"categories":[19,29],"tags":[],"class_list":["post-61655","post","type-post","status-publish","format-standard","has-post-thumbnail","hentry","category-esportes","category-futebol"],"acf":[],"yoast_head":"<!-- This site is optimized with the Yoast SEO plugin v27.2 - https:\/\/yoast.com\/product\/yoast-seo-wordpress\/ -->\n<title>Flamengo sem Guerrero quebra o jejum em cima do Furac\u00e3o com placar de 3 a 2 - Notibras<\/title>\n<meta name=\"robots\" content=\"index, follow, max-snippet:-1, max-image-preview:large, max-video-preview:-1\" \/>\n<link rel=\"canonical\" href=\"https:\/\/www.notibras.com\/site\/fla-sem-guerrero-quebra-jejum-em-cima-do-furacao-com-3-a-2\/\" \/>\n<meta property=\"og:locale\" content=\"pt_BR\" \/>\n<meta property=\"og:type\" content=\"article\" \/>\n<meta property=\"og:title\" content=\"Flamengo sem Guerrero quebra o jejum em cima do Furac\u00e3o com placar de 3 a 2 - Notibras\" \/>\n<meta property=\"og:description\" content=\"O Flamengo n\u00e3o vencia o Atl\u00e9tico-PR, pelo Campeonato Brasileiro , h\u00e1 seis anos, mas quebrou o jejum na noite desta quarta-feira, no Maracan\u00e3. O Rubro-negro da G\u00e1vea derrotou o Furac\u00e3o por 3 a 2 e afastou a crise que amea\u00e7ava o cargo do t\u00e9cnico Cristov\u00e3o Borges, muito festejado pelos jogadores na comemora\u00e7\u00e3o dos gols. Confira [&hellip;]\" \/>\n<meta property=\"og:url\" content=\"https:\/\/www.notibras.com\/site\/fla-sem-guerrero-quebra-jejum-em-cima-do-furacao-com-3-a-2\/\" \/>\n<meta property=\"og:site_name\" content=\"Notibras\" \/>\n<meta property=\"article:publisher\" content=\"https:\/\/www.facebook.com\/notibras\/\" \/>\n<meta property=\"article:published_time\" content=\"2015-08-13T01:21:31+00:00\" \/>\n<meta property=\"article:modified_time\" content=\"2015-08-13T03:20:21+00:00\" \/>\n<meta property=\"og:image\" content=\"https:\/\/www.notibras.com\/site\/wp-content\/uploads\/2015\/08\/wallaceflamengoxatleticoprpedromartinsagifgazeta.jpg\" \/>\n\t<meta property=\"og:image:width\" content=\"940\" \/>\n\t<meta property=\"og:image:height\" content=\"626\" \/>\n\t<meta property=\"og:image:type\" content=\"image\/jpeg\" \/>\n<meta name=\"author\" content=\"Reda\u00e7\u00e3o\" \/>\n<meta name=\"twitter:card\" content=\"summary_large_image\" \/>\n<meta name=\"twitter:creator\" content=\"@Notibras\" \/>\n<meta name=\"twitter:site\" content=\"@Notibras\" \/>\n<meta name=\"twitter:label1\" content=\"Escrito por\" \/>\n\t<meta name=\"twitter:data1\" content=\"Reda\u00e7\u00e3o\" \/>\n\t<meta name=\"twitter:label2\" content=\"Est. tempo de leitura\" \/>\n\t<meta name=\"twitter:data2\" content=\"4 minutos\" \/>\n<script type=\"application\/ld+json\" class=\"yoast-schema-graph\">{\"@context\":\"https:\/\/schema.org\",\"@graph\":[{\"@type\":\"Article\",\"@id\":\"https:\/\/www.notibras.com\/site\/fla-sem-guerrero-quebra-jejum-em-cima-do-furacao-com-3-a-2\/#article\",\"isPartOf\":{\"@id\":\"https:\/\/www.notibras.com\/site\/fla-sem-guerrero-quebra-jejum-em-cima-do-furacao-com-3-a-2\/\"},\"author\":{\"name\":\"Reda\u00e7\u00e3o\",\"@id\":\"https:\/\/www.notibras.com\/site\/#\/schema\/person\/36ab0979449956132d3e5b517ea76ac8\"},\"headline\":\"Flamengo sem Guerrero quebra o jejum em cima do Furac\u00e3o com placar de 3 a 2\",\"datePublished\":\"2015-08-13T01:21:31+00:00\",\"dateModified\":\"2015-08-13T03:20:21+00:00\",\"mainEntityOfPage\":{\"@id\":\"https:\/\/www.notibras.com\/site\/fla-sem-guerrero-quebra-jejum-em-cima-do-furacao-com-3-a-2\/\"},\"wordCount\":796,\"commentCount\":0,\"publisher\":{\"@id\":\"https:\/\/www.notibras.com\/site\/#organization\"},\"image\":{\"@id\":\"https:\/\/www.notibras.com\/site\/fla-sem-guerrero-quebra-jejum-em-cima-do-furacao-com-3-a-2\/#primaryimage\"},\"thumbnailUrl\":\"https:\/\/www.notibras.com\/site\/wp-content\/uploads\/2015\/08\/wallaceflamengoxatleticoprpedromartinsagifgazeta.jpg\",\"articleSection\":[\"Esportes\",\"Futebol\"],\"inLanguage\":\"pt-BR\",\"potentialAction\":[{\"@type\":\"CommentAction\",\"name\":\"Comment\",\"target\":[\"https:\/\/www.notibras.com\/site\/fla-sem-guerrero-quebra-jejum-em-cima-do-furacao-com-3-a-2\/#respond\"]}]},{\"@type\":\"WebPage\",\"@id\":\"https:\/\/www.notibras.com\/site\/fla-sem-guerrero-quebra-jejum-em-cima-do-furacao-com-3-a-2\/\",\"url\":\"https:\/\/www.notibras.com\/site\/fla-sem-guerrero-quebra-jejum-em-cima-do-furacao-com-3-a-2\/\",\"name\":\"Flamengo sem Guerrero quebra o jejum em cima do Furac\u00e3o com placar de 3 a 2 - Notibras\",\"isPartOf\":{\"@id\":\"https:\/\/www.notibras.com\/site\/#website\"},\"primaryImageOfPage\":{\"@id\":\"https:\/\/www.notibras.com\/site\/fla-sem-guerrero-quebra-jejum-em-cima-do-furacao-com-3-a-2\/#primaryimage\"},\"image\":{\"@id\":\"https:\/\/www.notibras.com\/site\/fla-sem-guerrero-quebra-jejum-em-cima-do-furacao-com-3-a-2\/#primaryimage\"},\"thumbnailUrl\":\"https:\/\/www.notibras.com\/site\/wp-content\/uploads\/2015\/08\/wallaceflamengoxatleticoprpedromartinsagifgazeta.jpg\",\"datePublished\":\"2015-08-13T01:21:31+00:00\",\"dateModified\":\"2015-08-13T03:20:21+00:00\",\"breadcrumb\":{\"@id\":\"https:\/\/www.notibras.com\/site\/fla-sem-guerrero-quebra-jejum-em-cima-do-furacao-com-3-a-2\/#breadcrumb\"},\"inLanguage\":\"pt-BR\",\"potentialAction\":[{\"@type\":\"ReadAction\",\"target\":[\"https:\/\/www.notibras.com\/site\/fla-sem-guerrero-quebra-jejum-em-cima-do-furacao-com-3-a-2\/\"]}]},{\"@type\":\"ImageObject\",\"inLanguage\":\"pt-BR\",\"@id\":\"https:\/\/www.notibras.com\/site\/fla-sem-guerrero-quebra-jejum-em-cima-do-furacao-com-3-a-2\/#primaryimage\",\"url\":\"https:\/\/www.notibras.com\/site\/wp-content\/uploads\/2015\/08\/wallaceflamengoxatleticoprpedromartinsagifgazeta.jpg\",\"contentUrl\":\"https:\/\/www.notibras.com\/site\/wp-content\/uploads\/2015\/08\/wallaceflamengoxatleticoprpedromartinsagifgazeta.jpg\",\"width\":940,\"height\":626},{\"@type\":\"BreadcrumbList\",\"@id\":\"https:\/\/www.notibras.com\/site\/fla-sem-guerrero-quebra-jejum-em-cima-do-furacao-com-3-a-2\/#breadcrumb\",\"itemListElement\":[{\"@type\":\"ListItem\",\"position\":1,\"name\":\"In\u00edcio\",\"item\":\"https:\/\/www.notibras.com\/site\/\"},{\"@type\":\"ListItem\",\"position\":2,\"name\":\"Flamengo sem Guerrero quebra o jejum em cima do Furac\u00e3o com placar de 3 a 2\"}]},{\"@type\":\"WebSite\",\"@id\":\"https:\/\/www.notibras.com\/site\/#website\",\"url\":\"https:\/\/www.notibras.com\/site\/\",\"name\":\"Notibras\",\"description\":\"Not\u00edcias de Bras\u00edlia, do Brasil e do Mundo\",\"publisher\":{\"@id\":\"https:\/\/www.notibras.com\/site\/#organization\"},\"potentialAction\":[{\"@type\":\"SearchAction\",\"target\":{\"@type\":\"EntryPoint\",\"urlTemplate\":\"https:\/\/www.notibras.com\/site\/?s={search_term_string}\"},\"query-input\":{\"@type\":\"PropertyValueSpecification\",\"valueRequired\":true,\"valueName\":\"search_term_string\"}}],\"inLanguage\":\"pt-BR\"},{\"@type\":\"Organization\",\"@id\":\"https:\/\/www.notibras.com\/site\/#organization\",\"name\":\"Grupo Notibras de Comunica\u00e7\u00e3o\",\"url\":\"https:\/\/www.notibras.com\/site\/\",\"logo\":{\"@type\":\"ImageObject\",\"inLanguage\":\"pt-BR\",\"@id\":\"https:\/\/www.notibras.com\/site\/#\/schema\/logo\/image\/\",\"url\":\"https:\/\/www.notibras.com\/site\/wp-content\/uploads\/2023\/01\/notibras23.png\",\"contentUrl\":\"https:\/\/www.notibras.com\/site\/wp-content\/uploads\/2023\/01\/notibras23.png\",\"width\":350,\"height\":87,\"caption\":\"Grupo Notibras de Comunica\u00e7\u00e3o\"},\"image\":{\"@id\":\"https:\/\/www.notibras.com\/site\/#\/schema\/logo\/image\/\"},\"sameAs\":[\"https:\/\/www.facebook.com\/notibras\/\",\"https:\/\/x.com\/Notibras\",\"https:\/\/www.instagram.com\/notibras\/\"]},{\"@type\":\"Person\",\"@id\":\"https:\/\/www.notibras.com\/site\/#\/schema\/person\/36ab0979449956132d3e5b517ea76ac8\",\"name\":\"Reda\u00e7\u00e3o\",\"image\":{\"@type\":\"ImageObject\",\"inLanguage\":\"pt-BR\",\"@id\":\"https:\/\/secure.gravatar.com\/avatar\/e0a867bdedb85fd243eadf09663511f96fc81e0720a4a42581f334ad4303aa6b?s=96&d=mm&r=g\",\"url\":\"https:\/\/secure.gravatar.com\/avatar\/e0a867bdedb85fd243eadf09663511f96fc81e0720a4a42581f334ad4303aa6b?s=96&d=mm&r=g\",\"contentUrl\":\"https:\/\/secure.gravatar.com\/avatar\/e0a867bdedb85fd243eadf09663511f96fc81e0720a4a42581f334ad4303aa6b?s=96&d=mm&r=g\",\"caption\":\"Reda\u00e7\u00e3o\"}}]}<\/script>\n<!-- \/ Yoast SEO plugin. -->","yoast_head_json":{"title":"Flamengo sem Guerrero quebra o jejum em cima do Furac\u00e3o com placar de 3 a 2 - Notibras","robots":{"index":"index","follow":"follow","max-snippet":"max-snippet:-1","max-image-preview":"max-image-preview:large","max-video-preview":"max-video-preview:-1"},"canonical":"https:\/\/www.notibras.com\/site\/fla-sem-guerrero-quebra-jejum-em-cima-do-furacao-com-3-a-2\/","og_locale":"pt_BR","og_type":"article","og_title":"Flamengo sem Guerrero quebra o jejum em cima do Furac\u00e3o com placar de 3 a 2 - Notibras","og_description":"O Flamengo n\u00e3o vencia o Atl\u00e9tico-PR, pelo Campeonato Brasileiro , h\u00e1 seis anos, mas quebrou o jejum na noite desta quarta-feira, no Maracan\u00e3. O Rubro-negro da G\u00e1vea derrotou o Furac\u00e3o por 3 a 2 e afastou a crise que amea\u00e7ava o cargo do t\u00e9cnico Cristov\u00e3o Borges, muito festejado pelos jogadores na comemora\u00e7\u00e3o dos gols. Confira [&hellip;]","og_url":"https:\/\/www.notibras.com\/site\/fla-sem-guerrero-quebra-jejum-em-cima-do-furacao-com-3-a-2\/","og_site_name":"Notibras","article_publisher":"https:\/\/www.facebook.com\/notibras\/","article_published_time":"2015-08-13T01:21:31+00:00","article_modified_time":"2015-08-13T03:20:21+00:00","og_image":[{"width":940,"height":626,"url":"https:\/\/www.notibras.com\/site\/wp-content\/uploads\/2015\/08\/wallaceflamengoxatleticoprpedromartinsagifgazeta.jpg","type":"image\/jpeg"}],"author":"Reda\u00e7\u00e3o","twitter_card":"summary_large_image","twitter_creator":"@Notibras","twitter_site":"@Notibras","twitter_misc":{"Escrito por":"Reda\u00e7\u00e3o","Est. tempo de leitura":"4 minutos"},"schema":{"@context":"https:\/\/schema.org","@graph":[{"@type":"Article","@id":"https:\/\/www.notibras.com\/site\/fla-sem-guerrero-quebra-jejum-em-cima-do-furacao-com-3-a-2\/#article","isPartOf":{"@id":"https:\/\/www.notibras.com\/site\/fla-sem-guerrero-quebra-jejum-em-cima-do-furacao-com-3-a-2\/"},"author":{"name":"Reda\u00e7\u00e3o","@id":"https:\/\/www.notibras.com\/site\/#\/schema\/person\/36ab0979449956132d3e5b517ea76ac8"},"headline":"Flamengo sem Guerrero quebra o jejum em cima do Furac\u00e3o com placar de 3 a 2","datePublished":"2015-08-13T01:21:31+00:00","dateModified":"2015-08-13T03:20:21+00:00","mainEntityOfPage":{"@id":"https:\/\/www.notibras.com\/site\/fla-sem-guerrero-quebra-jejum-em-cima-do-furacao-com-3-a-2\/"},"wordCount":796,"commentCount":0,"publisher":{"@id":"https:\/\/www.notibras.com\/site\/#organization"},"image":{"@id":"https:\/\/www.notibras.com\/site\/fla-sem-guerrero-quebra-jejum-em-cima-do-furacao-com-3-a-2\/#primaryimage"},"thumbnailUrl":"https:\/\/www.notibras.com\/site\/wp-content\/uploads\/2015\/08\/wallaceflamengoxatleticoprpedromartinsagifgazeta.jpg","articleSection":["Esportes","Futebol"],"inLanguage":"pt-BR","potentialAction":[{"@type":"CommentAction","name":"Comment","target":["https:\/\/www.notibras.com\/site\/fla-sem-guerrero-quebra-jejum-em-cima-do-furacao-com-3-a-2\/#respond"]}]},{"@type":"WebPage","@id":"https:\/\/www.notibras.com\/site\/fla-sem-guerrero-quebra-jejum-em-cima-do-furacao-com-3-a-2\/","url":"https:\/\/www.notibras.com\/site\/fla-sem-guerrero-quebra-jejum-em-cima-do-furacao-com-3-a-2\/","name":"Flamengo sem Guerrero quebra o jejum em cima do Furac\u00e3o com placar de 3 a 2 - Notibras","isPartOf":{"@id":"https:\/\/www.notibras.com\/site\/#website"},"primaryImageOfPage":{"@id":"https:\/\/www.notibras.com\/site\/fla-sem-guerrero-quebra-jejum-em-cima-do-furacao-com-3-a-2\/#primaryimage"},"image":{"@id":"https:\/\/www.notibras.com\/site\/fla-sem-guerrero-quebra-jejum-em-cima-do-furacao-com-3-a-2\/#primaryimage"},"thumbnailUrl":"https:\/\/www.notibras.com\/site\/wp-content\/uploads\/2015\/08\/wallaceflamengoxatleticoprpedromartinsagifgazeta.jpg","datePublished":"2015-08-13T01:21:31+00:00","dateModified":"2015-08-13T03:20:21+00:00","breadcrumb":{"@id":"https:\/\/www.notibras.com\/site\/fla-sem-guerrero-quebra-jejum-em-cima-do-furacao-com-3-a-2\/#breadcrumb"},"inLanguage":"pt-BR","potentialAction":[{"@type":"ReadAction","target":["https:\/\/www.notibras.com\/site\/fla-sem-guerrero-quebra-jejum-em-cima-do-furacao-com-3-a-2\/"]}]},{"@type":"ImageObject","inLanguage":"pt-BR","@id":"https:\/\/www.notibras.com\/site\/fla-sem-guerrero-quebra-jejum-em-cima-do-furacao-com-3-a-2\/#primaryimage","url":"https:\/\/www.notibras.com\/site\/wp-content\/uploads\/2015\/08\/wallaceflamengoxatleticoprpedromartinsagifgazeta.jpg","contentUrl":"https:\/\/www.notibras.com\/site\/wp-content\/uploads\/2015\/08\/wallaceflamengoxatleticoprpedromartinsagifgazeta.jpg","width":940,"height":626},{"@type":"BreadcrumbList","@id":"https:\/\/www.notibras.com\/site\/fla-sem-guerrero-quebra-jejum-em-cima-do-furacao-com-3-a-2\/#breadcrumb","itemListElement":[{"@type":"ListItem","position":1,"name":"In\u00edcio","item":"https:\/\/www.notibras.com\/site\/"},{"@type":"ListItem","position":2,"name":"Flamengo sem Guerrero quebra o jejum em cima do Furac\u00e3o com placar de 3 a 2"}]},{"@type":"WebSite","@id":"https:\/\/www.notibras.com\/site\/#website","url":"https:\/\/www.notibras.com\/site\/","name":"Notibras","description":"Not\u00edcias de Bras\u00edlia, do Brasil e do Mundo","publisher":{"@id":"https:\/\/www.notibras.com\/site\/#organization"},"potentialAction":[{"@type":"SearchAction","target":{"@type":"EntryPoint","urlTemplate":"https:\/\/www.notibras.com\/site\/?s={search_term_string}"},"query-input":{"@type":"PropertyValueSpecification","valueRequired":true,"valueName":"search_term_string"}}],"inLanguage":"pt-BR"},{"@type":"Organization","@id":"https:\/\/www.notibras.com\/site\/#organization","name":"Grupo Notibras de Comunica\u00e7\u00e3o","url":"https:\/\/www.notibras.com\/site\/","logo":{"@type":"ImageObject","inLanguage":"pt-BR","@id":"https:\/\/www.notibras.com\/site\/#\/schema\/logo\/image\/","url":"https:\/\/www.notibras.com\/site\/wp-content\/uploads\/2023\/01\/notibras23.png","contentUrl":"https:\/\/www.notibras.com\/site\/wp-content\/uploads\/2023\/01\/notibras23.png","width":350,"height":87,"caption":"Grupo Notibras de Comunica\u00e7\u00e3o"},"image":{"@id":"https:\/\/www.notibras.com\/site\/#\/schema\/logo\/image\/"},"sameAs":["https:\/\/www.facebook.com\/notibras\/","https:\/\/x.com\/Notibras","https:\/\/www.instagram.com\/notibras\/"]},{"@type":"Person","@id":"https:\/\/www.notibras.com\/site\/#\/schema\/person\/36ab0979449956132d3e5b517ea76ac8","name":"Reda\u00e7\u00e3o","image":{"@type":"ImageObject","inLanguage":"pt-BR","@id":"https:\/\/secure.gravatar.com\/avatar\/e0a867bdedb85fd243eadf09663511f96fc81e0720a4a42581f334ad4303aa6b?s=96&d=mm&r=g","url":"https:\/\/secure.gravatar.com\/avatar\/e0a867bdedb85fd243eadf09663511f96fc81e0720a4a42581f334ad4303aa6b?s=96&d=mm&r=g","contentUrl":"https:\/\/secure.gravatar.com\/avatar\/e0a867bdedb85fd243eadf09663511f96fc81e0720a4a42581f334ad4303aa6b?s=96&d=mm&r=g","caption":"Reda\u00e7\u00e3o"}}]}},"amp_enabled":true,"_links":{"self":[{"href":"https:\/\/www.notibras.com\/site\/wp-json\/wp\/v2\/posts\/61655","targetHints":{"allow":["GET"]}}],"collection":[{"href":"https:\/\/www.notibras.com\/site\/wp-json\/wp\/v2\/posts"}],"about":[{"href":"https:\/\/www.notibras.com\/site\/wp-json\/wp\/v2\/types\/post"}],"author":[{"embeddable":true,"href":"https:\/\/www.notibras.com\/site\/wp-json\/wp\/v2\/users\/2"}],"replies":[{"embeddable":true,"href":"https:\/\/www.notibras.com\/site\/wp-json\/wp\/v2\/comments?post=61655"}],"version-history":[{"count":2,"href":"https:\/\/www.notibras.com\/site\/wp-json\/wp\/v2\/posts\/61655\/revisions"}],"predecessor-version":[{"id":61691,"href":"https:\/\/www.notibras.com\/site\/wp-json\/wp\/v2\/posts\/61655\/revisions\/61691"}],"wp:featuredmedia":[{"embeddable":true,"href":"https:\/\/www.notibras.com\/site\/wp-json\/wp\/v2\/media\/61656"}],"wp:attachment":[{"href":"https:\/\/www.notibras.com\/site\/wp-json\/wp\/v2\/media?parent=61655"}],"wp:term":[{"taxonomy":"category","embeddable":true,"href":"https:\/\/www.notibras.com\/site\/wp-json\/wp\/v2\/categories?post=61655"},{"taxonomy":"post_tag","embeddable":true,"href":"https:\/\/www.notibras.com\/site\/wp-json\/wp\/v2\/tags?post=61655"}],"curies":[{"name":"wp","href":"https:\/\/api.w.org\/{rel}","templated":true}]}}