{"id":61658,"date":"2015-08-12T23:10:58","date_gmt":"2015-08-13T02:10:58","guid":{"rendered":"http:\/\/www.notibras.com\/site\/?p=61658"},"modified":"2015-08-13T10:55:05","modified_gmt":"2015-08-13T13:55:05","slug":"derrota-para-o-santos-deixa-vasco-segurando-a-lanterna","status":"publish","type":"post","link":"https:\/\/www.notibras.com\/site\/derrota-para-o-santos-deixa-vasco-segurando-a-lanterna\/","title":{"rendered":"Derrota para o Santos na Vila Belmiro por 1 a 0 deixa o Vasco segurando a lanterna"},"content":{"rendered":"<p>O Santos levou um susto no primeiro tempo do duelo contra o Vasco ao ver o goleiro Mart\u00edn Silva &#8220;fechar&#8221; o gol. O uruguaio fez cinco grandes defesas e evitou uma goleada santista. O camisa 1 ainda pegou um p\u00eanalti batido por Ricardo Oliveira na segunda etapa.<\/p>\n<p>No entanto, a &#8220;grande noite&#8221; de Mart\u00edn Silva n\u00e3o foi suficiente. A equipe santista venceu o Vasco nesta quarta-feira, na Vila Belmiro, com um gol de falta do lateral direito Victor Ferraz no segundo tempo.<\/p>\n<p>O resultado empurrou o Vasco para a lanterna da competi\u00e7\u00e3o, j\u00e1 que o Coritiba venceu o Palmeiras no Couto Pereira. O time carioca soma apenas 13 pontos.\u00a0O Santos, por sua vez, terminou bem a sequ\u00eancia decisiva de jogos contra os times que lutam contra o rebaixamento. O time de Dorival J\u00fanior venceu Joinville, Coritiba e Vasco, na Vila. A equipe soma 23 pontos.<\/p>\n<p>O Santos tem pressionado os advers\u00e1rios no in\u00edcio dos jogos na Vila Belmiro. A equipe santista marca press\u00e3o e tenta sufocar o advers\u00e1rio. Diante do Vasco, o time havia desperdi\u00e7ado tr\u00eas chances dentro da \u00e1rea antes dos dez minutos de jogos. Ricardo Oliveira finalizou duas vezes \u2013 uma para boa defesa de Mart\u00edn Silva e outra por cima do gol.<\/p>\n<p>Geuv\u00e2nio tamb\u00e9m quase marcou, mas Jomar salvou o Vasco. A equipe santista continuou atacante o Vasco, que se defendia mal e ainda n\u00e3o conseguia sair jogando para o ataque. Gabriel Barbosa fez grande jogada, driblou dois marcadores e deixou Ricardo Oliveira na frente goleiro. O camisa 9 chutou rasteiro e a bola passou bem perto da trave. Gabigol ainda tentou duas vezes, mas Mart\u00edn Silva fez mais duas excelentes defesas.<\/p>\n<p>Ap\u00f3s encontrar um \u201cpared\u00e3o\u201d no primeiro tempo, o Santos abriu o placar logo no in\u00edcio da etapa final. Victor Ferraz cobrou falta com categoria e acertou o canto esquerdo de Mart\u00edn Silva. \u00c9 o primeiro gol do lateral com a camisa santista. O goleiro do Santos, Vanderlei, tamb\u00e9m correspondeu quando foi testado. Em uma das poucas jogadas de ataque do Vasco no jogo, o zagueiro Jomar girou o corpo e chutou rasteiro para excelente defesa do santista. Ricardo Oliveira ainda perdeu um p\u00eanalti, defendido por Mart\u00edn Silva.<\/p>\n","protected":false},"excerpt":{"rendered":"<p>O Santos levou um susto no primeiro tempo do duelo contra o Vasco ao ver o goleiro Mart\u00edn Silva &#8220;fechar&#8221; o gol. O uruguaio fez cinco grandes defesas e evitou uma goleada santista. O camisa 1 ainda pegou um p\u00eanalti batido por Ricardo Oliveira na segunda etapa. No entanto, a &#8220;grande noite&#8221; de Mart\u00edn Silva [&hellip;]<\/p>\n","protected":false},"author":2,"featured_media":61659,"comment_status":"open","ping_status":"closed","sticky":false,"template":"","format":"standard","meta":{"_acf_changed":false,"footnotes":""},"categories":[19,29],"tags":[],"class_list":["post-61658","post","type-post","status-publish","format-standard","has-post-thumbnail","hentry","category-esportes","category-futebol"],"acf":[],"yoast_head":"<!-- This site is optimized with the Yoast SEO plugin v27.2 - https:\/\/yoast.com\/product\/yoast-seo-wordpress\/ -->\n<title>Derrota para o Santos na Vila Belmiro por 1 a 0 deixa o Vasco segurando a lanterna - Notibras<\/title>\n<meta name=\"robots\" content=\"index, follow, max-snippet:-1, max-image-preview:large, max-video-preview:-1\" \/>\n<link rel=\"canonical\" href=\"https:\/\/www.notibras.com\/site\/derrota-para-o-santos-deixa-vasco-segurando-a-lanterna\/\" \/>\n<meta property=\"og:locale\" content=\"pt_BR\" \/>\n<meta property=\"og:type\" content=\"article\" \/>\n<meta property=\"og:title\" content=\"Derrota para o Santos na Vila Belmiro por 1 a 0 deixa o Vasco segurando a lanterna - Notibras\" \/>\n<meta property=\"og:description\" content=\"O Santos levou um susto no primeiro tempo do duelo contra o Vasco ao ver o goleiro Mart\u00edn Silva &#8220;fechar&#8221; o gol. O uruguaio fez cinco grandes defesas e evitou uma goleada santista. O camisa 1 ainda pegou um p\u00eanalti batido por Ricardo Oliveira na segunda etapa. No entanto, a &#8220;grande noite&#8221; de Mart\u00edn Silva [&hellip;]\" \/>\n<meta property=\"og:url\" content=\"https:\/\/www.notibras.com\/site\/derrota-para-o-santos-deixa-vasco-segurando-a-lanterna\/\" \/>\n<meta property=\"og:site_name\" content=\"Notibras\" \/>\n<meta property=\"article:publisher\" content=\"https:\/\/www.facebook.com\/notibras\/\" \/>\n<meta property=\"article:published_time\" content=\"2015-08-13T02:10:58+00:00\" \/>\n<meta property=\"article:modified_time\" content=\"2015-08-13T13:55:05+00:00\" \/>\n<meta property=\"og:image\" content=\"https:\/\/www.notibras.com\/site\/wp-content\/uploads\/2015\/08\/4389173_640x360.jpg\" \/>\n\t<meta property=\"og:image:width\" content=\"640\" \/>\n\t<meta property=\"og:image:height\" content=\"360\" \/>\n\t<meta property=\"og:image:type\" content=\"image\/jpeg\" \/>\n<meta name=\"author\" content=\"Reda\u00e7\u00e3o\" \/>\n<meta name=\"twitter:card\" content=\"summary_large_image\" \/>\n<meta name=\"twitter:creator\" content=\"@Notibras\" \/>\n<meta name=\"twitter:site\" content=\"@Notibras\" \/>\n<meta name=\"twitter:label1\" content=\"Escrito por\" \/>\n\t<meta name=\"twitter:data1\" content=\"Reda\u00e7\u00e3o\" \/>\n\t<meta name=\"twitter:label2\" content=\"Est. tempo de leitura\" \/>\n\t<meta name=\"twitter:data2\" content=\"2 minutos\" \/>\n<script type=\"application\/ld+json\" class=\"yoast-schema-graph\">{\"@context\":\"https:\/\/schema.org\",\"@graph\":[{\"@type\":\"Article\",\"@id\":\"https:\/\/www.notibras.com\/site\/derrota-para-o-santos-deixa-vasco-segurando-a-lanterna\/#article\",\"isPartOf\":{\"@id\":\"https:\/\/www.notibras.com\/site\/derrota-para-o-santos-deixa-vasco-segurando-a-lanterna\/\"},\"author\":{\"name\":\"Reda\u00e7\u00e3o\",\"@id\":\"https:\/\/www.notibras.com\/site\/#\/schema\/person\/36ab0979449956132d3e5b517ea76ac8\"},\"headline\":\"Derrota para o Santos na Vila Belmiro por 1 a 0 deixa o Vasco segurando a lanterna\",\"datePublished\":\"2015-08-13T02:10:58+00:00\",\"dateModified\":\"2015-08-13T13:55:05+00:00\",\"mainEntityOfPage\":{\"@id\":\"https:\/\/www.notibras.com\/site\/derrota-para-o-santos-deixa-vasco-segurando-a-lanterna\/\"},\"wordCount\":397,\"commentCount\":0,\"publisher\":{\"@id\":\"https:\/\/www.notibras.com\/site\/#organization\"},\"image\":{\"@id\":\"https:\/\/www.notibras.com\/site\/derrota-para-o-santos-deixa-vasco-segurando-a-lanterna\/#primaryimage\"},\"thumbnailUrl\":\"https:\/\/www.notibras.com\/site\/wp-content\/uploads\/2015\/08\/4389173_640x360.jpg\",\"articleSection\":[\"Esportes\",\"Futebol\"],\"inLanguage\":\"pt-BR\",\"potentialAction\":[{\"@type\":\"CommentAction\",\"name\":\"Comment\",\"target\":[\"https:\/\/www.notibras.com\/site\/derrota-para-o-santos-deixa-vasco-segurando-a-lanterna\/#respond\"]}]},{\"@type\":\"WebPage\",\"@id\":\"https:\/\/www.notibras.com\/site\/derrota-para-o-santos-deixa-vasco-segurando-a-lanterna\/\",\"url\":\"https:\/\/www.notibras.com\/site\/derrota-para-o-santos-deixa-vasco-segurando-a-lanterna\/\",\"name\":\"Derrota para o Santos na Vila Belmiro por 1 a 0 deixa o Vasco segurando a lanterna - Notibras\",\"isPartOf\":{\"@id\":\"https:\/\/www.notibras.com\/site\/#website\"},\"primaryImageOfPage\":{\"@id\":\"https:\/\/www.notibras.com\/site\/derrota-para-o-santos-deixa-vasco-segurando-a-lanterna\/#primaryimage\"},\"image\":{\"@id\":\"https:\/\/www.notibras.com\/site\/derrota-para-o-santos-deixa-vasco-segurando-a-lanterna\/#primaryimage\"},\"thumbnailUrl\":\"https:\/\/www.notibras.com\/site\/wp-content\/uploads\/2015\/08\/4389173_640x360.jpg\",\"datePublished\":\"2015-08-13T02:10:58+00:00\",\"dateModified\":\"2015-08-13T13:55:05+00:00\",\"breadcrumb\":{\"@id\":\"https:\/\/www.notibras.com\/site\/derrota-para-o-santos-deixa-vasco-segurando-a-lanterna\/#breadcrumb\"},\"inLanguage\":\"pt-BR\",\"potentialAction\":[{\"@type\":\"ReadAction\",\"target\":[\"https:\/\/www.notibras.com\/site\/derrota-para-o-santos-deixa-vasco-segurando-a-lanterna\/\"]}]},{\"@type\":\"ImageObject\",\"inLanguage\":\"pt-BR\",\"@id\":\"https:\/\/www.notibras.com\/site\/derrota-para-o-santos-deixa-vasco-segurando-a-lanterna\/#primaryimage\",\"url\":\"https:\/\/www.notibras.com\/site\/wp-content\/uploads\/2015\/08\/4389173_640x360.jpg\",\"contentUrl\":\"https:\/\/www.notibras.com\/site\/wp-content\/uploads\/2015\/08\/4389173_640x360.jpg\",\"width\":640,\"height\":360},{\"@type\":\"BreadcrumbList\",\"@id\":\"https:\/\/www.notibras.com\/site\/derrota-para-o-santos-deixa-vasco-segurando-a-lanterna\/#breadcrumb\",\"itemListElement\":[{\"@type\":\"ListItem\",\"position\":1,\"name\":\"In\u00edcio\",\"item\":\"https:\/\/www.notibras.com\/site\/\"},{\"@type\":\"ListItem\",\"position\":2,\"name\":\"Derrota para o Santos na Vila Belmiro por 1 a 0 deixa o Vasco segurando a lanterna\"}]},{\"@type\":\"WebSite\",\"@id\":\"https:\/\/www.notibras.com\/site\/#website\",\"url\":\"https:\/\/www.notibras.com\/site\/\",\"name\":\"Notibras\",\"description\":\"Not\u00edcias de Bras\u00edlia, do Brasil e do Mundo\",\"publisher\":{\"@id\":\"https:\/\/www.notibras.com\/site\/#organization\"},\"potentialAction\":[{\"@type\":\"SearchAction\",\"target\":{\"@type\":\"EntryPoint\",\"urlTemplate\":\"https:\/\/www.notibras.com\/site\/?s={search_term_string}\"},\"query-input\":{\"@type\":\"PropertyValueSpecification\",\"valueRequired\":true,\"valueName\":\"search_term_string\"}}],\"inLanguage\":\"pt-BR\"},{\"@type\":\"Organization\",\"@id\":\"https:\/\/www.notibras.com\/site\/#organization\",\"name\":\"Grupo Notibras de Comunica\u00e7\u00e3o\",\"url\":\"https:\/\/www.notibras.com\/site\/\",\"logo\":{\"@type\":\"ImageObject\",\"inLanguage\":\"pt-BR\",\"@id\":\"https:\/\/www.notibras.com\/site\/#\/schema\/logo\/image\/\",\"url\":\"https:\/\/www.notibras.com\/site\/wp-content\/uploads\/2023\/01\/notibras23.png\",\"contentUrl\":\"https:\/\/www.notibras.com\/site\/wp-content\/uploads\/2023\/01\/notibras23.png\",\"width\":350,\"height\":87,\"caption\":\"Grupo Notibras de Comunica\u00e7\u00e3o\"},\"image\":{\"@id\":\"https:\/\/www.notibras.com\/site\/#\/schema\/logo\/image\/\"},\"sameAs\":[\"https:\/\/www.facebook.com\/notibras\/\",\"https:\/\/x.com\/Notibras\",\"https:\/\/www.instagram.com\/notibras\/\"]},{\"@type\":\"Person\",\"@id\":\"https:\/\/www.notibras.com\/site\/#\/schema\/person\/36ab0979449956132d3e5b517ea76ac8\",\"name\":\"Reda\u00e7\u00e3o\",\"image\":{\"@type\":\"ImageObject\",\"inLanguage\":\"pt-BR\",\"@id\":\"https:\/\/secure.gravatar.com\/avatar\/e0a867bdedb85fd243eadf09663511f96fc81e0720a4a42581f334ad4303aa6b?s=96&d=mm&r=g\",\"url\":\"https:\/\/secure.gravatar.com\/avatar\/e0a867bdedb85fd243eadf09663511f96fc81e0720a4a42581f334ad4303aa6b?s=96&d=mm&r=g\",\"contentUrl\":\"https:\/\/secure.gravatar.com\/avatar\/e0a867bdedb85fd243eadf09663511f96fc81e0720a4a42581f334ad4303aa6b?s=96&d=mm&r=g\",\"caption\":\"Reda\u00e7\u00e3o\"}}]}<\/script>\n<!-- \/ Yoast SEO plugin. -->","yoast_head_json":{"title":"Derrota para o Santos na Vila Belmiro por 1 a 0 deixa o Vasco segurando a lanterna - Notibras","robots":{"index":"index","follow":"follow","max-snippet":"max-snippet:-1","max-image-preview":"max-image-preview:large","max-video-preview":"max-video-preview:-1"},"canonical":"https:\/\/www.notibras.com\/site\/derrota-para-o-santos-deixa-vasco-segurando-a-lanterna\/","og_locale":"pt_BR","og_type":"article","og_title":"Derrota para o Santos na Vila Belmiro por 1 a 0 deixa o Vasco segurando a lanterna - Notibras","og_description":"O Santos levou um susto no primeiro tempo do duelo contra o Vasco ao ver o goleiro Mart\u00edn Silva &#8220;fechar&#8221; o gol. O uruguaio fez cinco grandes defesas e evitou uma goleada santista. O camisa 1 ainda pegou um p\u00eanalti batido por Ricardo Oliveira na segunda etapa. No entanto, a &#8220;grande noite&#8221; de Mart\u00edn Silva [&hellip;]","og_url":"https:\/\/www.notibras.com\/site\/derrota-para-o-santos-deixa-vasco-segurando-a-lanterna\/","og_site_name":"Notibras","article_publisher":"https:\/\/www.facebook.com\/notibras\/","article_published_time":"2015-08-13T02:10:58+00:00","article_modified_time":"2015-08-13T13:55:05+00:00","og_image":[{"width":640,"height":360,"url":"https:\/\/www.notibras.com\/site\/wp-content\/uploads\/2015\/08\/4389173_640x360.jpg","type":"image\/jpeg"}],"author":"Reda\u00e7\u00e3o","twitter_card":"summary_large_image","twitter_creator":"@Notibras","twitter_site":"@Notibras","twitter_misc":{"Escrito por":"Reda\u00e7\u00e3o","Est. tempo de leitura":"2 minutos"},"schema":{"@context":"https:\/\/schema.org","@graph":[{"@type":"Article","@id":"https:\/\/www.notibras.com\/site\/derrota-para-o-santos-deixa-vasco-segurando-a-lanterna\/#article","isPartOf":{"@id":"https:\/\/www.notibras.com\/site\/derrota-para-o-santos-deixa-vasco-segurando-a-lanterna\/"},"author":{"name":"Reda\u00e7\u00e3o","@id":"https:\/\/www.notibras.com\/site\/#\/schema\/person\/36ab0979449956132d3e5b517ea76ac8"},"headline":"Derrota para o Santos na Vila Belmiro por 1 a 0 deixa o Vasco segurando a lanterna","datePublished":"2015-08-13T02:10:58+00:00","dateModified":"2015-08-13T13:55:05+00:00","mainEntityOfPage":{"@id":"https:\/\/www.notibras.com\/site\/derrota-para-o-santos-deixa-vasco-segurando-a-lanterna\/"},"wordCount":397,"commentCount":0,"publisher":{"@id":"https:\/\/www.notibras.com\/site\/#organization"},"image":{"@id":"https:\/\/www.notibras.com\/site\/derrota-para-o-santos-deixa-vasco-segurando-a-lanterna\/#primaryimage"},"thumbnailUrl":"https:\/\/www.notibras.com\/site\/wp-content\/uploads\/2015\/08\/4389173_640x360.jpg","articleSection":["Esportes","Futebol"],"inLanguage":"pt-BR","potentialAction":[{"@type":"CommentAction","name":"Comment","target":["https:\/\/www.notibras.com\/site\/derrota-para-o-santos-deixa-vasco-segurando-a-lanterna\/#respond"]}]},{"@type":"WebPage","@id":"https:\/\/www.notibras.com\/site\/derrota-para-o-santos-deixa-vasco-segurando-a-lanterna\/","url":"https:\/\/www.notibras.com\/site\/derrota-para-o-santos-deixa-vasco-segurando-a-lanterna\/","name":"Derrota para o Santos na Vila Belmiro por 1 a 0 deixa o Vasco segurando a lanterna - Notibras","isPartOf":{"@id":"https:\/\/www.notibras.com\/site\/#website"},"primaryImageOfPage":{"@id":"https:\/\/www.notibras.com\/site\/derrota-para-o-santos-deixa-vasco-segurando-a-lanterna\/#primaryimage"},"image":{"@id":"https:\/\/www.notibras.com\/site\/derrota-para-o-santos-deixa-vasco-segurando-a-lanterna\/#primaryimage"},"thumbnailUrl":"https:\/\/www.notibras.com\/site\/wp-content\/uploads\/2015\/08\/4389173_640x360.jpg","datePublished":"2015-08-13T02:10:58+00:00","dateModified":"2015-08-13T13:55:05+00:00","breadcrumb":{"@id":"https:\/\/www.notibras.com\/site\/derrota-para-o-santos-deixa-vasco-segurando-a-lanterna\/#breadcrumb"},"inLanguage":"pt-BR","potentialAction":[{"@type":"ReadAction","target":["https:\/\/www.notibras.com\/site\/derrota-para-o-santos-deixa-vasco-segurando-a-lanterna\/"]}]},{"@type":"ImageObject","inLanguage":"pt-BR","@id":"https:\/\/www.notibras.com\/site\/derrota-para-o-santos-deixa-vasco-segurando-a-lanterna\/#primaryimage","url":"https:\/\/www.notibras.com\/site\/wp-content\/uploads\/2015\/08\/4389173_640x360.jpg","contentUrl":"https:\/\/www.notibras.com\/site\/wp-content\/uploads\/2015\/08\/4389173_640x360.jpg","width":640,"height":360},{"@type":"BreadcrumbList","@id":"https:\/\/www.notibras.com\/site\/derrota-para-o-santos-deixa-vasco-segurando-a-lanterna\/#breadcrumb","itemListElement":[{"@type":"ListItem","position":1,"name":"In\u00edcio","item":"https:\/\/www.notibras.com\/site\/"},{"@type":"ListItem","position":2,"name":"Derrota para o Santos na Vila Belmiro por 1 a 0 deixa o Vasco segurando a lanterna"}]},{"@type":"WebSite","@id":"https:\/\/www.notibras.com\/site\/#website","url":"https:\/\/www.notibras.com\/site\/","name":"Notibras","description":"Not\u00edcias de Bras\u00edlia, do Brasil e do Mundo","publisher":{"@id":"https:\/\/www.notibras.com\/site\/#organization"},"potentialAction":[{"@type":"SearchAction","target":{"@type":"EntryPoint","urlTemplate":"https:\/\/www.notibras.com\/site\/?s={search_term_string}"},"query-input":{"@type":"PropertyValueSpecification","valueRequired":true,"valueName":"search_term_string"}}],"inLanguage":"pt-BR"},{"@type":"Organization","@id":"https:\/\/www.notibras.com\/site\/#organization","name":"Grupo Notibras de Comunica\u00e7\u00e3o","url":"https:\/\/www.notibras.com\/site\/","logo":{"@type":"ImageObject","inLanguage":"pt-BR","@id":"https:\/\/www.notibras.com\/site\/#\/schema\/logo\/image\/","url":"https:\/\/www.notibras.com\/site\/wp-content\/uploads\/2023\/01\/notibras23.png","contentUrl":"https:\/\/www.notibras.com\/site\/wp-content\/uploads\/2023\/01\/notibras23.png","width":350,"height":87,"caption":"Grupo Notibras de Comunica\u00e7\u00e3o"},"image":{"@id":"https:\/\/www.notibras.com\/site\/#\/schema\/logo\/image\/"},"sameAs":["https:\/\/www.facebook.com\/notibras\/","https:\/\/x.com\/Notibras","https:\/\/www.instagram.com\/notibras\/"]},{"@type":"Person","@id":"https:\/\/www.notibras.com\/site\/#\/schema\/person\/36ab0979449956132d3e5b517ea76ac8","name":"Reda\u00e7\u00e3o","image":{"@type":"ImageObject","inLanguage":"pt-BR","@id":"https:\/\/secure.gravatar.com\/avatar\/e0a867bdedb85fd243eadf09663511f96fc81e0720a4a42581f334ad4303aa6b?s=96&d=mm&r=g","url":"https:\/\/secure.gravatar.com\/avatar\/e0a867bdedb85fd243eadf09663511f96fc81e0720a4a42581f334ad4303aa6b?s=96&d=mm&r=g","contentUrl":"https:\/\/secure.gravatar.com\/avatar\/e0a867bdedb85fd243eadf09663511f96fc81e0720a4a42581f334ad4303aa6b?s=96&d=mm&r=g","caption":"Reda\u00e7\u00e3o"}}]}},"amp_enabled":true,"_links":{"self":[{"href":"https:\/\/www.notibras.com\/site\/wp-json\/wp\/v2\/posts\/61658","targetHints":{"allow":["GET"]}}],"collection":[{"href":"https:\/\/www.notibras.com\/site\/wp-json\/wp\/v2\/posts"}],"about":[{"href":"https:\/\/www.notibras.com\/site\/wp-json\/wp\/v2\/types\/post"}],"author":[{"embeddable":true,"href":"https:\/\/www.notibras.com\/site\/wp-json\/wp\/v2\/users\/2"}],"replies":[{"embeddable":true,"href":"https:\/\/www.notibras.com\/site\/wp-json\/wp\/v2\/comments?post=61658"}],"version-history":[{"count":4,"href":"https:\/\/www.notibras.com\/site\/wp-json\/wp\/v2\/posts\/61658\/revisions"}],"predecessor-version":[{"id":61701,"href":"https:\/\/www.notibras.com\/site\/wp-json\/wp\/v2\/posts\/61658\/revisions\/61701"}],"wp:featuredmedia":[{"embeddable":true,"href":"https:\/\/www.notibras.com\/site\/wp-json\/wp\/v2\/media\/61659"}],"wp:attachment":[{"href":"https:\/\/www.notibras.com\/site\/wp-json\/wp\/v2\/media?parent=61658"}],"wp:term":[{"taxonomy":"category","embeddable":true,"href":"https:\/\/www.notibras.com\/site\/wp-json\/wp\/v2\/categories?post=61658"},{"taxonomy":"post_tag","embeddable":true,"href":"https:\/\/www.notibras.com\/site\/wp-json\/wp\/v2\/tags?post=61658"}],"curies":[{"name":"wp","href":"https:\/\/api.w.org\/{rel}","templated":true}]}}