{"id":62005,"date":"2015-08-13T23:23:35","date_gmt":"2015-08-14T02:23:35","guid":{"rendered":"http:\/\/www.notibras.com\/site\/?p=62005"},"modified":"2015-08-15T19:02:32","modified_gmt":"2015-08-15T22:02:32","slug":"gremio-canta-de-galo-no-mineirao-e-tira-atletico-da-lideranca","status":"publish","type":"post","link":"https:\/\/www.notibras.com\/site\/gremio-canta-de-galo-no-mineirao-e-tira-atletico-da-lideranca\/","title":{"rendered":"Gr\u00eamio canta de galo no Mineir\u00e3o, faz 2&#215;0 e detona o Atl\u00e9tico da lideran\u00e7a"},"content":{"rendered":"<p>Depois de golear o Internacional por 5 a 0, o Gr\u00eamio obteve mais uma grande vit\u00f3ria no Campeonato Brasileiro . Nesta quinta-feira, jogando com grande personalidade, o time ga\u00facho calou o Mineir\u00e3o e venceu o Atl\u00e9tico-MG por 2 a 0, com gols de Douglas e Luan. O resultado leva o Corinthians \u00e0 lideran\u00e7a do campeonato, com 37 pontos, um a mais que o Galo e quatro \u00e0 frente do Tricolor Ga\u00facho, que \u00e9 o 3\u00ba colocado.<\/p>\n<p>O Galo tentou impor uma press\u00e3o nos minutos iniciais, mas logo o Gr\u00eamio tratou de valorizar a bola e esfriar o jogo. Defendendo-se muito bem, os ga\u00fachos abriram o placar num lindo contra-ataque de p\u00e9 em p\u00e9, envolvendo Galhardo, Maicon, Pedro Rocha, Walace, Giuliano e Douglas. O time tricolor come\u00e7ou melhor o segundo tempo e ampliou a vantagem. Sofreu certa press\u00e3o quando Luan entrou no Galo, mas sustentou o resultado com a seguran\u00e7a de sua zaga e do goleiro Marcelo Grohe.<\/p>\n<p>Os dois times voltar\u00e3o a jogar no fim da tarde de domingo, contra equipes do interior catarinense: o Atl\u00e9tico-MG visita a Chapecoense , enquanto o Gr\u00eamio receber\u00e1 o Joinville .<\/p>\n<p>Com o Mineir\u00e3o recebendo 49 mil torcedores, o Atl\u00e9tico-MG partiu para cima e tentou exercer sua press\u00e3o inicial habitual. Logo aos dois minutos, D\u00e1tolo bateu escanteio, Jemerson subiu mais que todo mundo e cabeceou para defesa em dois tempos de Marcelo Grohe. Aos nove, Pratto recebeu de Marcos Rocha na \u00e1rea, mas Geromel salvou na hora da conclus\u00e3o.<\/p>\n<p>Passados os 15 minutos iniciais, o Gr\u00eamio come\u00e7ou a valorizar a posse de bola, adiantar a marca\u00e7\u00e3o e equilibrar o jogo. Ainda assim, a iniciativa era atleticana, com os ga\u00fachos buscando o contragolpe. Ocorreram dois lances pol\u00eamicos: aos 13, Leonardo Silva chutou, a bola bateu no cotovelo de Erazo na \u00e1rea, mas o \u00e1rbitro Dewson Freitas Silva n\u00e3o marcou o p\u00eanalti. Aos 33, foi o time ga\u00facho reclamou de penalidade ap\u00f3s Galhardo ser empurrado por Thiago Ribeiro na \u00e1rea.<\/p>\n<p>O jogo seguiu equilibrado, com alt\u00edssima intensidade, mas poucas chegadas de perigo. O Gr\u00eamio teve oportunidade aos 26, mas Luan bateu falta por cima. Thiago Ribeiro chutou para fora aos 36, Erazo cortou o perigo ap\u00f3s cruzamento de Douglas Santos aos 39, at\u00e9 que, aos 40, o Tricolor abriu o placar: em um lindo contra-ataque com bola de p\u00e9 em p\u00e9, Giuliano arrancou e deu passe perfeito para Douglas, que invadiu a \u00e1rea pela esquerda e venceu Victor com um chute cruzado. O Galo teve chance de empatar aos 44, mas Marcelo Grohe defendeu chute de fora da \u00e1rea de Leandro Donizete.<\/p>\n<p>A esperada press\u00e3o do Galo n\u00e3o ocorreu no come\u00e7o do segundo tempo. Aos tr\u00eas minutos, Douglas levou perigo em chute da entrada da \u00e1rea. Aos quatro, o camisa 10 gremista deixou Pedro Rocha livre. O garoto driblou Victor, mas Jemerson salvou. Aos 6, a resposta: Marcos Rocha cruzou, Pratto fez o corta-luz e Thiago Ribeiro entrou livre, mas Galhardo cortou na hora do arremate. Aos 9, em outro contra-ataque, o Tricolor ampliou: Giuliano recebeu lan\u00e7amento de Douglas livre pela esquerda, invadiu a \u00e1rea e rolou para Luan fazer 2 a 0.<\/p>\n<p>Precisando reverter o panorama do jogo, Levir Culpi foi para o tudo ou nada, retirando Leandro Donizete para a entrada de Luan. Mas o Gr\u00eamio seguia melhor: aos 16, Marcelo Oliveira fez boa jogada pela esquerda e bateu para fora. Aos 22, Douglas recebeu, invadiu a \u00e1rea, mas foi desarmado na hora do chute por Leonardo Silva. O Galo s\u00f3 chegou aos 23, com D\u00e1tolo batendo de longe na trave. Na jogada seguinte, Dod\u00f4 cruzou, Luan escorou e D\u00e1tolo chutou na zaga do Gr\u00eamio.<\/p>\n<p>O time da casa chegava com perigo, mas dava espa\u00e7os atr\u00e1s. Aos 27, D\u00e1tolo fez boa jogada e acionou Luan, mas Marcelo Grohe saiu do gol e evitou o chute. O Gr\u00eamio respondeu em contra-ataque finalizado por Giuliano, e Victor pegou. Aos 35, Luan cruzou e Pratto fez sua primeira conclus\u00e3o no jogo, por cima do gol. Aos 37, Thiago Ribeiro cruzou, Marcelo Grohe n\u00e3o tirou e Leonardo Silva cabeceou para fora. Aos 42, Luan cruzou para Pratto, que perdeu grande chance. Aos 44, o goleiro gremista salvou em chute de Dod\u00f4 dentro da \u00e1rea. Aos 47, Rafael Carioca bateu e Grohe pegou outra.<\/p>\n","protected":false},"excerpt":{"rendered":"<p>Depois de golear o Internacional por 5 a 0, o Gr\u00eamio obteve mais uma grande vit\u00f3ria no Campeonato Brasileiro . Nesta quinta-feira, jogando com grande personalidade, o time ga\u00facho calou o Mineir\u00e3o e venceu o Atl\u00e9tico-MG por 2 a 0, com gols de Douglas e Luan. O resultado leva o Corinthians \u00e0 lideran\u00e7a do campeonato, [&hellip;]<\/p>\n","protected":false},"author":2,"featured_media":62006,"comment_status":"open","ping_status":"closed","sticky":false,"template":"","format":"standard","meta":{"_acf_changed":false,"footnotes":""},"categories":[19,29],"tags":[],"class_list":["post-62005","post","type-post","status-publish","format-standard","has-post-thumbnail","hentry","category-esportes","category-futebol"],"acf":[],"yoast_head":"<!-- This site is optimized with the Yoast SEO plugin v27.2 - https:\/\/yoast.com\/product\/yoast-seo-wordpress\/ -->\n<title>Gr\u00eamio canta de galo no Mineir\u00e3o, faz 2x0 e detona o Atl\u00e9tico da lideran\u00e7a - Notibras<\/title>\n<meta name=\"robots\" content=\"index, follow, max-snippet:-1, max-image-preview:large, max-video-preview:-1\" \/>\n<link rel=\"canonical\" href=\"https:\/\/www.notibras.com\/site\/gremio-canta-de-galo-no-mineirao-e-tira-atletico-da-lideranca\/\" \/>\n<meta property=\"og:locale\" content=\"pt_BR\" \/>\n<meta property=\"og:type\" content=\"article\" \/>\n<meta property=\"og:title\" content=\"Gr\u00eamio canta de galo no Mineir\u00e3o, faz 2x0 e detona o Atl\u00e9tico da lideran\u00e7a - Notibras\" \/>\n<meta property=\"og:description\" content=\"Depois de golear o Internacional por 5 a 0, o Gr\u00eamio obteve mais uma grande vit\u00f3ria no Campeonato Brasileiro . Nesta quinta-feira, jogando com grande personalidade, o time ga\u00facho calou o Mineir\u00e3o e venceu o Atl\u00e9tico-MG por 2 a 0, com gols de Douglas e Luan. O resultado leva o Corinthians \u00e0 lideran\u00e7a do campeonato, [&hellip;]\" \/>\n<meta property=\"og:url\" content=\"https:\/\/www.notibras.com\/site\/gremio-canta-de-galo-no-mineirao-e-tira-atletico-da-lideranca\/\" \/>\n<meta property=\"og:site_name\" content=\"Notibras\" \/>\n<meta property=\"article:publisher\" content=\"https:\/\/www.facebook.com\/notibras\/\" \/>\n<meta property=\"article:published_time\" content=\"2015-08-14T02:23:35+00:00\" \/>\n<meta property=\"article:modified_time\" content=\"2015-08-15T22:02:32+00:00\" \/>\n<meta property=\"og:image\" content=\"https:\/\/www.notibras.com\/site\/wp-content\/uploads\/2015\/08\/douglasatleticomgxgremiothomassantosagifgazeta.jpg\" \/>\n\t<meta property=\"og:image:width\" content=\"940\" \/>\n\t<meta property=\"og:image:height\" content=\"627\" \/>\n\t<meta property=\"og:image:type\" content=\"image\/jpeg\" \/>\n<meta name=\"author\" content=\"Reda\u00e7\u00e3o\" \/>\n<meta name=\"twitter:card\" content=\"summary_large_image\" \/>\n<meta name=\"twitter:creator\" content=\"@Notibras\" \/>\n<meta name=\"twitter:site\" content=\"@Notibras\" \/>\n<meta name=\"twitter:label1\" content=\"Escrito por\" \/>\n\t<meta name=\"twitter:data1\" content=\"Reda\u00e7\u00e3o\" \/>\n\t<meta name=\"twitter:label2\" content=\"Est. tempo de leitura\" \/>\n\t<meta name=\"twitter:data2\" content=\"4 minutos\" \/>\n<script type=\"application\/ld+json\" class=\"yoast-schema-graph\">{\"@context\":\"https:\/\/schema.org\",\"@graph\":[{\"@type\":\"Article\",\"@id\":\"https:\/\/www.notibras.com\/site\/gremio-canta-de-galo-no-mineirao-e-tira-atletico-da-lideranca\/#article\",\"isPartOf\":{\"@id\":\"https:\/\/www.notibras.com\/site\/gremio-canta-de-galo-no-mineirao-e-tira-atletico-da-lideranca\/\"},\"author\":{\"name\":\"Reda\u00e7\u00e3o\",\"@id\":\"https:\/\/www.notibras.com\/site\/#\/schema\/person\/36ab0979449956132d3e5b517ea76ac8\"},\"headline\":\"Gr\u00eamio canta de galo no Mineir\u00e3o, faz 2&#215;0 e detona o Atl\u00e9tico da lideran\u00e7a\",\"datePublished\":\"2015-08-14T02:23:35+00:00\",\"dateModified\":\"2015-08-15T22:02:32+00:00\",\"mainEntityOfPage\":{\"@id\":\"https:\/\/www.notibras.com\/site\/gremio-canta-de-galo-no-mineirao-e-tira-atletico-da-lideranca\/\"},\"wordCount\":736,\"commentCount\":0,\"publisher\":{\"@id\":\"https:\/\/www.notibras.com\/site\/#organization\"},\"image\":{\"@id\":\"https:\/\/www.notibras.com\/site\/gremio-canta-de-galo-no-mineirao-e-tira-atletico-da-lideranca\/#primaryimage\"},\"thumbnailUrl\":\"https:\/\/www.notibras.com\/site\/wp-content\/uploads\/2015\/08\/douglasatleticomgxgremiothomassantosagifgazeta.jpg\",\"articleSection\":[\"Esportes\",\"Futebol\"],\"inLanguage\":\"pt-BR\",\"potentialAction\":[{\"@type\":\"CommentAction\",\"name\":\"Comment\",\"target\":[\"https:\/\/www.notibras.com\/site\/gremio-canta-de-galo-no-mineirao-e-tira-atletico-da-lideranca\/#respond\"]}]},{\"@type\":\"WebPage\",\"@id\":\"https:\/\/www.notibras.com\/site\/gremio-canta-de-galo-no-mineirao-e-tira-atletico-da-lideranca\/\",\"url\":\"https:\/\/www.notibras.com\/site\/gremio-canta-de-galo-no-mineirao-e-tira-atletico-da-lideranca\/\",\"name\":\"Gr\u00eamio canta de galo no Mineir\u00e3o, faz 2x0 e detona o Atl\u00e9tico da lideran\u00e7a - Notibras\",\"isPartOf\":{\"@id\":\"https:\/\/www.notibras.com\/site\/#website\"},\"primaryImageOfPage\":{\"@id\":\"https:\/\/www.notibras.com\/site\/gremio-canta-de-galo-no-mineirao-e-tira-atletico-da-lideranca\/#primaryimage\"},\"image\":{\"@id\":\"https:\/\/www.notibras.com\/site\/gremio-canta-de-galo-no-mineirao-e-tira-atletico-da-lideranca\/#primaryimage\"},\"thumbnailUrl\":\"https:\/\/www.notibras.com\/site\/wp-content\/uploads\/2015\/08\/douglasatleticomgxgremiothomassantosagifgazeta.jpg\",\"datePublished\":\"2015-08-14T02:23:35+00:00\",\"dateModified\":\"2015-08-15T22:02:32+00:00\",\"breadcrumb\":{\"@id\":\"https:\/\/www.notibras.com\/site\/gremio-canta-de-galo-no-mineirao-e-tira-atletico-da-lideranca\/#breadcrumb\"},\"inLanguage\":\"pt-BR\",\"potentialAction\":[{\"@type\":\"ReadAction\",\"target\":[\"https:\/\/www.notibras.com\/site\/gremio-canta-de-galo-no-mineirao-e-tira-atletico-da-lideranca\/\"]}]},{\"@type\":\"ImageObject\",\"inLanguage\":\"pt-BR\",\"@id\":\"https:\/\/www.notibras.com\/site\/gremio-canta-de-galo-no-mineirao-e-tira-atletico-da-lideranca\/#primaryimage\",\"url\":\"https:\/\/www.notibras.com\/site\/wp-content\/uploads\/2015\/08\/douglasatleticomgxgremiothomassantosagifgazeta.jpg\",\"contentUrl\":\"https:\/\/www.notibras.com\/site\/wp-content\/uploads\/2015\/08\/douglasatleticomgxgremiothomassantosagifgazeta.jpg\",\"width\":940,\"height\":627},{\"@type\":\"BreadcrumbList\",\"@id\":\"https:\/\/www.notibras.com\/site\/gremio-canta-de-galo-no-mineirao-e-tira-atletico-da-lideranca\/#breadcrumb\",\"itemListElement\":[{\"@type\":\"ListItem\",\"position\":1,\"name\":\"In\u00edcio\",\"item\":\"https:\/\/www.notibras.com\/site\/\"},{\"@type\":\"ListItem\",\"position\":2,\"name\":\"Gr\u00eamio canta de galo no Mineir\u00e3o, faz 2&#215;0 e detona o Atl\u00e9tico da lideran\u00e7a\"}]},{\"@type\":\"WebSite\",\"@id\":\"https:\/\/www.notibras.com\/site\/#website\",\"url\":\"https:\/\/www.notibras.com\/site\/\",\"name\":\"Notibras\",\"description\":\"Not\u00edcias de Bras\u00edlia, do Brasil e do Mundo\",\"publisher\":{\"@id\":\"https:\/\/www.notibras.com\/site\/#organization\"},\"potentialAction\":[{\"@type\":\"SearchAction\",\"target\":{\"@type\":\"EntryPoint\",\"urlTemplate\":\"https:\/\/www.notibras.com\/site\/?s={search_term_string}\"},\"query-input\":{\"@type\":\"PropertyValueSpecification\",\"valueRequired\":true,\"valueName\":\"search_term_string\"}}],\"inLanguage\":\"pt-BR\"},{\"@type\":\"Organization\",\"@id\":\"https:\/\/www.notibras.com\/site\/#organization\",\"name\":\"Grupo Notibras de Comunica\u00e7\u00e3o\",\"url\":\"https:\/\/www.notibras.com\/site\/\",\"logo\":{\"@type\":\"ImageObject\",\"inLanguage\":\"pt-BR\",\"@id\":\"https:\/\/www.notibras.com\/site\/#\/schema\/logo\/image\/\",\"url\":\"https:\/\/www.notibras.com\/site\/wp-content\/uploads\/2023\/01\/notibras23.png\",\"contentUrl\":\"https:\/\/www.notibras.com\/site\/wp-content\/uploads\/2023\/01\/notibras23.png\",\"width\":350,\"height\":87,\"caption\":\"Grupo Notibras de Comunica\u00e7\u00e3o\"},\"image\":{\"@id\":\"https:\/\/www.notibras.com\/site\/#\/schema\/logo\/image\/\"},\"sameAs\":[\"https:\/\/www.facebook.com\/notibras\/\",\"https:\/\/x.com\/Notibras\",\"https:\/\/www.instagram.com\/notibras\/\"]},{\"@type\":\"Person\",\"@id\":\"https:\/\/www.notibras.com\/site\/#\/schema\/person\/36ab0979449956132d3e5b517ea76ac8\",\"name\":\"Reda\u00e7\u00e3o\",\"image\":{\"@type\":\"ImageObject\",\"inLanguage\":\"pt-BR\",\"@id\":\"https:\/\/secure.gravatar.com\/avatar\/e0a867bdedb85fd243eadf09663511f96fc81e0720a4a42581f334ad4303aa6b?s=96&d=mm&r=g\",\"url\":\"https:\/\/secure.gravatar.com\/avatar\/e0a867bdedb85fd243eadf09663511f96fc81e0720a4a42581f334ad4303aa6b?s=96&d=mm&r=g\",\"contentUrl\":\"https:\/\/secure.gravatar.com\/avatar\/e0a867bdedb85fd243eadf09663511f96fc81e0720a4a42581f334ad4303aa6b?s=96&d=mm&r=g\",\"caption\":\"Reda\u00e7\u00e3o\"}}]}<\/script>\n<!-- \/ Yoast SEO plugin. -->","yoast_head_json":{"title":"Gr\u00eamio canta de galo no Mineir\u00e3o, faz 2x0 e detona o Atl\u00e9tico da lideran\u00e7a - Notibras","robots":{"index":"index","follow":"follow","max-snippet":"max-snippet:-1","max-image-preview":"max-image-preview:large","max-video-preview":"max-video-preview:-1"},"canonical":"https:\/\/www.notibras.com\/site\/gremio-canta-de-galo-no-mineirao-e-tira-atletico-da-lideranca\/","og_locale":"pt_BR","og_type":"article","og_title":"Gr\u00eamio canta de galo no Mineir\u00e3o, faz 2x0 e detona o Atl\u00e9tico da lideran\u00e7a - Notibras","og_description":"Depois de golear o Internacional por 5 a 0, o Gr\u00eamio obteve mais uma grande vit\u00f3ria no Campeonato Brasileiro . Nesta quinta-feira, jogando com grande personalidade, o time ga\u00facho calou o Mineir\u00e3o e venceu o Atl\u00e9tico-MG por 2 a 0, com gols de Douglas e Luan. O resultado leva o Corinthians \u00e0 lideran\u00e7a do campeonato, [&hellip;]","og_url":"https:\/\/www.notibras.com\/site\/gremio-canta-de-galo-no-mineirao-e-tira-atletico-da-lideranca\/","og_site_name":"Notibras","article_publisher":"https:\/\/www.facebook.com\/notibras\/","article_published_time":"2015-08-14T02:23:35+00:00","article_modified_time":"2015-08-15T22:02:32+00:00","og_image":[{"width":940,"height":627,"url":"https:\/\/www.notibras.com\/site\/wp-content\/uploads\/2015\/08\/douglasatleticomgxgremiothomassantosagifgazeta.jpg","type":"image\/jpeg"}],"author":"Reda\u00e7\u00e3o","twitter_card":"summary_large_image","twitter_creator":"@Notibras","twitter_site":"@Notibras","twitter_misc":{"Escrito por":"Reda\u00e7\u00e3o","Est. tempo de leitura":"4 minutos"},"schema":{"@context":"https:\/\/schema.org","@graph":[{"@type":"Article","@id":"https:\/\/www.notibras.com\/site\/gremio-canta-de-galo-no-mineirao-e-tira-atletico-da-lideranca\/#article","isPartOf":{"@id":"https:\/\/www.notibras.com\/site\/gremio-canta-de-galo-no-mineirao-e-tira-atletico-da-lideranca\/"},"author":{"name":"Reda\u00e7\u00e3o","@id":"https:\/\/www.notibras.com\/site\/#\/schema\/person\/36ab0979449956132d3e5b517ea76ac8"},"headline":"Gr\u00eamio canta de galo no Mineir\u00e3o, faz 2&#215;0 e detona o Atl\u00e9tico da lideran\u00e7a","datePublished":"2015-08-14T02:23:35+00:00","dateModified":"2015-08-15T22:02:32+00:00","mainEntityOfPage":{"@id":"https:\/\/www.notibras.com\/site\/gremio-canta-de-galo-no-mineirao-e-tira-atletico-da-lideranca\/"},"wordCount":736,"commentCount":0,"publisher":{"@id":"https:\/\/www.notibras.com\/site\/#organization"},"image":{"@id":"https:\/\/www.notibras.com\/site\/gremio-canta-de-galo-no-mineirao-e-tira-atletico-da-lideranca\/#primaryimage"},"thumbnailUrl":"https:\/\/www.notibras.com\/site\/wp-content\/uploads\/2015\/08\/douglasatleticomgxgremiothomassantosagifgazeta.jpg","articleSection":["Esportes","Futebol"],"inLanguage":"pt-BR","potentialAction":[{"@type":"CommentAction","name":"Comment","target":["https:\/\/www.notibras.com\/site\/gremio-canta-de-galo-no-mineirao-e-tira-atletico-da-lideranca\/#respond"]}]},{"@type":"WebPage","@id":"https:\/\/www.notibras.com\/site\/gremio-canta-de-galo-no-mineirao-e-tira-atletico-da-lideranca\/","url":"https:\/\/www.notibras.com\/site\/gremio-canta-de-galo-no-mineirao-e-tira-atletico-da-lideranca\/","name":"Gr\u00eamio canta de galo no Mineir\u00e3o, faz 2x0 e detona o Atl\u00e9tico da lideran\u00e7a - Notibras","isPartOf":{"@id":"https:\/\/www.notibras.com\/site\/#website"},"primaryImageOfPage":{"@id":"https:\/\/www.notibras.com\/site\/gremio-canta-de-galo-no-mineirao-e-tira-atletico-da-lideranca\/#primaryimage"},"image":{"@id":"https:\/\/www.notibras.com\/site\/gremio-canta-de-galo-no-mineirao-e-tira-atletico-da-lideranca\/#primaryimage"},"thumbnailUrl":"https:\/\/www.notibras.com\/site\/wp-content\/uploads\/2015\/08\/douglasatleticomgxgremiothomassantosagifgazeta.jpg","datePublished":"2015-08-14T02:23:35+00:00","dateModified":"2015-08-15T22:02:32+00:00","breadcrumb":{"@id":"https:\/\/www.notibras.com\/site\/gremio-canta-de-galo-no-mineirao-e-tira-atletico-da-lideranca\/#breadcrumb"},"inLanguage":"pt-BR","potentialAction":[{"@type":"ReadAction","target":["https:\/\/www.notibras.com\/site\/gremio-canta-de-galo-no-mineirao-e-tira-atletico-da-lideranca\/"]}]},{"@type":"ImageObject","inLanguage":"pt-BR","@id":"https:\/\/www.notibras.com\/site\/gremio-canta-de-galo-no-mineirao-e-tira-atletico-da-lideranca\/#primaryimage","url":"https:\/\/www.notibras.com\/site\/wp-content\/uploads\/2015\/08\/douglasatleticomgxgremiothomassantosagifgazeta.jpg","contentUrl":"https:\/\/www.notibras.com\/site\/wp-content\/uploads\/2015\/08\/douglasatleticomgxgremiothomassantosagifgazeta.jpg","width":940,"height":627},{"@type":"BreadcrumbList","@id":"https:\/\/www.notibras.com\/site\/gremio-canta-de-galo-no-mineirao-e-tira-atletico-da-lideranca\/#breadcrumb","itemListElement":[{"@type":"ListItem","position":1,"name":"In\u00edcio","item":"https:\/\/www.notibras.com\/site\/"},{"@type":"ListItem","position":2,"name":"Gr\u00eamio canta de galo no Mineir\u00e3o, faz 2&#215;0 e detona o Atl\u00e9tico da lideran\u00e7a"}]},{"@type":"WebSite","@id":"https:\/\/www.notibras.com\/site\/#website","url":"https:\/\/www.notibras.com\/site\/","name":"Notibras","description":"Not\u00edcias de Bras\u00edlia, do Brasil e do Mundo","publisher":{"@id":"https:\/\/www.notibras.com\/site\/#organization"},"potentialAction":[{"@type":"SearchAction","target":{"@type":"EntryPoint","urlTemplate":"https:\/\/www.notibras.com\/site\/?s={search_term_string}"},"query-input":{"@type":"PropertyValueSpecification","valueRequired":true,"valueName":"search_term_string"}}],"inLanguage":"pt-BR"},{"@type":"Organization","@id":"https:\/\/www.notibras.com\/site\/#organization","name":"Grupo Notibras de Comunica\u00e7\u00e3o","url":"https:\/\/www.notibras.com\/site\/","logo":{"@type":"ImageObject","inLanguage":"pt-BR","@id":"https:\/\/www.notibras.com\/site\/#\/schema\/logo\/image\/","url":"https:\/\/www.notibras.com\/site\/wp-content\/uploads\/2023\/01\/notibras23.png","contentUrl":"https:\/\/www.notibras.com\/site\/wp-content\/uploads\/2023\/01\/notibras23.png","width":350,"height":87,"caption":"Grupo Notibras de Comunica\u00e7\u00e3o"},"image":{"@id":"https:\/\/www.notibras.com\/site\/#\/schema\/logo\/image\/"},"sameAs":["https:\/\/www.facebook.com\/notibras\/","https:\/\/x.com\/Notibras","https:\/\/www.instagram.com\/notibras\/"]},{"@type":"Person","@id":"https:\/\/www.notibras.com\/site\/#\/schema\/person\/36ab0979449956132d3e5b517ea76ac8","name":"Reda\u00e7\u00e3o","image":{"@type":"ImageObject","inLanguage":"pt-BR","@id":"https:\/\/secure.gravatar.com\/avatar\/e0a867bdedb85fd243eadf09663511f96fc81e0720a4a42581f334ad4303aa6b?s=96&d=mm&r=g","url":"https:\/\/secure.gravatar.com\/avatar\/e0a867bdedb85fd243eadf09663511f96fc81e0720a4a42581f334ad4303aa6b?s=96&d=mm&r=g","contentUrl":"https:\/\/secure.gravatar.com\/avatar\/e0a867bdedb85fd243eadf09663511f96fc81e0720a4a42581f334ad4303aa6b?s=96&d=mm&r=g","caption":"Reda\u00e7\u00e3o"}}]}},"amp_enabled":true,"_links":{"self":[{"href":"https:\/\/www.notibras.com\/site\/wp-json\/wp\/v2\/posts\/62005","targetHints":{"allow":["GET"]}}],"collection":[{"href":"https:\/\/www.notibras.com\/site\/wp-json\/wp\/v2\/posts"}],"about":[{"href":"https:\/\/www.notibras.com\/site\/wp-json\/wp\/v2\/types\/post"}],"author":[{"embeddable":true,"href":"https:\/\/www.notibras.com\/site\/wp-json\/wp\/v2\/users\/2"}],"replies":[{"embeddable":true,"href":"https:\/\/www.notibras.com\/site\/wp-json\/wp\/v2\/comments?post=62005"}],"version-history":[{"count":5,"href":"https:\/\/www.notibras.com\/site\/wp-json\/wp\/v2\/posts\/62005\/revisions"}],"predecessor-version":[{"id":62389,"href":"https:\/\/www.notibras.com\/site\/wp-json\/wp\/v2\/posts\/62005\/revisions\/62389"}],"wp:featuredmedia":[{"embeddable":true,"href":"https:\/\/www.notibras.com\/site\/wp-json\/wp\/v2\/media\/62006"}],"wp:attachment":[{"href":"https:\/\/www.notibras.com\/site\/wp-json\/wp\/v2\/media?parent=62005"}],"wp:term":[{"taxonomy":"category","embeddable":true,"href":"https:\/\/www.notibras.com\/site\/wp-json\/wp\/v2\/categories?post=62005"},{"taxonomy":"post_tag","embeddable":true,"href":"https:\/\/www.notibras.com\/site\/wp-json\/wp\/v2\/tags?post=62005"}],"curies":[{"name":"wp","href":"https:\/\/api.w.org\/{rel}","templated":true}]}}