{"id":6202,"date":"2014-04-07T10:49:17","date_gmt":"2014-04-07T13:49:17","guid":{"rendered":"http:\/\/www.notibras.com\/site\/?p=6202"},"modified":"2014-04-07T12:15:22","modified_gmt":"2014-04-07T15:15:22","slug":"doleiro-da-lava-jato-tambem-socorreu-deputados-do-pp-e-pmdb","status":"publish","type":"post","link":"https:\/\/www.notibras.com\/site\/doleiro-da-lava-jato-tambem-socorreu-deputados-do-pp-e-pmdb\/","title":{"rendered":"Doleiro da opera\u00e7\u00e3o Lava Jato socorreu deputados da base"},"content":{"rendered":"<p>N\u00e3o \u00e9 s\u00f3 Andr\u00e9 Vargas (PT-PR), vice-presidente da C\u00e2mara dos Deputados, que anda enrolado com as artimanhas e negociatas pol\u00edticas que andam causando forte turbul\u00eancia no pa\u00eds. A teia da aranha \u00e9 mais ampla e complexa, como noticia o jornal <em>O Estado de S.Paulo<\/em>.<\/p>\n<p>Documentos da Opera\u00e7\u00e3o Lava Jato da Pol\u00edcia Federal mostram a intermedia\u00e7\u00e3o do doleiro Alberto Yousseff em doa\u00e7\u00f5es para deputados e diret\u00f3rios do PP e para o PMDB. O doleiro est\u00e1 preso desde o dia 17de mar\u00e7o, suspeito de comandar um esquema de lavagem de dinheiro.<\/p>\n<p>Yousseff \u00e9 investigado por suas liga\u00e7\u00f5es com o ex-diretor da Petrobras Paulo Roberto Costa, tamb\u00e9m detido pela PF, cuja nomea\u00e7\u00e3o na estatal foi apadrinhada pelos dois partidos e pelo PT.<\/p>\n<p>As negocia\u00e7\u00f5es foram flagradas pela PF com a quebra de sigilo de e-mails do doleiro. Em um dos endere\u00e7os eletr\u00f4nicos atribu\u00eddo a Yousseff ele trata das doa\u00e7\u00f5es com representantes das empresas Queiroz Galv\u00e3o e Jaragu\u00e1 Equipamentos, ambas fornecedoras da Petrobras em projetos como a constru\u00e7\u00e3o da refinaria Abreu e Lima, em Pernambuco. A PF acusa Costa de corrup\u00e7\u00e3o passiva ligada a esse empreendimento.<\/p>\n<p>Os interlocutores de Yousseff s\u00e3o Othon Zanoide de Moraes Filho, diretor-geral de desenvolvimento comercial da Queiroz Galv\u00e3o, e Cristian Silva, da Jaragu\u00e1.<\/p>\n<p>Reportagem do Estad\u00e3o mostra correspond\u00eancia entre os valores mencionados nos e-mails com o montante declarado pelos benefici\u00e1rios \u00e0 Justi\u00e7a Eleitoral. O PP nacional aparece em uma conversa entre Yousseff e Moraes em 17 de agosto de 2010 como destinat\u00e1rio de uma doa\u00e7\u00e3o de R$ 500 mil. Em outro e-mail, o executivo informa que o recibo eleitoral deveria ser feito em nome da Vital Engenharia, que faz parte do grupo Queiroz Galv\u00e3o.<\/p>\n<p>O partido aparece em outra mensagem com uma lista de doa\u00e7\u00f5es para diret\u00f3rios e deputados da sigla. O PP nacional consta como benefici\u00e1rio de R$ 2,040 milh\u00f5es. Ao Tribunal Superior Eleitoral (TSE), o PP relata ter recebido R$ 2,240 milh\u00f5es da Vital Engenharia e R$ 500 mil da Queiroz Galv\u00e3o.<\/p>\n<p>O PP baiano foi outro agraciado com doa\u00e7\u00f5es da construtora que aparece na investiga\u00e7\u00e3o. O diret\u00f3rio \u00e9 presidido pelo deputado M\u00e1rio Negromonte, ex-ministro das Cidades e apontado como um dos padrinhos da indica\u00e7\u00e3o de Costa na diretoria da Petrobras. Por e-mail, o executivo cobra de Yousseff um recibo de doa\u00e7\u00e3o de R$ 500 mil. No TSE, h\u00e1 duas doa\u00e7\u00f5es de R$ 250 mil cada.<\/p>\n<p>O mesmo ocorre com o diret\u00f3rio pernambucano do PP. O executivo pede recibo para uma doa\u00e7\u00e3o de R$ 100 mil. Das tr\u00eas doa\u00e7\u00f5es registradas na Justi\u00e7a Eleitoral, uma \u00e9 de R$ 100 mil.<\/p>\n<p>Deputados do PP tamb\u00e9m s\u00e3o citados nos e-mails do doleiro. Nelson Meurer (PR) foi benefici\u00e1rio de R$ 500 mil, Roberto Teixeira (PE) recebeu R$ 250 mil e Roberto Britto (BA) ficou com R$ 100 mil. Todos declararam esses valores ao TSE. Aline Corr\u00eaa (SP) aparece em uma mensagem como benefici\u00e1ria de R$ 250 mil. No total, ela declarou R$ 350 mil. Aline \u00e9 filha do ex-presidente do PP Pedro Corr\u00eaa, condenado no processo do mensal\u00e3o.<\/p>\n<p>Tamb\u00e9m condenado no processo, Pedro Henry (MT) \u00e9 citado como benefici\u00e1rio de R$ 100 mil, valor declarado ao TSE. O ex-deputado, que renunciou ap\u00f3s ter a ordem de pris\u00e3o expedida pela Justi\u00e7a, tamb\u00e9m \u00e9 benefici\u00e1rio de doa\u00e7\u00e3o da Jaragu\u00e1. E-mail enviado por Cristian Silva a Yousseff informa os dados da empresa para o recibo, sem mencionar valores. A doa\u00e7\u00e3o registrada no TSE \u00e9 de R$ 100 mil.<\/p>\n<p>Al\u00e9m dos diret\u00f3rios do PP, o PMDB de Rond\u00f4nia \u00e9 citado nos e-mails. Quem comanda o diret\u00f3rio \u00e9 o senador Valdir Raupp, licenciado da fun\u00e7\u00e3o por estar \u00e0 frente do PMDB nacional no lugar do vice-presidente da Rep\u00fablica, Michel Temer. O e-mail menciona R$ 300 mil dos R$ 500 mil doados pela Queiroz Galv\u00e3o ao diret\u00f3rio, conforme o TSE<\/p>\n","protected":false},"excerpt":{"rendered":"<p>N\u00e3o \u00e9 s\u00f3 Andr\u00e9 Vargas (PT-PR), vice-presidente da C\u00e2mara dos Deputados, que anda enrolado com as artimanhas e negociatas pol\u00edticas que andam causando forte turbul\u00eancia no pa\u00eds. A teia da aranha \u00e9 mais ampla e complexa, como noticia o jornal O Estado de S.Paulo. Documentos da Opera\u00e7\u00e3o Lava Jato da Pol\u00edcia Federal mostram a intermedia\u00e7\u00e3o [&hellip;]<\/p>\n","protected":false},"author":2,"featured_media":6203,"comment_status":"open","ping_status":"closed","sticky":false,"template":"","format":"standard","meta":{"_acf_changed":false,"footnotes":""},"categories":[16],"tags":[],"class_list":["post-6202","post","type-post","status-publish","format-standard","has-post-thumbnail","hentry","category-brasil"],"acf":[],"yoast_head":"<!-- This site is optimized with the Yoast SEO plugin v27.2 - https:\/\/yoast.com\/product\/yoast-seo-wordpress\/ -->\n<title>Doleiro da opera\u00e7\u00e3o Lava Jato socorreu deputados da base - Notibras<\/title>\n<meta name=\"robots\" content=\"index, follow, max-snippet:-1, max-image-preview:large, max-video-preview:-1\" \/>\n<link rel=\"canonical\" href=\"https:\/\/www.notibras.com\/site\/doleiro-da-lava-jato-tambem-socorreu-deputados-do-pp-e-pmdb\/\" \/>\n<meta property=\"og:locale\" content=\"pt_BR\" \/>\n<meta property=\"og:type\" content=\"article\" \/>\n<meta property=\"og:title\" content=\"Doleiro da opera\u00e7\u00e3o Lava Jato socorreu deputados da base - Notibras\" \/>\n<meta property=\"og:description\" content=\"N\u00e3o \u00e9 s\u00f3 Andr\u00e9 Vargas (PT-PR), vice-presidente da C\u00e2mara dos Deputados, que anda enrolado com as artimanhas e negociatas pol\u00edticas que andam causando forte turbul\u00eancia no pa\u00eds. A teia da aranha \u00e9 mais ampla e complexa, como noticia o jornal O Estado de S.Paulo. Documentos da Opera\u00e7\u00e3o Lava Jato da Pol\u00edcia Federal mostram a intermedia\u00e7\u00e3o [&hellip;]\" \/>\n<meta property=\"og:url\" content=\"https:\/\/www.notibras.com\/site\/doleiro-da-lava-jato-tambem-socorreu-deputados-do-pp-e-pmdb\/\" \/>\n<meta property=\"og:site_name\" content=\"Notibras\" \/>\n<meta property=\"article:publisher\" content=\"https:\/\/www.facebook.com\/notibras\/\" \/>\n<meta property=\"article:published_time\" content=\"2014-04-07T13:49:17+00:00\" \/>\n<meta property=\"article:modified_time\" content=\"2014-04-07T15:15:22+00:00\" \/>\n<meta property=\"og:image\" content=\"https:\/\/www.notibras.com\/site\/wp-content\/uploads\/2014\/04\/mi_1332933836854173.jpg\" \/>\n\t<meta property=\"og:image:width\" content=\"483\" \/>\n\t<meta property=\"og:image:height\" content=\"303\" \/>\n\t<meta property=\"og:image:type\" content=\"image\/jpeg\" \/>\n<meta name=\"author\" content=\"Reda\u00e7\u00e3o\" \/>\n<meta name=\"twitter:card\" content=\"summary_large_image\" \/>\n<meta name=\"twitter:creator\" content=\"@Notibras\" \/>\n<meta name=\"twitter:site\" content=\"@Notibras\" \/>\n<meta name=\"twitter:label1\" content=\"Escrito por\" \/>\n\t<meta name=\"twitter:data1\" content=\"Reda\u00e7\u00e3o\" \/>\n\t<meta name=\"twitter:label2\" content=\"Est. tempo de leitura\" \/>\n\t<meta name=\"twitter:data2\" content=\"3 minutos\" \/>\n<script type=\"application\/ld+json\" class=\"yoast-schema-graph\">{\"@context\":\"https:\/\/schema.org\",\"@graph\":[{\"@type\":\"Article\",\"@id\":\"https:\/\/www.notibras.com\/site\/doleiro-da-lava-jato-tambem-socorreu-deputados-do-pp-e-pmdb\/#article\",\"isPartOf\":{\"@id\":\"https:\/\/www.notibras.com\/site\/doleiro-da-lava-jato-tambem-socorreu-deputados-do-pp-e-pmdb\/\"},\"author\":{\"name\":\"Reda\u00e7\u00e3o\",\"@id\":\"https:\/\/www.notibras.com\/site\/#\/schema\/person\/36ab0979449956132d3e5b517ea76ac8\"},\"headline\":\"Doleiro da opera\u00e7\u00e3o Lava Jato socorreu deputados da base\",\"datePublished\":\"2014-04-07T13:49:17+00:00\",\"dateModified\":\"2014-04-07T15:15:22+00:00\",\"mainEntityOfPage\":{\"@id\":\"https:\/\/www.notibras.com\/site\/doleiro-da-lava-jato-tambem-socorreu-deputados-do-pp-e-pmdb\/\"},\"wordCount\":675,\"commentCount\":0,\"publisher\":{\"@id\":\"https:\/\/www.notibras.com\/site\/#organization\"},\"image\":{\"@id\":\"https:\/\/www.notibras.com\/site\/doleiro-da-lava-jato-tambem-socorreu-deputados-do-pp-e-pmdb\/#primaryimage\"},\"thumbnailUrl\":\"https:\/\/www.notibras.com\/site\/wp-content\/uploads\/2014\/04\/mi_1332933836854173.jpg\",\"articleSection\":[\"Brasil\"],\"inLanguage\":\"pt-BR\",\"potentialAction\":[{\"@type\":\"CommentAction\",\"name\":\"Comment\",\"target\":[\"https:\/\/www.notibras.com\/site\/doleiro-da-lava-jato-tambem-socorreu-deputados-do-pp-e-pmdb\/#respond\"]}]},{\"@type\":\"WebPage\",\"@id\":\"https:\/\/www.notibras.com\/site\/doleiro-da-lava-jato-tambem-socorreu-deputados-do-pp-e-pmdb\/\",\"url\":\"https:\/\/www.notibras.com\/site\/doleiro-da-lava-jato-tambem-socorreu-deputados-do-pp-e-pmdb\/\",\"name\":\"Doleiro da opera\u00e7\u00e3o Lava Jato socorreu deputados da base - Notibras\",\"isPartOf\":{\"@id\":\"https:\/\/www.notibras.com\/site\/#website\"},\"primaryImageOfPage\":{\"@id\":\"https:\/\/www.notibras.com\/site\/doleiro-da-lava-jato-tambem-socorreu-deputados-do-pp-e-pmdb\/#primaryimage\"},\"image\":{\"@id\":\"https:\/\/www.notibras.com\/site\/doleiro-da-lava-jato-tambem-socorreu-deputados-do-pp-e-pmdb\/#primaryimage\"},\"thumbnailUrl\":\"https:\/\/www.notibras.com\/site\/wp-content\/uploads\/2014\/04\/mi_1332933836854173.jpg\",\"datePublished\":\"2014-04-07T13:49:17+00:00\",\"dateModified\":\"2014-04-07T15:15:22+00:00\",\"breadcrumb\":{\"@id\":\"https:\/\/www.notibras.com\/site\/doleiro-da-lava-jato-tambem-socorreu-deputados-do-pp-e-pmdb\/#breadcrumb\"},\"inLanguage\":\"pt-BR\",\"potentialAction\":[{\"@type\":\"ReadAction\",\"target\":[\"https:\/\/www.notibras.com\/site\/doleiro-da-lava-jato-tambem-socorreu-deputados-do-pp-e-pmdb\/\"]}]},{\"@type\":\"ImageObject\",\"inLanguage\":\"pt-BR\",\"@id\":\"https:\/\/www.notibras.com\/site\/doleiro-da-lava-jato-tambem-socorreu-deputados-do-pp-e-pmdb\/#primaryimage\",\"url\":\"https:\/\/www.notibras.com\/site\/wp-content\/uploads\/2014\/04\/mi_1332933836854173.jpg\",\"contentUrl\":\"https:\/\/www.notibras.com\/site\/wp-content\/uploads\/2014\/04\/mi_1332933836854173.jpg\",\"width\":483,\"height\":303},{\"@type\":\"BreadcrumbList\",\"@id\":\"https:\/\/www.notibras.com\/site\/doleiro-da-lava-jato-tambem-socorreu-deputados-do-pp-e-pmdb\/#breadcrumb\",\"itemListElement\":[{\"@type\":\"ListItem\",\"position\":1,\"name\":\"In\u00edcio\",\"item\":\"https:\/\/www.notibras.com\/site\/\"},{\"@type\":\"ListItem\",\"position\":2,\"name\":\"Doleiro da opera\u00e7\u00e3o Lava Jato socorreu deputados da base\"}]},{\"@type\":\"WebSite\",\"@id\":\"https:\/\/www.notibras.com\/site\/#website\",\"url\":\"https:\/\/www.notibras.com\/site\/\",\"name\":\"Notibras\",\"description\":\"Not\u00edcias de Bras\u00edlia, do Brasil e do Mundo\",\"publisher\":{\"@id\":\"https:\/\/www.notibras.com\/site\/#organization\"},\"potentialAction\":[{\"@type\":\"SearchAction\",\"target\":{\"@type\":\"EntryPoint\",\"urlTemplate\":\"https:\/\/www.notibras.com\/site\/?s={search_term_string}\"},\"query-input\":{\"@type\":\"PropertyValueSpecification\",\"valueRequired\":true,\"valueName\":\"search_term_string\"}}],\"inLanguage\":\"pt-BR\"},{\"@type\":\"Organization\",\"@id\":\"https:\/\/www.notibras.com\/site\/#organization\",\"name\":\"Grupo Notibras de Comunica\u00e7\u00e3o\",\"url\":\"https:\/\/www.notibras.com\/site\/\",\"logo\":{\"@type\":\"ImageObject\",\"inLanguage\":\"pt-BR\",\"@id\":\"https:\/\/www.notibras.com\/site\/#\/schema\/logo\/image\/\",\"url\":\"https:\/\/www.notibras.com\/site\/wp-content\/uploads\/2023\/01\/notibras23.png\",\"contentUrl\":\"https:\/\/www.notibras.com\/site\/wp-content\/uploads\/2023\/01\/notibras23.png\",\"width\":350,\"height\":87,\"caption\":\"Grupo Notibras de Comunica\u00e7\u00e3o\"},\"image\":{\"@id\":\"https:\/\/www.notibras.com\/site\/#\/schema\/logo\/image\/\"},\"sameAs\":[\"https:\/\/www.facebook.com\/notibras\/\",\"https:\/\/x.com\/Notibras\",\"https:\/\/www.instagram.com\/notibras\/\"]},{\"@type\":\"Person\",\"@id\":\"https:\/\/www.notibras.com\/site\/#\/schema\/person\/36ab0979449956132d3e5b517ea76ac8\",\"name\":\"Reda\u00e7\u00e3o\",\"image\":{\"@type\":\"ImageObject\",\"inLanguage\":\"pt-BR\",\"@id\":\"https:\/\/secure.gravatar.com\/avatar\/e0a867bdedb85fd243eadf09663511f96fc81e0720a4a42581f334ad4303aa6b?s=96&d=mm&r=g\",\"url\":\"https:\/\/secure.gravatar.com\/avatar\/e0a867bdedb85fd243eadf09663511f96fc81e0720a4a42581f334ad4303aa6b?s=96&d=mm&r=g\",\"contentUrl\":\"https:\/\/secure.gravatar.com\/avatar\/e0a867bdedb85fd243eadf09663511f96fc81e0720a4a42581f334ad4303aa6b?s=96&d=mm&r=g\",\"caption\":\"Reda\u00e7\u00e3o\"}}]}<\/script>\n<!-- \/ Yoast SEO plugin. -->","yoast_head_json":{"title":"Doleiro da opera\u00e7\u00e3o Lava Jato socorreu deputados da base - Notibras","robots":{"index":"index","follow":"follow","max-snippet":"max-snippet:-1","max-image-preview":"max-image-preview:large","max-video-preview":"max-video-preview:-1"},"canonical":"https:\/\/www.notibras.com\/site\/doleiro-da-lava-jato-tambem-socorreu-deputados-do-pp-e-pmdb\/","og_locale":"pt_BR","og_type":"article","og_title":"Doleiro da opera\u00e7\u00e3o Lava Jato socorreu deputados da base - Notibras","og_description":"N\u00e3o \u00e9 s\u00f3 Andr\u00e9 Vargas (PT-PR), vice-presidente da C\u00e2mara dos Deputados, que anda enrolado com as artimanhas e negociatas pol\u00edticas que andam causando forte turbul\u00eancia no pa\u00eds. A teia da aranha \u00e9 mais ampla e complexa, como noticia o jornal O Estado de S.Paulo. Documentos da Opera\u00e7\u00e3o Lava Jato da Pol\u00edcia Federal mostram a intermedia\u00e7\u00e3o [&hellip;]","og_url":"https:\/\/www.notibras.com\/site\/doleiro-da-lava-jato-tambem-socorreu-deputados-do-pp-e-pmdb\/","og_site_name":"Notibras","article_publisher":"https:\/\/www.facebook.com\/notibras\/","article_published_time":"2014-04-07T13:49:17+00:00","article_modified_time":"2014-04-07T15:15:22+00:00","og_image":[{"width":483,"height":303,"url":"https:\/\/www.notibras.com\/site\/wp-content\/uploads\/2014\/04\/mi_1332933836854173.jpg","type":"image\/jpeg"}],"author":"Reda\u00e7\u00e3o","twitter_card":"summary_large_image","twitter_creator":"@Notibras","twitter_site":"@Notibras","twitter_misc":{"Escrito por":"Reda\u00e7\u00e3o","Est. tempo de leitura":"3 minutos"},"schema":{"@context":"https:\/\/schema.org","@graph":[{"@type":"Article","@id":"https:\/\/www.notibras.com\/site\/doleiro-da-lava-jato-tambem-socorreu-deputados-do-pp-e-pmdb\/#article","isPartOf":{"@id":"https:\/\/www.notibras.com\/site\/doleiro-da-lava-jato-tambem-socorreu-deputados-do-pp-e-pmdb\/"},"author":{"name":"Reda\u00e7\u00e3o","@id":"https:\/\/www.notibras.com\/site\/#\/schema\/person\/36ab0979449956132d3e5b517ea76ac8"},"headline":"Doleiro da opera\u00e7\u00e3o Lava Jato socorreu deputados da base","datePublished":"2014-04-07T13:49:17+00:00","dateModified":"2014-04-07T15:15:22+00:00","mainEntityOfPage":{"@id":"https:\/\/www.notibras.com\/site\/doleiro-da-lava-jato-tambem-socorreu-deputados-do-pp-e-pmdb\/"},"wordCount":675,"commentCount":0,"publisher":{"@id":"https:\/\/www.notibras.com\/site\/#organization"},"image":{"@id":"https:\/\/www.notibras.com\/site\/doleiro-da-lava-jato-tambem-socorreu-deputados-do-pp-e-pmdb\/#primaryimage"},"thumbnailUrl":"https:\/\/www.notibras.com\/site\/wp-content\/uploads\/2014\/04\/mi_1332933836854173.jpg","articleSection":["Brasil"],"inLanguage":"pt-BR","potentialAction":[{"@type":"CommentAction","name":"Comment","target":["https:\/\/www.notibras.com\/site\/doleiro-da-lava-jato-tambem-socorreu-deputados-do-pp-e-pmdb\/#respond"]}]},{"@type":"WebPage","@id":"https:\/\/www.notibras.com\/site\/doleiro-da-lava-jato-tambem-socorreu-deputados-do-pp-e-pmdb\/","url":"https:\/\/www.notibras.com\/site\/doleiro-da-lava-jato-tambem-socorreu-deputados-do-pp-e-pmdb\/","name":"Doleiro da opera\u00e7\u00e3o Lava Jato socorreu deputados da base - Notibras","isPartOf":{"@id":"https:\/\/www.notibras.com\/site\/#website"},"primaryImageOfPage":{"@id":"https:\/\/www.notibras.com\/site\/doleiro-da-lava-jato-tambem-socorreu-deputados-do-pp-e-pmdb\/#primaryimage"},"image":{"@id":"https:\/\/www.notibras.com\/site\/doleiro-da-lava-jato-tambem-socorreu-deputados-do-pp-e-pmdb\/#primaryimage"},"thumbnailUrl":"https:\/\/www.notibras.com\/site\/wp-content\/uploads\/2014\/04\/mi_1332933836854173.jpg","datePublished":"2014-04-07T13:49:17+00:00","dateModified":"2014-04-07T15:15:22+00:00","breadcrumb":{"@id":"https:\/\/www.notibras.com\/site\/doleiro-da-lava-jato-tambem-socorreu-deputados-do-pp-e-pmdb\/#breadcrumb"},"inLanguage":"pt-BR","potentialAction":[{"@type":"ReadAction","target":["https:\/\/www.notibras.com\/site\/doleiro-da-lava-jato-tambem-socorreu-deputados-do-pp-e-pmdb\/"]}]},{"@type":"ImageObject","inLanguage":"pt-BR","@id":"https:\/\/www.notibras.com\/site\/doleiro-da-lava-jato-tambem-socorreu-deputados-do-pp-e-pmdb\/#primaryimage","url":"https:\/\/www.notibras.com\/site\/wp-content\/uploads\/2014\/04\/mi_1332933836854173.jpg","contentUrl":"https:\/\/www.notibras.com\/site\/wp-content\/uploads\/2014\/04\/mi_1332933836854173.jpg","width":483,"height":303},{"@type":"BreadcrumbList","@id":"https:\/\/www.notibras.com\/site\/doleiro-da-lava-jato-tambem-socorreu-deputados-do-pp-e-pmdb\/#breadcrumb","itemListElement":[{"@type":"ListItem","position":1,"name":"In\u00edcio","item":"https:\/\/www.notibras.com\/site\/"},{"@type":"ListItem","position":2,"name":"Doleiro da opera\u00e7\u00e3o Lava Jato socorreu deputados da base"}]},{"@type":"WebSite","@id":"https:\/\/www.notibras.com\/site\/#website","url":"https:\/\/www.notibras.com\/site\/","name":"Notibras","description":"Not\u00edcias de Bras\u00edlia, do Brasil e do Mundo","publisher":{"@id":"https:\/\/www.notibras.com\/site\/#organization"},"potentialAction":[{"@type":"SearchAction","target":{"@type":"EntryPoint","urlTemplate":"https:\/\/www.notibras.com\/site\/?s={search_term_string}"},"query-input":{"@type":"PropertyValueSpecification","valueRequired":true,"valueName":"search_term_string"}}],"inLanguage":"pt-BR"},{"@type":"Organization","@id":"https:\/\/www.notibras.com\/site\/#organization","name":"Grupo Notibras de Comunica\u00e7\u00e3o","url":"https:\/\/www.notibras.com\/site\/","logo":{"@type":"ImageObject","inLanguage":"pt-BR","@id":"https:\/\/www.notibras.com\/site\/#\/schema\/logo\/image\/","url":"https:\/\/www.notibras.com\/site\/wp-content\/uploads\/2023\/01\/notibras23.png","contentUrl":"https:\/\/www.notibras.com\/site\/wp-content\/uploads\/2023\/01\/notibras23.png","width":350,"height":87,"caption":"Grupo Notibras de Comunica\u00e7\u00e3o"},"image":{"@id":"https:\/\/www.notibras.com\/site\/#\/schema\/logo\/image\/"},"sameAs":["https:\/\/www.facebook.com\/notibras\/","https:\/\/x.com\/Notibras","https:\/\/www.instagram.com\/notibras\/"]},{"@type":"Person","@id":"https:\/\/www.notibras.com\/site\/#\/schema\/person\/36ab0979449956132d3e5b517ea76ac8","name":"Reda\u00e7\u00e3o","image":{"@type":"ImageObject","inLanguage":"pt-BR","@id":"https:\/\/secure.gravatar.com\/avatar\/e0a867bdedb85fd243eadf09663511f96fc81e0720a4a42581f334ad4303aa6b?s=96&d=mm&r=g","url":"https:\/\/secure.gravatar.com\/avatar\/e0a867bdedb85fd243eadf09663511f96fc81e0720a4a42581f334ad4303aa6b?s=96&d=mm&r=g","contentUrl":"https:\/\/secure.gravatar.com\/avatar\/e0a867bdedb85fd243eadf09663511f96fc81e0720a4a42581f334ad4303aa6b?s=96&d=mm&r=g","caption":"Reda\u00e7\u00e3o"}}]}},"amp_enabled":true,"_links":{"self":[{"href":"https:\/\/www.notibras.com\/site\/wp-json\/wp\/v2\/posts\/6202","targetHints":{"allow":["GET"]}}],"collection":[{"href":"https:\/\/www.notibras.com\/site\/wp-json\/wp\/v2\/posts"}],"about":[{"href":"https:\/\/www.notibras.com\/site\/wp-json\/wp\/v2\/types\/post"}],"author":[{"embeddable":true,"href":"https:\/\/www.notibras.com\/site\/wp-json\/wp\/v2\/users\/2"}],"replies":[{"embeddable":true,"href":"https:\/\/www.notibras.com\/site\/wp-json\/wp\/v2\/comments?post=6202"}],"version-history":[{"count":0,"href":"https:\/\/www.notibras.com\/site\/wp-json\/wp\/v2\/posts\/6202\/revisions"}],"wp:featuredmedia":[{"embeddable":true,"href":"https:\/\/www.notibras.com\/site\/wp-json\/wp\/v2\/media\/6203"}],"wp:attachment":[{"href":"https:\/\/www.notibras.com\/site\/wp-json\/wp\/v2\/media?parent=6202"}],"wp:term":[{"taxonomy":"category","embeddable":true,"href":"https:\/\/www.notibras.com\/site\/wp-json\/wp\/v2\/categories?post=6202"},{"taxonomy":"post_tag","embeddable":true,"href":"https:\/\/www.notibras.com\/site\/wp-json\/wp\/v2\/tags?post=6202"}],"curies":[{"name":"wp","href":"https:\/\/api.w.org\/{rel}","templated":true}]}}