{"id":62065,"date":"2015-08-14T09:34:43","date_gmt":"2015-08-14T12:34:43","guid":{"rendered":"http:\/\/www.notibras.com\/site\/?p=62065"},"modified":"2015-08-14T15:17:39","modified_gmt":"2015-08-14T18:17:39","slug":"isolada-no-planalto-dilma-ve-o-governo-cair-como-um-castelo-de-areia","status":"publish","type":"post","link":"https:\/\/www.notibras.com\/site\/isolada-no-planalto-dilma-ve-o-governo-cair-como-um-castelo-de-areia\/","title":{"rendered":"Dilma, isolada, v\u00ea o governo cair como um castelo de areia na praia"},"content":{"rendered":"<p>O governo Dilma est\u00e1 se desmoronando, tal qual um castelo feito de areia. A presidente est\u00e1 isolada no Pal\u00e1cio do Planalto. Acuada, sem condi\u00e7\u00f5es de se dirigir \u00e0 popula\u00e7\u00e3o por meio de rede de televis\u00e3o e r\u00e1dio. Se o fizer, ser\u00e1 alvo de panela\u00e7o e buzina\u00e7o.<\/p>\n<p>Em qualquer solenidade aberta ao p\u00fablico ela ser\u00e1 vaiada. Sua base no Congresso Nacional est\u00e1 esfacelada e est\u00e1 sem for\u00e7a at\u00e9 mesmo dentro do PT.<\/p>\n<p>O distanciamento de Dilma da sociedade brasileira acaba de ser comprovado pelas pesquisas Datafolha. Sua reprova\u00e7\u00e3o popular chega ao patamar hist\u00f3rico de 71%. Ela se tornou a governante mais impopular entre todos os presidentes da Rep\u00fablica. Perde at\u00e9 para Fernando Collor, que teve uma rejei\u00e7\u00e3o popular de 68%.<\/p>\n<p>Nas pesquisas Data Folha, 66% dos entrevistados querem o afastamento de Dilma do governo.<\/p>\n<p>Em meio \u00e0s not\u00edcias negativas, na quarta-feira, a presidente Dilma amargou um novo rev\u00e9s: a ag\u00eancia de classifica\u00e7\u00e3o de risco Moody\u00b4s anunciou o rebaixamento da nota de cr\u00e9dito do Brasil. Com isso, o pa\u00eds fica apenas um degrau acima do n\u00edvel especulativo.<\/p>\n<p>Se cair para categoria especulativa, o Brasil perder\u00e1 o grau de investimento, que \u00e9 atribu\u00eddo a pa\u00edses que n\u00e3o oferecem seguran\u00e7a \u00e0s aplica\u00e7\u00f5es de bancos e fundos estrangeiros. Com isso, o governo e empresas nacionais passar\u00e3o a pagar juros mais altos para tomar cr\u00e9ditos.<\/p>\n","protected":false},"excerpt":{"rendered":"<p>O governo Dilma est\u00e1 se desmoronando, tal qual um castelo feito de areia. A presidente est\u00e1 isolada no Pal\u00e1cio do Planalto. Acuada, sem condi\u00e7\u00f5es de se dirigir \u00e0 popula\u00e7\u00e3o por meio de rede de televis\u00e3o e r\u00e1dio. Se o fizer, ser\u00e1 alvo de panela\u00e7o e buzina\u00e7o. Em qualquer solenidade aberta ao p\u00fablico ela ser\u00e1 vaiada. [&hellip;]<\/p>\n","protected":false},"author":2,"featured_media":62066,"comment_status":"open","ping_status":"closed","sticky":false,"template":"","format":"standard","meta":{"_acf_changed":false,"footnotes":""},"categories":[42],"tags":[],"class_list":["post-62065","post","type-post","status-publish","format-standard","has-post-thumbnail","hentry","category-coletti"],"acf":[],"yoast_head":"<!-- This site is optimized with the Yoast SEO plugin v27.2 - https:\/\/yoast.com\/product\/yoast-seo-wordpress\/ -->\n<title>Dilma, isolada, v\u00ea o governo cair como um castelo de areia na praia - Notibras<\/title>\n<meta name=\"robots\" content=\"index, follow, max-snippet:-1, max-image-preview:large, max-video-preview:-1\" \/>\n<link rel=\"canonical\" href=\"https:\/\/www.notibras.com\/site\/isolada-no-planalto-dilma-ve-o-governo-cair-como-um-castelo-de-areia\/\" \/>\n<meta property=\"og:locale\" content=\"pt_BR\" \/>\n<meta property=\"og:type\" content=\"article\" \/>\n<meta property=\"og:title\" content=\"Dilma, isolada, v\u00ea o governo cair como um castelo de areia na praia - Notibras\" \/>\n<meta property=\"og:description\" content=\"O governo Dilma est\u00e1 se desmoronando, tal qual um castelo feito de areia. A presidente est\u00e1 isolada no Pal\u00e1cio do Planalto. Acuada, sem condi\u00e7\u00f5es de se dirigir \u00e0 popula\u00e7\u00e3o por meio de rede de televis\u00e3o e r\u00e1dio. Se o fizer, ser\u00e1 alvo de panela\u00e7o e buzina\u00e7o. Em qualquer solenidade aberta ao p\u00fablico ela ser\u00e1 vaiada. [&hellip;]\" \/>\n<meta property=\"og:url\" content=\"https:\/\/www.notibras.com\/site\/isolada-no-planalto-dilma-ve-o-governo-cair-como-um-castelo-de-areia\/\" \/>\n<meta property=\"og:site_name\" content=\"Notibras\" \/>\n<meta property=\"article:publisher\" content=\"https:\/\/www.facebook.com\/notibras\/\" \/>\n<meta property=\"article:published_time\" content=\"2015-08-14T12:34:43+00:00\" \/>\n<meta property=\"article:modified_time\" content=\"2015-08-14T18:17:39+00:00\" \/>\n<meta property=\"og:image\" content=\"https:\/\/www.notibras.com\/site\/wp-content\/uploads\/2015\/08\/midil.jpg\" \/>\n\t<meta property=\"og:image:width\" content=\"483\" \/>\n\t<meta property=\"og:image:height\" content=\"303\" \/>\n\t<meta property=\"og:image:type\" content=\"image\/jpeg\" \/>\n<meta name=\"author\" content=\"Reda\u00e7\u00e3o\" \/>\n<meta name=\"twitter:card\" content=\"summary_large_image\" \/>\n<meta name=\"twitter:creator\" content=\"@Notibras\" \/>\n<meta name=\"twitter:site\" content=\"@Notibras\" \/>\n<meta name=\"twitter:label1\" content=\"Escrito por\" \/>\n\t<meta name=\"twitter:data1\" content=\"Reda\u00e7\u00e3o\" \/>\n\t<meta name=\"twitter:label2\" content=\"Est. tempo de leitura\" \/>\n\t<meta name=\"twitter:data2\" content=\"1 minuto\" \/>\n<script type=\"application\/ld+json\" class=\"yoast-schema-graph\">{\"@context\":\"https:\/\/schema.org\",\"@graph\":[{\"@type\":\"Article\",\"@id\":\"https:\/\/www.notibras.com\/site\/isolada-no-planalto-dilma-ve-o-governo-cair-como-um-castelo-de-areia\/#article\",\"isPartOf\":{\"@id\":\"https:\/\/www.notibras.com\/site\/isolada-no-planalto-dilma-ve-o-governo-cair-como-um-castelo-de-areia\/\"},\"author\":{\"name\":\"Reda\u00e7\u00e3o\",\"@id\":\"https:\/\/www.notibras.com\/site\/#\/schema\/person\/36ab0979449956132d3e5b517ea76ac8\"},\"headline\":\"Dilma, isolada, v\u00ea o governo cair como um castelo de areia na praia\",\"datePublished\":\"2015-08-14T12:34:43+00:00\",\"dateModified\":\"2015-08-14T18:17:39+00:00\",\"mainEntityOfPage\":{\"@id\":\"https:\/\/www.notibras.com\/site\/isolada-no-planalto-dilma-ve-o-governo-cair-como-um-castelo-de-areia\/\"},\"wordCount\":255,\"commentCount\":0,\"publisher\":{\"@id\":\"https:\/\/www.notibras.com\/site\/#organization\"},\"image\":{\"@id\":\"https:\/\/www.notibras.com\/site\/isolada-no-planalto-dilma-ve-o-governo-cair-como-um-castelo-de-areia\/#primaryimage\"},\"thumbnailUrl\":\"https:\/\/www.notibras.com\/site\/wp-content\/uploads\/2015\/08\/midil.jpg\",\"articleSection\":[\"Cl\u00e1udio Coletti\"],\"inLanguage\":\"pt-BR\",\"potentialAction\":[{\"@type\":\"CommentAction\",\"name\":\"Comment\",\"target\":[\"https:\/\/www.notibras.com\/site\/isolada-no-planalto-dilma-ve-o-governo-cair-como-um-castelo-de-areia\/#respond\"]}]},{\"@type\":\"WebPage\",\"@id\":\"https:\/\/www.notibras.com\/site\/isolada-no-planalto-dilma-ve-o-governo-cair-como-um-castelo-de-areia\/\",\"url\":\"https:\/\/www.notibras.com\/site\/isolada-no-planalto-dilma-ve-o-governo-cair-como-um-castelo-de-areia\/\",\"name\":\"Dilma, isolada, v\u00ea o governo cair como um castelo de areia na praia - Notibras\",\"isPartOf\":{\"@id\":\"https:\/\/www.notibras.com\/site\/#website\"},\"primaryImageOfPage\":{\"@id\":\"https:\/\/www.notibras.com\/site\/isolada-no-planalto-dilma-ve-o-governo-cair-como-um-castelo-de-areia\/#primaryimage\"},\"image\":{\"@id\":\"https:\/\/www.notibras.com\/site\/isolada-no-planalto-dilma-ve-o-governo-cair-como-um-castelo-de-areia\/#primaryimage\"},\"thumbnailUrl\":\"https:\/\/www.notibras.com\/site\/wp-content\/uploads\/2015\/08\/midil.jpg\",\"datePublished\":\"2015-08-14T12:34:43+00:00\",\"dateModified\":\"2015-08-14T18:17:39+00:00\",\"breadcrumb\":{\"@id\":\"https:\/\/www.notibras.com\/site\/isolada-no-planalto-dilma-ve-o-governo-cair-como-um-castelo-de-areia\/#breadcrumb\"},\"inLanguage\":\"pt-BR\",\"potentialAction\":[{\"@type\":\"ReadAction\",\"target\":[\"https:\/\/www.notibras.com\/site\/isolada-no-planalto-dilma-ve-o-governo-cair-como-um-castelo-de-areia\/\"]}]},{\"@type\":\"ImageObject\",\"inLanguage\":\"pt-BR\",\"@id\":\"https:\/\/www.notibras.com\/site\/isolada-no-planalto-dilma-ve-o-governo-cair-como-um-castelo-de-areia\/#primaryimage\",\"url\":\"https:\/\/www.notibras.com\/site\/wp-content\/uploads\/2015\/08\/midil.jpg\",\"contentUrl\":\"https:\/\/www.notibras.com\/site\/wp-content\/uploads\/2015\/08\/midil.jpg\",\"width\":483,\"height\":303},{\"@type\":\"BreadcrumbList\",\"@id\":\"https:\/\/www.notibras.com\/site\/isolada-no-planalto-dilma-ve-o-governo-cair-como-um-castelo-de-areia\/#breadcrumb\",\"itemListElement\":[{\"@type\":\"ListItem\",\"position\":1,\"name\":\"In\u00edcio\",\"item\":\"https:\/\/www.notibras.com\/site\/\"},{\"@type\":\"ListItem\",\"position\":2,\"name\":\"Dilma, isolada, v\u00ea o governo cair como um castelo de areia na praia\"}]},{\"@type\":\"WebSite\",\"@id\":\"https:\/\/www.notibras.com\/site\/#website\",\"url\":\"https:\/\/www.notibras.com\/site\/\",\"name\":\"Notibras\",\"description\":\"Not\u00edcias de Bras\u00edlia, do Brasil e do Mundo\",\"publisher\":{\"@id\":\"https:\/\/www.notibras.com\/site\/#organization\"},\"potentialAction\":[{\"@type\":\"SearchAction\",\"target\":{\"@type\":\"EntryPoint\",\"urlTemplate\":\"https:\/\/www.notibras.com\/site\/?s={search_term_string}\"},\"query-input\":{\"@type\":\"PropertyValueSpecification\",\"valueRequired\":true,\"valueName\":\"search_term_string\"}}],\"inLanguage\":\"pt-BR\"},{\"@type\":\"Organization\",\"@id\":\"https:\/\/www.notibras.com\/site\/#organization\",\"name\":\"Grupo Notibras de Comunica\u00e7\u00e3o\",\"url\":\"https:\/\/www.notibras.com\/site\/\",\"logo\":{\"@type\":\"ImageObject\",\"inLanguage\":\"pt-BR\",\"@id\":\"https:\/\/www.notibras.com\/site\/#\/schema\/logo\/image\/\",\"url\":\"https:\/\/www.notibras.com\/site\/wp-content\/uploads\/2023\/01\/notibras23.png\",\"contentUrl\":\"https:\/\/www.notibras.com\/site\/wp-content\/uploads\/2023\/01\/notibras23.png\",\"width\":350,\"height\":87,\"caption\":\"Grupo Notibras de Comunica\u00e7\u00e3o\"},\"image\":{\"@id\":\"https:\/\/www.notibras.com\/site\/#\/schema\/logo\/image\/\"},\"sameAs\":[\"https:\/\/www.facebook.com\/notibras\/\",\"https:\/\/x.com\/Notibras\",\"https:\/\/www.instagram.com\/notibras\/\"]},{\"@type\":\"Person\",\"@id\":\"https:\/\/www.notibras.com\/site\/#\/schema\/person\/36ab0979449956132d3e5b517ea76ac8\",\"name\":\"Reda\u00e7\u00e3o\",\"image\":{\"@type\":\"ImageObject\",\"inLanguage\":\"pt-BR\",\"@id\":\"https:\/\/secure.gravatar.com\/avatar\/e0a867bdedb85fd243eadf09663511f96fc81e0720a4a42581f334ad4303aa6b?s=96&d=mm&r=g\",\"url\":\"https:\/\/secure.gravatar.com\/avatar\/e0a867bdedb85fd243eadf09663511f96fc81e0720a4a42581f334ad4303aa6b?s=96&d=mm&r=g\",\"contentUrl\":\"https:\/\/secure.gravatar.com\/avatar\/e0a867bdedb85fd243eadf09663511f96fc81e0720a4a42581f334ad4303aa6b?s=96&d=mm&r=g\",\"caption\":\"Reda\u00e7\u00e3o\"}}]}<\/script>\n<!-- \/ Yoast SEO plugin. -->","yoast_head_json":{"title":"Dilma, isolada, v\u00ea o governo cair como um castelo de areia na praia - Notibras","robots":{"index":"index","follow":"follow","max-snippet":"max-snippet:-1","max-image-preview":"max-image-preview:large","max-video-preview":"max-video-preview:-1"},"canonical":"https:\/\/www.notibras.com\/site\/isolada-no-planalto-dilma-ve-o-governo-cair-como-um-castelo-de-areia\/","og_locale":"pt_BR","og_type":"article","og_title":"Dilma, isolada, v\u00ea o governo cair como um castelo de areia na praia - Notibras","og_description":"O governo Dilma est\u00e1 se desmoronando, tal qual um castelo feito de areia. A presidente est\u00e1 isolada no Pal\u00e1cio do Planalto. Acuada, sem condi\u00e7\u00f5es de se dirigir \u00e0 popula\u00e7\u00e3o por meio de rede de televis\u00e3o e r\u00e1dio. Se o fizer, ser\u00e1 alvo de panela\u00e7o e buzina\u00e7o. Em qualquer solenidade aberta ao p\u00fablico ela ser\u00e1 vaiada. [&hellip;]","og_url":"https:\/\/www.notibras.com\/site\/isolada-no-planalto-dilma-ve-o-governo-cair-como-um-castelo-de-areia\/","og_site_name":"Notibras","article_publisher":"https:\/\/www.facebook.com\/notibras\/","article_published_time":"2015-08-14T12:34:43+00:00","article_modified_time":"2015-08-14T18:17:39+00:00","og_image":[{"width":483,"height":303,"url":"https:\/\/www.notibras.com\/site\/wp-content\/uploads\/2015\/08\/midil.jpg","type":"image\/jpeg"}],"author":"Reda\u00e7\u00e3o","twitter_card":"summary_large_image","twitter_creator":"@Notibras","twitter_site":"@Notibras","twitter_misc":{"Escrito por":"Reda\u00e7\u00e3o","Est. tempo de leitura":"1 minuto"},"schema":{"@context":"https:\/\/schema.org","@graph":[{"@type":"Article","@id":"https:\/\/www.notibras.com\/site\/isolada-no-planalto-dilma-ve-o-governo-cair-como-um-castelo-de-areia\/#article","isPartOf":{"@id":"https:\/\/www.notibras.com\/site\/isolada-no-planalto-dilma-ve-o-governo-cair-como-um-castelo-de-areia\/"},"author":{"name":"Reda\u00e7\u00e3o","@id":"https:\/\/www.notibras.com\/site\/#\/schema\/person\/36ab0979449956132d3e5b517ea76ac8"},"headline":"Dilma, isolada, v\u00ea o governo cair como um castelo de areia na praia","datePublished":"2015-08-14T12:34:43+00:00","dateModified":"2015-08-14T18:17:39+00:00","mainEntityOfPage":{"@id":"https:\/\/www.notibras.com\/site\/isolada-no-planalto-dilma-ve-o-governo-cair-como-um-castelo-de-areia\/"},"wordCount":255,"commentCount":0,"publisher":{"@id":"https:\/\/www.notibras.com\/site\/#organization"},"image":{"@id":"https:\/\/www.notibras.com\/site\/isolada-no-planalto-dilma-ve-o-governo-cair-como-um-castelo-de-areia\/#primaryimage"},"thumbnailUrl":"https:\/\/www.notibras.com\/site\/wp-content\/uploads\/2015\/08\/midil.jpg","articleSection":["Cl\u00e1udio Coletti"],"inLanguage":"pt-BR","potentialAction":[{"@type":"CommentAction","name":"Comment","target":["https:\/\/www.notibras.com\/site\/isolada-no-planalto-dilma-ve-o-governo-cair-como-um-castelo-de-areia\/#respond"]}]},{"@type":"WebPage","@id":"https:\/\/www.notibras.com\/site\/isolada-no-planalto-dilma-ve-o-governo-cair-como-um-castelo-de-areia\/","url":"https:\/\/www.notibras.com\/site\/isolada-no-planalto-dilma-ve-o-governo-cair-como-um-castelo-de-areia\/","name":"Dilma, isolada, v\u00ea o governo cair como um castelo de areia na praia - Notibras","isPartOf":{"@id":"https:\/\/www.notibras.com\/site\/#website"},"primaryImageOfPage":{"@id":"https:\/\/www.notibras.com\/site\/isolada-no-planalto-dilma-ve-o-governo-cair-como-um-castelo-de-areia\/#primaryimage"},"image":{"@id":"https:\/\/www.notibras.com\/site\/isolada-no-planalto-dilma-ve-o-governo-cair-como-um-castelo-de-areia\/#primaryimage"},"thumbnailUrl":"https:\/\/www.notibras.com\/site\/wp-content\/uploads\/2015\/08\/midil.jpg","datePublished":"2015-08-14T12:34:43+00:00","dateModified":"2015-08-14T18:17:39+00:00","breadcrumb":{"@id":"https:\/\/www.notibras.com\/site\/isolada-no-planalto-dilma-ve-o-governo-cair-como-um-castelo-de-areia\/#breadcrumb"},"inLanguage":"pt-BR","potentialAction":[{"@type":"ReadAction","target":["https:\/\/www.notibras.com\/site\/isolada-no-planalto-dilma-ve-o-governo-cair-como-um-castelo-de-areia\/"]}]},{"@type":"ImageObject","inLanguage":"pt-BR","@id":"https:\/\/www.notibras.com\/site\/isolada-no-planalto-dilma-ve-o-governo-cair-como-um-castelo-de-areia\/#primaryimage","url":"https:\/\/www.notibras.com\/site\/wp-content\/uploads\/2015\/08\/midil.jpg","contentUrl":"https:\/\/www.notibras.com\/site\/wp-content\/uploads\/2015\/08\/midil.jpg","width":483,"height":303},{"@type":"BreadcrumbList","@id":"https:\/\/www.notibras.com\/site\/isolada-no-planalto-dilma-ve-o-governo-cair-como-um-castelo-de-areia\/#breadcrumb","itemListElement":[{"@type":"ListItem","position":1,"name":"In\u00edcio","item":"https:\/\/www.notibras.com\/site\/"},{"@type":"ListItem","position":2,"name":"Dilma, isolada, v\u00ea o governo cair como um castelo de areia na praia"}]},{"@type":"WebSite","@id":"https:\/\/www.notibras.com\/site\/#website","url":"https:\/\/www.notibras.com\/site\/","name":"Notibras","description":"Not\u00edcias de Bras\u00edlia, do Brasil e do Mundo","publisher":{"@id":"https:\/\/www.notibras.com\/site\/#organization"},"potentialAction":[{"@type":"SearchAction","target":{"@type":"EntryPoint","urlTemplate":"https:\/\/www.notibras.com\/site\/?s={search_term_string}"},"query-input":{"@type":"PropertyValueSpecification","valueRequired":true,"valueName":"search_term_string"}}],"inLanguage":"pt-BR"},{"@type":"Organization","@id":"https:\/\/www.notibras.com\/site\/#organization","name":"Grupo Notibras de Comunica\u00e7\u00e3o","url":"https:\/\/www.notibras.com\/site\/","logo":{"@type":"ImageObject","inLanguage":"pt-BR","@id":"https:\/\/www.notibras.com\/site\/#\/schema\/logo\/image\/","url":"https:\/\/www.notibras.com\/site\/wp-content\/uploads\/2023\/01\/notibras23.png","contentUrl":"https:\/\/www.notibras.com\/site\/wp-content\/uploads\/2023\/01\/notibras23.png","width":350,"height":87,"caption":"Grupo Notibras de Comunica\u00e7\u00e3o"},"image":{"@id":"https:\/\/www.notibras.com\/site\/#\/schema\/logo\/image\/"},"sameAs":["https:\/\/www.facebook.com\/notibras\/","https:\/\/x.com\/Notibras","https:\/\/www.instagram.com\/notibras\/"]},{"@type":"Person","@id":"https:\/\/www.notibras.com\/site\/#\/schema\/person\/36ab0979449956132d3e5b517ea76ac8","name":"Reda\u00e7\u00e3o","image":{"@type":"ImageObject","inLanguage":"pt-BR","@id":"https:\/\/secure.gravatar.com\/avatar\/e0a867bdedb85fd243eadf09663511f96fc81e0720a4a42581f334ad4303aa6b?s=96&d=mm&r=g","url":"https:\/\/secure.gravatar.com\/avatar\/e0a867bdedb85fd243eadf09663511f96fc81e0720a4a42581f334ad4303aa6b?s=96&d=mm&r=g","contentUrl":"https:\/\/secure.gravatar.com\/avatar\/e0a867bdedb85fd243eadf09663511f96fc81e0720a4a42581f334ad4303aa6b?s=96&d=mm&r=g","caption":"Reda\u00e7\u00e3o"}}]}},"amp_enabled":true,"_links":{"self":[{"href":"https:\/\/www.notibras.com\/site\/wp-json\/wp\/v2\/posts\/62065","targetHints":{"allow":["GET"]}}],"collection":[{"href":"https:\/\/www.notibras.com\/site\/wp-json\/wp\/v2\/posts"}],"about":[{"href":"https:\/\/www.notibras.com\/site\/wp-json\/wp\/v2\/types\/post"}],"author":[{"embeddable":true,"href":"https:\/\/www.notibras.com\/site\/wp-json\/wp\/v2\/users\/2"}],"replies":[{"embeddable":true,"href":"https:\/\/www.notibras.com\/site\/wp-json\/wp\/v2\/comments?post=62065"}],"version-history":[{"count":6,"href":"https:\/\/www.notibras.com\/site\/wp-json\/wp\/v2\/posts\/62065\/revisions"}],"predecessor-version":[{"id":62072,"href":"https:\/\/www.notibras.com\/site\/wp-json\/wp\/v2\/posts\/62065\/revisions\/62072"}],"wp:featuredmedia":[{"embeddable":true,"href":"https:\/\/www.notibras.com\/site\/wp-json\/wp\/v2\/media\/62066"}],"wp:attachment":[{"href":"https:\/\/www.notibras.com\/site\/wp-json\/wp\/v2\/media?parent=62065"}],"wp:term":[{"taxonomy":"category","embeddable":true,"href":"https:\/\/www.notibras.com\/site\/wp-json\/wp\/v2\/categories?post=62065"},{"taxonomy":"post_tag","embeddable":true,"href":"https:\/\/www.notibras.com\/site\/wp-json\/wp\/v2\/tags?post=62065"}],"curies":[{"name":"wp","href":"https:\/\/api.w.org\/{rel}","templated":true}]}}