{"id":62076,"date":"2015-08-14T09:46:46","date_gmt":"2015-08-14T12:46:46","guid":{"rendered":"http:\/\/www.notibras.com\/site\/?p=62076"},"modified":"2015-08-15T08:30:53","modified_gmt":"2015-08-15T11:30:53","slug":"premie-japones-pede-desculpas-ao-mundo-pela-segunda-guerra","status":"publish","type":"post","link":"https:\/\/www.notibras.com\/site\/premie-japones-pede-desculpas-ao-mundo-pela-segunda-guerra\/","title":{"rendered":"Premi\u00ea japon\u00eas se desculpa por atrocidades promovidas durante a II Guerra Mundial"},"content":{"rendered":"<p>O primeiro-ministro japon\u00eas, Shinzo Abe, exprimiu nesta sexta (14) \u201cprofundo pesar\u201d pelo papel do Jap\u00e3o na 2\u00aa Guerra Mundial, reiterando as desculpas de governos anteriores, mas salientando que as gera\u00e7\u00f5es do p\u00f3s-guerra n\u00e3o devem continuar a faz\u00ea-lo. Em um discurso por ocasi\u00e3o do 70\u00ba anivers\u00e1rio do fim da 2\u00aa Guerra, o primeiro-ministro lamentou a agress\u00e3o japonesa no conflito, mas destacou tamb\u00e9m o pacifismo do pa\u00eds nos \u00faltimos 70 anos.<\/p>\n<p>\u201cO Jap\u00e3o tem exprimido repetidamente sentimentos de profundo arrependimento e sentidas desculpas pelas suas a\u00e7\u00f5es durante a guerra. Temos nos dedicado consistentemente \u00e0 paz e \u00e0 prosperidade na regi\u00e3o, desde o fim da guerra\u201d, disse Shinzo Abe. \u201cAs posi\u00e7\u00f5es expressas por anteriores governos v\u00e3o se manter inabal\u00e1veis no futuro\u201d, acrescentou.<\/p>\n<p>Referindo-se \u00e0 China, o primeiro-ministro falou do \u201csofrimento insuport\u00e1vel causado pelo Ex\u00e9rcito japon\u00eas\u201d. Em outro momento do discurso, Abe ressaltou que as gera\u00e7\u00f5es futuras de japoneses n\u00e3o devem carregar o fardo de, continuamente, pedir desculpas. \u201cN\u00e3o devemos permitir que os nossos filhos, os nossos netos e as gera\u00e7\u00f5es futuras, que nada t\u00eam a ver com a guerra, estejam predestinados a pedir desculpa\u201d, afirmou.<\/p>\n<p>Shinzo Abe tamb\u00e9m falou sobre o \u201csofrimento incomensur\u00e1vel\u201d infligido pelas for\u00e7as japonesas a pessoas inocentes, como \u201cas incont\u00e1veis vidas de jovens que se perderam e as muitas mulheres que viram sua honra e sua dignidade gravemente afetadas\u201d.<\/p>\n<p>A refer\u00eancia \u00e0s mulheres pode ser interpretada como uma mensagem indireta para as escravas sexuais que o Ex\u00e9rcito imperial japon\u00eas manteve, sobretudo durante a ocupa\u00e7\u00e3o da Coreia \u2013 quest\u00e3o que tem gerado tens\u00f5es diplom\u00e1ticas entre os dois pa\u00edses.<\/p>\n<p>A China e a Coreia do Sul t\u00eam, ali\u00e1s, criticado afirma\u00e7\u00f5es de Shinzo Abe sobre o passado hist\u00f3rico do Jap\u00e3o, que consideram revisionistas, e, por ocasi\u00e3o do anivers\u00e1rio do fim da 2\u00aa Guerra, ambos pediram que Abe envie uma mensagem \u201cclara e correta\u201d sobre as responsabilidades do Jap\u00e3o no conflito.<\/p>\n","protected":false},"excerpt":{"rendered":"<p>O primeiro-ministro japon\u00eas, Shinzo Abe, exprimiu nesta sexta (14) \u201cprofundo pesar\u201d pelo papel do Jap\u00e3o na 2\u00aa Guerra Mundial, reiterando as desculpas de governos anteriores, mas salientando que as gera\u00e7\u00f5es do p\u00f3s-guerra n\u00e3o devem continuar a faz\u00ea-lo. Em um discurso por ocasi\u00e3o do 70\u00ba anivers\u00e1rio do fim da 2\u00aa Guerra, o primeiro-ministro lamentou a agress\u00e3o [&hellip;]<\/p>\n","protected":false},"author":2,"featured_media":62078,"comment_status":"open","ping_status":"closed","sticky":false,"template":"","format":"standard","meta":{"_acf_changed":false,"footnotes":""},"categories":[17],"tags":[],"class_list":["post-62076","post","type-post","status-publish","format-standard","has-post-thumbnail","hentry","category-mundo"],"acf":[],"yoast_head":"<!-- This site is optimized with the Yoast SEO plugin v27.2 - https:\/\/yoast.com\/product\/yoast-seo-wordpress\/ -->\n<title>Premi\u00ea japon\u00eas se desculpa por atrocidades promovidas durante a II Guerra Mundial - Notibras<\/title>\n<meta name=\"robots\" content=\"index, follow, max-snippet:-1, max-image-preview:large, max-video-preview:-1\" \/>\n<link rel=\"canonical\" href=\"https:\/\/www.notibras.com\/site\/premie-japones-pede-desculpas-ao-mundo-pela-segunda-guerra\/\" \/>\n<meta property=\"og:locale\" content=\"pt_BR\" \/>\n<meta property=\"og:type\" content=\"article\" \/>\n<meta property=\"og:title\" content=\"Premi\u00ea japon\u00eas se desculpa por atrocidades promovidas durante a II Guerra Mundial - Notibras\" \/>\n<meta property=\"og:description\" content=\"O primeiro-ministro japon\u00eas, Shinzo Abe, exprimiu nesta sexta (14) \u201cprofundo pesar\u201d pelo papel do Jap\u00e3o na 2\u00aa Guerra Mundial, reiterando as desculpas de governos anteriores, mas salientando que as gera\u00e7\u00f5es do p\u00f3s-guerra n\u00e3o devem continuar a faz\u00ea-lo. Em um discurso por ocasi\u00e3o do 70\u00ba anivers\u00e1rio do fim da 2\u00aa Guerra, o primeiro-ministro lamentou a agress\u00e3o [&hellip;]\" \/>\n<meta property=\"og:url\" content=\"https:\/\/www.notibras.com\/site\/premie-japones-pede-desculpas-ao-mundo-pela-segunda-guerra\/\" \/>\n<meta property=\"og:site_name\" content=\"Notibras\" \/>\n<meta property=\"article:publisher\" content=\"https:\/\/www.facebook.com\/notibras\/\" \/>\n<meta property=\"article:published_time\" content=\"2015-08-14T12:46:46+00:00\" \/>\n<meta property=\"article:modified_time\" content=\"2015-08-15T11:30:53+00:00\" \/>\n<meta property=\"og:image\" content=\"https:\/\/www.notibras.com\/site\/wp-content\/uploads\/2015\/08\/shinzo_abe_1361430196_1361430202_540x540.jpg\" \/>\n\t<meta property=\"og:image:width\" content=\"540\" \/>\n\t<meta property=\"og:image:height\" content=\"367\" \/>\n\t<meta property=\"og:image:type\" content=\"image\/jpeg\" \/>\n<meta name=\"author\" content=\"Reda\u00e7\u00e3o\" \/>\n<meta name=\"twitter:card\" content=\"summary_large_image\" \/>\n<meta name=\"twitter:creator\" content=\"@Notibras\" \/>\n<meta name=\"twitter:site\" content=\"@Notibras\" \/>\n<meta name=\"twitter:label1\" content=\"Escrito por\" \/>\n\t<meta name=\"twitter:data1\" content=\"Reda\u00e7\u00e3o\" \/>\n\t<meta name=\"twitter:label2\" content=\"Est. tempo de leitura\" \/>\n\t<meta name=\"twitter:data2\" content=\"2 minutos\" \/>\n<script type=\"application\/ld+json\" class=\"yoast-schema-graph\">{\"@context\":\"https:\/\/schema.org\",\"@graph\":[{\"@type\":\"Article\",\"@id\":\"https:\/\/www.notibras.com\/site\/premie-japones-pede-desculpas-ao-mundo-pela-segunda-guerra\/#article\",\"isPartOf\":{\"@id\":\"https:\/\/www.notibras.com\/site\/premie-japones-pede-desculpas-ao-mundo-pela-segunda-guerra\/\"},\"author\":{\"name\":\"Reda\u00e7\u00e3o\",\"@id\":\"https:\/\/www.notibras.com\/site\/#\/schema\/person\/36ab0979449956132d3e5b517ea76ac8\"},\"headline\":\"Premi\u00ea japon\u00eas se desculpa por atrocidades promovidas durante a II Guerra Mundial\",\"datePublished\":\"2015-08-14T12:46:46+00:00\",\"dateModified\":\"2015-08-15T11:30:53+00:00\",\"mainEntityOfPage\":{\"@id\":\"https:\/\/www.notibras.com\/site\/premie-japones-pede-desculpas-ao-mundo-pela-segunda-guerra\/\"},\"wordCount\":355,\"commentCount\":0,\"publisher\":{\"@id\":\"https:\/\/www.notibras.com\/site\/#organization\"},\"image\":{\"@id\":\"https:\/\/www.notibras.com\/site\/premie-japones-pede-desculpas-ao-mundo-pela-segunda-guerra\/#primaryimage\"},\"thumbnailUrl\":\"https:\/\/www.notibras.com\/site\/wp-content\/uploads\/2015\/08\/shinzo_abe_1361430196_1361430202_540x540.jpg\",\"articleSection\":[\"Mundo\"],\"inLanguage\":\"pt-BR\",\"potentialAction\":[{\"@type\":\"CommentAction\",\"name\":\"Comment\",\"target\":[\"https:\/\/www.notibras.com\/site\/premie-japones-pede-desculpas-ao-mundo-pela-segunda-guerra\/#respond\"]}]},{\"@type\":\"WebPage\",\"@id\":\"https:\/\/www.notibras.com\/site\/premie-japones-pede-desculpas-ao-mundo-pela-segunda-guerra\/\",\"url\":\"https:\/\/www.notibras.com\/site\/premie-japones-pede-desculpas-ao-mundo-pela-segunda-guerra\/\",\"name\":\"Premi\u00ea japon\u00eas se desculpa por atrocidades promovidas durante a II Guerra Mundial - Notibras\",\"isPartOf\":{\"@id\":\"https:\/\/www.notibras.com\/site\/#website\"},\"primaryImageOfPage\":{\"@id\":\"https:\/\/www.notibras.com\/site\/premie-japones-pede-desculpas-ao-mundo-pela-segunda-guerra\/#primaryimage\"},\"image\":{\"@id\":\"https:\/\/www.notibras.com\/site\/premie-japones-pede-desculpas-ao-mundo-pela-segunda-guerra\/#primaryimage\"},\"thumbnailUrl\":\"https:\/\/www.notibras.com\/site\/wp-content\/uploads\/2015\/08\/shinzo_abe_1361430196_1361430202_540x540.jpg\",\"datePublished\":\"2015-08-14T12:46:46+00:00\",\"dateModified\":\"2015-08-15T11:30:53+00:00\",\"breadcrumb\":{\"@id\":\"https:\/\/www.notibras.com\/site\/premie-japones-pede-desculpas-ao-mundo-pela-segunda-guerra\/#breadcrumb\"},\"inLanguage\":\"pt-BR\",\"potentialAction\":[{\"@type\":\"ReadAction\",\"target\":[\"https:\/\/www.notibras.com\/site\/premie-japones-pede-desculpas-ao-mundo-pela-segunda-guerra\/\"]}]},{\"@type\":\"ImageObject\",\"inLanguage\":\"pt-BR\",\"@id\":\"https:\/\/www.notibras.com\/site\/premie-japones-pede-desculpas-ao-mundo-pela-segunda-guerra\/#primaryimage\",\"url\":\"https:\/\/www.notibras.com\/site\/wp-content\/uploads\/2015\/08\/shinzo_abe_1361430196_1361430202_540x540.jpg\",\"contentUrl\":\"https:\/\/www.notibras.com\/site\/wp-content\/uploads\/2015\/08\/shinzo_abe_1361430196_1361430202_540x540.jpg\",\"width\":540,\"height\":367},{\"@type\":\"BreadcrumbList\",\"@id\":\"https:\/\/www.notibras.com\/site\/premie-japones-pede-desculpas-ao-mundo-pela-segunda-guerra\/#breadcrumb\",\"itemListElement\":[{\"@type\":\"ListItem\",\"position\":1,\"name\":\"In\u00edcio\",\"item\":\"https:\/\/www.notibras.com\/site\/\"},{\"@type\":\"ListItem\",\"position\":2,\"name\":\"Premi\u00ea japon\u00eas se desculpa por atrocidades promovidas durante a II Guerra Mundial\"}]},{\"@type\":\"WebSite\",\"@id\":\"https:\/\/www.notibras.com\/site\/#website\",\"url\":\"https:\/\/www.notibras.com\/site\/\",\"name\":\"Notibras\",\"description\":\"Not\u00edcias de Bras\u00edlia, do Brasil e do Mundo\",\"publisher\":{\"@id\":\"https:\/\/www.notibras.com\/site\/#organization\"},\"potentialAction\":[{\"@type\":\"SearchAction\",\"target\":{\"@type\":\"EntryPoint\",\"urlTemplate\":\"https:\/\/www.notibras.com\/site\/?s={search_term_string}\"},\"query-input\":{\"@type\":\"PropertyValueSpecification\",\"valueRequired\":true,\"valueName\":\"search_term_string\"}}],\"inLanguage\":\"pt-BR\"},{\"@type\":\"Organization\",\"@id\":\"https:\/\/www.notibras.com\/site\/#organization\",\"name\":\"Grupo Notibras de Comunica\u00e7\u00e3o\",\"url\":\"https:\/\/www.notibras.com\/site\/\",\"logo\":{\"@type\":\"ImageObject\",\"inLanguage\":\"pt-BR\",\"@id\":\"https:\/\/www.notibras.com\/site\/#\/schema\/logo\/image\/\",\"url\":\"https:\/\/www.notibras.com\/site\/wp-content\/uploads\/2023\/01\/notibras23.png\",\"contentUrl\":\"https:\/\/www.notibras.com\/site\/wp-content\/uploads\/2023\/01\/notibras23.png\",\"width\":350,\"height\":87,\"caption\":\"Grupo Notibras de Comunica\u00e7\u00e3o\"},\"image\":{\"@id\":\"https:\/\/www.notibras.com\/site\/#\/schema\/logo\/image\/\"},\"sameAs\":[\"https:\/\/www.facebook.com\/notibras\/\",\"https:\/\/x.com\/Notibras\",\"https:\/\/www.instagram.com\/notibras\/\"]},{\"@type\":\"Person\",\"@id\":\"https:\/\/www.notibras.com\/site\/#\/schema\/person\/36ab0979449956132d3e5b517ea76ac8\",\"name\":\"Reda\u00e7\u00e3o\",\"image\":{\"@type\":\"ImageObject\",\"inLanguage\":\"pt-BR\",\"@id\":\"https:\/\/secure.gravatar.com\/avatar\/e0a867bdedb85fd243eadf09663511f96fc81e0720a4a42581f334ad4303aa6b?s=96&d=mm&r=g\",\"url\":\"https:\/\/secure.gravatar.com\/avatar\/e0a867bdedb85fd243eadf09663511f96fc81e0720a4a42581f334ad4303aa6b?s=96&d=mm&r=g\",\"contentUrl\":\"https:\/\/secure.gravatar.com\/avatar\/e0a867bdedb85fd243eadf09663511f96fc81e0720a4a42581f334ad4303aa6b?s=96&d=mm&r=g\",\"caption\":\"Reda\u00e7\u00e3o\"}}]}<\/script>\n<!-- \/ Yoast SEO plugin. -->","yoast_head_json":{"title":"Premi\u00ea japon\u00eas se desculpa por atrocidades promovidas durante a II Guerra Mundial - Notibras","robots":{"index":"index","follow":"follow","max-snippet":"max-snippet:-1","max-image-preview":"max-image-preview:large","max-video-preview":"max-video-preview:-1"},"canonical":"https:\/\/www.notibras.com\/site\/premie-japones-pede-desculpas-ao-mundo-pela-segunda-guerra\/","og_locale":"pt_BR","og_type":"article","og_title":"Premi\u00ea japon\u00eas se desculpa por atrocidades promovidas durante a II Guerra Mundial - Notibras","og_description":"O primeiro-ministro japon\u00eas, Shinzo Abe, exprimiu nesta sexta (14) \u201cprofundo pesar\u201d pelo papel do Jap\u00e3o na 2\u00aa Guerra Mundial, reiterando as desculpas de governos anteriores, mas salientando que as gera\u00e7\u00f5es do p\u00f3s-guerra n\u00e3o devem continuar a faz\u00ea-lo. Em um discurso por ocasi\u00e3o do 70\u00ba anivers\u00e1rio do fim da 2\u00aa Guerra, o primeiro-ministro lamentou a agress\u00e3o [&hellip;]","og_url":"https:\/\/www.notibras.com\/site\/premie-japones-pede-desculpas-ao-mundo-pela-segunda-guerra\/","og_site_name":"Notibras","article_publisher":"https:\/\/www.facebook.com\/notibras\/","article_published_time":"2015-08-14T12:46:46+00:00","article_modified_time":"2015-08-15T11:30:53+00:00","og_image":[{"width":540,"height":367,"url":"https:\/\/www.notibras.com\/site\/wp-content\/uploads\/2015\/08\/shinzo_abe_1361430196_1361430202_540x540.jpg","type":"image\/jpeg"}],"author":"Reda\u00e7\u00e3o","twitter_card":"summary_large_image","twitter_creator":"@Notibras","twitter_site":"@Notibras","twitter_misc":{"Escrito por":"Reda\u00e7\u00e3o","Est. tempo de leitura":"2 minutos"},"schema":{"@context":"https:\/\/schema.org","@graph":[{"@type":"Article","@id":"https:\/\/www.notibras.com\/site\/premie-japones-pede-desculpas-ao-mundo-pela-segunda-guerra\/#article","isPartOf":{"@id":"https:\/\/www.notibras.com\/site\/premie-japones-pede-desculpas-ao-mundo-pela-segunda-guerra\/"},"author":{"name":"Reda\u00e7\u00e3o","@id":"https:\/\/www.notibras.com\/site\/#\/schema\/person\/36ab0979449956132d3e5b517ea76ac8"},"headline":"Premi\u00ea japon\u00eas se desculpa por atrocidades promovidas durante a II Guerra Mundial","datePublished":"2015-08-14T12:46:46+00:00","dateModified":"2015-08-15T11:30:53+00:00","mainEntityOfPage":{"@id":"https:\/\/www.notibras.com\/site\/premie-japones-pede-desculpas-ao-mundo-pela-segunda-guerra\/"},"wordCount":355,"commentCount":0,"publisher":{"@id":"https:\/\/www.notibras.com\/site\/#organization"},"image":{"@id":"https:\/\/www.notibras.com\/site\/premie-japones-pede-desculpas-ao-mundo-pela-segunda-guerra\/#primaryimage"},"thumbnailUrl":"https:\/\/www.notibras.com\/site\/wp-content\/uploads\/2015\/08\/shinzo_abe_1361430196_1361430202_540x540.jpg","articleSection":["Mundo"],"inLanguage":"pt-BR","potentialAction":[{"@type":"CommentAction","name":"Comment","target":["https:\/\/www.notibras.com\/site\/premie-japones-pede-desculpas-ao-mundo-pela-segunda-guerra\/#respond"]}]},{"@type":"WebPage","@id":"https:\/\/www.notibras.com\/site\/premie-japones-pede-desculpas-ao-mundo-pela-segunda-guerra\/","url":"https:\/\/www.notibras.com\/site\/premie-japones-pede-desculpas-ao-mundo-pela-segunda-guerra\/","name":"Premi\u00ea japon\u00eas se desculpa por atrocidades promovidas durante a II Guerra Mundial - Notibras","isPartOf":{"@id":"https:\/\/www.notibras.com\/site\/#website"},"primaryImageOfPage":{"@id":"https:\/\/www.notibras.com\/site\/premie-japones-pede-desculpas-ao-mundo-pela-segunda-guerra\/#primaryimage"},"image":{"@id":"https:\/\/www.notibras.com\/site\/premie-japones-pede-desculpas-ao-mundo-pela-segunda-guerra\/#primaryimage"},"thumbnailUrl":"https:\/\/www.notibras.com\/site\/wp-content\/uploads\/2015\/08\/shinzo_abe_1361430196_1361430202_540x540.jpg","datePublished":"2015-08-14T12:46:46+00:00","dateModified":"2015-08-15T11:30:53+00:00","breadcrumb":{"@id":"https:\/\/www.notibras.com\/site\/premie-japones-pede-desculpas-ao-mundo-pela-segunda-guerra\/#breadcrumb"},"inLanguage":"pt-BR","potentialAction":[{"@type":"ReadAction","target":["https:\/\/www.notibras.com\/site\/premie-japones-pede-desculpas-ao-mundo-pela-segunda-guerra\/"]}]},{"@type":"ImageObject","inLanguage":"pt-BR","@id":"https:\/\/www.notibras.com\/site\/premie-japones-pede-desculpas-ao-mundo-pela-segunda-guerra\/#primaryimage","url":"https:\/\/www.notibras.com\/site\/wp-content\/uploads\/2015\/08\/shinzo_abe_1361430196_1361430202_540x540.jpg","contentUrl":"https:\/\/www.notibras.com\/site\/wp-content\/uploads\/2015\/08\/shinzo_abe_1361430196_1361430202_540x540.jpg","width":540,"height":367},{"@type":"BreadcrumbList","@id":"https:\/\/www.notibras.com\/site\/premie-japones-pede-desculpas-ao-mundo-pela-segunda-guerra\/#breadcrumb","itemListElement":[{"@type":"ListItem","position":1,"name":"In\u00edcio","item":"https:\/\/www.notibras.com\/site\/"},{"@type":"ListItem","position":2,"name":"Premi\u00ea japon\u00eas se desculpa por atrocidades promovidas durante a II Guerra Mundial"}]},{"@type":"WebSite","@id":"https:\/\/www.notibras.com\/site\/#website","url":"https:\/\/www.notibras.com\/site\/","name":"Notibras","description":"Not\u00edcias de Bras\u00edlia, do Brasil e do Mundo","publisher":{"@id":"https:\/\/www.notibras.com\/site\/#organization"},"potentialAction":[{"@type":"SearchAction","target":{"@type":"EntryPoint","urlTemplate":"https:\/\/www.notibras.com\/site\/?s={search_term_string}"},"query-input":{"@type":"PropertyValueSpecification","valueRequired":true,"valueName":"search_term_string"}}],"inLanguage":"pt-BR"},{"@type":"Organization","@id":"https:\/\/www.notibras.com\/site\/#organization","name":"Grupo Notibras de Comunica\u00e7\u00e3o","url":"https:\/\/www.notibras.com\/site\/","logo":{"@type":"ImageObject","inLanguage":"pt-BR","@id":"https:\/\/www.notibras.com\/site\/#\/schema\/logo\/image\/","url":"https:\/\/www.notibras.com\/site\/wp-content\/uploads\/2023\/01\/notibras23.png","contentUrl":"https:\/\/www.notibras.com\/site\/wp-content\/uploads\/2023\/01\/notibras23.png","width":350,"height":87,"caption":"Grupo Notibras de Comunica\u00e7\u00e3o"},"image":{"@id":"https:\/\/www.notibras.com\/site\/#\/schema\/logo\/image\/"},"sameAs":["https:\/\/www.facebook.com\/notibras\/","https:\/\/x.com\/Notibras","https:\/\/www.instagram.com\/notibras\/"]},{"@type":"Person","@id":"https:\/\/www.notibras.com\/site\/#\/schema\/person\/36ab0979449956132d3e5b517ea76ac8","name":"Reda\u00e7\u00e3o","image":{"@type":"ImageObject","inLanguage":"pt-BR","@id":"https:\/\/secure.gravatar.com\/avatar\/e0a867bdedb85fd243eadf09663511f96fc81e0720a4a42581f334ad4303aa6b?s=96&d=mm&r=g","url":"https:\/\/secure.gravatar.com\/avatar\/e0a867bdedb85fd243eadf09663511f96fc81e0720a4a42581f334ad4303aa6b?s=96&d=mm&r=g","contentUrl":"https:\/\/secure.gravatar.com\/avatar\/e0a867bdedb85fd243eadf09663511f96fc81e0720a4a42581f334ad4303aa6b?s=96&d=mm&r=g","caption":"Reda\u00e7\u00e3o"}}]}},"amp_enabled":true,"_links":{"self":[{"href":"https:\/\/www.notibras.com\/site\/wp-json\/wp\/v2\/posts\/62076","targetHints":{"allow":["GET"]}}],"collection":[{"href":"https:\/\/www.notibras.com\/site\/wp-json\/wp\/v2\/posts"}],"about":[{"href":"https:\/\/www.notibras.com\/site\/wp-json\/wp\/v2\/types\/post"}],"author":[{"embeddable":true,"href":"https:\/\/www.notibras.com\/site\/wp-json\/wp\/v2\/users\/2"}],"replies":[{"embeddable":true,"href":"https:\/\/www.notibras.com\/site\/wp-json\/wp\/v2\/comments?post=62076"}],"version-history":[{"count":10,"href":"https:\/\/www.notibras.com\/site\/wp-json\/wp\/v2\/posts\/62076\/revisions"}],"predecessor-version":[{"id":62266,"href":"https:\/\/www.notibras.com\/site\/wp-json\/wp\/v2\/posts\/62076\/revisions\/62266"}],"wp:featuredmedia":[{"embeddable":true,"href":"https:\/\/www.notibras.com\/site\/wp-json\/wp\/v2\/media\/62078"}],"wp:attachment":[{"href":"https:\/\/www.notibras.com\/site\/wp-json\/wp\/v2\/media?parent=62076"}],"wp:term":[{"taxonomy":"category","embeddable":true,"href":"https:\/\/www.notibras.com\/site\/wp-json\/wp\/v2\/categories?post=62076"},{"taxonomy":"post_tag","embeddable":true,"href":"https:\/\/www.notibras.com\/site\/wp-json\/wp\/v2\/tags?post=62076"}],"curies":[{"name":"wp","href":"https:\/\/api.w.org\/{rel}","templated":true}]}}