{"id":6212,"date":"2014-04-07T12:10:40","date_gmt":"2014-04-07T15:10:40","guid":{"rendered":"http:\/\/www.notibras.com\/site\/?p=6212"},"modified":"2014-04-07T17:44:16","modified_gmt":"2014-04-07T20:44:16","slug":"mercado-financeiro-preve-inflacao-mais-alta-e-baixo-crescimento-economico","status":"publish","type":"post","link":"https:\/\/www.notibras.com\/site\/mercado-financeiro-preve-inflacao-mais-alta-e-baixo-crescimento-economico\/","title":{"rendered":"Mercado financeiro prev\u00ea infla\u00e7\u00e3o alta e economia baixa"},"content":{"rendered":"<p>A proje\u00e7\u00e3o de institui\u00e7\u00f5es financeiras para a infla\u00e7\u00e3o subiu pela quinta semana seguida, mostra a pesquisa semanal, feita pelo Banco Central (BC), sobre os principais indicadores econ\u00f4micos. A estimativa para o \u00cdndice Nacional de Pre\u00e7os ao Consumidor Amplo (IPCA), desta vez, passou de 6,30% para 6,35% este ano. Para 2015, a proje\u00e7\u00e3o subiu de 5,80% para 5,84%.<\/p>\n<p>As estimativas para 2014 e o pr\u00f3ximo ano est\u00e3o acima do centro da meta de infla\u00e7\u00e3o, que deve ser perseguida pelo BC. A meta, definida pelo Conselho Monet\u00e1rio Nacional, \u00e9 4,5%, com margem de dois pontos percentuais para mais ou para menos.<\/p>\n<p>Quando considera que a infla\u00e7\u00e3o est\u00e1 em alta, o Comit\u00ea de Pol\u00edtica Monet\u00e1ria (Copom) do BC eleva a taxa b\u00e1sica de juros, como fez na semana passada, <a href=\"http:\/\/agenciabrasil.ebc.com.br\/economia\/noticia\/2014-04\/copom-eleva-selic-para-11-ao-ano-maior-n%C3%ADvel-desde-janeiro-de-2011\">ao ajustar a Selic em 0,25 ponto percentual<\/a>, para 11% ao ano. A expectativa das institui\u00e7\u00f5es financeiras \u00e9 que ao fim de 2014, a Selic estar\u00e1 em 11,25% ao ano, ou seja, deve haver mais uma alta. Para o fim de 2015, a expectativa \u00e9 12% ao ano.<\/p>\n<p>Essa taxa \u00e9 usada nas negocia\u00e7\u00f5es de t\u00edtulos p\u00fablicos no Sistema Especial de Liquida\u00e7\u00e3o e Cust\u00f3dia (Selic) e serve de refer\u00eancia para as demais taxas de juros da economia. Quando o Copom aumenta a Selic, o objetivo \u00e9 conter a demanda aquecida, e isso gera reflexos nos pre\u00e7os, porque os juros mais altos encarecem o cr\u00e9dito e estimulam a poupan\u00e7a. Quando o Copom reduz os juros b\u00e1sicos, a tend\u00eancia \u00e9 que o cr\u00e9dito fique mais barato, com incentivo \u00e0 produ\u00e7\u00e3o e ao consumo, mas a medida alivia o controle sobre a infla\u00e7\u00e3o. O BC tem que encontrar equil\u00edbrio ao tomar decis\u00f5es sobre a taxa b\u00e1sica de juros, de modo a fazer com que a infla\u00e7\u00e3o fique dentro da meta.<\/p>\n<p>Na pesquisa do BC tamb\u00e9m est\u00e1 a estimativa para o\u00a0 \u00cdndice de Pre\u00e7os ao Consumidor da Funda\u00e7\u00e3o Instituto de Pesquisas Econ\u00f4micas (IPC-Fipe), que passou de 5,95% para 6,19%, este ano, e foi mantida em 5% em 2015. Para o IGP-M, a estimativa foi ajustada de 7,18% para 7,17%, este ano, e segue em 5,5%, em 2015.<\/p>\n<p>A proje\u00e7\u00e3o para a expans\u00e3o do Produto Interno Bruto, a soma de todos os bens e servi\u00e7os produzidos no pa\u00eds, caiu pela segunda semana seguida, ao passar de 1,69% para 1,63%, para este ano. Para 2015, segue em 2%.<\/p>\n<p>A estimativa para a taxa de c\u00e2mbio, ao fim do ano, passou de R$ 2,46 para R$ 2,45. Para o fim de 2015, a proje\u00e7\u00e3o permanece em R$ 2,55.<\/p>\n<div><strong>Kelly Oliveira, ABr<\/strong><strong><\/strong><\/div>\n","protected":false},"excerpt":{"rendered":"<p>A proje\u00e7\u00e3o de institui\u00e7\u00f5es financeiras para a infla\u00e7\u00e3o subiu pela quinta semana seguida, mostra a pesquisa semanal, feita pelo Banco Central (BC), sobre os principais indicadores econ\u00f4micos. A estimativa para o \u00cdndice Nacional de Pre\u00e7os ao Consumidor Amplo (IPCA), desta vez, passou de 6,30% para 6,35% este ano. Para 2015, a proje\u00e7\u00e3o subiu de 5,80% [&hellip;]<\/p>\n","protected":false},"author":2,"featured_media":6213,"comment_status":"open","ping_status":"closed","sticky":false,"template":"","format":"standard","meta":{"_acf_changed":false,"footnotes":""},"categories":[16],"tags":[],"class_list":["post-6212","post","type-post","status-publish","format-standard","has-post-thumbnail","hentry","category-brasil"],"acf":[],"yoast_head":"<!-- This site is optimized with the Yoast SEO plugin v27.2 - https:\/\/yoast.com\/product\/yoast-seo-wordpress\/ -->\n<title>Mercado financeiro prev\u00ea infla\u00e7\u00e3o alta e economia baixa - Notibras<\/title>\n<meta name=\"robots\" content=\"index, follow, max-snippet:-1, max-image-preview:large, max-video-preview:-1\" \/>\n<link rel=\"canonical\" href=\"https:\/\/www.notibras.com\/site\/mercado-financeiro-preve-inflacao-mais-alta-e-baixo-crescimento-economico\/\" \/>\n<meta property=\"og:locale\" content=\"pt_BR\" \/>\n<meta property=\"og:type\" content=\"article\" \/>\n<meta property=\"og:title\" content=\"Mercado financeiro prev\u00ea infla\u00e7\u00e3o alta e economia baixa - Notibras\" \/>\n<meta property=\"og:description\" content=\"A proje\u00e7\u00e3o de institui\u00e7\u00f5es financeiras para a infla\u00e7\u00e3o subiu pela quinta semana seguida, mostra a pesquisa semanal, feita pelo Banco Central (BC), sobre os principais indicadores econ\u00f4micos. A estimativa para o \u00cdndice Nacional de Pre\u00e7os ao Consumidor Amplo (IPCA), desta vez, passou de 6,30% para 6,35% este ano. Para 2015, a proje\u00e7\u00e3o subiu de 5,80% [&hellip;]\" \/>\n<meta property=\"og:url\" content=\"https:\/\/www.notibras.com\/site\/mercado-financeiro-preve-inflacao-mais-alta-e-baixo-crescimento-economico\/\" \/>\n<meta property=\"og:site_name\" content=\"Notibras\" \/>\n<meta property=\"article:publisher\" content=\"https:\/\/www.facebook.com\/notibras\/\" \/>\n<meta property=\"article:published_time\" content=\"2014-04-07T15:10:40+00:00\" \/>\n<meta property=\"article:modified_time\" content=\"2014-04-07T20:44:16+00:00\" \/>\n<meta property=\"og:image\" content=\"https:\/\/www.notibras.com\/site\/wp-content\/uploads\/2014\/04\/Elevadas-Taxas-de-Infla\u00e7\u00e3o-e-os-Efeitos-na-Economia3.jpg\" \/>\n\t<meta property=\"og:image:width\" content=\"400\" \/>\n\t<meta property=\"og:image:height\" content=\"343\" \/>\n\t<meta property=\"og:image:type\" content=\"image\/jpeg\" \/>\n<meta name=\"author\" content=\"Reda\u00e7\u00e3o\" \/>\n<meta name=\"twitter:card\" content=\"summary_large_image\" \/>\n<meta name=\"twitter:creator\" content=\"@Notibras\" \/>\n<meta name=\"twitter:site\" content=\"@Notibras\" \/>\n<meta name=\"twitter:label1\" content=\"Escrito por\" \/>\n\t<meta name=\"twitter:data1\" content=\"Reda\u00e7\u00e3o\" \/>\n\t<meta name=\"twitter:label2\" content=\"Est. tempo de leitura\" \/>\n\t<meta name=\"twitter:data2\" content=\"2 minutos\" \/>\n<script type=\"application\/ld+json\" class=\"yoast-schema-graph\">{\"@context\":\"https:\/\/schema.org\",\"@graph\":[{\"@type\":\"Article\",\"@id\":\"https:\/\/www.notibras.com\/site\/mercado-financeiro-preve-inflacao-mais-alta-e-baixo-crescimento-economico\/#article\",\"isPartOf\":{\"@id\":\"https:\/\/www.notibras.com\/site\/mercado-financeiro-preve-inflacao-mais-alta-e-baixo-crescimento-economico\/\"},\"author\":{\"name\":\"Reda\u00e7\u00e3o\",\"@id\":\"https:\/\/www.notibras.com\/site\/#\/schema\/person\/36ab0979449956132d3e5b517ea76ac8\"},\"headline\":\"Mercado financeiro prev\u00ea infla\u00e7\u00e3o alta e economia baixa\",\"datePublished\":\"2014-04-07T15:10:40+00:00\",\"dateModified\":\"2014-04-07T20:44:16+00:00\",\"mainEntityOfPage\":{\"@id\":\"https:\/\/www.notibras.com\/site\/mercado-financeiro-preve-inflacao-mais-alta-e-baixo-crescimento-economico\/\"},\"wordCount\":436,\"commentCount\":0,\"publisher\":{\"@id\":\"https:\/\/www.notibras.com\/site\/#organization\"},\"image\":{\"@id\":\"https:\/\/www.notibras.com\/site\/mercado-financeiro-preve-inflacao-mais-alta-e-baixo-crescimento-economico\/#primaryimage\"},\"thumbnailUrl\":\"https:\/\/www.notibras.com\/site\/wp-content\/uploads\/2014\/04\/Elevadas-Taxas-de-Infla\u00e7\u00e3o-e-os-Efeitos-na-Economia3.jpg\",\"articleSection\":[\"Brasil\"],\"inLanguage\":\"pt-BR\",\"potentialAction\":[{\"@type\":\"CommentAction\",\"name\":\"Comment\",\"target\":[\"https:\/\/www.notibras.com\/site\/mercado-financeiro-preve-inflacao-mais-alta-e-baixo-crescimento-economico\/#respond\"]}]},{\"@type\":\"WebPage\",\"@id\":\"https:\/\/www.notibras.com\/site\/mercado-financeiro-preve-inflacao-mais-alta-e-baixo-crescimento-economico\/\",\"url\":\"https:\/\/www.notibras.com\/site\/mercado-financeiro-preve-inflacao-mais-alta-e-baixo-crescimento-economico\/\",\"name\":\"Mercado financeiro prev\u00ea infla\u00e7\u00e3o alta e economia baixa - Notibras\",\"isPartOf\":{\"@id\":\"https:\/\/www.notibras.com\/site\/#website\"},\"primaryImageOfPage\":{\"@id\":\"https:\/\/www.notibras.com\/site\/mercado-financeiro-preve-inflacao-mais-alta-e-baixo-crescimento-economico\/#primaryimage\"},\"image\":{\"@id\":\"https:\/\/www.notibras.com\/site\/mercado-financeiro-preve-inflacao-mais-alta-e-baixo-crescimento-economico\/#primaryimage\"},\"thumbnailUrl\":\"https:\/\/www.notibras.com\/site\/wp-content\/uploads\/2014\/04\/Elevadas-Taxas-de-Infla\u00e7\u00e3o-e-os-Efeitos-na-Economia3.jpg\",\"datePublished\":\"2014-04-07T15:10:40+00:00\",\"dateModified\":\"2014-04-07T20:44:16+00:00\",\"breadcrumb\":{\"@id\":\"https:\/\/www.notibras.com\/site\/mercado-financeiro-preve-inflacao-mais-alta-e-baixo-crescimento-economico\/#breadcrumb\"},\"inLanguage\":\"pt-BR\",\"potentialAction\":[{\"@type\":\"ReadAction\",\"target\":[\"https:\/\/www.notibras.com\/site\/mercado-financeiro-preve-inflacao-mais-alta-e-baixo-crescimento-economico\/\"]}]},{\"@type\":\"ImageObject\",\"inLanguage\":\"pt-BR\",\"@id\":\"https:\/\/www.notibras.com\/site\/mercado-financeiro-preve-inflacao-mais-alta-e-baixo-crescimento-economico\/#primaryimage\",\"url\":\"https:\/\/www.notibras.com\/site\/wp-content\/uploads\/2014\/04\/Elevadas-Taxas-de-Infla\u00e7\u00e3o-e-os-Efeitos-na-Economia3.jpg\",\"contentUrl\":\"https:\/\/www.notibras.com\/site\/wp-content\/uploads\/2014\/04\/Elevadas-Taxas-de-Infla\u00e7\u00e3o-e-os-Efeitos-na-Economia3.jpg\",\"width\":400,\"height\":343},{\"@type\":\"BreadcrumbList\",\"@id\":\"https:\/\/www.notibras.com\/site\/mercado-financeiro-preve-inflacao-mais-alta-e-baixo-crescimento-economico\/#breadcrumb\",\"itemListElement\":[{\"@type\":\"ListItem\",\"position\":1,\"name\":\"In\u00edcio\",\"item\":\"https:\/\/www.notibras.com\/site\/\"},{\"@type\":\"ListItem\",\"position\":2,\"name\":\"Mercado financeiro prev\u00ea infla\u00e7\u00e3o alta e economia baixa\"}]},{\"@type\":\"WebSite\",\"@id\":\"https:\/\/www.notibras.com\/site\/#website\",\"url\":\"https:\/\/www.notibras.com\/site\/\",\"name\":\"Notibras\",\"description\":\"Not\u00edcias de Bras\u00edlia, do Brasil e do Mundo\",\"publisher\":{\"@id\":\"https:\/\/www.notibras.com\/site\/#organization\"},\"potentialAction\":[{\"@type\":\"SearchAction\",\"target\":{\"@type\":\"EntryPoint\",\"urlTemplate\":\"https:\/\/www.notibras.com\/site\/?s={search_term_string}\"},\"query-input\":{\"@type\":\"PropertyValueSpecification\",\"valueRequired\":true,\"valueName\":\"search_term_string\"}}],\"inLanguage\":\"pt-BR\"},{\"@type\":\"Organization\",\"@id\":\"https:\/\/www.notibras.com\/site\/#organization\",\"name\":\"Grupo Notibras de Comunica\u00e7\u00e3o\",\"url\":\"https:\/\/www.notibras.com\/site\/\",\"logo\":{\"@type\":\"ImageObject\",\"inLanguage\":\"pt-BR\",\"@id\":\"https:\/\/www.notibras.com\/site\/#\/schema\/logo\/image\/\",\"url\":\"https:\/\/www.notibras.com\/site\/wp-content\/uploads\/2023\/01\/notibras23.png\",\"contentUrl\":\"https:\/\/www.notibras.com\/site\/wp-content\/uploads\/2023\/01\/notibras23.png\",\"width\":350,\"height\":87,\"caption\":\"Grupo Notibras de Comunica\u00e7\u00e3o\"},\"image\":{\"@id\":\"https:\/\/www.notibras.com\/site\/#\/schema\/logo\/image\/\"},\"sameAs\":[\"https:\/\/www.facebook.com\/notibras\/\",\"https:\/\/x.com\/Notibras\",\"https:\/\/www.instagram.com\/notibras\/\"]},{\"@type\":\"Person\",\"@id\":\"https:\/\/www.notibras.com\/site\/#\/schema\/person\/36ab0979449956132d3e5b517ea76ac8\",\"name\":\"Reda\u00e7\u00e3o\",\"image\":{\"@type\":\"ImageObject\",\"inLanguage\":\"pt-BR\",\"@id\":\"https:\/\/secure.gravatar.com\/avatar\/e0a867bdedb85fd243eadf09663511f96fc81e0720a4a42581f334ad4303aa6b?s=96&d=mm&r=g\",\"url\":\"https:\/\/secure.gravatar.com\/avatar\/e0a867bdedb85fd243eadf09663511f96fc81e0720a4a42581f334ad4303aa6b?s=96&d=mm&r=g\",\"contentUrl\":\"https:\/\/secure.gravatar.com\/avatar\/e0a867bdedb85fd243eadf09663511f96fc81e0720a4a42581f334ad4303aa6b?s=96&d=mm&r=g\",\"caption\":\"Reda\u00e7\u00e3o\"}}]}<\/script>\n<!-- \/ Yoast SEO plugin. -->","yoast_head_json":{"title":"Mercado financeiro prev\u00ea infla\u00e7\u00e3o alta e economia baixa - Notibras","robots":{"index":"index","follow":"follow","max-snippet":"max-snippet:-1","max-image-preview":"max-image-preview:large","max-video-preview":"max-video-preview:-1"},"canonical":"https:\/\/www.notibras.com\/site\/mercado-financeiro-preve-inflacao-mais-alta-e-baixo-crescimento-economico\/","og_locale":"pt_BR","og_type":"article","og_title":"Mercado financeiro prev\u00ea infla\u00e7\u00e3o alta e economia baixa - Notibras","og_description":"A proje\u00e7\u00e3o de institui\u00e7\u00f5es financeiras para a infla\u00e7\u00e3o subiu pela quinta semana seguida, mostra a pesquisa semanal, feita pelo Banco Central (BC), sobre os principais indicadores econ\u00f4micos. A estimativa para o \u00cdndice Nacional de Pre\u00e7os ao Consumidor Amplo (IPCA), desta vez, passou de 6,30% para 6,35% este ano. Para 2015, a proje\u00e7\u00e3o subiu de 5,80% [&hellip;]","og_url":"https:\/\/www.notibras.com\/site\/mercado-financeiro-preve-inflacao-mais-alta-e-baixo-crescimento-economico\/","og_site_name":"Notibras","article_publisher":"https:\/\/www.facebook.com\/notibras\/","article_published_time":"2014-04-07T15:10:40+00:00","article_modified_time":"2014-04-07T20:44:16+00:00","og_image":[{"width":400,"height":343,"url":"https:\/\/www.notibras.com\/site\/wp-content\/uploads\/2014\/04\/Elevadas-Taxas-de-Infla\u00e7\u00e3o-e-os-Efeitos-na-Economia3.jpg","type":"image\/jpeg"}],"author":"Reda\u00e7\u00e3o","twitter_card":"summary_large_image","twitter_creator":"@Notibras","twitter_site":"@Notibras","twitter_misc":{"Escrito por":"Reda\u00e7\u00e3o","Est. tempo de leitura":"2 minutos"},"schema":{"@context":"https:\/\/schema.org","@graph":[{"@type":"Article","@id":"https:\/\/www.notibras.com\/site\/mercado-financeiro-preve-inflacao-mais-alta-e-baixo-crescimento-economico\/#article","isPartOf":{"@id":"https:\/\/www.notibras.com\/site\/mercado-financeiro-preve-inflacao-mais-alta-e-baixo-crescimento-economico\/"},"author":{"name":"Reda\u00e7\u00e3o","@id":"https:\/\/www.notibras.com\/site\/#\/schema\/person\/36ab0979449956132d3e5b517ea76ac8"},"headline":"Mercado financeiro prev\u00ea infla\u00e7\u00e3o alta e economia baixa","datePublished":"2014-04-07T15:10:40+00:00","dateModified":"2014-04-07T20:44:16+00:00","mainEntityOfPage":{"@id":"https:\/\/www.notibras.com\/site\/mercado-financeiro-preve-inflacao-mais-alta-e-baixo-crescimento-economico\/"},"wordCount":436,"commentCount":0,"publisher":{"@id":"https:\/\/www.notibras.com\/site\/#organization"},"image":{"@id":"https:\/\/www.notibras.com\/site\/mercado-financeiro-preve-inflacao-mais-alta-e-baixo-crescimento-economico\/#primaryimage"},"thumbnailUrl":"https:\/\/www.notibras.com\/site\/wp-content\/uploads\/2014\/04\/Elevadas-Taxas-de-Infla\u00e7\u00e3o-e-os-Efeitos-na-Economia3.jpg","articleSection":["Brasil"],"inLanguage":"pt-BR","potentialAction":[{"@type":"CommentAction","name":"Comment","target":["https:\/\/www.notibras.com\/site\/mercado-financeiro-preve-inflacao-mais-alta-e-baixo-crescimento-economico\/#respond"]}]},{"@type":"WebPage","@id":"https:\/\/www.notibras.com\/site\/mercado-financeiro-preve-inflacao-mais-alta-e-baixo-crescimento-economico\/","url":"https:\/\/www.notibras.com\/site\/mercado-financeiro-preve-inflacao-mais-alta-e-baixo-crescimento-economico\/","name":"Mercado financeiro prev\u00ea infla\u00e7\u00e3o alta e economia baixa - Notibras","isPartOf":{"@id":"https:\/\/www.notibras.com\/site\/#website"},"primaryImageOfPage":{"@id":"https:\/\/www.notibras.com\/site\/mercado-financeiro-preve-inflacao-mais-alta-e-baixo-crescimento-economico\/#primaryimage"},"image":{"@id":"https:\/\/www.notibras.com\/site\/mercado-financeiro-preve-inflacao-mais-alta-e-baixo-crescimento-economico\/#primaryimage"},"thumbnailUrl":"https:\/\/www.notibras.com\/site\/wp-content\/uploads\/2014\/04\/Elevadas-Taxas-de-Infla\u00e7\u00e3o-e-os-Efeitos-na-Economia3.jpg","datePublished":"2014-04-07T15:10:40+00:00","dateModified":"2014-04-07T20:44:16+00:00","breadcrumb":{"@id":"https:\/\/www.notibras.com\/site\/mercado-financeiro-preve-inflacao-mais-alta-e-baixo-crescimento-economico\/#breadcrumb"},"inLanguage":"pt-BR","potentialAction":[{"@type":"ReadAction","target":["https:\/\/www.notibras.com\/site\/mercado-financeiro-preve-inflacao-mais-alta-e-baixo-crescimento-economico\/"]}]},{"@type":"ImageObject","inLanguage":"pt-BR","@id":"https:\/\/www.notibras.com\/site\/mercado-financeiro-preve-inflacao-mais-alta-e-baixo-crescimento-economico\/#primaryimage","url":"https:\/\/www.notibras.com\/site\/wp-content\/uploads\/2014\/04\/Elevadas-Taxas-de-Infla\u00e7\u00e3o-e-os-Efeitos-na-Economia3.jpg","contentUrl":"https:\/\/www.notibras.com\/site\/wp-content\/uploads\/2014\/04\/Elevadas-Taxas-de-Infla\u00e7\u00e3o-e-os-Efeitos-na-Economia3.jpg","width":400,"height":343},{"@type":"BreadcrumbList","@id":"https:\/\/www.notibras.com\/site\/mercado-financeiro-preve-inflacao-mais-alta-e-baixo-crescimento-economico\/#breadcrumb","itemListElement":[{"@type":"ListItem","position":1,"name":"In\u00edcio","item":"https:\/\/www.notibras.com\/site\/"},{"@type":"ListItem","position":2,"name":"Mercado financeiro prev\u00ea infla\u00e7\u00e3o alta e economia baixa"}]},{"@type":"WebSite","@id":"https:\/\/www.notibras.com\/site\/#website","url":"https:\/\/www.notibras.com\/site\/","name":"Notibras","description":"Not\u00edcias de Bras\u00edlia, do Brasil e do Mundo","publisher":{"@id":"https:\/\/www.notibras.com\/site\/#organization"},"potentialAction":[{"@type":"SearchAction","target":{"@type":"EntryPoint","urlTemplate":"https:\/\/www.notibras.com\/site\/?s={search_term_string}"},"query-input":{"@type":"PropertyValueSpecification","valueRequired":true,"valueName":"search_term_string"}}],"inLanguage":"pt-BR"},{"@type":"Organization","@id":"https:\/\/www.notibras.com\/site\/#organization","name":"Grupo Notibras de Comunica\u00e7\u00e3o","url":"https:\/\/www.notibras.com\/site\/","logo":{"@type":"ImageObject","inLanguage":"pt-BR","@id":"https:\/\/www.notibras.com\/site\/#\/schema\/logo\/image\/","url":"https:\/\/www.notibras.com\/site\/wp-content\/uploads\/2023\/01\/notibras23.png","contentUrl":"https:\/\/www.notibras.com\/site\/wp-content\/uploads\/2023\/01\/notibras23.png","width":350,"height":87,"caption":"Grupo Notibras de Comunica\u00e7\u00e3o"},"image":{"@id":"https:\/\/www.notibras.com\/site\/#\/schema\/logo\/image\/"},"sameAs":["https:\/\/www.facebook.com\/notibras\/","https:\/\/x.com\/Notibras","https:\/\/www.instagram.com\/notibras\/"]},{"@type":"Person","@id":"https:\/\/www.notibras.com\/site\/#\/schema\/person\/36ab0979449956132d3e5b517ea76ac8","name":"Reda\u00e7\u00e3o","image":{"@type":"ImageObject","inLanguage":"pt-BR","@id":"https:\/\/secure.gravatar.com\/avatar\/e0a867bdedb85fd243eadf09663511f96fc81e0720a4a42581f334ad4303aa6b?s=96&d=mm&r=g","url":"https:\/\/secure.gravatar.com\/avatar\/e0a867bdedb85fd243eadf09663511f96fc81e0720a4a42581f334ad4303aa6b?s=96&d=mm&r=g","contentUrl":"https:\/\/secure.gravatar.com\/avatar\/e0a867bdedb85fd243eadf09663511f96fc81e0720a4a42581f334ad4303aa6b?s=96&d=mm&r=g","caption":"Reda\u00e7\u00e3o"}}]}},"amp_enabled":true,"_links":{"self":[{"href":"https:\/\/www.notibras.com\/site\/wp-json\/wp\/v2\/posts\/6212","targetHints":{"allow":["GET"]}}],"collection":[{"href":"https:\/\/www.notibras.com\/site\/wp-json\/wp\/v2\/posts"}],"about":[{"href":"https:\/\/www.notibras.com\/site\/wp-json\/wp\/v2\/types\/post"}],"author":[{"embeddable":true,"href":"https:\/\/www.notibras.com\/site\/wp-json\/wp\/v2\/users\/2"}],"replies":[{"embeddable":true,"href":"https:\/\/www.notibras.com\/site\/wp-json\/wp\/v2\/comments?post=6212"}],"version-history":[{"count":0,"href":"https:\/\/www.notibras.com\/site\/wp-json\/wp\/v2\/posts\/6212\/revisions"}],"wp:featuredmedia":[{"embeddable":true,"href":"https:\/\/www.notibras.com\/site\/wp-json\/wp\/v2\/media\/6213"}],"wp:attachment":[{"href":"https:\/\/www.notibras.com\/site\/wp-json\/wp\/v2\/media?parent=6212"}],"wp:term":[{"taxonomy":"category","embeddable":true,"href":"https:\/\/www.notibras.com\/site\/wp-json\/wp\/v2\/categories?post=6212"},{"taxonomy":"post_tag","embeddable":true,"href":"https:\/\/www.notibras.com\/site\/wp-json\/wp\/v2\/tags?post=6212"}],"curies":[{"name":"wp","href":"https:\/\/api.w.org\/{rel}","templated":true}]}}