{"id":6235,"date":"2014-04-07T15:55:53","date_gmt":"2014-04-07T18:55:53","guid":{"rendered":"http:\/\/www.notibras.com\/site\/?p=6235"},"modified":"2014-04-08T06:14:28","modified_gmt":"2014-04-08T09:14:28","slug":"envolvido-com-doleiro-vice-presidente-da-camara-pede-licenca-de-60-dias","status":"publish","type":"post","link":"https:\/\/www.notibras.com\/site\/envolvido-com-doleiro-vice-presidente-da-camara-pede-licenca-de-60-dias\/","title":{"rendered":"Envolvido com doleiro, vice-presidente da C\u00e2mara resolve pedir licen\u00e7a"},"content":{"rendered":"<p>O vice-presidente da C\u00e2mara dos Deputados, Andr\u00e9 Vargas (PT-PR), pediu nesta segunda-feira licen\u00e7a sem remunera\u00e7\u00e3o do mandato de deputado por 60 dias. A iniciativa do parlamentar foi tomada no dia em que a oposi\u00e7\u00e3o acionar\u00e1 o Conselho de \u00c9tica pela rela\u00e7\u00e3o do petista com o doleiro Alberto Youssef.<\/p>\n<p>A licen\u00e7a encaminhada pelo deputado \u00e9 baseada em \u201cinteresses particulares\u201d, abrindo m\u00e3o do sal\u00e1rio de R$ 26,7 mil e outros benef\u00edcios durante o per\u00edodo de 7 de abril a 5 de junho. N\u00e3o h\u00e1 necessidade de convoca\u00e7\u00e3o do suplente para assumir a cadeira vaga do deputado, em raz\u00e3o do tempo de licen\u00e7a solicitado. Pela Constitui\u00e7\u00e3o, o suplente s\u00f3 \u00e9 convocado quando a licen\u00e7a do titular supera 120 dias.<\/p>\n<p>Vargas continuar\u00e1, formalmente, como vice-presidente da C\u00e2mara. O presidente da C\u00e2mara, Henrique Eduardo Alves (PMDB-RN), poder\u00e1 transferir fun\u00e7\u00f5es de compet\u00eancia do vice-presidente para o segundo vice, F\u00e1bio Faria (PSD-RN). Suplente da mesa diretora, o deputado Gonzaga Patriota (PSB-PE) ser\u00e1 convocado para compor a c\u00fapula durante o per\u00edodo.<\/p>\n<p>Na semana passada, o petista admitiu, na tribuna da C\u00e2mara, ter sido imprudente ao usar um avi\u00e3o fretado pelo doleiro, preso pela Pol\u00edcia Federal em uma opera\u00e7\u00e3o contra lavagem de dinheiro. O fretamento do avi\u00e3o foi revelado pelo jornal Folha de S.Paulo, que teve acesso a investiga\u00e7\u00f5es da PF envolvendo Youssef.<\/p>\n<p>Segundo o jornal, a viagem de Londrina (PR) a Jo\u00e3o Pessoa (PB) foi discutida em uma conversa entre os dois por um servi\u00e7o de mensagem de texto. Inicialmente, o parlamentar afirmou que havia pagado o combust\u00edvel, mas depois disse que o doleiro bancou a viagem. Em sua defesa, Vargas disse que conhece Youssef h\u00e1 20 anos como um empres\u00e1rio importante de sua cidade e que desconhecia as investiga\u00e7\u00f5es.<\/p>\n<p>A licen\u00e7a n\u00e3o impede que o Conselho de \u00c9tica abra processo de cassa\u00e7\u00e3o contra Andr\u00e9 Vargas. Na sexta-feira, a Secretaria-Geral da Mesa da C\u00e2mara recomendou o arquivamento de um pedido do Psol pela abertura de uma apura\u00e7\u00e3o contra o parlamentar. O \u00f3rg\u00e3o t\u00e9cnico da Casa considerou que a legenda n\u00e3o apresentou provas e detalhes das den\u00fancias contra o parlamentar. O presidente da C\u00e2mara, Henrique Eduardo Alves (PMDB-RN), deve seguir o entendimento.<\/p>\n<p>No fim de semana, a revista Veja e o Jornal Nacional divulgaram di\u00e1logos envolvendo Vargas e Youssef. O doleiro \u00e9 dono do laborat\u00f3rio Lebogen e conversou com o deputado sobre um contrato no Minist\u00e9rio da Sa\u00fade para a produ\u00e7\u00e3o de medicamento. Segundo as investiga\u00e7\u00f5es, a Labogen seria uma empresa de fachada.<\/p>\n<p>Na troca de mensagens, Youssef diz para o deputado: &#8220;Cara, estou trabalhando, fica tranquilo. Acredite em mim. Voc\u00ea vai ver quanto isso vai valer&#8230; Tua independ\u00eancia financeira e nossa tamb\u00e9m, \u00e9 claro&#8230;&#8221;.<\/p>\n<p>O Minist\u00e9rio da Sa\u00fade chegou a firmar um termo de inten\u00e7\u00e3o com o laborat\u00f3rio Labogen para a compra dos medicamentos que seriam produzidos em parceria com o laborat\u00f3rio da Marinha. Mas na semana passada, depois das primeiras den\u00fancias, a negocia\u00e7\u00e3o foi suspensa e uma sindic\u00e2ncia foi aberta.<\/p>\n","protected":false},"excerpt":{"rendered":"<p>O vice-presidente da C\u00e2mara dos Deputados, Andr\u00e9 Vargas (PT-PR), pediu nesta segunda-feira licen\u00e7a sem remunera\u00e7\u00e3o do mandato de deputado por 60 dias. A iniciativa do parlamentar foi tomada no dia em que a oposi\u00e7\u00e3o acionar\u00e1 o Conselho de \u00c9tica pela rela\u00e7\u00e3o do petista com o doleiro Alberto Youssef. A licen\u00e7a encaminhada pelo deputado \u00e9 baseada [&hellip;]<\/p>\n","protected":false},"author":2,"featured_media":6236,"comment_status":"open","ping_status":"closed","sticky":false,"template":"","format":"standard","meta":{"_acf_changed":false,"footnotes":""},"categories":[16],"tags":[],"class_list":["post-6235","post","type-post","status-publish","format-standard","has-post-thumbnail","hentry","category-brasil"],"acf":[],"yoast_head":"<!-- This site is optimized with the Yoast SEO plugin v27.2 - https:\/\/yoast.com\/product\/yoast-seo-wordpress\/ -->\n<title>Envolvido com doleiro, vice-presidente da C\u00e2mara resolve pedir licen\u00e7a - Notibras<\/title>\n<meta name=\"robots\" content=\"index, follow, max-snippet:-1, max-image-preview:large, max-video-preview:-1\" \/>\n<link rel=\"canonical\" href=\"https:\/\/www.notibras.com\/site\/envolvido-com-doleiro-vice-presidente-da-camara-pede-licenca-de-60-dias\/\" \/>\n<meta property=\"og:locale\" content=\"pt_BR\" \/>\n<meta property=\"og:type\" content=\"article\" \/>\n<meta property=\"og:title\" content=\"Envolvido com doleiro, vice-presidente da C\u00e2mara resolve pedir licen\u00e7a - Notibras\" \/>\n<meta property=\"og:description\" content=\"O vice-presidente da C\u00e2mara dos Deputados, Andr\u00e9 Vargas (PT-PR), pediu nesta segunda-feira licen\u00e7a sem remunera\u00e7\u00e3o do mandato de deputado por 60 dias. A iniciativa do parlamentar foi tomada no dia em que a oposi\u00e7\u00e3o acionar\u00e1 o Conselho de \u00c9tica pela rela\u00e7\u00e3o do petista com o doleiro Alberto Youssef. A licen\u00e7a encaminhada pelo deputado \u00e9 baseada [&hellip;]\" \/>\n<meta property=\"og:url\" content=\"https:\/\/www.notibras.com\/site\/envolvido-com-doleiro-vice-presidente-da-camara-pede-licenca-de-60-dias\/\" \/>\n<meta property=\"og:site_name\" content=\"Notibras\" \/>\n<meta property=\"article:publisher\" content=\"https:\/\/www.facebook.com\/notibras\/\" \/>\n<meta property=\"article:published_time\" content=\"2014-04-07T18:55:53+00:00\" \/>\n<meta property=\"article:modified_time\" content=\"2014-04-08T09:14:28+00:00\" \/>\n<meta property=\"og:image\" content=\"https:\/\/www.notibras.com\/site\/wp-content\/uploads\/2014\/04\/andre-vargas.jpg\" \/>\n\t<meta property=\"og:image:width\" content=\"500\" \/>\n\t<meta property=\"og:image:height\" content=\"375\" \/>\n\t<meta property=\"og:image:type\" content=\"image\/jpeg\" \/>\n<meta name=\"author\" content=\"Reda\u00e7\u00e3o\" \/>\n<meta name=\"twitter:card\" content=\"summary_large_image\" \/>\n<meta name=\"twitter:creator\" content=\"@Notibras\" \/>\n<meta name=\"twitter:site\" content=\"@Notibras\" \/>\n<meta name=\"twitter:label1\" content=\"Escrito por\" \/>\n\t<meta name=\"twitter:data1\" content=\"Reda\u00e7\u00e3o\" \/>\n\t<meta name=\"twitter:label2\" content=\"Est. tempo de leitura\" \/>\n\t<meta name=\"twitter:data2\" content=\"3 minutos\" \/>\n<script type=\"application\/ld+json\" class=\"yoast-schema-graph\">{\"@context\":\"https:\/\/schema.org\",\"@graph\":[{\"@type\":\"Article\",\"@id\":\"https:\/\/www.notibras.com\/site\/envolvido-com-doleiro-vice-presidente-da-camara-pede-licenca-de-60-dias\/#article\",\"isPartOf\":{\"@id\":\"https:\/\/www.notibras.com\/site\/envolvido-com-doleiro-vice-presidente-da-camara-pede-licenca-de-60-dias\/\"},\"author\":{\"name\":\"Reda\u00e7\u00e3o\",\"@id\":\"https:\/\/www.notibras.com\/site\/#\/schema\/person\/36ab0979449956132d3e5b517ea76ac8\"},\"headline\":\"Envolvido com doleiro, vice-presidente da C\u00e2mara resolve pedir licen\u00e7a\",\"datePublished\":\"2014-04-07T18:55:53+00:00\",\"dateModified\":\"2014-04-08T09:14:28+00:00\",\"mainEntityOfPage\":{\"@id\":\"https:\/\/www.notibras.com\/site\/envolvido-com-doleiro-vice-presidente-da-camara-pede-licenca-de-60-dias\/\"},\"wordCount\":545,\"commentCount\":0,\"publisher\":{\"@id\":\"https:\/\/www.notibras.com\/site\/#organization\"},\"image\":{\"@id\":\"https:\/\/www.notibras.com\/site\/envolvido-com-doleiro-vice-presidente-da-camara-pede-licenca-de-60-dias\/#primaryimage\"},\"thumbnailUrl\":\"https:\/\/www.notibras.com\/site\/wp-content\/uploads\/2014\/04\/andre-vargas.jpg\",\"articleSection\":[\"Brasil\"],\"inLanguage\":\"pt-BR\",\"potentialAction\":[{\"@type\":\"CommentAction\",\"name\":\"Comment\",\"target\":[\"https:\/\/www.notibras.com\/site\/envolvido-com-doleiro-vice-presidente-da-camara-pede-licenca-de-60-dias\/#respond\"]}]},{\"@type\":\"WebPage\",\"@id\":\"https:\/\/www.notibras.com\/site\/envolvido-com-doleiro-vice-presidente-da-camara-pede-licenca-de-60-dias\/\",\"url\":\"https:\/\/www.notibras.com\/site\/envolvido-com-doleiro-vice-presidente-da-camara-pede-licenca-de-60-dias\/\",\"name\":\"Envolvido com doleiro, vice-presidente da C\u00e2mara resolve pedir licen\u00e7a - Notibras\",\"isPartOf\":{\"@id\":\"https:\/\/www.notibras.com\/site\/#website\"},\"primaryImageOfPage\":{\"@id\":\"https:\/\/www.notibras.com\/site\/envolvido-com-doleiro-vice-presidente-da-camara-pede-licenca-de-60-dias\/#primaryimage\"},\"image\":{\"@id\":\"https:\/\/www.notibras.com\/site\/envolvido-com-doleiro-vice-presidente-da-camara-pede-licenca-de-60-dias\/#primaryimage\"},\"thumbnailUrl\":\"https:\/\/www.notibras.com\/site\/wp-content\/uploads\/2014\/04\/andre-vargas.jpg\",\"datePublished\":\"2014-04-07T18:55:53+00:00\",\"dateModified\":\"2014-04-08T09:14:28+00:00\",\"breadcrumb\":{\"@id\":\"https:\/\/www.notibras.com\/site\/envolvido-com-doleiro-vice-presidente-da-camara-pede-licenca-de-60-dias\/#breadcrumb\"},\"inLanguage\":\"pt-BR\",\"potentialAction\":[{\"@type\":\"ReadAction\",\"target\":[\"https:\/\/www.notibras.com\/site\/envolvido-com-doleiro-vice-presidente-da-camara-pede-licenca-de-60-dias\/\"]}]},{\"@type\":\"ImageObject\",\"inLanguage\":\"pt-BR\",\"@id\":\"https:\/\/www.notibras.com\/site\/envolvido-com-doleiro-vice-presidente-da-camara-pede-licenca-de-60-dias\/#primaryimage\",\"url\":\"https:\/\/www.notibras.com\/site\/wp-content\/uploads\/2014\/04\/andre-vargas.jpg\",\"contentUrl\":\"https:\/\/www.notibras.com\/site\/wp-content\/uploads\/2014\/04\/andre-vargas.jpg\",\"width\":500,\"height\":375},{\"@type\":\"BreadcrumbList\",\"@id\":\"https:\/\/www.notibras.com\/site\/envolvido-com-doleiro-vice-presidente-da-camara-pede-licenca-de-60-dias\/#breadcrumb\",\"itemListElement\":[{\"@type\":\"ListItem\",\"position\":1,\"name\":\"In\u00edcio\",\"item\":\"https:\/\/www.notibras.com\/site\/\"},{\"@type\":\"ListItem\",\"position\":2,\"name\":\"Envolvido com doleiro, vice-presidente da C\u00e2mara resolve pedir licen\u00e7a\"}]},{\"@type\":\"WebSite\",\"@id\":\"https:\/\/www.notibras.com\/site\/#website\",\"url\":\"https:\/\/www.notibras.com\/site\/\",\"name\":\"Notibras\",\"description\":\"Not\u00edcias de Bras\u00edlia, do Brasil e do Mundo\",\"publisher\":{\"@id\":\"https:\/\/www.notibras.com\/site\/#organization\"},\"potentialAction\":[{\"@type\":\"SearchAction\",\"target\":{\"@type\":\"EntryPoint\",\"urlTemplate\":\"https:\/\/www.notibras.com\/site\/?s={search_term_string}\"},\"query-input\":{\"@type\":\"PropertyValueSpecification\",\"valueRequired\":true,\"valueName\":\"search_term_string\"}}],\"inLanguage\":\"pt-BR\"},{\"@type\":\"Organization\",\"@id\":\"https:\/\/www.notibras.com\/site\/#organization\",\"name\":\"Grupo Notibras de Comunica\u00e7\u00e3o\",\"url\":\"https:\/\/www.notibras.com\/site\/\",\"logo\":{\"@type\":\"ImageObject\",\"inLanguage\":\"pt-BR\",\"@id\":\"https:\/\/www.notibras.com\/site\/#\/schema\/logo\/image\/\",\"url\":\"https:\/\/www.notibras.com\/site\/wp-content\/uploads\/2023\/01\/notibras23.png\",\"contentUrl\":\"https:\/\/www.notibras.com\/site\/wp-content\/uploads\/2023\/01\/notibras23.png\",\"width\":350,\"height\":87,\"caption\":\"Grupo Notibras de Comunica\u00e7\u00e3o\"},\"image\":{\"@id\":\"https:\/\/www.notibras.com\/site\/#\/schema\/logo\/image\/\"},\"sameAs\":[\"https:\/\/www.facebook.com\/notibras\/\",\"https:\/\/x.com\/Notibras\",\"https:\/\/www.instagram.com\/notibras\/\"]},{\"@type\":\"Person\",\"@id\":\"https:\/\/www.notibras.com\/site\/#\/schema\/person\/36ab0979449956132d3e5b517ea76ac8\",\"name\":\"Reda\u00e7\u00e3o\",\"image\":{\"@type\":\"ImageObject\",\"inLanguage\":\"pt-BR\",\"@id\":\"https:\/\/secure.gravatar.com\/avatar\/e0a867bdedb85fd243eadf09663511f96fc81e0720a4a42581f334ad4303aa6b?s=96&d=mm&r=g\",\"url\":\"https:\/\/secure.gravatar.com\/avatar\/e0a867bdedb85fd243eadf09663511f96fc81e0720a4a42581f334ad4303aa6b?s=96&d=mm&r=g\",\"contentUrl\":\"https:\/\/secure.gravatar.com\/avatar\/e0a867bdedb85fd243eadf09663511f96fc81e0720a4a42581f334ad4303aa6b?s=96&d=mm&r=g\",\"caption\":\"Reda\u00e7\u00e3o\"}}]}<\/script>\n<!-- \/ Yoast SEO plugin. -->","yoast_head_json":{"title":"Envolvido com doleiro, vice-presidente da C\u00e2mara resolve pedir licen\u00e7a - Notibras","robots":{"index":"index","follow":"follow","max-snippet":"max-snippet:-1","max-image-preview":"max-image-preview:large","max-video-preview":"max-video-preview:-1"},"canonical":"https:\/\/www.notibras.com\/site\/envolvido-com-doleiro-vice-presidente-da-camara-pede-licenca-de-60-dias\/","og_locale":"pt_BR","og_type":"article","og_title":"Envolvido com doleiro, vice-presidente da C\u00e2mara resolve pedir licen\u00e7a - Notibras","og_description":"O vice-presidente da C\u00e2mara dos Deputados, Andr\u00e9 Vargas (PT-PR), pediu nesta segunda-feira licen\u00e7a sem remunera\u00e7\u00e3o do mandato de deputado por 60 dias. A iniciativa do parlamentar foi tomada no dia em que a oposi\u00e7\u00e3o acionar\u00e1 o Conselho de \u00c9tica pela rela\u00e7\u00e3o do petista com o doleiro Alberto Youssef. A licen\u00e7a encaminhada pelo deputado \u00e9 baseada [&hellip;]","og_url":"https:\/\/www.notibras.com\/site\/envolvido-com-doleiro-vice-presidente-da-camara-pede-licenca-de-60-dias\/","og_site_name":"Notibras","article_publisher":"https:\/\/www.facebook.com\/notibras\/","article_published_time":"2014-04-07T18:55:53+00:00","article_modified_time":"2014-04-08T09:14:28+00:00","og_image":[{"width":500,"height":375,"url":"https:\/\/www.notibras.com\/site\/wp-content\/uploads\/2014\/04\/andre-vargas.jpg","type":"image\/jpeg"}],"author":"Reda\u00e7\u00e3o","twitter_card":"summary_large_image","twitter_creator":"@Notibras","twitter_site":"@Notibras","twitter_misc":{"Escrito por":"Reda\u00e7\u00e3o","Est. tempo de leitura":"3 minutos"},"schema":{"@context":"https:\/\/schema.org","@graph":[{"@type":"Article","@id":"https:\/\/www.notibras.com\/site\/envolvido-com-doleiro-vice-presidente-da-camara-pede-licenca-de-60-dias\/#article","isPartOf":{"@id":"https:\/\/www.notibras.com\/site\/envolvido-com-doleiro-vice-presidente-da-camara-pede-licenca-de-60-dias\/"},"author":{"name":"Reda\u00e7\u00e3o","@id":"https:\/\/www.notibras.com\/site\/#\/schema\/person\/36ab0979449956132d3e5b517ea76ac8"},"headline":"Envolvido com doleiro, vice-presidente da C\u00e2mara resolve pedir licen\u00e7a","datePublished":"2014-04-07T18:55:53+00:00","dateModified":"2014-04-08T09:14:28+00:00","mainEntityOfPage":{"@id":"https:\/\/www.notibras.com\/site\/envolvido-com-doleiro-vice-presidente-da-camara-pede-licenca-de-60-dias\/"},"wordCount":545,"commentCount":0,"publisher":{"@id":"https:\/\/www.notibras.com\/site\/#organization"},"image":{"@id":"https:\/\/www.notibras.com\/site\/envolvido-com-doleiro-vice-presidente-da-camara-pede-licenca-de-60-dias\/#primaryimage"},"thumbnailUrl":"https:\/\/www.notibras.com\/site\/wp-content\/uploads\/2014\/04\/andre-vargas.jpg","articleSection":["Brasil"],"inLanguage":"pt-BR","potentialAction":[{"@type":"CommentAction","name":"Comment","target":["https:\/\/www.notibras.com\/site\/envolvido-com-doleiro-vice-presidente-da-camara-pede-licenca-de-60-dias\/#respond"]}]},{"@type":"WebPage","@id":"https:\/\/www.notibras.com\/site\/envolvido-com-doleiro-vice-presidente-da-camara-pede-licenca-de-60-dias\/","url":"https:\/\/www.notibras.com\/site\/envolvido-com-doleiro-vice-presidente-da-camara-pede-licenca-de-60-dias\/","name":"Envolvido com doleiro, vice-presidente da C\u00e2mara resolve pedir licen\u00e7a - Notibras","isPartOf":{"@id":"https:\/\/www.notibras.com\/site\/#website"},"primaryImageOfPage":{"@id":"https:\/\/www.notibras.com\/site\/envolvido-com-doleiro-vice-presidente-da-camara-pede-licenca-de-60-dias\/#primaryimage"},"image":{"@id":"https:\/\/www.notibras.com\/site\/envolvido-com-doleiro-vice-presidente-da-camara-pede-licenca-de-60-dias\/#primaryimage"},"thumbnailUrl":"https:\/\/www.notibras.com\/site\/wp-content\/uploads\/2014\/04\/andre-vargas.jpg","datePublished":"2014-04-07T18:55:53+00:00","dateModified":"2014-04-08T09:14:28+00:00","breadcrumb":{"@id":"https:\/\/www.notibras.com\/site\/envolvido-com-doleiro-vice-presidente-da-camara-pede-licenca-de-60-dias\/#breadcrumb"},"inLanguage":"pt-BR","potentialAction":[{"@type":"ReadAction","target":["https:\/\/www.notibras.com\/site\/envolvido-com-doleiro-vice-presidente-da-camara-pede-licenca-de-60-dias\/"]}]},{"@type":"ImageObject","inLanguage":"pt-BR","@id":"https:\/\/www.notibras.com\/site\/envolvido-com-doleiro-vice-presidente-da-camara-pede-licenca-de-60-dias\/#primaryimage","url":"https:\/\/www.notibras.com\/site\/wp-content\/uploads\/2014\/04\/andre-vargas.jpg","contentUrl":"https:\/\/www.notibras.com\/site\/wp-content\/uploads\/2014\/04\/andre-vargas.jpg","width":500,"height":375},{"@type":"BreadcrumbList","@id":"https:\/\/www.notibras.com\/site\/envolvido-com-doleiro-vice-presidente-da-camara-pede-licenca-de-60-dias\/#breadcrumb","itemListElement":[{"@type":"ListItem","position":1,"name":"In\u00edcio","item":"https:\/\/www.notibras.com\/site\/"},{"@type":"ListItem","position":2,"name":"Envolvido com doleiro, vice-presidente da C\u00e2mara resolve pedir licen\u00e7a"}]},{"@type":"WebSite","@id":"https:\/\/www.notibras.com\/site\/#website","url":"https:\/\/www.notibras.com\/site\/","name":"Notibras","description":"Not\u00edcias de Bras\u00edlia, do Brasil e do Mundo","publisher":{"@id":"https:\/\/www.notibras.com\/site\/#organization"},"potentialAction":[{"@type":"SearchAction","target":{"@type":"EntryPoint","urlTemplate":"https:\/\/www.notibras.com\/site\/?s={search_term_string}"},"query-input":{"@type":"PropertyValueSpecification","valueRequired":true,"valueName":"search_term_string"}}],"inLanguage":"pt-BR"},{"@type":"Organization","@id":"https:\/\/www.notibras.com\/site\/#organization","name":"Grupo Notibras de Comunica\u00e7\u00e3o","url":"https:\/\/www.notibras.com\/site\/","logo":{"@type":"ImageObject","inLanguage":"pt-BR","@id":"https:\/\/www.notibras.com\/site\/#\/schema\/logo\/image\/","url":"https:\/\/www.notibras.com\/site\/wp-content\/uploads\/2023\/01\/notibras23.png","contentUrl":"https:\/\/www.notibras.com\/site\/wp-content\/uploads\/2023\/01\/notibras23.png","width":350,"height":87,"caption":"Grupo Notibras de Comunica\u00e7\u00e3o"},"image":{"@id":"https:\/\/www.notibras.com\/site\/#\/schema\/logo\/image\/"},"sameAs":["https:\/\/www.facebook.com\/notibras\/","https:\/\/x.com\/Notibras","https:\/\/www.instagram.com\/notibras\/"]},{"@type":"Person","@id":"https:\/\/www.notibras.com\/site\/#\/schema\/person\/36ab0979449956132d3e5b517ea76ac8","name":"Reda\u00e7\u00e3o","image":{"@type":"ImageObject","inLanguage":"pt-BR","@id":"https:\/\/secure.gravatar.com\/avatar\/e0a867bdedb85fd243eadf09663511f96fc81e0720a4a42581f334ad4303aa6b?s=96&d=mm&r=g","url":"https:\/\/secure.gravatar.com\/avatar\/e0a867bdedb85fd243eadf09663511f96fc81e0720a4a42581f334ad4303aa6b?s=96&d=mm&r=g","contentUrl":"https:\/\/secure.gravatar.com\/avatar\/e0a867bdedb85fd243eadf09663511f96fc81e0720a4a42581f334ad4303aa6b?s=96&d=mm&r=g","caption":"Reda\u00e7\u00e3o"}}]}},"amp_enabled":true,"_links":{"self":[{"href":"https:\/\/www.notibras.com\/site\/wp-json\/wp\/v2\/posts\/6235","targetHints":{"allow":["GET"]}}],"collection":[{"href":"https:\/\/www.notibras.com\/site\/wp-json\/wp\/v2\/posts"}],"about":[{"href":"https:\/\/www.notibras.com\/site\/wp-json\/wp\/v2\/types\/post"}],"author":[{"embeddable":true,"href":"https:\/\/www.notibras.com\/site\/wp-json\/wp\/v2\/users\/2"}],"replies":[{"embeddable":true,"href":"https:\/\/www.notibras.com\/site\/wp-json\/wp\/v2\/comments?post=6235"}],"version-history":[{"count":0,"href":"https:\/\/www.notibras.com\/site\/wp-json\/wp\/v2\/posts\/6235\/revisions"}],"wp:featuredmedia":[{"embeddable":true,"href":"https:\/\/www.notibras.com\/site\/wp-json\/wp\/v2\/media\/6236"}],"wp:attachment":[{"href":"https:\/\/www.notibras.com\/site\/wp-json\/wp\/v2\/media?parent=6235"}],"wp:term":[{"taxonomy":"category","embeddable":true,"href":"https:\/\/www.notibras.com\/site\/wp-json\/wp\/v2\/categories?post=6235"},{"taxonomy":"post_tag","embeddable":true,"href":"https:\/\/www.notibras.com\/site\/wp-json\/wp\/v2\/tags?post=6235"}],"curies":[{"name":"wp","href":"https:\/\/api.w.org\/{rel}","templated":true}]}}