{"id":62395,"date":"2015-08-15T20:34:14","date_gmt":"2015-08-15T23:34:14","guid":{"rendered":"http:\/\/www.notibras.com\/site\/?p=62395"},"modified":"2015-08-16T13:14:02","modified_gmt":"2015-08-16T16:14:02","slug":"coritiba-vence-no-maracana-e-abre-o-tumulo-do-vasco","status":"publish","type":"post","link":"https:\/\/www.notibras.com\/site\/coritiba-vence-no-maracana-e-abre-o-tumulo-do-vasco\/","title":{"rendered":"Coritiba vence no Maracan\u00e3 e abre o t\u00famulo do Vasco. T\u00e9cnico Celso Roth demitido"},"content":{"rendered":"<p>O drama do Vasco no Campeonato Brasileiro parece n\u00e3o ter fim. E s\u00f3 aumentou na noite deste s\u00e1bado, na derrota por 1 a 0 para o Coritiba no Maracan\u00e3, pela 19\u00aa rodada da competi\u00e7\u00e3o \u2013 \u00faltima do primeiro turno. Evandro, aos 47 minutos do segundo tempo, marcou o gol dos paranaenses. Ap\u00f3s o jogo, o t\u00e9cnico Celso Roth foi demitido.<\/p>\n<p>Mesmo contando com as boas estreias de Nen\u00ea e Jorge Henrique, o Cruzmaltino trope\u00e7ou novamente em casa, chegou ao quinto jogo sem vit\u00f3ria no torneio e se manteve na lanterna do Brasileiro com apenas 13 pontos conquistados.<\/p>\n<p>No Coritiba, a situa\u00e7\u00e3o, apesar de n\u00e3o ser das melhores, melhorou. Agora em 17\u00ba lugar, o time fechou o turno com 18 pontos.<\/p>\n<p>Pressionado pela situa\u00e7\u00e3o extremamente delicada na tabela, o lanterna Vasco fez valer o fator casa e partiu para cima do Coritiba no in\u00edcio do jogo. Comandado pelo experiente quarteto ofensivo formado por Nen\u00ea, Jorge Henrique, Dagoberto e Riascos, o Cruzmaltino sufocou os paranaenses e criou ao menos tr\u00eas boas chances de gol no primeiro tempo.<\/p>\n<p>A falta de pontaria habitual do pior ataque do Brasileiro, no entanto, fez com que o placar n\u00e3o sa\u00edsse do zero na etapa inicial. Impaciente, a torcida n\u00e3o perdoou o time e, principalmente, o t\u00e9cnico Celso Roth, muito vaiado na sa\u00edda para o vesti\u00e1rio.<\/p>\n<p>Na volta do intervalo, o panorama n\u00e3o se alterou. Desesperado em busca da vit\u00f3ria, o Vasco seguia pressionando o Coritiba. O time de S\u00e3o Janu\u00e1rio dominou amplamente as a\u00e7\u00f5es em campo, mas a ansiedade atrapalhava na hora do \u00faltimo toque. O Cruzmaltino voltou a perder muitos gols, irritando ainda mais a torcida presente no est\u00e1dio.<\/p>\n<p>Nem mesmo as entradas de Jhon Cley, Herrera e Thalles mudaram o cen\u00e1rio. O Vasco pressionava, mas n\u00e3o balan\u00e7avas as redes. Mesmo sem assusta os donos da casa durante boa parte do jogo, o Coritiba fez o que o advers\u00e1rio n\u00e3o conseguiu: Evandro, aos 47 minutos do segundo tempo, definiu a vit\u00f3ria.<\/p>\n","protected":false},"excerpt":{"rendered":"<p>O drama do Vasco no Campeonato Brasileiro parece n\u00e3o ter fim. E s\u00f3 aumentou na noite deste s\u00e1bado, na derrota por 1 a 0 para o Coritiba no Maracan\u00e3, pela 19\u00aa rodada da competi\u00e7\u00e3o \u2013 \u00faltima do primeiro turno. Evandro, aos 47 minutos do segundo tempo, marcou o gol dos paranaenses. Ap\u00f3s o jogo, o [&hellip;]<\/p>\n","protected":false},"author":2,"featured_media":62396,"comment_status":"open","ping_status":"closed","sticky":false,"template":"","format":"standard","meta":{"_acf_changed":false,"footnotes":""},"categories":[29],"tags":[],"class_list":["post-62395","post","type-post","status-publish","format-standard","has-post-thumbnail","hentry","category-futebol"],"acf":[],"yoast_head":"<!-- This site is optimized with the Yoast SEO plugin v27.2 - https:\/\/yoast.com\/product\/yoast-seo-wordpress\/ -->\n<title>Coritiba vence no Maracan\u00e3 e abre o t\u00famulo do Vasco. T\u00e9cnico Celso Roth demitido - Notibras<\/title>\n<meta name=\"robots\" content=\"index, follow, max-snippet:-1, max-image-preview:large, max-video-preview:-1\" \/>\n<link rel=\"canonical\" href=\"https:\/\/www.notibras.com\/site\/coritiba-vence-no-maracana-e-abre-o-tumulo-do-vasco\/\" \/>\n<meta property=\"og:locale\" content=\"pt_BR\" \/>\n<meta property=\"og:type\" content=\"article\" \/>\n<meta property=\"og:title\" content=\"Coritiba vence no Maracan\u00e3 e abre o t\u00famulo do Vasco. T\u00e9cnico Celso Roth demitido - Notibras\" \/>\n<meta property=\"og:description\" content=\"O drama do Vasco no Campeonato Brasileiro parece n\u00e3o ter fim. E s\u00f3 aumentou na noite deste s\u00e1bado, na derrota por 1 a 0 para o Coritiba no Maracan\u00e3, pela 19\u00aa rodada da competi\u00e7\u00e3o \u2013 \u00faltima do primeiro turno. Evandro, aos 47 minutos do segundo tempo, marcou o gol dos paranaenses. Ap\u00f3s o jogo, o [&hellip;]\" \/>\n<meta property=\"og:url\" content=\"https:\/\/www.notibras.com\/site\/coritiba-vence-no-maracana-e-abre-o-tumulo-do-vasco\/\" \/>\n<meta property=\"og:site_name\" content=\"Notibras\" \/>\n<meta property=\"article:publisher\" content=\"https:\/\/www.facebook.com\/notibras\/\" \/>\n<meta property=\"article:published_time\" content=\"2015-08-15T23:34:14+00:00\" \/>\n<meta property=\"article:modified_time\" content=\"2015-08-16T16:14:02+00:00\" \/>\n<meta property=\"og:image\" content=\"https:\/\/www.notibras.com\/site\/wp-content\/uploads\/2015\/08\/vascor.jpg\" \/>\n\t<meta property=\"og:image:width\" content=\"527\" \/>\n\t<meta property=\"og:image:height\" content=\"307\" \/>\n\t<meta property=\"og:image:type\" content=\"image\/jpeg\" \/>\n<meta name=\"author\" content=\"Reda\u00e7\u00e3o\" \/>\n<meta name=\"twitter:card\" content=\"summary_large_image\" \/>\n<meta name=\"twitter:creator\" content=\"@Notibras\" \/>\n<meta name=\"twitter:site\" content=\"@Notibras\" \/>\n<meta name=\"twitter:label1\" content=\"Escrito por\" \/>\n\t<meta name=\"twitter:data1\" content=\"Reda\u00e7\u00e3o\" \/>\n\t<meta name=\"twitter:label2\" content=\"Est. tempo de leitura\" \/>\n\t<meta name=\"twitter:data2\" content=\"2 minutos\" \/>\n<script type=\"application\/ld+json\" class=\"yoast-schema-graph\">{\"@context\":\"https:\/\/schema.org\",\"@graph\":[{\"@type\":\"Article\",\"@id\":\"https:\/\/www.notibras.com\/site\/coritiba-vence-no-maracana-e-abre-o-tumulo-do-vasco\/#article\",\"isPartOf\":{\"@id\":\"https:\/\/www.notibras.com\/site\/coritiba-vence-no-maracana-e-abre-o-tumulo-do-vasco\/\"},\"author\":{\"name\":\"Reda\u00e7\u00e3o\",\"@id\":\"https:\/\/www.notibras.com\/site\/#\/schema\/person\/36ab0979449956132d3e5b517ea76ac8\"},\"headline\":\"Coritiba vence no Maracan\u00e3 e abre o t\u00famulo do Vasco. T\u00e9cnico Celso Roth demitido\",\"datePublished\":\"2015-08-15T23:34:14+00:00\",\"dateModified\":\"2015-08-16T16:14:02+00:00\",\"mainEntityOfPage\":{\"@id\":\"https:\/\/www.notibras.com\/site\/coritiba-vence-no-maracana-e-abre-o-tumulo-do-vasco\/\"},\"wordCount\":363,\"commentCount\":0,\"publisher\":{\"@id\":\"https:\/\/www.notibras.com\/site\/#organization\"},\"image\":{\"@id\":\"https:\/\/www.notibras.com\/site\/coritiba-vence-no-maracana-e-abre-o-tumulo-do-vasco\/#primaryimage\"},\"thumbnailUrl\":\"https:\/\/www.notibras.com\/site\/wp-content\/uploads\/2015\/08\/vascor.jpg\",\"articleSection\":[\"Futebol\"],\"inLanguage\":\"pt-BR\",\"potentialAction\":[{\"@type\":\"CommentAction\",\"name\":\"Comment\",\"target\":[\"https:\/\/www.notibras.com\/site\/coritiba-vence-no-maracana-e-abre-o-tumulo-do-vasco\/#respond\"]}]},{\"@type\":\"WebPage\",\"@id\":\"https:\/\/www.notibras.com\/site\/coritiba-vence-no-maracana-e-abre-o-tumulo-do-vasco\/\",\"url\":\"https:\/\/www.notibras.com\/site\/coritiba-vence-no-maracana-e-abre-o-tumulo-do-vasco\/\",\"name\":\"Coritiba vence no Maracan\u00e3 e abre o t\u00famulo do Vasco. T\u00e9cnico Celso Roth demitido - Notibras\",\"isPartOf\":{\"@id\":\"https:\/\/www.notibras.com\/site\/#website\"},\"primaryImageOfPage\":{\"@id\":\"https:\/\/www.notibras.com\/site\/coritiba-vence-no-maracana-e-abre-o-tumulo-do-vasco\/#primaryimage\"},\"image\":{\"@id\":\"https:\/\/www.notibras.com\/site\/coritiba-vence-no-maracana-e-abre-o-tumulo-do-vasco\/#primaryimage\"},\"thumbnailUrl\":\"https:\/\/www.notibras.com\/site\/wp-content\/uploads\/2015\/08\/vascor.jpg\",\"datePublished\":\"2015-08-15T23:34:14+00:00\",\"dateModified\":\"2015-08-16T16:14:02+00:00\",\"breadcrumb\":{\"@id\":\"https:\/\/www.notibras.com\/site\/coritiba-vence-no-maracana-e-abre-o-tumulo-do-vasco\/#breadcrumb\"},\"inLanguage\":\"pt-BR\",\"potentialAction\":[{\"@type\":\"ReadAction\",\"target\":[\"https:\/\/www.notibras.com\/site\/coritiba-vence-no-maracana-e-abre-o-tumulo-do-vasco\/\"]}]},{\"@type\":\"ImageObject\",\"inLanguage\":\"pt-BR\",\"@id\":\"https:\/\/www.notibras.com\/site\/coritiba-vence-no-maracana-e-abre-o-tumulo-do-vasco\/#primaryimage\",\"url\":\"https:\/\/www.notibras.com\/site\/wp-content\/uploads\/2015\/08\/vascor.jpg\",\"contentUrl\":\"https:\/\/www.notibras.com\/site\/wp-content\/uploads\/2015\/08\/vascor.jpg\",\"width\":527,\"height\":307},{\"@type\":\"BreadcrumbList\",\"@id\":\"https:\/\/www.notibras.com\/site\/coritiba-vence-no-maracana-e-abre-o-tumulo-do-vasco\/#breadcrumb\",\"itemListElement\":[{\"@type\":\"ListItem\",\"position\":1,\"name\":\"In\u00edcio\",\"item\":\"https:\/\/www.notibras.com\/site\/\"},{\"@type\":\"ListItem\",\"position\":2,\"name\":\"Coritiba vence no Maracan\u00e3 e abre o t\u00famulo do Vasco. T\u00e9cnico Celso Roth demitido\"}]},{\"@type\":\"WebSite\",\"@id\":\"https:\/\/www.notibras.com\/site\/#website\",\"url\":\"https:\/\/www.notibras.com\/site\/\",\"name\":\"Notibras\",\"description\":\"Not\u00edcias de Bras\u00edlia, do Brasil e do Mundo\",\"publisher\":{\"@id\":\"https:\/\/www.notibras.com\/site\/#organization\"},\"potentialAction\":[{\"@type\":\"SearchAction\",\"target\":{\"@type\":\"EntryPoint\",\"urlTemplate\":\"https:\/\/www.notibras.com\/site\/?s={search_term_string}\"},\"query-input\":{\"@type\":\"PropertyValueSpecification\",\"valueRequired\":true,\"valueName\":\"search_term_string\"}}],\"inLanguage\":\"pt-BR\"},{\"@type\":\"Organization\",\"@id\":\"https:\/\/www.notibras.com\/site\/#organization\",\"name\":\"Grupo Notibras de Comunica\u00e7\u00e3o\",\"url\":\"https:\/\/www.notibras.com\/site\/\",\"logo\":{\"@type\":\"ImageObject\",\"inLanguage\":\"pt-BR\",\"@id\":\"https:\/\/www.notibras.com\/site\/#\/schema\/logo\/image\/\",\"url\":\"https:\/\/www.notibras.com\/site\/wp-content\/uploads\/2023\/01\/notibras23.png\",\"contentUrl\":\"https:\/\/www.notibras.com\/site\/wp-content\/uploads\/2023\/01\/notibras23.png\",\"width\":350,\"height\":87,\"caption\":\"Grupo Notibras de Comunica\u00e7\u00e3o\"},\"image\":{\"@id\":\"https:\/\/www.notibras.com\/site\/#\/schema\/logo\/image\/\"},\"sameAs\":[\"https:\/\/www.facebook.com\/notibras\/\",\"https:\/\/x.com\/Notibras\",\"https:\/\/www.instagram.com\/notibras\/\"]},{\"@type\":\"Person\",\"@id\":\"https:\/\/www.notibras.com\/site\/#\/schema\/person\/36ab0979449956132d3e5b517ea76ac8\",\"name\":\"Reda\u00e7\u00e3o\",\"image\":{\"@type\":\"ImageObject\",\"inLanguage\":\"pt-BR\",\"@id\":\"https:\/\/secure.gravatar.com\/avatar\/e0a867bdedb85fd243eadf09663511f96fc81e0720a4a42581f334ad4303aa6b?s=96&d=mm&r=g\",\"url\":\"https:\/\/secure.gravatar.com\/avatar\/e0a867bdedb85fd243eadf09663511f96fc81e0720a4a42581f334ad4303aa6b?s=96&d=mm&r=g\",\"contentUrl\":\"https:\/\/secure.gravatar.com\/avatar\/e0a867bdedb85fd243eadf09663511f96fc81e0720a4a42581f334ad4303aa6b?s=96&d=mm&r=g\",\"caption\":\"Reda\u00e7\u00e3o\"}}]}<\/script>\n<!-- \/ Yoast SEO plugin. -->","yoast_head_json":{"title":"Coritiba vence no Maracan\u00e3 e abre o t\u00famulo do Vasco. T\u00e9cnico Celso Roth demitido - Notibras","robots":{"index":"index","follow":"follow","max-snippet":"max-snippet:-1","max-image-preview":"max-image-preview:large","max-video-preview":"max-video-preview:-1"},"canonical":"https:\/\/www.notibras.com\/site\/coritiba-vence-no-maracana-e-abre-o-tumulo-do-vasco\/","og_locale":"pt_BR","og_type":"article","og_title":"Coritiba vence no Maracan\u00e3 e abre o t\u00famulo do Vasco. T\u00e9cnico Celso Roth demitido - Notibras","og_description":"O drama do Vasco no Campeonato Brasileiro parece n\u00e3o ter fim. E s\u00f3 aumentou na noite deste s\u00e1bado, na derrota por 1 a 0 para o Coritiba no Maracan\u00e3, pela 19\u00aa rodada da competi\u00e7\u00e3o \u2013 \u00faltima do primeiro turno. Evandro, aos 47 minutos do segundo tempo, marcou o gol dos paranaenses. Ap\u00f3s o jogo, o [&hellip;]","og_url":"https:\/\/www.notibras.com\/site\/coritiba-vence-no-maracana-e-abre-o-tumulo-do-vasco\/","og_site_name":"Notibras","article_publisher":"https:\/\/www.facebook.com\/notibras\/","article_published_time":"2015-08-15T23:34:14+00:00","article_modified_time":"2015-08-16T16:14:02+00:00","og_image":[{"width":527,"height":307,"url":"https:\/\/www.notibras.com\/site\/wp-content\/uploads\/2015\/08\/vascor.jpg","type":"image\/jpeg"}],"author":"Reda\u00e7\u00e3o","twitter_card":"summary_large_image","twitter_creator":"@Notibras","twitter_site":"@Notibras","twitter_misc":{"Escrito por":"Reda\u00e7\u00e3o","Est. tempo de leitura":"2 minutos"},"schema":{"@context":"https:\/\/schema.org","@graph":[{"@type":"Article","@id":"https:\/\/www.notibras.com\/site\/coritiba-vence-no-maracana-e-abre-o-tumulo-do-vasco\/#article","isPartOf":{"@id":"https:\/\/www.notibras.com\/site\/coritiba-vence-no-maracana-e-abre-o-tumulo-do-vasco\/"},"author":{"name":"Reda\u00e7\u00e3o","@id":"https:\/\/www.notibras.com\/site\/#\/schema\/person\/36ab0979449956132d3e5b517ea76ac8"},"headline":"Coritiba vence no Maracan\u00e3 e abre o t\u00famulo do Vasco. T\u00e9cnico Celso Roth demitido","datePublished":"2015-08-15T23:34:14+00:00","dateModified":"2015-08-16T16:14:02+00:00","mainEntityOfPage":{"@id":"https:\/\/www.notibras.com\/site\/coritiba-vence-no-maracana-e-abre-o-tumulo-do-vasco\/"},"wordCount":363,"commentCount":0,"publisher":{"@id":"https:\/\/www.notibras.com\/site\/#organization"},"image":{"@id":"https:\/\/www.notibras.com\/site\/coritiba-vence-no-maracana-e-abre-o-tumulo-do-vasco\/#primaryimage"},"thumbnailUrl":"https:\/\/www.notibras.com\/site\/wp-content\/uploads\/2015\/08\/vascor.jpg","articleSection":["Futebol"],"inLanguage":"pt-BR","potentialAction":[{"@type":"CommentAction","name":"Comment","target":["https:\/\/www.notibras.com\/site\/coritiba-vence-no-maracana-e-abre-o-tumulo-do-vasco\/#respond"]}]},{"@type":"WebPage","@id":"https:\/\/www.notibras.com\/site\/coritiba-vence-no-maracana-e-abre-o-tumulo-do-vasco\/","url":"https:\/\/www.notibras.com\/site\/coritiba-vence-no-maracana-e-abre-o-tumulo-do-vasco\/","name":"Coritiba vence no Maracan\u00e3 e abre o t\u00famulo do Vasco. T\u00e9cnico Celso Roth demitido - Notibras","isPartOf":{"@id":"https:\/\/www.notibras.com\/site\/#website"},"primaryImageOfPage":{"@id":"https:\/\/www.notibras.com\/site\/coritiba-vence-no-maracana-e-abre-o-tumulo-do-vasco\/#primaryimage"},"image":{"@id":"https:\/\/www.notibras.com\/site\/coritiba-vence-no-maracana-e-abre-o-tumulo-do-vasco\/#primaryimage"},"thumbnailUrl":"https:\/\/www.notibras.com\/site\/wp-content\/uploads\/2015\/08\/vascor.jpg","datePublished":"2015-08-15T23:34:14+00:00","dateModified":"2015-08-16T16:14:02+00:00","breadcrumb":{"@id":"https:\/\/www.notibras.com\/site\/coritiba-vence-no-maracana-e-abre-o-tumulo-do-vasco\/#breadcrumb"},"inLanguage":"pt-BR","potentialAction":[{"@type":"ReadAction","target":["https:\/\/www.notibras.com\/site\/coritiba-vence-no-maracana-e-abre-o-tumulo-do-vasco\/"]}]},{"@type":"ImageObject","inLanguage":"pt-BR","@id":"https:\/\/www.notibras.com\/site\/coritiba-vence-no-maracana-e-abre-o-tumulo-do-vasco\/#primaryimage","url":"https:\/\/www.notibras.com\/site\/wp-content\/uploads\/2015\/08\/vascor.jpg","contentUrl":"https:\/\/www.notibras.com\/site\/wp-content\/uploads\/2015\/08\/vascor.jpg","width":527,"height":307},{"@type":"BreadcrumbList","@id":"https:\/\/www.notibras.com\/site\/coritiba-vence-no-maracana-e-abre-o-tumulo-do-vasco\/#breadcrumb","itemListElement":[{"@type":"ListItem","position":1,"name":"In\u00edcio","item":"https:\/\/www.notibras.com\/site\/"},{"@type":"ListItem","position":2,"name":"Coritiba vence no Maracan\u00e3 e abre o t\u00famulo do Vasco. T\u00e9cnico Celso Roth demitido"}]},{"@type":"WebSite","@id":"https:\/\/www.notibras.com\/site\/#website","url":"https:\/\/www.notibras.com\/site\/","name":"Notibras","description":"Not\u00edcias de Bras\u00edlia, do Brasil e do Mundo","publisher":{"@id":"https:\/\/www.notibras.com\/site\/#organization"},"potentialAction":[{"@type":"SearchAction","target":{"@type":"EntryPoint","urlTemplate":"https:\/\/www.notibras.com\/site\/?s={search_term_string}"},"query-input":{"@type":"PropertyValueSpecification","valueRequired":true,"valueName":"search_term_string"}}],"inLanguage":"pt-BR"},{"@type":"Organization","@id":"https:\/\/www.notibras.com\/site\/#organization","name":"Grupo Notibras de Comunica\u00e7\u00e3o","url":"https:\/\/www.notibras.com\/site\/","logo":{"@type":"ImageObject","inLanguage":"pt-BR","@id":"https:\/\/www.notibras.com\/site\/#\/schema\/logo\/image\/","url":"https:\/\/www.notibras.com\/site\/wp-content\/uploads\/2023\/01\/notibras23.png","contentUrl":"https:\/\/www.notibras.com\/site\/wp-content\/uploads\/2023\/01\/notibras23.png","width":350,"height":87,"caption":"Grupo Notibras de Comunica\u00e7\u00e3o"},"image":{"@id":"https:\/\/www.notibras.com\/site\/#\/schema\/logo\/image\/"},"sameAs":["https:\/\/www.facebook.com\/notibras\/","https:\/\/x.com\/Notibras","https:\/\/www.instagram.com\/notibras\/"]},{"@type":"Person","@id":"https:\/\/www.notibras.com\/site\/#\/schema\/person\/36ab0979449956132d3e5b517ea76ac8","name":"Reda\u00e7\u00e3o","image":{"@type":"ImageObject","inLanguage":"pt-BR","@id":"https:\/\/secure.gravatar.com\/avatar\/e0a867bdedb85fd243eadf09663511f96fc81e0720a4a42581f334ad4303aa6b?s=96&d=mm&r=g","url":"https:\/\/secure.gravatar.com\/avatar\/e0a867bdedb85fd243eadf09663511f96fc81e0720a4a42581f334ad4303aa6b?s=96&d=mm&r=g","contentUrl":"https:\/\/secure.gravatar.com\/avatar\/e0a867bdedb85fd243eadf09663511f96fc81e0720a4a42581f334ad4303aa6b?s=96&d=mm&r=g","caption":"Reda\u00e7\u00e3o"}}]}},"amp_enabled":true,"_links":{"self":[{"href":"https:\/\/www.notibras.com\/site\/wp-json\/wp\/v2\/posts\/62395","targetHints":{"allow":["GET"]}}],"collection":[{"href":"https:\/\/www.notibras.com\/site\/wp-json\/wp\/v2\/posts"}],"about":[{"href":"https:\/\/www.notibras.com\/site\/wp-json\/wp\/v2\/types\/post"}],"author":[{"embeddable":true,"href":"https:\/\/www.notibras.com\/site\/wp-json\/wp\/v2\/users\/2"}],"replies":[{"embeddable":true,"href":"https:\/\/www.notibras.com\/site\/wp-json\/wp\/v2\/comments?post=62395"}],"version-history":[{"count":4,"href":"https:\/\/www.notibras.com\/site\/wp-json\/wp\/v2\/posts\/62395\/revisions"}],"predecessor-version":[{"id":62454,"href":"https:\/\/www.notibras.com\/site\/wp-json\/wp\/v2\/posts\/62395\/revisions\/62454"}],"wp:featuredmedia":[{"embeddable":true,"href":"https:\/\/www.notibras.com\/site\/wp-json\/wp\/v2\/media\/62396"}],"wp:attachment":[{"href":"https:\/\/www.notibras.com\/site\/wp-json\/wp\/v2\/media?parent=62395"}],"wp:term":[{"taxonomy":"category","embeddable":true,"href":"https:\/\/www.notibras.com\/site\/wp-json\/wp\/v2\/categories?post=62395"},{"taxonomy":"post_tag","embeddable":true,"href":"https:\/\/www.notibras.com\/site\/wp-json\/wp\/v2\/tags?post=62395"}],"curies":[{"name":"wp","href":"https:\/\/api.w.org\/{rel}","templated":true}]}}