{"id":62438,"date":"2015-08-16T00:54:10","date_gmt":"2015-08-16T03:54:10","guid":{"rendered":"http:\/\/www.notibras.com\/site\/?p=62438"},"modified":"2015-08-16T11:24:51","modified_gmt":"2015-08-16T14:24:51","slug":"brasil-que-tem-o-legado-do-esporte-sofre-com-uma-saude-sucateada","status":"publish","type":"post","link":"https:\/\/www.notibras.com\/site\/brasil-que-tem-o-legado-do-esporte-sofre-com-uma-saude-sucateada\/","title":{"rendered":"Brasil ganha legado do esporte mas sofre com a sa\u00fade sucateada"},"content":{"rendered":"<p>O Rio 40\u00ba continua lindo. E \u00e9 nesse mesmo Rio, apesar da ret\u00f3rica, que mais um legado esportivo vai ficar para o Brasil. Trata-se dos Jogos Ol\u00edmpicos de 2016, que a Cidade Maravilhosa vai sediar ap\u00f3s vencer, h\u00e1 seis anos, uma acirrada disputa com Madri, Chicago e T\u00f3quio.<\/p>\n<p>\u00c9 a primeira vez que o Brasil sedia uma Olimp\u00edada, cujos jogos tiveram in\u00edcio na Atenas da Gr\u00e9cia Antiga. Para se ter uma ideia da disputa entre cidades que esperam ser cidades-sede, basta dizer que s\u00f3 a Europa j\u00e1 recebeu o evento em 18 diferentes oportunidades.<\/p>\n<p>Mas como todo evento grandioso tem um custo, vamos citar cifras descomunais para que o mundo esportivo volte seus olhos para o Brasil no pr\u00f3ximo ano.<\/p>\n<p>Do or\u00e7amento total em reais, 7 bilh\u00f5es s\u00e3o aplica\u00e7\u00f5es de recursos privados. Outros 38 bilh\u00f5es correspondem a verbas p\u00fablicas \u2013 federais, estaduais e municipais. E como n\u00e3o poderia ser diferente, o Tribunal de Contas da Uni\u00e3o tem acompanhado cada centavo investido no projeto. Esse trabalho \u00e9 refor\u00e7ado com o apoio de subcomiss\u00f5es constitu\u00eddas ao n\u00edvel de C\u00e2mara dos Deputados.<\/p>\n<p>Verdade seja dita: as competi\u00e7\u00f5es ficar\u00e3o marcadas pelos benef\u00edcios que trar\u00e3o \u00e0 comunidade fluminense. Ser\u00e1 a grande oportunidade de transforma\u00e7\u00f5es para a terrinha amada pelos brasileiros. E a hist\u00f3ria da Olimp\u00edada \u2013 \u00e9 com o que sonhamos \u2013 poder\u00e1 ser diferente daquela deixada pela Copa do Mundo.<\/p>\n<p>A proximidade dos jogos corre acelerada. Logo estaremos no dia 5 de agosto de 2016. As disputas se estender\u00e3o at\u00e9 o dia 21, reunindo 10 mil 500 atletas de mais de duas centenas de pa\u00edses.<\/p>\n<p>As competi\u00e7\u00f5es compreender\u00e3o 306 provas de 42 modalidades esportivas. Ser\u00e3o 33 espa\u00e7os de competi\u00e7\u00e3o no Rio de Janeiro. S\u00f3 a disputa do futebol ol\u00edmpico ficou fora do Rio. A bola, nesse caso espec\u00edfico, rolar\u00e1 em est\u00e1dios de Bras\u00edlia, S\u00e3o Paulo, Belo Horizonte, Salvador e Manaus. Ao todo, 8 milh\u00f5es de ingressos \u00e0 disposi\u00e7\u00e3o do p\u00fablico.<\/p>\n<p>A novidade sobre o dinheiro investido na Olimp\u00edada \u00e9 que o TCU colocou no ar o &#8220;Fiscaliza Rio&#8221; \u2013 um site que faz alerta e explica o valor de aditivos aplicados, como na Copa do Mundo, que teve um site de transpar\u00eancia.<\/p>\n<p>A palavra mais repetida pelos organizadores das Olimp\u00edadas do Rio \u00e9 legado. Em audi\u00eancias p\u00fablicas nas comiss\u00f5es da C\u00e2mara dos Deputados, a express\u00e3o \u00e9 citada n\u00e3o s\u00f3 pela estrutura constru\u00edda para as Olimp\u00edadas, como tamb\u00e9m pelo que a cidade ganhou paralelamente a isso, como VLT, saneamento b\u00e1sico e desativa\u00e7\u00e3o do lix\u00e3o em que se transformou a Ba\u00eda de Guanabara. Al\u00e9m disso, o Rio ganhou tamb\u00e9m 150 km de BRT e linha de metr\u00f4 entre a zona Sul e a Barra da Tijuca. Lembrando ainda que o Rio cresceu em investimentos como marca do legado das Olimp\u00edadas.<\/p>\n<p>Os turistas tamb\u00e9m n\u00e3o precisam se preocupar com hospedagem. Os albergues, prefer\u00eancia entre os mais jovens, cresceram de 64 para mais de 200; e os hot\u00e9is dobrar\u00e3o de 20 mil para 40 mil quartos.<\/p>\n<p>As obras de infraestrutura come\u00e7aram em 2007 com os jogos pan-americanos. Sediar competi\u00e7\u00f5es internacionais soa como investimento cultural, comercial e social. O Brasil investiu muito no legado deixado pela Copa do Mundo, mesmo que em algumas cidades seu destino tenha sido incerto. Em Bras\u00edlia, o est\u00e1dio mais caro do mundo, Man\u00e9 Garrincha, pode ser entregue \u00e0 iniciativa privada.<\/p>\n<p>O lado triste disso tudo \u00e9 o legado do esporte no Brasil ser maior que o legado da sa\u00fade, sucateada e sempre batendo na porta da UTI.<\/p>\n","protected":false},"excerpt":{"rendered":"<p>O Rio 40\u00ba continua lindo. E \u00e9 nesse mesmo Rio, apesar da ret\u00f3rica, que mais um legado esportivo vai ficar para o Brasil. Trata-se dos Jogos Ol\u00edmpicos de 2016, que a Cidade Maravilhosa vai sediar ap\u00f3s vencer, h\u00e1 seis anos, uma acirrada disputa com Madri, Chicago e T\u00f3quio. \u00c9 a primeira vez que o Brasil [&hellip;]<\/p>\n","protected":false},"author":2,"featured_media":62439,"comment_status":"open","ping_status":"closed","sticky":false,"template":"","format":"standard","meta":{"_acf_changed":false,"footnotes":""},"categories":[45],"tags":[],"class_list":["post-62438","post","type-post","status-publish","format-standard","has-post-thumbnail","hentry","category-cris"],"acf":[],"yoast_head":"<!-- This site is optimized with the Yoast SEO plugin v27.2 - https:\/\/yoast.com\/product\/yoast-seo-wordpress\/ -->\n<title>Brasil ganha legado do esporte mas sofre com a sa\u00fade sucateada - Notibras<\/title>\n<meta name=\"robots\" content=\"index, follow, max-snippet:-1, max-image-preview:large, max-video-preview:-1\" \/>\n<link rel=\"canonical\" href=\"https:\/\/www.notibras.com\/site\/brasil-que-tem-o-legado-do-esporte-sofre-com-uma-saude-sucateada\/\" \/>\n<meta property=\"og:locale\" content=\"pt_BR\" \/>\n<meta property=\"og:type\" content=\"article\" \/>\n<meta property=\"og:title\" content=\"Brasil ganha legado do esporte mas sofre com a sa\u00fade sucateada - Notibras\" \/>\n<meta property=\"og:description\" content=\"O Rio 40\u00ba continua lindo. E \u00e9 nesse mesmo Rio, apesar da ret\u00f3rica, que mais um legado esportivo vai ficar para o Brasil. Trata-se dos Jogos Ol\u00edmpicos de 2016, que a Cidade Maravilhosa vai sediar ap\u00f3s vencer, h\u00e1 seis anos, uma acirrada disputa com Madri, Chicago e T\u00f3quio. \u00c9 a primeira vez que o Brasil [&hellip;]\" \/>\n<meta property=\"og:url\" content=\"https:\/\/www.notibras.com\/site\/brasil-que-tem-o-legado-do-esporte-sofre-com-uma-saude-sucateada\/\" \/>\n<meta property=\"og:site_name\" content=\"Notibras\" \/>\n<meta property=\"article:publisher\" content=\"https:\/\/www.facebook.com\/notibras\/\" \/>\n<meta property=\"article:published_time\" content=\"2015-08-16T03:54:10+00:00\" \/>\n<meta property=\"article:modified_time\" content=\"2015-08-16T14:24:51+00:00\" \/>\n<meta property=\"og:image\" content=\"https:\/\/www.notibras.com\/site\/wp-content\/uploads\/2015\/08\/Parque-Olimpico.png\" \/>\n\t<meta property=\"og:image:width\" content=\"933\" \/>\n\t<meta property=\"og:image:height\" content=\"600\" \/>\n\t<meta property=\"og:image:type\" content=\"image\/png\" \/>\n<meta name=\"author\" content=\"Reda\u00e7\u00e3o\" \/>\n<meta name=\"twitter:card\" content=\"summary_large_image\" \/>\n<meta name=\"twitter:creator\" content=\"@Notibras\" \/>\n<meta name=\"twitter:site\" content=\"@Notibras\" \/>\n<meta name=\"twitter:label1\" content=\"Escrito por\" \/>\n\t<meta name=\"twitter:data1\" content=\"Reda\u00e7\u00e3o\" \/>\n\t<meta name=\"twitter:label2\" content=\"Est. tempo de leitura\" \/>\n\t<meta name=\"twitter:data2\" content=\"3 minutos\" \/>\n<script type=\"application\/ld+json\" class=\"yoast-schema-graph\">{\"@context\":\"https:\/\/schema.org\",\"@graph\":[{\"@type\":\"Article\",\"@id\":\"https:\/\/www.notibras.com\/site\/brasil-que-tem-o-legado-do-esporte-sofre-com-uma-saude-sucateada\/#article\",\"isPartOf\":{\"@id\":\"https:\/\/www.notibras.com\/site\/brasil-que-tem-o-legado-do-esporte-sofre-com-uma-saude-sucateada\/\"},\"author\":{\"name\":\"Reda\u00e7\u00e3o\",\"@id\":\"https:\/\/www.notibras.com\/site\/#\/schema\/person\/36ab0979449956132d3e5b517ea76ac8\"},\"headline\":\"Brasil ganha legado do esporte mas sofre com a sa\u00fade sucateada\",\"datePublished\":\"2015-08-16T03:54:10+00:00\",\"dateModified\":\"2015-08-16T14:24:51+00:00\",\"mainEntityOfPage\":{\"@id\":\"https:\/\/www.notibras.com\/site\/brasil-que-tem-o-legado-do-esporte-sofre-com-uma-saude-sucateada\/\"},\"wordCount\":622,\"commentCount\":0,\"publisher\":{\"@id\":\"https:\/\/www.notibras.com\/site\/#organization\"},\"image\":{\"@id\":\"https:\/\/www.notibras.com\/site\/brasil-que-tem-o-legado-do-esporte-sofre-com-uma-saude-sucateada\/#primaryimage\"},\"thumbnailUrl\":\"https:\/\/www.notibras.com\/site\/wp-content\/uploads\/2015\/08\/Parque-Olimpico.png\",\"articleSection\":[\"Cris Oliveira\"],\"inLanguage\":\"pt-BR\",\"potentialAction\":[{\"@type\":\"CommentAction\",\"name\":\"Comment\",\"target\":[\"https:\/\/www.notibras.com\/site\/brasil-que-tem-o-legado-do-esporte-sofre-com-uma-saude-sucateada\/#respond\"]}]},{\"@type\":\"WebPage\",\"@id\":\"https:\/\/www.notibras.com\/site\/brasil-que-tem-o-legado-do-esporte-sofre-com-uma-saude-sucateada\/\",\"url\":\"https:\/\/www.notibras.com\/site\/brasil-que-tem-o-legado-do-esporte-sofre-com-uma-saude-sucateada\/\",\"name\":\"Brasil ganha legado do esporte mas sofre com a sa\u00fade sucateada - Notibras\",\"isPartOf\":{\"@id\":\"https:\/\/www.notibras.com\/site\/#website\"},\"primaryImageOfPage\":{\"@id\":\"https:\/\/www.notibras.com\/site\/brasil-que-tem-o-legado-do-esporte-sofre-com-uma-saude-sucateada\/#primaryimage\"},\"image\":{\"@id\":\"https:\/\/www.notibras.com\/site\/brasil-que-tem-o-legado-do-esporte-sofre-com-uma-saude-sucateada\/#primaryimage\"},\"thumbnailUrl\":\"https:\/\/www.notibras.com\/site\/wp-content\/uploads\/2015\/08\/Parque-Olimpico.png\",\"datePublished\":\"2015-08-16T03:54:10+00:00\",\"dateModified\":\"2015-08-16T14:24:51+00:00\",\"breadcrumb\":{\"@id\":\"https:\/\/www.notibras.com\/site\/brasil-que-tem-o-legado-do-esporte-sofre-com-uma-saude-sucateada\/#breadcrumb\"},\"inLanguage\":\"pt-BR\",\"potentialAction\":[{\"@type\":\"ReadAction\",\"target\":[\"https:\/\/www.notibras.com\/site\/brasil-que-tem-o-legado-do-esporte-sofre-com-uma-saude-sucateada\/\"]}]},{\"@type\":\"ImageObject\",\"inLanguage\":\"pt-BR\",\"@id\":\"https:\/\/www.notibras.com\/site\/brasil-que-tem-o-legado-do-esporte-sofre-com-uma-saude-sucateada\/#primaryimage\",\"url\":\"https:\/\/www.notibras.com\/site\/wp-content\/uploads\/2015\/08\/Parque-Olimpico.png\",\"contentUrl\":\"https:\/\/www.notibras.com\/site\/wp-content\/uploads\/2015\/08\/Parque-Olimpico.png\",\"width\":933,\"height\":600},{\"@type\":\"BreadcrumbList\",\"@id\":\"https:\/\/www.notibras.com\/site\/brasil-que-tem-o-legado-do-esporte-sofre-com-uma-saude-sucateada\/#breadcrumb\",\"itemListElement\":[{\"@type\":\"ListItem\",\"position\":1,\"name\":\"In\u00edcio\",\"item\":\"https:\/\/www.notibras.com\/site\/\"},{\"@type\":\"ListItem\",\"position\":2,\"name\":\"Brasil ganha legado do esporte mas sofre com a sa\u00fade sucateada\"}]},{\"@type\":\"WebSite\",\"@id\":\"https:\/\/www.notibras.com\/site\/#website\",\"url\":\"https:\/\/www.notibras.com\/site\/\",\"name\":\"Notibras\",\"description\":\"Not\u00edcias de Bras\u00edlia, do Brasil e do Mundo\",\"publisher\":{\"@id\":\"https:\/\/www.notibras.com\/site\/#organization\"},\"potentialAction\":[{\"@type\":\"SearchAction\",\"target\":{\"@type\":\"EntryPoint\",\"urlTemplate\":\"https:\/\/www.notibras.com\/site\/?s={search_term_string}\"},\"query-input\":{\"@type\":\"PropertyValueSpecification\",\"valueRequired\":true,\"valueName\":\"search_term_string\"}}],\"inLanguage\":\"pt-BR\"},{\"@type\":\"Organization\",\"@id\":\"https:\/\/www.notibras.com\/site\/#organization\",\"name\":\"Grupo Notibras de Comunica\u00e7\u00e3o\",\"url\":\"https:\/\/www.notibras.com\/site\/\",\"logo\":{\"@type\":\"ImageObject\",\"inLanguage\":\"pt-BR\",\"@id\":\"https:\/\/www.notibras.com\/site\/#\/schema\/logo\/image\/\",\"url\":\"https:\/\/www.notibras.com\/site\/wp-content\/uploads\/2023\/01\/notibras23.png\",\"contentUrl\":\"https:\/\/www.notibras.com\/site\/wp-content\/uploads\/2023\/01\/notibras23.png\",\"width\":350,\"height\":87,\"caption\":\"Grupo Notibras de Comunica\u00e7\u00e3o\"},\"image\":{\"@id\":\"https:\/\/www.notibras.com\/site\/#\/schema\/logo\/image\/\"},\"sameAs\":[\"https:\/\/www.facebook.com\/notibras\/\",\"https:\/\/x.com\/Notibras\",\"https:\/\/www.instagram.com\/notibras\/\"]},{\"@type\":\"Person\",\"@id\":\"https:\/\/www.notibras.com\/site\/#\/schema\/person\/36ab0979449956132d3e5b517ea76ac8\",\"name\":\"Reda\u00e7\u00e3o\",\"image\":{\"@type\":\"ImageObject\",\"inLanguage\":\"pt-BR\",\"@id\":\"https:\/\/secure.gravatar.com\/avatar\/e0a867bdedb85fd243eadf09663511f96fc81e0720a4a42581f334ad4303aa6b?s=96&d=mm&r=g\",\"url\":\"https:\/\/secure.gravatar.com\/avatar\/e0a867bdedb85fd243eadf09663511f96fc81e0720a4a42581f334ad4303aa6b?s=96&d=mm&r=g\",\"contentUrl\":\"https:\/\/secure.gravatar.com\/avatar\/e0a867bdedb85fd243eadf09663511f96fc81e0720a4a42581f334ad4303aa6b?s=96&d=mm&r=g\",\"caption\":\"Reda\u00e7\u00e3o\"}}]}<\/script>\n<!-- \/ Yoast SEO plugin. -->","yoast_head_json":{"title":"Brasil ganha legado do esporte mas sofre com a sa\u00fade sucateada - Notibras","robots":{"index":"index","follow":"follow","max-snippet":"max-snippet:-1","max-image-preview":"max-image-preview:large","max-video-preview":"max-video-preview:-1"},"canonical":"https:\/\/www.notibras.com\/site\/brasil-que-tem-o-legado-do-esporte-sofre-com-uma-saude-sucateada\/","og_locale":"pt_BR","og_type":"article","og_title":"Brasil ganha legado do esporte mas sofre com a sa\u00fade sucateada - Notibras","og_description":"O Rio 40\u00ba continua lindo. E \u00e9 nesse mesmo Rio, apesar da ret\u00f3rica, que mais um legado esportivo vai ficar para o Brasil. Trata-se dos Jogos Ol\u00edmpicos de 2016, que a Cidade Maravilhosa vai sediar ap\u00f3s vencer, h\u00e1 seis anos, uma acirrada disputa com Madri, Chicago e T\u00f3quio. \u00c9 a primeira vez que o Brasil [&hellip;]","og_url":"https:\/\/www.notibras.com\/site\/brasil-que-tem-o-legado-do-esporte-sofre-com-uma-saude-sucateada\/","og_site_name":"Notibras","article_publisher":"https:\/\/www.facebook.com\/notibras\/","article_published_time":"2015-08-16T03:54:10+00:00","article_modified_time":"2015-08-16T14:24:51+00:00","og_image":[{"width":933,"height":600,"url":"https:\/\/www.notibras.com\/site\/wp-content\/uploads\/2015\/08\/Parque-Olimpico.png","type":"image\/png"}],"author":"Reda\u00e7\u00e3o","twitter_card":"summary_large_image","twitter_creator":"@Notibras","twitter_site":"@Notibras","twitter_misc":{"Escrito por":"Reda\u00e7\u00e3o","Est. tempo de leitura":"3 minutos"},"schema":{"@context":"https:\/\/schema.org","@graph":[{"@type":"Article","@id":"https:\/\/www.notibras.com\/site\/brasil-que-tem-o-legado-do-esporte-sofre-com-uma-saude-sucateada\/#article","isPartOf":{"@id":"https:\/\/www.notibras.com\/site\/brasil-que-tem-o-legado-do-esporte-sofre-com-uma-saude-sucateada\/"},"author":{"name":"Reda\u00e7\u00e3o","@id":"https:\/\/www.notibras.com\/site\/#\/schema\/person\/36ab0979449956132d3e5b517ea76ac8"},"headline":"Brasil ganha legado do esporte mas sofre com a sa\u00fade sucateada","datePublished":"2015-08-16T03:54:10+00:00","dateModified":"2015-08-16T14:24:51+00:00","mainEntityOfPage":{"@id":"https:\/\/www.notibras.com\/site\/brasil-que-tem-o-legado-do-esporte-sofre-com-uma-saude-sucateada\/"},"wordCount":622,"commentCount":0,"publisher":{"@id":"https:\/\/www.notibras.com\/site\/#organization"},"image":{"@id":"https:\/\/www.notibras.com\/site\/brasil-que-tem-o-legado-do-esporte-sofre-com-uma-saude-sucateada\/#primaryimage"},"thumbnailUrl":"https:\/\/www.notibras.com\/site\/wp-content\/uploads\/2015\/08\/Parque-Olimpico.png","articleSection":["Cris Oliveira"],"inLanguage":"pt-BR","potentialAction":[{"@type":"CommentAction","name":"Comment","target":["https:\/\/www.notibras.com\/site\/brasil-que-tem-o-legado-do-esporte-sofre-com-uma-saude-sucateada\/#respond"]}]},{"@type":"WebPage","@id":"https:\/\/www.notibras.com\/site\/brasil-que-tem-o-legado-do-esporte-sofre-com-uma-saude-sucateada\/","url":"https:\/\/www.notibras.com\/site\/brasil-que-tem-o-legado-do-esporte-sofre-com-uma-saude-sucateada\/","name":"Brasil ganha legado do esporte mas sofre com a sa\u00fade sucateada - Notibras","isPartOf":{"@id":"https:\/\/www.notibras.com\/site\/#website"},"primaryImageOfPage":{"@id":"https:\/\/www.notibras.com\/site\/brasil-que-tem-o-legado-do-esporte-sofre-com-uma-saude-sucateada\/#primaryimage"},"image":{"@id":"https:\/\/www.notibras.com\/site\/brasil-que-tem-o-legado-do-esporte-sofre-com-uma-saude-sucateada\/#primaryimage"},"thumbnailUrl":"https:\/\/www.notibras.com\/site\/wp-content\/uploads\/2015\/08\/Parque-Olimpico.png","datePublished":"2015-08-16T03:54:10+00:00","dateModified":"2015-08-16T14:24:51+00:00","breadcrumb":{"@id":"https:\/\/www.notibras.com\/site\/brasil-que-tem-o-legado-do-esporte-sofre-com-uma-saude-sucateada\/#breadcrumb"},"inLanguage":"pt-BR","potentialAction":[{"@type":"ReadAction","target":["https:\/\/www.notibras.com\/site\/brasil-que-tem-o-legado-do-esporte-sofre-com-uma-saude-sucateada\/"]}]},{"@type":"ImageObject","inLanguage":"pt-BR","@id":"https:\/\/www.notibras.com\/site\/brasil-que-tem-o-legado-do-esporte-sofre-com-uma-saude-sucateada\/#primaryimage","url":"https:\/\/www.notibras.com\/site\/wp-content\/uploads\/2015\/08\/Parque-Olimpico.png","contentUrl":"https:\/\/www.notibras.com\/site\/wp-content\/uploads\/2015\/08\/Parque-Olimpico.png","width":933,"height":600},{"@type":"BreadcrumbList","@id":"https:\/\/www.notibras.com\/site\/brasil-que-tem-o-legado-do-esporte-sofre-com-uma-saude-sucateada\/#breadcrumb","itemListElement":[{"@type":"ListItem","position":1,"name":"In\u00edcio","item":"https:\/\/www.notibras.com\/site\/"},{"@type":"ListItem","position":2,"name":"Brasil ganha legado do esporte mas sofre com a sa\u00fade sucateada"}]},{"@type":"WebSite","@id":"https:\/\/www.notibras.com\/site\/#website","url":"https:\/\/www.notibras.com\/site\/","name":"Notibras","description":"Not\u00edcias de Bras\u00edlia, do Brasil e do Mundo","publisher":{"@id":"https:\/\/www.notibras.com\/site\/#organization"},"potentialAction":[{"@type":"SearchAction","target":{"@type":"EntryPoint","urlTemplate":"https:\/\/www.notibras.com\/site\/?s={search_term_string}"},"query-input":{"@type":"PropertyValueSpecification","valueRequired":true,"valueName":"search_term_string"}}],"inLanguage":"pt-BR"},{"@type":"Organization","@id":"https:\/\/www.notibras.com\/site\/#organization","name":"Grupo Notibras de Comunica\u00e7\u00e3o","url":"https:\/\/www.notibras.com\/site\/","logo":{"@type":"ImageObject","inLanguage":"pt-BR","@id":"https:\/\/www.notibras.com\/site\/#\/schema\/logo\/image\/","url":"https:\/\/www.notibras.com\/site\/wp-content\/uploads\/2023\/01\/notibras23.png","contentUrl":"https:\/\/www.notibras.com\/site\/wp-content\/uploads\/2023\/01\/notibras23.png","width":350,"height":87,"caption":"Grupo Notibras de Comunica\u00e7\u00e3o"},"image":{"@id":"https:\/\/www.notibras.com\/site\/#\/schema\/logo\/image\/"},"sameAs":["https:\/\/www.facebook.com\/notibras\/","https:\/\/x.com\/Notibras","https:\/\/www.instagram.com\/notibras\/"]},{"@type":"Person","@id":"https:\/\/www.notibras.com\/site\/#\/schema\/person\/36ab0979449956132d3e5b517ea76ac8","name":"Reda\u00e7\u00e3o","image":{"@type":"ImageObject","inLanguage":"pt-BR","@id":"https:\/\/secure.gravatar.com\/avatar\/e0a867bdedb85fd243eadf09663511f96fc81e0720a4a42581f334ad4303aa6b?s=96&d=mm&r=g","url":"https:\/\/secure.gravatar.com\/avatar\/e0a867bdedb85fd243eadf09663511f96fc81e0720a4a42581f334ad4303aa6b?s=96&d=mm&r=g","contentUrl":"https:\/\/secure.gravatar.com\/avatar\/e0a867bdedb85fd243eadf09663511f96fc81e0720a4a42581f334ad4303aa6b?s=96&d=mm&r=g","caption":"Reda\u00e7\u00e3o"}}]}},"amp_enabled":true,"_links":{"self":[{"href":"https:\/\/www.notibras.com\/site\/wp-json\/wp\/v2\/posts\/62438","targetHints":{"allow":["GET"]}}],"collection":[{"href":"https:\/\/www.notibras.com\/site\/wp-json\/wp\/v2\/posts"}],"about":[{"href":"https:\/\/www.notibras.com\/site\/wp-json\/wp\/v2\/types\/post"}],"author":[{"embeddable":true,"href":"https:\/\/www.notibras.com\/site\/wp-json\/wp\/v2\/users\/2"}],"replies":[{"embeddable":true,"href":"https:\/\/www.notibras.com\/site\/wp-json\/wp\/v2\/comments?post=62438"}],"version-history":[{"count":4,"href":"https:\/\/www.notibras.com\/site\/wp-json\/wp\/v2\/posts\/62438\/revisions"}],"predecessor-version":[{"id":62443,"href":"https:\/\/www.notibras.com\/site\/wp-json\/wp\/v2\/posts\/62438\/revisions\/62443"}],"wp:featuredmedia":[{"embeddable":true,"href":"https:\/\/www.notibras.com\/site\/wp-json\/wp\/v2\/media\/62439"}],"wp:attachment":[{"href":"https:\/\/www.notibras.com\/site\/wp-json\/wp\/v2\/media?parent=62438"}],"wp:term":[{"taxonomy":"category","embeddable":true,"href":"https:\/\/www.notibras.com\/site\/wp-json\/wp\/v2\/categories?post=62438"},{"taxonomy":"post_tag","embeddable":true,"href":"https:\/\/www.notibras.com\/site\/wp-json\/wp\/v2\/tags?post=62438"}],"curies":[{"name":"wp","href":"https:\/\/api.w.org\/{rel}","templated":true}]}}