{"id":62494,"date":"2015-08-16T11:37:28","date_gmt":"2015-08-16T14:37:28","guid":{"rendered":"http:\/\/www.notibras.com\/site\/?p=62494"},"modified":"2015-08-18T19:39:51","modified_gmt":"2015-08-18T22:39:51","slug":"meio-ambiente-nao-pode-ficar-dependendo-da-boa-vontade-dos-governantes","status":"publish","type":"post","link":"https:\/\/www.notibras.com\/site\/meio-ambiente-nao-pode-ficar-dependendo-da-boa-vontade-dos-governantes\/","title":{"rendered":"Meio ambiente n\u00e3o pode depender da boa vontade dos nossos governantes"},"content":{"rendered":"<p>Criar um mundo alimentado por energia limpa, o que poder\u00e1 salvar todos n\u00f3s de uma cat\u00e1strofe ambiental, \u00e9 o principal desafio do nosso tempo e requer uma mudan\u00e7a radical em nossas economias.<\/p>\n<p>N\u00e3o podemos esperar sentados por nossos governantes: se n\u00e3o houver press\u00e3o popular, eles nunca ir\u00e3o longe o suficiente ou agir\u00e3o r\u00e1pido o suficiente. Quem come\u00e7a uma revolu\u00e7\u00e3o s\u00e3o as pessoas, n\u00e3o os pol\u00edticos.<\/p>\n<p>Para sobreviver ao s\u00e9culo 21, precisamos redescobrir o sentimento de solidariedade e prop\u00f3sito comum que foi o motor das revolu\u00e7\u00f5es ao longo da hist\u00f3ria. E, com isso, criar um movimento de massa que abra mais os olhos dos pol\u00edticos, aumentando sua compreens\u00e3o do que \u00e9 poss\u00edvel. Precisamos estar \u00e0 frente, n\u00e3o atr\u00e1s, e traz\u00ea-los conosco.<\/p>\n<p>Nos \u00faltimos anos, enquanto o abismo entre as evid\u00eancias cient\u00edficas e as a\u00e7\u00f5es tomadas pelos governantes se tornava ainda maior, o ceticismo em torno das mudan\u00e7as clim\u00e1ticas impregnou a sociedade civil. Para combater esse efeito, diversas organiza\u00e7\u00f5es apostaram alto no potencial da sociedade e convocaram a maior mobiliza\u00e7\u00e3o contra as mudan\u00e7as clim\u00e1ticas da hist\u00f3ria para trazer o debate \u00e0 tona novamente.<\/p>\n<p>E a ideia funcionou completamente. A mobiliza\u00e7\u00e3o mundial pelo clima em setembro do ano passado foi, sem sombra de d\u00favidas, um divisor de \u00e1guas. Quase 700 mil pessoas foram \u00e0s ruas: de longe, a maior mobiliza\u00e7\u00e3o contra as mudan\u00e7as clim\u00e1ticas j\u00e1 realizada.<\/p>\n<p>As marchas foram cheias de esperan\u00e7a, positividade e inclu\u00edram pessoas das mais variadas origens. Surpreendentemente, em todo o mundo, nenhuma pessoa foi presa. Milhares de organiza\u00e7\u00f5es, incluindo ambientalistas, religiosos e sindicatos, uniram-se para mostrar que as mudan\u00e7as clim\u00e1ticas n\u00e3o s\u00e3o mais uma quest\u00e3o que interessa apenas a quem \u00e9 &#8220;verde&#8221;, mas um problema de todos n\u00f3s.<\/p>\n<p>O impacto pol\u00edtico foi concreto. Dezenas de ministros e pol\u00edticos de alto escal\u00e3o se uniram \u00e0 marcha, assim como o secret\u00e1rio-geral da ONU, Ban Ki-moon. Pude ver em seus rostos perplexos com a multid\u00e3o: eles sabiam estar presenciando hist\u00f3ria. Durante a C\u00fapula da ONU no dia seguinte, a marcha foi citada por v\u00e1rios pol\u00edticos, que aproveitaram para manifestar a vontade por metas mais ambiciosas de redu\u00e7\u00e3o de emiss\u00f5es de carbono.<\/p>\n<p>Nos meses seguintes, ouvimos de especialistas que a Europa n\u00e3o adotaria de jeito nenhum a meta de &#8220;pelo menos 40%&#8221; de redu\u00e7\u00e3o das emiss\u00f5es de g\u00e1s carb\u00f4nico at\u00e9 2030. Mas ap\u00f3s campanhas cont\u00ednuas e por meio da iniciativa de alguns dos ministros que participaram da marcha, o acordo foi alcan\u00e7ado. Ent\u00e3o, os EUA e a China vieram a p\u00fablico e divulgaram metas surpreendentemente ambiciosas para reduzir suas emiss\u00f5es.<\/p>\n<p>A China se comprometeu a reduzir suas emiss\u00f5es a partir de 2030, um grande passo. O bom momento pol\u00edtico perdurou: um movimento global que pedia a retirada de investimentos em combust\u00edveis f\u00f3sseis pressionou a ind\u00fastria, grandes corpora\u00e7\u00f5es come\u00e7aram a adotar a energia limpa e o papa Francisco usou sua credibilidade a favor da quest\u00e3o. O movimento floresceu e novas mobiliza\u00e7\u00f5es diretas ressaltaram a urg\u00eancia do assunto.<\/p>\n<p>A C\u00fapula do Clima de Paris, em dezembro deste ano, ser\u00e1 a maior confer\u00eancia do mundo sobre o clima nesta d\u00e9cada. As negocia\u00e7\u00f5es em n\u00edvel global e nacional funcionam de maneira coordenada, influenciando a eleva\u00e7\u00e3o ou redu\u00e7\u00e3o das metas de emiss\u00e3o.<\/p>\n<p>Precisamos fazer de Paris o momento em que conquistamos o debate pol\u00edtico e o tornamos ainda maior. Uma maneira eficiente de fazer isso seria se o mundo inteiro, pela primeira vez, chegar a um acordo acerca de uma economia global &#8220;descarbonizada&#8221; e que funcione com energia limpa.<\/p>\n<p>Isso enviaria de imediato um sinal aos investidores \u2013 tanto aqueles que investem em energia limpa quanto os que investem em energias poluentes \u2013 de todas as partes do planeta e aceleraria o processo de transi\u00e7\u00e3o que j\u00e1 est\u00e1 acontecendo.<\/p>\n<p>A esperan\u00e7a est\u00e1 ganhando for\u00e7a e o momento \u00e9 ideal. Mas j\u00e1 estivemos nessa situa\u00e7\u00e3o antes. Tanto na C\u00fapula da Terra em 1992 quanto na cria\u00e7\u00e3o do Protocolo de Kyoto em 1997, o mundo inteiro deu passos \u00e0 frente, mas foi terrivelmente golpeado pela politicagem t\u00f3xica dos lobistas da ind\u00fastria de petr\u00f3leo e seus &#8220;estudos cient\u00edficos&#8221; falsos, que ajudam a fortalecer o ceticismo sobre as mudan\u00e7as clim\u00e1ticas<\/p>\n<p>A cada vez em que isso acontece, aumenta a dist\u00e2ncia entre o que tem sido feito e o que precisamos fazer para sobreviver. Precisamos de um movimento duradouro, que seja capaz de vencer e continuar vencendo, agora e nas d\u00e9cadas futuras.<\/p>\n<p>\u00c9 por isso que no 29 de novembro, um dia antes de os l\u00edderes mundiais chegarem a Paris, as pessoas ir\u00e3o \u00e0s ruas de todo o mundo para a Marcha Mundial do Clima para quebrar o recorde, estabelecido no ano passado, de maior mobiliza\u00e7\u00e3o da hist\u00f3ria da humanidade contra as mudan\u00e7as clim\u00e1ticas.<\/p>\n<p>Em milhares de cidades ao redor do planeta, nos reuniremos ou marcharemos por nossas comunidades e por aquelas que j\u00e1 sofrem os efeitos dessas mudan\u00e7as. Iremos \u00e0s ruas pelo futuro dos nossos filhos e netos, e por um mundo mais seguro e com energia limpa. Mostraremos aos pol\u00edticos que chegamos para ficar e estamos crescendo. E inspiraremos outras pessoas a se unirem ao movimento, no qual n\u00e3o h\u00e1 discrimina\u00e7\u00e3o e n\u00e3o \u00e9 preciso pedir licen\u00e7a.<\/p>\n<p>Todos est\u00e3o convidados n\u00e3o apenas a participar, mas tamb\u00e9m a organizar suas mobiliza\u00e7\u00f5es e assumir uma posi\u00e7\u00e3o de lideran\u00e7a. Porque para uma revolu\u00e7\u00e3o que transforme tudo, precisamos de todos. No dia 29 de novembro, marcharemos!<\/p>\n<p><strong>Ricken Patel<\/strong><\/p>\n","protected":false},"excerpt":{"rendered":"<p>Criar um mundo alimentado por energia limpa, o que poder\u00e1 salvar todos n\u00f3s de uma cat\u00e1strofe ambiental, \u00e9 o principal desafio do nosso tempo e requer uma mudan\u00e7a radical em nossas economias. N\u00e3o podemos esperar sentados por nossos governantes: se n\u00e3o houver press\u00e3o popular, eles nunca ir\u00e3o longe o suficiente ou agir\u00e3o r\u00e1pido o suficiente. [&hellip;]<\/p>\n","protected":false},"author":2,"featured_media":62495,"comment_status":"open","ping_status":"closed","sticky":false,"template":"","format":"standard","meta":{"_acf_changed":false,"footnotes":""},"categories":[25],"tags":[],"class_list":["post-62494","post","type-post","status-publish","format-standard","has-post-thumbnail","hentry","category-opina-ai"],"acf":[],"yoast_head":"<!-- This site is optimized with the Yoast SEO plugin v27.2 - https:\/\/yoast.com\/product\/yoast-seo-wordpress\/ -->\n<title>Meio ambiente n\u00e3o pode depender da boa vontade dos nossos governantes - Notibras<\/title>\n<meta name=\"robots\" content=\"index, follow, max-snippet:-1, max-image-preview:large, max-video-preview:-1\" \/>\n<link rel=\"canonical\" href=\"https:\/\/www.notibras.com\/site\/meio-ambiente-nao-pode-ficar-dependendo-da-boa-vontade-dos-governantes\/\" \/>\n<meta property=\"og:locale\" content=\"pt_BR\" \/>\n<meta property=\"og:type\" content=\"article\" \/>\n<meta property=\"og:title\" content=\"Meio ambiente n\u00e3o pode depender da boa vontade dos nossos governantes - Notibras\" \/>\n<meta property=\"og:description\" content=\"Criar um mundo alimentado por energia limpa, o que poder\u00e1 salvar todos n\u00f3s de uma cat\u00e1strofe ambiental, \u00e9 o principal desafio do nosso tempo e requer uma mudan\u00e7a radical em nossas economias. N\u00e3o podemos esperar sentados por nossos governantes: se n\u00e3o houver press\u00e3o popular, eles nunca ir\u00e3o longe o suficiente ou agir\u00e3o r\u00e1pido o suficiente. [&hellip;]\" \/>\n<meta property=\"og:url\" content=\"https:\/\/www.notibras.com\/site\/meio-ambiente-nao-pode-ficar-dependendo-da-boa-vontade-dos-governantes\/\" \/>\n<meta property=\"og:site_name\" content=\"Notibras\" \/>\n<meta property=\"article:publisher\" content=\"https:\/\/www.facebook.com\/notibras\/\" \/>\n<meta property=\"article:published_time\" content=\"2015-08-16T14:37:28+00:00\" \/>\n<meta property=\"article:modified_time\" content=\"2015-08-18T22:39:51+00:00\" \/>\n<meta property=\"og:image\" content=\"https:\/\/www.notibras.com\/site\/wp-content\/uploads\/2015\/08\/meio-ambiente.jpg\" \/>\n\t<meta property=\"og:image:width\" content=\"780\" \/>\n\t<meta property=\"og:image:height\" content=\"580\" \/>\n\t<meta property=\"og:image:type\" content=\"image\/jpeg\" \/>\n<meta name=\"author\" content=\"Reda\u00e7\u00e3o\" \/>\n<meta name=\"twitter:card\" content=\"summary_large_image\" \/>\n<meta name=\"twitter:creator\" content=\"@Notibras\" \/>\n<meta name=\"twitter:site\" content=\"@Notibras\" \/>\n<meta name=\"twitter:label1\" content=\"Escrito por\" \/>\n\t<meta name=\"twitter:data1\" content=\"Reda\u00e7\u00e3o\" \/>\n\t<meta name=\"twitter:label2\" content=\"Est. tempo de leitura\" \/>\n\t<meta name=\"twitter:data2\" content=\"5 minutos\" \/>\n<script type=\"application\/ld+json\" class=\"yoast-schema-graph\">{\"@context\":\"https:\/\/schema.org\",\"@graph\":[{\"@type\":\"Article\",\"@id\":\"https:\/\/www.notibras.com\/site\/meio-ambiente-nao-pode-ficar-dependendo-da-boa-vontade-dos-governantes\/#article\",\"isPartOf\":{\"@id\":\"https:\/\/www.notibras.com\/site\/meio-ambiente-nao-pode-ficar-dependendo-da-boa-vontade-dos-governantes\/\"},\"author\":{\"name\":\"Reda\u00e7\u00e3o\",\"@id\":\"https:\/\/www.notibras.com\/site\/#\/schema\/person\/36ab0979449956132d3e5b517ea76ac8\"},\"headline\":\"Meio ambiente n\u00e3o pode depender da boa vontade dos nossos governantes\",\"datePublished\":\"2015-08-16T14:37:28+00:00\",\"dateModified\":\"2015-08-18T22:39:51+00:00\",\"mainEntityOfPage\":{\"@id\":\"https:\/\/www.notibras.com\/site\/meio-ambiente-nao-pode-ficar-dependendo-da-boa-vontade-dos-governantes\/\"},\"wordCount\":996,\"commentCount\":0,\"publisher\":{\"@id\":\"https:\/\/www.notibras.com\/site\/#organization\"},\"image\":{\"@id\":\"https:\/\/www.notibras.com\/site\/meio-ambiente-nao-pode-ficar-dependendo-da-boa-vontade-dos-governantes\/#primaryimage\"},\"thumbnailUrl\":\"https:\/\/www.notibras.com\/site\/wp-content\/uploads\/2015\/08\/meio-ambiente.jpg\",\"articleSection\":[\"Opina a\u00ed\"],\"inLanguage\":\"pt-BR\",\"potentialAction\":[{\"@type\":\"CommentAction\",\"name\":\"Comment\",\"target\":[\"https:\/\/www.notibras.com\/site\/meio-ambiente-nao-pode-ficar-dependendo-da-boa-vontade-dos-governantes\/#respond\"]}]},{\"@type\":\"WebPage\",\"@id\":\"https:\/\/www.notibras.com\/site\/meio-ambiente-nao-pode-ficar-dependendo-da-boa-vontade-dos-governantes\/\",\"url\":\"https:\/\/www.notibras.com\/site\/meio-ambiente-nao-pode-ficar-dependendo-da-boa-vontade-dos-governantes\/\",\"name\":\"Meio ambiente n\u00e3o pode depender da boa vontade dos nossos governantes - Notibras\",\"isPartOf\":{\"@id\":\"https:\/\/www.notibras.com\/site\/#website\"},\"primaryImageOfPage\":{\"@id\":\"https:\/\/www.notibras.com\/site\/meio-ambiente-nao-pode-ficar-dependendo-da-boa-vontade-dos-governantes\/#primaryimage\"},\"image\":{\"@id\":\"https:\/\/www.notibras.com\/site\/meio-ambiente-nao-pode-ficar-dependendo-da-boa-vontade-dos-governantes\/#primaryimage\"},\"thumbnailUrl\":\"https:\/\/www.notibras.com\/site\/wp-content\/uploads\/2015\/08\/meio-ambiente.jpg\",\"datePublished\":\"2015-08-16T14:37:28+00:00\",\"dateModified\":\"2015-08-18T22:39:51+00:00\",\"breadcrumb\":{\"@id\":\"https:\/\/www.notibras.com\/site\/meio-ambiente-nao-pode-ficar-dependendo-da-boa-vontade-dos-governantes\/#breadcrumb\"},\"inLanguage\":\"pt-BR\",\"potentialAction\":[{\"@type\":\"ReadAction\",\"target\":[\"https:\/\/www.notibras.com\/site\/meio-ambiente-nao-pode-ficar-dependendo-da-boa-vontade-dos-governantes\/\"]}]},{\"@type\":\"ImageObject\",\"inLanguage\":\"pt-BR\",\"@id\":\"https:\/\/www.notibras.com\/site\/meio-ambiente-nao-pode-ficar-dependendo-da-boa-vontade-dos-governantes\/#primaryimage\",\"url\":\"https:\/\/www.notibras.com\/site\/wp-content\/uploads\/2015\/08\/meio-ambiente.jpg\",\"contentUrl\":\"https:\/\/www.notibras.com\/site\/wp-content\/uploads\/2015\/08\/meio-ambiente.jpg\",\"width\":780,\"height\":580},{\"@type\":\"BreadcrumbList\",\"@id\":\"https:\/\/www.notibras.com\/site\/meio-ambiente-nao-pode-ficar-dependendo-da-boa-vontade-dos-governantes\/#breadcrumb\",\"itemListElement\":[{\"@type\":\"ListItem\",\"position\":1,\"name\":\"In\u00edcio\",\"item\":\"https:\/\/www.notibras.com\/site\/\"},{\"@type\":\"ListItem\",\"position\":2,\"name\":\"Meio ambiente n\u00e3o pode depender da boa vontade dos nossos governantes\"}]},{\"@type\":\"WebSite\",\"@id\":\"https:\/\/www.notibras.com\/site\/#website\",\"url\":\"https:\/\/www.notibras.com\/site\/\",\"name\":\"Notibras\",\"description\":\"Not\u00edcias de Bras\u00edlia, do Brasil e do Mundo\",\"publisher\":{\"@id\":\"https:\/\/www.notibras.com\/site\/#organization\"},\"potentialAction\":[{\"@type\":\"SearchAction\",\"target\":{\"@type\":\"EntryPoint\",\"urlTemplate\":\"https:\/\/www.notibras.com\/site\/?s={search_term_string}\"},\"query-input\":{\"@type\":\"PropertyValueSpecification\",\"valueRequired\":true,\"valueName\":\"search_term_string\"}}],\"inLanguage\":\"pt-BR\"},{\"@type\":\"Organization\",\"@id\":\"https:\/\/www.notibras.com\/site\/#organization\",\"name\":\"Grupo Notibras de Comunica\u00e7\u00e3o\",\"url\":\"https:\/\/www.notibras.com\/site\/\",\"logo\":{\"@type\":\"ImageObject\",\"inLanguage\":\"pt-BR\",\"@id\":\"https:\/\/www.notibras.com\/site\/#\/schema\/logo\/image\/\",\"url\":\"https:\/\/www.notibras.com\/site\/wp-content\/uploads\/2023\/01\/notibras23.png\",\"contentUrl\":\"https:\/\/www.notibras.com\/site\/wp-content\/uploads\/2023\/01\/notibras23.png\",\"width\":350,\"height\":87,\"caption\":\"Grupo Notibras de Comunica\u00e7\u00e3o\"},\"image\":{\"@id\":\"https:\/\/www.notibras.com\/site\/#\/schema\/logo\/image\/\"},\"sameAs\":[\"https:\/\/www.facebook.com\/notibras\/\",\"https:\/\/x.com\/Notibras\",\"https:\/\/www.instagram.com\/notibras\/\"]},{\"@type\":\"Person\",\"@id\":\"https:\/\/www.notibras.com\/site\/#\/schema\/person\/36ab0979449956132d3e5b517ea76ac8\",\"name\":\"Reda\u00e7\u00e3o\",\"image\":{\"@type\":\"ImageObject\",\"inLanguage\":\"pt-BR\",\"@id\":\"https:\/\/secure.gravatar.com\/avatar\/e0a867bdedb85fd243eadf09663511f96fc81e0720a4a42581f334ad4303aa6b?s=96&d=mm&r=g\",\"url\":\"https:\/\/secure.gravatar.com\/avatar\/e0a867bdedb85fd243eadf09663511f96fc81e0720a4a42581f334ad4303aa6b?s=96&d=mm&r=g\",\"contentUrl\":\"https:\/\/secure.gravatar.com\/avatar\/e0a867bdedb85fd243eadf09663511f96fc81e0720a4a42581f334ad4303aa6b?s=96&d=mm&r=g\",\"caption\":\"Reda\u00e7\u00e3o\"}}]}<\/script>\n<!-- \/ Yoast SEO plugin. -->","yoast_head_json":{"title":"Meio ambiente n\u00e3o pode depender da boa vontade dos nossos governantes - Notibras","robots":{"index":"index","follow":"follow","max-snippet":"max-snippet:-1","max-image-preview":"max-image-preview:large","max-video-preview":"max-video-preview:-1"},"canonical":"https:\/\/www.notibras.com\/site\/meio-ambiente-nao-pode-ficar-dependendo-da-boa-vontade-dos-governantes\/","og_locale":"pt_BR","og_type":"article","og_title":"Meio ambiente n\u00e3o pode depender da boa vontade dos nossos governantes - Notibras","og_description":"Criar um mundo alimentado por energia limpa, o que poder\u00e1 salvar todos n\u00f3s de uma cat\u00e1strofe ambiental, \u00e9 o principal desafio do nosso tempo e requer uma mudan\u00e7a radical em nossas economias. N\u00e3o podemos esperar sentados por nossos governantes: se n\u00e3o houver press\u00e3o popular, eles nunca ir\u00e3o longe o suficiente ou agir\u00e3o r\u00e1pido o suficiente. [&hellip;]","og_url":"https:\/\/www.notibras.com\/site\/meio-ambiente-nao-pode-ficar-dependendo-da-boa-vontade-dos-governantes\/","og_site_name":"Notibras","article_publisher":"https:\/\/www.facebook.com\/notibras\/","article_published_time":"2015-08-16T14:37:28+00:00","article_modified_time":"2015-08-18T22:39:51+00:00","og_image":[{"width":780,"height":580,"url":"https:\/\/www.notibras.com\/site\/wp-content\/uploads\/2015\/08\/meio-ambiente.jpg","type":"image\/jpeg"}],"author":"Reda\u00e7\u00e3o","twitter_card":"summary_large_image","twitter_creator":"@Notibras","twitter_site":"@Notibras","twitter_misc":{"Escrito por":"Reda\u00e7\u00e3o","Est. tempo de leitura":"5 minutos"},"schema":{"@context":"https:\/\/schema.org","@graph":[{"@type":"Article","@id":"https:\/\/www.notibras.com\/site\/meio-ambiente-nao-pode-ficar-dependendo-da-boa-vontade-dos-governantes\/#article","isPartOf":{"@id":"https:\/\/www.notibras.com\/site\/meio-ambiente-nao-pode-ficar-dependendo-da-boa-vontade-dos-governantes\/"},"author":{"name":"Reda\u00e7\u00e3o","@id":"https:\/\/www.notibras.com\/site\/#\/schema\/person\/36ab0979449956132d3e5b517ea76ac8"},"headline":"Meio ambiente n\u00e3o pode depender da boa vontade dos nossos governantes","datePublished":"2015-08-16T14:37:28+00:00","dateModified":"2015-08-18T22:39:51+00:00","mainEntityOfPage":{"@id":"https:\/\/www.notibras.com\/site\/meio-ambiente-nao-pode-ficar-dependendo-da-boa-vontade-dos-governantes\/"},"wordCount":996,"commentCount":0,"publisher":{"@id":"https:\/\/www.notibras.com\/site\/#organization"},"image":{"@id":"https:\/\/www.notibras.com\/site\/meio-ambiente-nao-pode-ficar-dependendo-da-boa-vontade-dos-governantes\/#primaryimage"},"thumbnailUrl":"https:\/\/www.notibras.com\/site\/wp-content\/uploads\/2015\/08\/meio-ambiente.jpg","articleSection":["Opina a\u00ed"],"inLanguage":"pt-BR","potentialAction":[{"@type":"CommentAction","name":"Comment","target":["https:\/\/www.notibras.com\/site\/meio-ambiente-nao-pode-ficar-dependendo-da-boa-vontade-dos-governantes\/#respond"]}]},{"@type":"WebPage","@id":"https:\/\/www.notibras.com\/site\/meio-ambiente-nao-pode-ficar-dependendo-da-boa-vontade-dos-governantes\/","url":"https:\/\/www.notibras.com\/site\/meio-ambiente-nao-pode-ficar-dependendo-da-boa-vontade-dos-governantes\/","name":"Meio ambiente n\u00e3o pode depender da boa vontade dos nossos governantes - Notibras","isPartOf":{"@id":"https:\/\/www.notibras.com\/site\/#website"},"primaryImageOfPage":{"@id":"https:\/\/www.notibras.com\/site\/meio-ambiente-nao-pode-ficar-dependendo-da-boa-vontade-dos-governantes\/#primaryimage"},"image":{"@id":"https:\/\/www.notibras.com\/site\/meio-ambiente-nao-pode-ficar-dependendo-da-boa-vontade-dos-governantes\/#primaryimage"},"thumbnailUrl":"https:\/\/www.notibras.com\/site\/wp-content\/uploads\/2015\/08\/meio-ambiente.jpg","datePublished":"2015-08-16T14:37:28+00:00","dateModified":"2015-08-18T22:39:51+00:00","breadcrumb":{"@id":"https:\/\/www.notibras.com\/site\/meio-ambiente-nao-pode-ficar-dependendo-da-boa-vontade-dos-governantes\/#breadcrumb"},"inLanguage":"pt-BR","potentialAction":[{"@type":"ReadAction","target":["https:\/\/www.notibras.com\/site\/meio-ambiente-nao-pode-ficar-dependendo-da-boa-vontade-dos-governantes\/"]}]},{"@type":"ImageObject","inLanguage":"pt-BR","@id":"https:\/\/www.notibras.com\/site\/meio-ambiente-nao-pode-ficar-dependendo-da-boa-vontade-dos-governantes\/#primaryimage","url":"https:\/\/www.notibras.com\/site\/wp-content\/uploads\/2015\/08\/meio-ambiente.jpg","contentUrl":"https:\/\/www.notibras.com\/site\/wp-content\/uploads\/2015\/08\/meio-ambiente.jpg","width":780,"height":580},{"@type":"BreadcrumbList","@id":"https:\/\/www.notibras.com\/site\/meio-ambiente-nao-pode-ficar-dependendo-da-boa-vontade-dos-governantes\/#breadcrumb","itemListElement":[{"@type":"ListItem","position":1,"name":"In\u00edcio","item":"https:\/\/www.notibras.com\/site\/"},{"@type":"ListItem","position":2,"name":"Meio ambiente n\u00e3o pode depender da boa vontade dos nossos governantes"}]},{"@type":"WebSite","@id":"https:\/\/www.notibras.com\/site\/#website","url":"https:\/\/www.notibras.com\/site\/","name":"Notibras","description":"Not\u00edcias de Bras\u00edlia, do Brasil e do Mundo","publisher":{"@id":"https:\/\/www.notibras.com\/site\/#organization"},"potentialAction":[{"@type":"SearchAction","target":{"@type":"EntryPoint","urlTemplate":"https:\/\/www.notibras.com\/site\/?s={search_term_string}"},"query-input":{"@type":"PropertyValueSpecification","valueRequired":true,"valueName":"search_term_string"}}],"inLanguage":"pt-BR"},{"@type":"Organization","@id":"https:\/\/www.notibras.com\/site\/#organization","name":"Grupo Notibras de Comunica\u00e7\u00e3o","url":"https:\/\/www.notibras.com\/site\/","logo":{"@type":"ImageObject","inLanguage":"pt-BR","@id":"https:\/\/www.notibras.com\/site\/#\/schema\/logo\/image\/","url":"https:\/\/www.notibras.com\/site\/wp-content\/uploads\/2023\/01\/notibras23.png","contentUrl":"https:\/\/www.notibras.com\/site\/wp-content\/uploads\/2023\/01\/notibras23.png","width":350,"height":87,"caption":"Grupo Notibras de Comunica\u00e7\u00e3o"},"image":{"@id":"https:\/\/www.notibras.com\/site\/#\/schema\/logo\/image\/"},"sameAs":["https:\/\/www.facebook.com\/notibras\/","https:\/\/x.com\/Notibras","https:\/\/www.instagram.com\/notibras\/"]},{"@type":"Person","@id":"https:\/\/www.notibras.com\/site\/#\/schema\/person\/36ab0979449956132d3e5b517ea76ac8","name":"Reda\u00e7\u00e3o","image":{"@type":"ImageObject","inLanguage":"pt-BR","@id":"https:\/\/secure.gravatar.com\/avatar\/e0a867bdedb85fd243eadf09663511f96fc81e0720a4a42581f334ad4303aa6b?s=96&d=mm&r=g","url":"https:\/\/secure.gravatar.com\/avatar\/e0a867bdedb85fd243eadf09663511f96fc81e0720a4a42581f334ad4303aa6b?s=96&d=mm&r=g","contentUrl":"https:\/\/secure.gravatar.com\/avatar\/e0a867bdedb85fd243eadf09663511f96fc81e0720a4a42581f334ad4303aa6b?s=96&d=mm&r=g","caption":"Reda\u00e7\u00e3o"}}]}},"amp_enabled":true,"_links":{"self":[{"href":"https:\/\/www.notibras.com\/site\/wp-json\/wp\/v2\/posts\/62494","targetHints":{"allow":["GET"]}}],"collection":[{"href":"https:\/\/www.notibras.com\/site\/wp-json\/wp\/v2\/posts"}],"about":[{"href":"https:\/\/www.notibras.com\/site\/wp-json\/wp\/v2\/types\/post"}],"author":[{"embeddable":true,"href":"https:\/\/www.notibras.com\/site\/wp-json\/wp\/v2\/users\/2"}],"replies":[{"embeddable":true,"href":"https:\/\/www.notibras.com\/site\/wp-json\/wp\/v2\/comments?post=62494"}],"version-history":[{"count":4,"href":"https:\/\/www.notibras.com\/site\/wp-json\/wp\/v2\/posts\/62494\/revisions"}],"predecessor-version":[{"id":62946,"href":"https:\/\/www.notibras.com\/site\/wp-json\/wp\/v2\/posts\/62494\/revisions\/62946"}],"wp:featuredmedia":[{"embeddable":true,"href":"https:\/\/www.notibras.com\/site\/wp-json\/wp\/v2\/media\/62495"}],"wp:attachment":[{"href":"https:\/\/www.notibras.com\/site\/wp-json\/wp\/v2\/media?parent=62494"}],"wp:term":[{"taxonomy":"category","embeddable":true,"href":"https:\/\/www.notibras.com\/site\/wp-json\/wp\/v2\/categories?post=62494"},{"taxonomy":"post_tag","embeddable":true,"href":"https:\/\/www.notibras.com\/site\/wp-json\/wp\/v2\/tags?post=62494"}],"curies":[{"name":"wp","href":"https:\/\/api.w.org\/{rel}","templated":true}]}}