{"id":62504,"date":"2015-08-16T13:13:14","date_gmt":"2015-08-16T16:13:14","guid":{"rendered":"http:\/\/www.notibras.com\/site\/?p=62504"},"modified":"2015-08-16T19:08:00","modified_gmt":"2015-08-16T22:08:00","slug":"palmeiras-volta-a-sorrir-com-goleada-de-4-a-2-no-flamengo","status":"publish","type":"post","link":"https:\/\/www.notibras.com\/site\/palmeiras-volta-a-sorrir-com-goleada-de-4-a-2-no-flamengo\/","title":{"rendered":"Palmeiras volta a brilhar e anima torcida com uma goleada de 4 a 2 no Mengo"},"content":{"rendered":"<p>Palmeiras e Flamengo travaram um duelo franco, ofensivo no Allianz Parque, neste domingo, mas quem se deu melhor foi o Porco em cima do Urubu: no final, 4 a 2 para os donos da casa. O\u00a0alviverde saiu na frente, levou a virada, conseguiu virar novamente o jogo e saiu com a vit\u00f3ria por 4 a 2. A parceria entre Alecsandro e Dudu apareceu no segundo tempo &#8211; os dois foram fundamentais na recupera\u00e7\u00e3o.<\/p>\n<p>Al\u00e9m do \u00f3timo espet\u00e1culo, o torcedor que compareceu \u00e0 casa palmeirense p\u00f4de comemorar o fim do princ\u00edpio de crise que assolou sua equipe: com o resultado, encerrou a sequ\u00eancia de tr\u00eas derrotas e foi a 31 pontos. A rea\u00e7\u00e3o em um momento de adversidade com uma virada deve dar confian\u00e7a para o segundo turno do Brasileir\u00e3o, e deixa os comandados de Marcelo Oliveira na quarta posi\u00e7\u00e3o, com chances de terminar o turno no G4.<\/p>\n<p>O Flamengo esteve melhor durante boa parte do jogo, teve o dom\u00ednio e chances de definir o resultado. N\u00e3o aproveitou, vacilou na defesa e foi duramente castigado. Agora, fica com os mesmos 23 pontos.<\/p>\n<p>Os primeiros minutos de partida foram particularmente feios: muitas divididas, bate e rebate no meio de campo e chut\u00f5es. O gol, por\u00e9m, saiu cedo, na bola parada: logo aos seis minutos, Z\u00e9 Roberto cobrou escanteio e Jackson testou para as redes. 1 a 0 e festa da torcida do Palmeiras no Allianz Parque. O Flamengo tentou ir para o ataque, e por pouco n\u00e3o empatou. Jackson vacilou feio e entregou de gra\u00e7a para Guerrero; o peruano dividiu com Prass e caiu, pedindo p\u00eanalti, mas a arbitragem mandou seguir.<\/p>\n<p>Os paulistas assustaram uma vez com cabe\u00e7ada de Rafael Marques, para fora; os cariocas deram o troco com Guerrero, tamb\u00e9m de cabe\u00e7a &#8211; Prass fez uma defesa\u00e7a. O apito soou para o intervalo com o alviverde em vantagem, mas deixando o Fla com a bola no campo de ataque.<\/p>\n<p>O Flamengo voltou para a segunda etapa pressionado, e assustou logo nos primeiros minutos. Em dois lances pela esquerda, a bola foi cruzada na \u00e1rea e a defesa conseguiu afastar depois de um perigoso bate e rebate. N\u00e3o teve jeito: o merecido gol saiu aos cinco minutos: Sheik encontrou Ederson dentro da \u00e1rea, e o camisa 10 n\u00e3o perdoou. 1 a 1. A virada quase veio em seguida: Emerson, bem no jogo, acertou o travess\u00e3o ap\u00f3s cruzamento da direita. Na sequ\u00eancia, Ederson voltou a aparecer, dessa vez de cabe\u00e7a, com muita liberdade: 2 a 1 Flamengo.<\/p>\n<p>O jogo ficou eletrizante: para tentar reverter o resultado, Marcela Oliveira colocou Cleiton Xavier &#8211; no primeiro lance o meia cabeceou, a bola bateu no peito de Samir e entrou &#8211; tudo empatado outra vez. O jogo ainda guardava mais emo\u00e7\u00f5es: depois de parecer derrotado, o Palmeiras acordou: em bela tabela na entrada da \u00e1rea, Dudu invadiu a \u00e1rea e recolocou os do nos da casa em vantagem fuzilando o gol de C\u00e9sar.A partir da\u00ed tudo mudou, e o alviverde cresceu: o quarto gol veio com Alecsandro, aproveitando falha da zaga flamenguista: 4 a 2, e o primeiro gol do centroavante com a camisa verde. N\u00fameros finais de um belo jogo de futebol no Allianz Parque.<\/p>\n","protected":false},"excerpt":{"rendered":"<p>Palmeiras e Flamengo travaram um duelo franco, ofensivo no Allianz Parque, neste domingo, mas quem se deu melhor foi o Porco em cima do Urubu: no final, 4 a 2 para os donos da casa. O\u00a0alviverde saiu na frente, levou a virada, conseguiu virar novamente o jogo e saiu com a vit\u00f3ria por 4 a [&hellip;]<\/p>\n","protected":false},"author":2,"featured_media":62505,"comment_status":"open","ping_status":"closed","sticky":false,"template":"","format":"standard","meta":{"_acf_changed":false,"footnotes":""},"categories":[29],"tags":[],"class_list":["post-62504","post","type-post","status-publish","format-standard","has-post-thumbnail","hentry","category-futebol"],"acf":[],"yoast_head":"<!-- This site is optimized with the Yoast SEO plugin v27.2 - https:\/\/yoast.com\/product\/yoast-seo-wordpress\/ -->\n<title>Palmeiras volta a brilhar e anima torcida com uma goleada de 4 a 2 no Mengo - Notibras<\/title>\n<meta name=\"robots\" content=\"index, follow, max-snippet:-1, max-image-preview:large, max-video-preview:-1\" \/>\n<link rel=\"canonical\" href=\"https:\/\/www.notibras.com\/site\/palmeiras-volta-a-sorrir-com-goleada-de-4-a-2-no-flamengo\/\" \/>\n<meta property=\"og:locale\" content=\"pt_BR\" \/>\n<meta property=\"og:type\" content=\"article\" \/>\n<meta property=\"og:title\" content=\"Palmeiras volta a brilhar e anima torcida com uma goleada de 4 a 2 no Mengo - Notibras\" \/>\n<meta property=\"og:description\" content=\"Palmeiras e Flamengo travaram um duelo franco, ofensivo no Allianz Parque, neste domingo, mas quem se deu melhor foi o Porco em cima do Urubu: no final, 4 a 2 para os donos da casa. O\u00a0alviverde saiu na frente, levou a virada, conseguiu virar novamente o jogo e saiu com a vit\u00f3ria por 4 a [&hellip;]\" \/>\n<meta property=\"og:url\" content=\"https:\/\/www.notibras.com\/site\/palmeiras-volta-a-sorrir-com-goleada-de-4-a-2-no-flamengo\/\" \/>\n<meta property=\"og:site_name\" content=\"Notibras\" \/>\n<meta property=\"article:publisher\" content=\"https:\/\/www.facebook.com\/notibras\/\" \/>\n<meta property=\"article:published_time\" content=\"2015-08-16T16:13:14+00:00\" \/>\n<meta property=\"article:modified_time\" content=\"2015-08-16T22:08:00+00:00\" \/>\n<meta property=\"og:image\" content=\"https:\/\/www.notibras.com\/site\/wp-content\/uploads\/2015\/08\/Campeonato-Brasileiro-Palmeiras-Reginaldo-CastroLANCEPress_LANIMA20150816_0029_30.jpg\" \/>\n\t<meta property=\"og:image:width\" content=\"527\" \/>\n\t<meta property=\"og:image:height\" content=\"307\" \/>\n\t<meta property=\"og:image:type\" content=\"image\/jpeg\" \/>\n<meta name=\"author\" content=\"Reda\u00e7\u00e3o\" \/>\n<meta name=\"twitter:card\" content=\"summary_large_image\" \/>\n<meta name=\"twitter:creator\" content=\"@Notibras\" \/>\n<meta name=\"twitter:site\" content=\"@Notibras\" \/>\n<meta name=\"twitter:label1\" content=\"Escrito por\" \/>\n\t<meta name=\"twitter:data1\" content=\"Reda\u00e7\u00e3o\" \/>\n\t<meta name=\"twitter:label2\" content=\"Est. tempo de leitura\" \/>\n\t<meta name=\"twitter:data2\" content=\"3 minutos\" \/>\n<script type=\"application\/ld+json\" class=\"yoast-schema-graph\">{\"@context\":\"https:\/\/schema.org\",\"@graph\":[{\"@type\":\"Article\",\"@id\":\"https:\/\/www.notibras.com\/site\/palmeiras-volta-a-sorrir-com-goleada-de-4-a-2-no-flamengo\/#article\",\"isPartOf\":{\"@id\":\"https:\/\/www.notibras.com\/site\/palmeiras-volta-a-sorrir-com-goleada-de-4-a-2-no-flamengo\/\"},\"author\":{\"name\":\"Reda\u00e7\u00e3o\",\"@id\":\"https:\/\/www.notibras.com\/site\/#\/schema\/person\/36ab0979449956132d3e5b517ea76ac8\"},\"headline\":\"Palmeiras volta a brilhar e anima torcida com uma goleada de 4 a 2 no Mengo\",\"datePublished\":\"2015-08-16T16:13:14+00:00\",\"dateModified\":\"2015-08-16T22:08:00+00:00\",\"mainEntityOfPage\":{\"@id\":\"https:\/\/www.notibras.com\/site\/palmeiras-volta-a-sorrir-com-goleada-de-4-a-2-no-flamengo\/\"},\"wordCount\":562,\"commentCount\":0,\"publisher\":{\"@id\":\"https:\/\/www.notibras.com\/site\/#organization\"},\"image\":{\"@id\":\"https:\/\/www.notibras.com\/site\/palmeiras-volta-a-sorrir-com-goleada-de-4-a-2-no-flamengo\/#primaryimage\"},\"thumbnailUrl\":\"https:\/\/www.notibras.com\/site\/wp-content\/uploads\/2015\/08\/Campeonato-Brasileiro-Palmeiras-Reginaldo-CastroLANCEPress_LANIMA20150816_0029_30.jpg\",\"articleSection\":[\"Futebol\"],\"inLanguage\":\"pt-BR\",\"potentialAction\":[{\"@type\":\"CommentAction\",\"name\":\"Comment\",\"target\":[\"https:\/\/www.notibras.com\/site\/palmeiras-volta-a-sorrir-com-goleada-de-4-a-2-no-flamengo\/#respond\"]}]},{\"@type\":\"WebPage\",\"@id\":\"https:\/\/www.notibras.com\/site\/palmeiras-volta-a-sorrir-com-goleada-de-4-a-2-no-flamengo\/\",\"url\":\"https:\/\/www.notibras.com\/site\/palmeiras-volta-a-sorrir-com-goleada-de-4-a-2-no-flamengo\/\",\"name\":\"Palmeiras volta a brilhar e anima torcida com uma goleada de 4 a 2 no Mengo - Notibras\",\"isPartOf\":{\"@id\":\"https:\/\/www.notibras.com\/site\/#website\"},\"primaryImageOfPage\":{\"@id\":\"https:\/\/www.notibras.com\/site\/palmeiras-volta-a-sorrir-com-goleada-de-4-a-2-no-flamengo\/#primaryimage\"},\"image\":{\"@id\":\"https:\/\/www.notibras.com\/site\/palmeiras-volta-a-sorrir-com-goleada-de-4-a-2-no-flamengo\/#primaryimage\"},\"thumbnailUrl\":\"https:\/\/www.notibras.com\/site\/wp-content\/uploads\/2015\/08\/Campeonato-Brasileiro-Palmeiras-Reginaldo-CastroLANCEPress_LANIMA20150816_0029_30.jpg\",\"datePublished\":\"2015-08-16T16:13:14+00:00\",\"dateModified\":\"2015-08-16T22:08:00+00:00\",\"breadcrumb\":{\"@id\":\"https:\/\/www.notibras.com\/site\/palmeiras-volta-a-sorrir-com-goleada-de-4-a-2-no-flamengo\/#breadcrumb\"},\"inLanguage\":\"pt-BR\",\"potentialAction\":[{\"@type\":\"ReadAction\",\"target\":[\"https:\/\/www.notibras.com\/site\/palmeiras-volta-a-sorrir-com-goleada-de-4-a-2-no-flamengo\/\"]}]},{\"@type\":\"ImageObject\",\"inLanguage\":\"pt-BR\",\"@id\":\"https:\/\/www.notibras.com\/site\/palmeiras-volta-a-sorrir-com-goleada-de-4-a-2-no-flamengo\/#primaryimage\",\"url\":\"https:\/\/www.notibras.com\/site\/wp-content\/uploads\/2015\/08\/Campeonato-Brasileiro-Palmeiras-Reginaldo-CastroLANCEPress_LANIMA20150816_0029_30.jpg\",\"contentUrl\":\"https:\/\/www.notibras.com\/site\/wp-content\/uploads\/2015\/08\/Campeonato-Brasileiro-Palmeiras-Reginaldo-CastroLANCEPress_LANIMA20150816_0029_30.jpg\",\"width\":527,\"height\":307},{\"@type\":\"BreadcrumbList\",\"@id\":\"https:\/\/www.notibras.com\/site\/palmeiras-volta-a-sorrir-com-goleada-de-4-a-2-no-flamengo\/#breadcrumb\",\"itemListElement\":[{\"@type\":\"ListItem\",\"position\":1,\"name\":\"In\u00edcio\",\"item\":\"https:\/\/www.notibras.com\/site\/\"},{\"@type\":\"ListItem\",\"position\":2,\"name\":\"Palmeiras volta a brilhar e anima torcida com uma goleada de 4 a 2 no Mengo\"}]},{\"@type\":\"WebSite\",\"@id\":\"https:\/\/www.notibras.com\/site\/#website\",\"url\":\"https:\/\/www.notibras.com\/site\/\",\"name\":\"Notibras\",\"description\":\"Not\u00edcias de Bras\u00edlia, do Brasil e do Mundo\",\"publisher\":{\"@id\":\"https:\/\/www.notibras.com\/site\/#organization\"},\"potentialAction\":[{\"@type\":\"SearchAction\",\"target\":{\"@type\":\"EntryPoint\",\"urlTemplate\":\"https:\/\/www.notibras.com\/site\/?s={search_term_string}\"},\"query-input\":{\"@type\":\"PropertyValueSpecification\",\"valueRequired\":true,\"valueName\":\"search_term_string\"}}],\"inLanguage\":\"pt-BR\"},{\"@type\":\"Organization\",\"@id\":\"https:\/\/www.notibras.com\/site\/#organization\",\"name\":\"Grupo Notibras de Comunica\u00e7\u00e3o\",\"url\":\"https:\/\/www.notibras.com\/site\/\",\"logo\":{\"@type\":\"ImageObject\",\"inLanguage\":\"pt-BR\",\"@id\":\"https:\/\/www.notibras.com\/site\/#\/schema\/logo\/image\/\",\"url\":\"https:\/\/www.notibras.com\/site\/wp-content\/uploads\/2023\/01\/notibras23.png\",\"contentUrl\":\"https:\/\/www.notibras.com\/site\/wp-content\/uploads\/2023\/01\/notibras23.png\",\"width\":350,\"height\":87,\"caption\":\"Grupo Notibras de Comunica\u00e7\u00e3o\"},\"image\":{\"@id\":\"https:\/\/www.notibras.com\/site\/#\/schema\/logo\/image\/\"},\"sameAs\":[\"https:\/\/www.facebook.com\/notibras\/\",\"https:\/\/x.com\/Notibras\",\"https:\/\/www.instagram.com\/notibras\/\"]},{\"@type\":\"Person\",\"@id\":\"https:\/\/www.notibras.com\/site\/#\/schema\/person\/36ab0979449956132d3e5b517ea76ac8\",\"name\":\"Reda\u00e7\u00e3o\",\"image\":{\"@type\":\"ImageObject\",\"inLanguage\":\"pt-BR\",\"@id\":\"https:\/\/secure.gravatar.com\/avatar\/e0a867bdedb85fd243eadf09663511f96fc81e0720a4a42581f334ad4303aa6b?s=96&d=mm&r=g\",\"url\":\"https:\/\/secure.gravatar.com\/avatar\/e0a867bdedb85fd243eadf09663511f96fc81e0720a4a42581f334ad4303aa6b?s=96&d=mm&r=g\",\"contentUrl\":\"https:\/\/secure.gravatar.com\/avatar\/e0a867bdedb85fd243eadf09663511f96fc81e0720a4a42581f334ad4303aa6b?s=96&d=mm&r=g\",\"caption\":\"Reda\u00e7\u00e3o\"}}]}<\/script>\n<!-- \/ Yoast SEO plugin. -->","yoast_head_json":{"title":"Palmeiras volta a brilhar e anima torcida com uma goleada de 4 a 2 no Mengo - Notibras","robots":{"index":"index","follow":"follow","max-snippet":"max-snippet:-1","max-image-preview":"max-image-preview:large","max-video-preview":"max-video-preview:-1"},"canonical":"https:\/\/www.notibras.com\/site\/palmeiras-volta-a-sorrir-com-goleada-de-4-a-2-no-flamengo\/","og_locale":"pt_BR","og_type":"article","og_title":"Palmeiras volta a brilhar e anima torcida com uma goleada de 4 a 2 no Mengo - Notibras","og_description":"Palmeiras e Flamengo travaram um duelo franco, ofensivo no Allianz Parque, neste domingo, mas quem se deu melhor foi o Porco em cima do Urubu: no final, 4 a 2 para os donos da casa. O\u00a0alviverde saiu na frente, levou a virada, conseguiu virar novamente o jogo e saiu com a vit\u00f3ria por 4 a [&hellip;]","og_url":"https:\/\/www.notibras.com\/site\/palmeiras-volta-a-sorrir-com-goleada-de-4-a-2-no-flamengo\/","og_site_name":"Notibras","article_publisher":"https:\/\/www.facebook.com\/notibras\/","article_published_time":"2015-08-16T16:13:14+00:00","article_modified_time":"2015-08-16T22:08:00+00:00","og_image":[{"width":527,"height":307,"url":"https:\/\/www.notibras.com\/site\/wp-content\/uploads\/2015\/08\/Campeonato-Brasileiro-Palmeiras-Reginaldo-CastroLANCEPress_LANIMA20150816_0029_30.jpg","type":"image\/jpeg"}],"author":"Reda\u00e7\u00e3o","twitter_card":"summary_large_image","twitter_creator":"@Notibras","twitter_site":"@Notibras","twitter_misc":{"Escrito por":"Reda\u00e7\u00e3o","Est. tempo de leitura":"3 minutos"},"schema":{"@context":"https:\/\/schema.org","@graph":[{"@type":"Article","@id":"https:\/\/www.notibras.com\/site\/palmeiras-volta-a-sorrir-com-goleada-de-4-a-2-no-flamengo\/#article","isPartOf":{"@id":"https:\/\/www.notibras.com\/site\/palmeiras-volta-a-sorrir-com-goleada-de-4-a-2-no-flamengo\/"},"author":{"name":"Reda\u00e7\u00e3o","@id":"https:\/\/www.notibras.com\/site\/#\/schema\/person\/36ab0979449956132d3e5b517ea76ac8"},"headline":"Palmeiras volta a brilhar e anima torcida com uma goleada de 4 a 2 no Mengo","datePublished":"2015-08-16T16:13:14+00:00","dateModified":"2015-08-16T22:08:00+00:00","mainEntityOfPage":{"@id":"https:\/\/www.notibras.com\/site\/palmeiras-volta-a-sorrir-com-goleada-de-4-a-2-no-flamengo\/"},"wordCount":562,"commentCount":0,"publisher":{"@id":"https:\/\/www.notibras.com\/site\/#organization"},"image":{"@id":"https:\/\/www.notibras.com\/site\/palmeiras-volta-a-sorrir-com-goleada-de-4-a-2-no-flamengo\/#primaryimage"},"thumbnailUrl":"https:\/\/www.notibras.com\/site\/wp-content\/uploads\/2015\/08\/Campeonato-Brasileiro-Palmeiras-Reginaldo-CastroLANCEPress_LANIMA20150816_0029_30.jpg","articleSection":["Futebol"],"inLanguage":"pt-BR","potentialAction":[{"@type":"CommentAction","name":"Comment","target":["https:\/\/www.notibras.com\/site\/palmeiras-volta-a-sorrir-com-goleada-de-4-a-2-no-flamengo\/#respond"]}]},{"@type":"WebPage","@id":"https:\/\/www.notibras.com\/site\/palmeiras-volta-a-sorrir-com-goleada-de-4-a-2-no-flamengo\/","url":"https:\/\/www.notibras.com\/site\/palmeiras-volta-a-sorrir-com-goleada-de-4-a-2-no-flamengo\/","name":"Palmeiras volta a brilhar e anima torcida com uma goleada de 4 a 2 no Mengo - Notibras","isPartOf":{"@id":"https:\/\/www.notibras.com\/site\/#website"},"primaryImageOfPage":{"@id":"https:\/\/www.notibras.com\/site\/palmeiras-volta-a-sorrir-com-goleada-de-4-a-2-no-flamengo\/#primaryimage"},"image":{"@id":"https:\/\/www.notibras.com\/site\/palmeiras-volta-a-sorrir-com-goleada-de-4-a-2-no-flamengo\/#primaryimage"},"thumbnailUrl":"https:\/\/www.notibras.com\/site\/wp-content\/uploads\/2015\/08\/Campeonato-Brasileiro-Palmeiras-Reginaldo-CastroLANCEPress_LANIMA20150816_0029_30.jpg","datePublished":"2015-08-16T16:13:14+00:00","dateModified":"2015-08-16T22:08:00+00:00","breadcrumb":{"@id":"https:\/\/www.notibras.com\/site\/palmeiras-volta-a-sorrir-com-goleada-de-4-a-2-no-flamengo\/#breadcrumb"},"inLanguage":"pt-BR","potentialAction":[{"@type":"ReadAction","target":["https:\/\/www.notibras.com\/site\/palmeiras-volta-a-sorrir-com-goleada-de-4-a-2-no-flamengo\/"]}]},{"@type":"ImageObject","inLanguage":"pt-BR","@id":"https:\/\/www.notibras.com\/site\/palmeiras-volta-a-sorrir-com-goleada-de-4-a-2-no-flamengo\/#primaryimage","url":"https:\/\/www.notibras.com\/site\/wp-content\/uploads\/2015\/08\/Campeonato-Brasileiro-Palmeiras-Reginaldo-CastroLANCEPress_LANIMA20150816_0029_30.jpg","contentUrl":"https:\/\/www.notibras.com\/site\/wp-content\/uploads\/2015\/08\/Campeonato-Brasileiro-Palmeiras-Reginaldo-CastroLANCEPress_LANIMA20150816_0029_30.jpg","width":527,"height":307},{"@type":"BreadcrumbList","@id":"https:\/\/www.notibras.com\/site\/palmeiras-volta-a-sorrir-com-goleada-de-4-a-2-no-flamengo\/#breadcrumb","itemListElement":[{"@type":"ListItem","position":1,"name":"In\u00edcio","item":"https:\/\/www.notibras.com\/site\/"},{"@type":"ListItem","position":2,"name":"Palmeiras volta a brilhar e anima torcida com uma goleada de 4 a 2 no Mengo"}]},{"@type":"WebSite","@id":"https:\/\/www.notibras.com\/site\/#website","url":"https:\/\/www.notibras.com\/site\/","name":"Notibras","description":"Not\u00edcias de Bras\u00edlia, do Brasil e do Mundo","publisher":{"@id":"https:\/\/www.notibras.com\/site\/#organization"},"potentialAction":[{"@type":"SearchAction","target":{"@type":"EntryPoint","urlTemplate":"https:\/\/www.notibras.com\/site\/?s={search_term_string}"},"query-input":{"@type":"PropertyValueSpecification","valueRequired":true,"valueName":"search_term_string"}}],"inLanguage":"pt-BR"},{"@type":"Organization","@id":"https:\/\/www.notibras.com\/site\/#organization","name":"Grupo Notibras de Comunica\u00e7\u00e3o","url":"https:\/\/www.notibras.com\/site\/","logo":{"@type":"ImageObject","inLanguage":"pt-BR","@id":"https:\/\/www.notibras.com\/site\/#\/schema\/logo\/image\/","url":"https:\/\/www.notibras.com\/site\/wp-content\/uploads\/2023\/01\/notibras23.png","contentUrl":"https:\/\/www.notibras.com\/site\/wp-content\/uploads\/2023\/01\/notibras23.png","width":350,"height":87,"caption":"Grupo Notibras de Comunica\u00e7\u00e3o"},"image":{"@id":"https:\/\/www.notibras.com\/site\/#\/schema\/logo\/image\/"},"sameAs":["https:\/\/www.facebook.com\/notibras\/","https:\/\/x.com\/Notibras","https:\/\/www.instagram.com\/notibras\/"]},{"@type":"Person","@id":"https:\/\/www.notibras.com\/site\/#\/schema\/person\/36ab0979449956132d3e5b517ea76ac8","name":"Reda\u00e7\u00e3o","image":{"@type":"ImageObject","inLanguage":"pt-BR","@id":"https:\/\/secure.gravatar.com\/avatar\/e0a867bdedb85fd243eadf09663511f96fc81e0720a4a42581f334ad4303aa6b?s=96&d=mm&r=g","url":"https:\/\/secure.gravatar.com\/avatar\/e0a867bdedb85fd243eadf09663511f96fc81e0720a4a42581f334ad4303aa6b?s=96&d=mm&r=g","contentUrl":"https:\/\/secure.gravatar.com\/avatar\/e0a867bdedb85fd243eadf09663511f96fc81e0720a4a42581f334ad4303aa6b?s=96&d=mm&r=g","caption":"Reda\u00e7\u00e3o"}}]}},"amp_enabled":true,"_links":{"self":[{"href":"https:\/\/www.notibras.com\/site\/wp-json\/wp\/v2\/posts\/62504","targetHints":{"allow":["GET"]}}],"collection":[{"href":"https:\/\/www.notibras.com\/site\/wp-json\/wp\/v2\/posts"}],"about":[{"href":"https:\/\/www.notibras.com\/site\/wp-json\/wp\/v2\/types\/post"}],"author":[{"embeddable":true,"href":"https:\/\/www.notibras.com\/site\/wp-json\/wp\/v2\/users\/2"}],"replies":[{"embeddable":true,"href":"https:\/\/www.notibras.com\/site\/wp-json\/wp\/v2\/comments?post=62504"}],"version-history":[{"count":4,"href":"https:\/\/www.notibras.com\/site\/wp-json\/wp\/v2\/posts\/62504\/revisions"}],"predecessor-version":[{"id":62559,"href":"https:\/\/www.notibras.com\/site\/wp-json\/wp\/v2\/posts\/62504\/revisions\/62559"}],"wp:featuredmedia":[{"embeddable":true,"href":"https:\/\/www.notibras.com\/site\/wp-json\/wp\/v2\/media\/62505"}],"wp:attachment":[{"href":"https:\/\/www.notibras.com\/site\/wp-json\/wp\/v2\/media?parent=62504"}],"wp:term":[{"taxonomy":"category","embeddable":true,"href":"https:\/\/www.notibras.com\/site\/wp-json\/wp\/v2\/categories?post=62504"},{"taxonomy":"post_tag","embeddable":true,"href":"https:\/\/www.notibras.com\/site\/wp-json\/wp\/v2\/tags?post=62504"}],"curies":[{"name":"wp","href":"https:\/\/api.w.org\/{rel}","templated":true}]}}