{"id":6281,"date":"2014-04-08T10:21:56","date_gmt":"2014-04-08T13:21:56","guid":{"rendered":"http:\/\/www.notibras.com\/site\/?p=6281"},"modified":"2016-07-30T16:59:13","modified_gmt":"2016-07-30T19:59:13","slug":"uso-de-antisseptico-bucal-em-excesso-pode-provocar-cancer-na-boca-e-garganta","status":"publish","type":"post","link":"https:\/\/www.notibras.com\/site\/uso-de-antisseptico-bucal-em-excesso-pode-provocar-cancer-na-boca-e-garganta\/","title":{"rendered":"Uso de antiss\u00e9ptico bucal em excesso provoca c\u00e2ncer na boca e garganta"},"content":{"rendered":"<p>Se e voc\u00ea \u00e9 daquelas pessoas que usa antiss\u00e9ptico bucal mais de tr\u00eas vezes ao dia, talvez seja melhor rever o h\u00e1bito. De acordo com pesquisa da Faculdade de Odontologia da Universidade de Glasgow, na Esc\u00f3cia, o excesso do produto pode aumentar risco de c\u00e2ncer de boca e garganta. Os dados s\u00e3o do jornal Daily Mail.<\/p>\n<p>O resultado apoia um estudo australiano de 2009 que disse que havia \u201cprovas suficientes\u201d de que enxaguantes bucais com \u00e1lcool contribuem para um aumento da probabilidade da doen\u00e7a, porque permitiriam que subst\u00e2ncias causadoras de c\u00e2ncer penetrassem na mucosa da boca com mais facilidade.<\/p>\n<p>No novo levantamento, avaliaram 1.962 pacientes com c\u00e2ncer e 1.993 pessoas saud\u00e1veis \u200b\u200bem 13 centros de nove pa\u00edses. Constatou-se tamb\u00e9m que aqueles com problemas de sa\u00fade oral, incluindo os com dentaduras e gengivas sangrando persistentemente, estavam em maior risco.<\/p>\n<p>Os cientistas acrescentaram que pode haver uma liga\u00e7\u00e3o entre os bochechos excessivos e as pessoas que os utilizam para mascarar o cheiro de fumo e \u00e1lcool, fatores de risco para o c\u00e2ncer oral.<\/p>\n<p>Eles n\u00e3o foram capazes de analisar os tipos de antiss\u00e9ptico bucal causadores do problema, porque eram usados \u200b\u200bh\u00e1 muitos anos pelos volunt\u00e1rios. \u201cN\u00e3o aconselharia o uso rotineiro de antiss\u00e9ptico bucal. Para mim, tudo que \u00e9 necess\u00e1rio, em geral, \u00e9 uma boa escova\u00e7\u00e3o regular com creme dental com fl\u00faor e fio dental combinada com check-ups regulares por um dentista\u201d, disse o dentista David Conway. \u201cH\u00e1 ocasi\u00f5es e condi\u00e7\u00f5es para que um dentista prescreva um antiss\u00e9ptico bucal. Pode ser que um paciente tenha um baixo fluxo salivar por causa de uma condi\u00e7\u00e3o particular ou medicamento que est\u00e1 tomando.\u201d<\/p>\n<p>O professor Damien Walmsley, assessor da Associa\u00e7\u00e3o Dental Brit\u00e2nica, disse que o estudo n\u00e3o foi conclusivo. \u201cInfelizmente, esse comportamento n\u00e3o pode ser dissociado de pessoas que negligenciam a sua higiene oral e raramente, ou nunca, visitam o dentista, como o estudo sugere. Ele tamb\u00e9m destaca que as pessoas que est\u00e3o em risco de desenvolver esses tipos de c\u00e2ncer podem estar usando bochechos \u00e0 base de \u00e1lcool de forma inadequada para disfar\u00e7ar fumo ou \u00e1lcool.\u201d<\/p>\n","protected":false},"excerpt":{"rendered":"<p>Se e voc\u00ea \u00e9 daquelas pessoas que usa antiss\u00e9ptico bucal mais de tr\u00eas vezes ao dia, talvez seja melhor rever o h\u00e1bito. De acordo com pesquisa da Faculdade de Odontologia da Universidade de Glasgow, na Esc\u00f3cia, o excesso do produto pode aumentar risco de c\u00e2ncer de boca e garganta. Os dados s\u00e3o do jornal Daily [&hellip;]<\/p>\n","protected":false},"author":2,"featured_media":6282,"comment_status":"open","ping_status":"closed","sticky":false,"template":"","format":"standard","meta":{"_acf_changed":false,"footnotes":""},"categories":[71],"tags":[],"class_list":["post-6281","post","type-post","status-publish","format-standard","has-post-thumbnail","hentry","category-curiosidades"],"acf":[],"yoast_head":"<!-- This site is optimized with the Yoast SEO plugin v27.2 - https:\/\/yoast.com\/product\/yoast-seo-wordpress\/ -->\n<title>Uso de antiss\u00e9ptico bucal em excesso provoca c\u00e2ncer na boca e garganta - Notibras<\/title>\n<meta name=\"robots\" content=\"index, follow, max-snippet:-1, max-image-preview:large, max-video-preview:-1\" \/>\n<link rel=\"canonical\" href=\"https:\/\/www.notibras.com\/site\/uso-de-antisseptico-bucal-em-excesso-pode-provocar-cancer-na-boca-e-garganta\/\" \/>\n<meta property=\"og:locale\" content=\"pt_BR\" \/>\n<meta property=\"og:type\" content=\"article\" \/>\n<meta property=\"og:title\" content=\"Uso de antiss\u00e9ptico bucal em excesso provoca c\u00e2ncer na boca e garganta - Notibras\" \/>\n<meta property=\"og:description\" content=\"Se e voc\u00ea \u00e9 daquelas pessoas que usa antiss\u00e9ptico bucal mais de tr\u00eas vezes ao dia, talvez seja melhor rever o h\u00e1bito. De acordo com pesquisa da Faculdade de Odontologia da Universidade de Glasgow, na Esc\u00f3cia, o excesso do produto pode aumentar risco de c\u00e2ncer de boca e garganta. Os dados s\u00e3o do jornal Daily [&hellip;]\" \/>\n<meta property=\"og:url\" content=\"https:\/\/www.notibras.com\/site\/uso-de-antisseptico-bucal-em-excesso-pode-provocar-cancer-na-boca-e-garganta\/\" \/>\n<meta property=\"og:site_name\" content=\"Notibras\" \/>\n<meta property=\"article:publisher\" content=\"https:\/\/www.facebook.com\/notibras\/\" \/>\n<meta property=\"article:published_time\" content=\"2014-04-08T13:21:56+00:00\" \/>\n<meta property=\"article:modified_time\" content=\"2016-07-30T19:59:13+00:00\" \/>\n<meta property=\"og:image\" content=\"https:\/\/www.notibras.com\/site\/wp-content\/uploads\/2014\/04\/saudebucal2.jpg\" \/>\n\t<meta property=\"og:image:width\" content=\"500\" \/>\n\t<meta property=\"og:image:height\" content=\"500\" \/>\n\t<meta property=\"og:image:type\" content=\"image\/jpeg\" \/>\n<meta name=\"author\" content=\"Reda\u00e7\u00e3o\" \/>\n<meta name=\"twitter:card\" content=\"summary_large_image\" \/>\n<meta name=\"twitter:creator\" content=\"@Notibras\" \/>\n<meta name=\"twitter:site\" content=\"@Notibras\" \/>\n<meta name=\"twitter:label1\" content=\"Escrito por\" \/>\n\t<meta name=\"twitter:data1\" content=\"Reda\u00e7\u00e3o\" \/>\n\t<meta name=\"twitter:label2\" content=\"Est. tempo de leitura\" \/>\n\t<meta name=\"twitter:data2\" content=\"2 minutos\" \/>\n<script type=\"application\/ld+json\" class=\"yoast-schema-graph\">{\"@context\":\"https:\/\/schema.org\",\"@graph\":[{\"@type\":\"Article\",\"@id\":\"https:\/\/www.notibras.com\/site\/uso-de-antisseptico-bucal-em-excesso-pode-provocar-cancer-na-boca-e-garganta\/#article\",\"isPartOf\":{\"@id\":\"https:\/\/www.notibras.com\/site\/uso-de-antisseptico-bucal-em-excesso-pode-provocar-cancer-na-boca-e-garganta\/\"},\"author\":{\"name\":\"Reda\u00e7\u00e3o\",\"@id\":\"https:\/\/www.notibras.com\/site\/#\/schema\/person\/36ab0979449956132d3e5b517ea76ac8\"},\"headline\":\"Uso de antiss\u00e9ptico bucal em excesso provoca c\u00e2ncer na boca e garganta\",\"datePublished\":\"2014-04-08T13:21:56+00:00\",\"dateModified\":\"2016-07-30T19:59:13+00:00\",\"mainEntityOfPage\":{\"@id\":\"https:\/\/www.notibras.com\/site\/uso-de-antisseptico-bucal-em-excesso-pode-provocar-cancer-na-boca-e-garganta\/\"},\"wordCount\":383,\"commentCount\":0,\"publisher\":{\"@id\":\"https:\/\/www.notibras.com\/site\/#organization\"},\"image\":{\"@id\":\"https:\/\/www.notibras.com\/site\/uso-de-antisseptico-bucal-em-excesso-pode-provocar-cancer-na-boca-e-garganta\/#primaryimage\"},\"thumbnailUrl\":\"https:\/\/www.notibras.com\/site\/wp-content\/uploads\/2014\/04\/saudebucal2.jpg\",\"articleSection\":[\"Curiosidades\"],\"inLanguage\":\"pt-BR\",\"potentialAction\":[{\"@type\":\"CommentAction\",\"name\":\"Comment\",\"target\":[\"https:\/\/www.notibras.com\/site\/uso-de-antisseptico-bucal-em-excesso-pode-provocar-cancer-na-boca-e-garganta\/#respond\"]}]},{\"@type\":\"WebPage\",\"@id\":\"https:\/\/www.notibras.com\/site\/uso-de-antisseptico-bucal-em-excesso-pode-provocar-cancer-na-boca-e-garganta\/\",\"url\":\"https:\/\/www.notibras.com\/site\/uso-de-antisseptico-bucal-em-excesso-pode-provocar-cancer-na-boca-e-garganta\/\",\"name\":\"Uso de antiss\u00e9ptico bucal em excesso provoca c\u00e2ncer na boca e garganta - Notibras\",\"isPartOf\":{\"@id\":\"https:\/\/www.notibras.com\/site\/#website\"},\"primaryImageOfPage\":{\"@id\":\"https:\/\/www.notibras.com\/site\/uso-de-antisseptico-bucal-em-excesso-pode-provocar-cancer-na-boca-e-garganta\/#primaryimage\"},\"image\":{\"@id\":\"https:\/\/www.notibras.com\/site\/uso-de-antisseptico-bucal-em-excesso-pode-provocar-cancer-na-boca-e-garganta\/#primaryimage\"},\"thumbnailUrl\":\"https:\/\/www.notibras.com\/site\/wp-content\/uploads\/2014\/04\/saudebucal2.jpg\",\"datePublished\":\"2014-04-08T13:21:56+00:00\",\"dateModified\":\"2016-07-30T19:59:13+00:00\",\"breadcrumb\":{\"@id\":\"https:\/\/www.notibras.com\/site\/uso-de-antisseptico-bucal-em-excesso-pode-provocar-cancer-na-boca-e-garganta\/#breadcrumb\"},\"inLanguage\":\"pt-BR\",\"potentialAction\":[{\"@type\":\"ReadAction\",\"target\":[\"https:\/\/www.notibras.com\/site\/uso-de-antisseptico-bucal-em-excesso-pode-provocar-cancer-na-boca-e-garganta\/\"]}]},{\"@type\":\"ImageObject\",\"inLanguage\":\"pt-BR\",\"@id\":\"https:\/\/www.notibras.com\/site\/uso-de-antisseptico-bucal-em-excesso-pode-provocar-cancer-na-boca-e-garganta\/#primaryimage\",\"url\":\"https:\/\/www.notibras.com\/site\/wp-content\/uploads\/2014\/04\/saudebucal2.jpg\",\"contentUrl\":\"https:\/\/www.notibras.com\/site\/wp-content\/uploads\/2014\/04\/saudebucal2.jpg\",\"width\":500,\"height\":500},{\"@type\":\"BreadcrumbList\",\"@id\":\"https:\/\/www.notibras.com\/site\/uso-de-antisseptico-bucal-em-excesso-pode-provocar-cancer-na-boca-e-garganta\/#breadcrumb\",\"itemListElement\":[{\"@type\":\"ListItem\",\"position\":1,\"name\":\"In\u00edcio\",\"item\":\"https:\/\/www.notibras.com\/site\/\"},{\"@type\":\"ListItem\",\"position\":2,\"name\":\"Uso de antiss\u00e9ptico bucal em excesso provoca c\u00e2ncer na boca e garganta\"}]},{\"@type\":\"WebSite\",\"@id\":\"https:\/\/www.notibras.com\/site\/#website\",\"url\":\"https:\/\/www.notibras.com\/site\/\",\"name\":\"Notibras\",\"description\":\"Not\u00edcias de Bras\u00edlia, do Brasil e do Mundo\",\"publisher\":{\"@id\":\"https:\/\/www.notibras.com\/site\/#organization\"},\"potentialAction\":[{\"@type\":\"SearchAction\",\"target\":{\"@type\":\"EntryPoint\",\"urlTemplate\":\"https:\/\/www.notibras.com\/site\/?s={search_term_string}\"},\"query-input\":{\"@type\":\"PropertyValueSpecification\",\"valueRequired\":true,\"valueName\":\"search_term_string\"}}],\"inLanguage\":\"pt-BR\"},{\"@type\":\"Organization\",\"@id\":\"https:\/\/www.notibras.com\/site\/#organization\",\"name\":\"Grupo Notibras de Comunica\u00e7\u00e3o\",\"url\":\"https:\/\/www.notibras.com\/site\/\",\"logo\":{\"@type\":\"ImageObject\",\"inLanguage\":\"pt-BR\",\"@id\":\"https:\/\/www.notibras.com\/site\/#\/schema\/logo\/image\/\",\"url\":\"https:\/\/www.notibras.com\/site\/wp-content\/uploads\/2023\/01\/notibras23.png\",\"contentUrl\":\"https:\/\/www.notibras.com\/site\/wp-content\/uploads\/2023\/01\/notibras23.png\",\"width\":350,\"height\":87,\"caption\":\"Grupo Notibras de Comunica\u00e7\u00e3o\"},\"image\":{\"@id\":\"https:\/\/www.notibras.com\/site\/#\/schema\/logo\/image\/\"},\"sameAs\":[\"https:\/\/www.facebook.com\/notibras\/\",\"https:\/\/x.com\/Notibras\",\"https:\/\/www.instagram.com\/notibras\/\"]},{\"@type\":\"Person\",\"@id\":\"https:\/\/www.notibras.com\/site\/#\/schema\/person\/36ab0979449956132d3e5b517ea76ac8\",\"name\":\"Reda\u00e7\u00e3o\",\"image\":{\"@type\":\"ImageObject\",\"inLanguage\":\"pt-BR\",\"@id\":\"https:\/\/secure.gravatar.com\/avatar\/e0a867bdedb85fd243eadf09663511f96fc81e0720a4a42581f334ad4303aa6b?s=96&d=mm&r=g\",\"url\":\"https:\/\/secure.gravatar.com\/avatar\/e0a867bdedb85fd243eadf09663511f96fc81e0720a4a42581f334ad4303aa6b?s=96&d=mm&r=g\",\"contentUrl\":\"https:\/\/secure.gravatar.com\/avatar\/e0a867bdedb85fd243eadf09663511f96fc81e0720a4a42581f334ad4303aa6b?s=96&d=mm&r=g\",\"caption\":\"Reda\u00e7\u00e3o\"}}]}<\/script>\n<!-- \/ Yoast SEO plugin. -->","yoast_head_json":{"title":"Uso de antiss\u00e9ptico bucal em excesso provoca c\u00e2ncer na boca e garganta - Notibras","robots":{"index":"index","follow":"follow","max-snippet":"max-snippet:-1","max-image-preview":"max-image-preview:large","max-video-preview":"max-video-preview:-1"},"canonical":"https:\/\/www.notibras.com\/site\/uso-de-antisseptico-bucal-em-excesso-pode-provocar-cancer-na-boca-e-garganta\/","og_locale":"pt_BR","og_type":"article","og_title":"Uso de antiss\u00e9ptico bucal em excesso provoca c\u00e2ncer na boca e garganta - Notibras","og_description":"Se e voc\u00ea \u00e9 daquelas pessoas que usa antiss\u00e9ptico bucal mais de tr\u00eas vezes ao dia, talvez seja melhor rever o h\u00e1bito. De acordo com pesquisa da Faculdade de Odontologia da Universidade de Glasgow, na Esc\u00f3cia, o excesso do produto pode aumentar risco de c\u00e2ncer de boca e garganta. Os dados s\u00e3o do jornal Daily [&hellip;]","og_url":"https:\/\/www.notibras.com\/site\/uso-de-antisseptico-bucal-em-excesso-pode-provocar-cancer-na-boca-e-garganta\/","og_site_name":"Notibras","article_publisher":"https:\/\/www.facebook.com\/notibras\/","article_published_time":"2014-04-08T13:21:56+00:00","article_modified_time":"2016-07-30T19:59:13+00:00","og_image":[{"width":500,"height":500,"url":"https:\/\/www.notibras.com\/site\/wp-content\/uploads\/2014\/04\/saudebucal2.jpg","type":"image\/jpeg"}],"author":"Reda\u00e7\u00e3o","twitter_card":"summary_large_image","twitter_creator":"@Notibras","twitter_site":"@Notibras","twitter_misc":{"Escrito por":"Reda\u00e7\u00e3o","Est. tempo de leitura":"2 minutos"},"schema":{"@context":"https:\/\/schema.org","@graph":[{"@type":"Article","@id":"https:\/\/www.notibras.com\/site\/uso-de-antisseptico-bucal-em-excesso-pode-provocar-cancer-na-boca-e-garganta\/#article","isPartOf":{"@id":"https:\/\/www.notibras.com\/site\/uso-de-antisseptico-bucal-em-excesso-pode-provocar-cancer-na-boca-e-garganta\/"},"author":{"name":"Reda\u00e7\u00e3o","@id":"https:\/\/www.notibras.com\/site\/#\/schema\/person\/36ab0979449956132d3e5b517ea76ac8"},"headline":"Uso de antiss\u00e9ptico bucal em excesso provoca c\u00e2ncer na boca e garganta","datePublished":"2014-04-08T13:21:56+00:00","dateModified":"2016-07-30T19:59:13+00:00","mainEntityOfPage":{"@id":"https:\/\/www.notibras.com\/site\/uso-de-antisseptico-bucal-em-excesso-pode-provocar-cancer-na-boca-e-garganta\/"},"wordCount":383,"commentCount":0,"publisher":{"@id":"https:\/\/www.notibras.com\/site\/#organization"},"image":{"@id":"https:\/\/www.notibras.com\/site\/uso-de-antisseptico-bucal-em-excesso-pode-provocar-cancer-na-boca-e-garganta\/#primaryimage"},"thumbnailUrl":"https:\/\/www.notibras.com\/site\/wp-content\/uploads\/2014\/04\/saudebucal2.jpg","articleSection":["Curiosidades"],"inLanguage":"pt-BR","potentialAction":[{"@type":"CommentAction","name":"Comment","target":["https:\/\/www.notibras.com\/site\/uso-de-antisseptico-bucal-em-excesso-pode-provocar-cancer-na-boca-e-garganta\/#respond"]}]},{"@type":"WebPage","@id":"https:\/\/www.notibras.com\/site\/uso-de-antisseptico-bucal-em-excesso-pode-provocar-cancer-na-boca-e-garganta\/","url":"https:\/\/www.notibras.com\/site\/uso-de-antisseptico-bucal-em-excesso-pode-provocar-cancer-na-boca-e-garganta\/","name":"Uso de antiss\u00e9ptico bucal em excesso provoca c\u00e2ncer na boca e garganta - Notibras","isPartOf":{"@id":"https:\/\/www.notibras.com\/site\/#website"},"primaryImageOfPage":{"@id":"https:\/\/www.notibras.com\/site\/uso-de-antisseptico-bucal-em-excesso-pode-provocar-cancer-na-boca-e-garganta\/#primaryimage"},"image":{"@id":"https:\/\/www.notibras.com\/site\/uso-de-antisseptico-bucal-em-excesso-pode-provocar-cancer-na-boca-e-garganta\/#primaryimage"},"thumbnailUrl":"https:\/\/www.notibras.com\/site\/wp-content\/uploads\/2014\/04\/saudebucal2.jpg","datePublished":"2014-04-08T13:21:56+00:00","dateModified":"2016-07-30T19:59:13+00:00","breadcrumb":{"@id":"https:\/\/www.notibras.com\/site\/uso-de-antisseptico-bucal-em-excesso-pode-provocar-cancer-na-boca-e-garganta\/#breadcrumb"},"inLanguage":"pt-BR","potentialAction":[{"@type":"ReadAction","target":["https:\/\/www.notibras.com\/site\/uso-de-antisseptico-bucal-em-excesso-pode-provocar-cancer-na-boca-e-garganta\/"]}]},{"@type":"ImageObject","inLanguage":"pt-BR","@id":"https:\/\/www.notibras.com\/site\/uso-de-antisseptico-bucal-em-excesso-pode-provocar-cancer-na-boca-e-garganta\/#primaryimage","url":"https:\/\/www.notibras.com\/site\/wp-content\/uploads\/2014\/04\/saudebucal2.jpg","contentUrl":"https:\/\/www.notibras.com\/site\/wp-content\/uploads\/2014\/04\/saudebucal2.jpg","width":500,"height":500},{"@type":"BreadcrumbList","@id":"https:\/\/www.notibras.com\/site\/uso-de-antisseptico-bucal-em-excesso-pode-provocar-cancer-na-boca-e-garganta\/#breadcrumb","itemListElement":[{"@type":"ListItem","position":1,"name":"In\u00edcio","item":"https:\/\/www.notibras.com\/site\/"},{"@type":"ListItem","position":2,"name":"Uso de antiss\u00e9ptico bucal em excesso provoca c\u00e2ncer na boca e garganta"}]},{"@type":"WebSite","@id":"https:\/\/www.notibras.com\/site\/#website","url":"https:\/\/www.notibras.com\/site\/","name":"Notibras","description":"Not\u00edcias de Bras\u00edlia, do Brasil e do Mundo","publisher":{"@id":"https:\/\/www.notibras.com\/site\/#organization"},"potentialAction":[{"@type":"SearchAction","target":{"@type":"EntryPoint","urlTemplate":"https:\/\/www.notibras.com\/site\/?s={search_term_string}"},"query-input":{"@type":"PropertyValueSpecification","valueRequired":true,"valueName":"search_term_string"}}],"inLanguage":"pt-BR"},{"@type":"Organization","@id":"https:\/\/www.notibras.com\/site\/#organization","name":"Grupo Notibras de Comunica\u00e7\u00e3o","url":"https:\/\/www.notibras.com\/site\/","logo":{"@type":"ImageObject","inLanguage":"pt-BR","@id":"https:\/\/www.notibras.com\/site\/#\/schema\/logo\/image\/","url":"https:\/\/www.notibras.com\/site\/wp-content\/uploads\/2023\/01\/notibras23.png","contentUrl":"https:\/\/www.notibras.com\/site\/wp-content\/uploads\/2023\/01\/notibras23.png","width":350,"height":87,"caption":"Grupo Notibras de Comunica\u00e7\u00e3o"},"image":{"@id":"https:\/\/www.notibras.com\/site\/#\/schema\/logo\/image\/"},"sameAs":["https:\/\/www.facebook.com\/notibras\/","https:\/\/x.com\/Notibras","https:\/\/www.instagram.com\/notibras\/"]},{"@type":"Person","@id":"https:\/\/www.notibras.com\/site\/#\/schema\/person\/36ab0979449956132d3e5b517ea76ac8","name":"Reda\u00e7\u00e3o","image":{"@type":"ImageObject","inLanguage":"pt-BR","@id":"https:\/\/secure.gravatar.com\/avatar\/e0a867bdedb85fd243eadf09663511f96fc81e0720a4a42581f334ad4303aa6b?s=96&d=mm&r=g","url":"https:\/\/secure.gravatar.com\/avatar\/e0a867bdedb85fd243eadf09663511f96fc81e0720a4a42581f334ad4303aa6b?s=96&d=mm&r=g","contentUrl":"https:\/\/secure.gravatar.com\/avatar\/e0a867bdedb85fd243eadf09663511f96fc81e0720a4a42581f334ad4303aa6b?s=96&d=mm&r=g","caption":"Reda\u00e7\u00e3o"}}]}},"amp_enabled":true,"_links":{"self":[{"href":"https:\/\/www.notibras.com\/site\/wp-json\/wp\/v2\/posts\/6281","targetHints":{"allow":["GET"]}}],"collection":[{"href":"https:\/\/www.notibras.com\/site\/wp-json\/wp\/v2\/posts"}],"about":[{"href":"https:\/\/www.notibras.com\/site\/wp-json\/wp\/v2\/types\/post"}],"author":[{"embeddable":true,"href":"https:\/\/www.notibras.com\/site\/wp-json\/wp\/v2\/users\/2"}],"replies":[{"embeddable":true,"href":"https:\/\/www.notibras.com\/site\/wp-json\/wp\/v2\/comments?post=6281"}],"version-history":[{"count":1,"href":"https:\/\/www.notibras.com\/site\/wp-json\/wp\/v2\/posts\/6281\/revisions"}],"predecessor-version":[{"id":110063,"href":"https:\/\/www.notibras.com\/site\/wp-json\/wp\/v2\/posts\/6281\/revisions\/110063"}],"wp:featuredmedia":[{"embeddable":true,"href":"https:\/\/www.notibras.com\/site\/wp-json\/wp\/v2\/media\/6282"}],"wp:attachment":[{"href":"https:\/\/www.notibras.com\/site\/wp-json\/wp\/v2\/media?parent=6281"}],"wp:term":[{"taxonomy":"category","embeddable":true,"href":"https:\/\/www.notibras.com\/site\/wp-json\/wp\/v2\/categories?post=6281"},{"taxonomy":"post_tag","embeddable":true,"href":"https:\/\/www.notibras.com\/site\/wp-json\/wp\/v2\/tags?post=6281"}],"curies":[{"name":"wp","href":"https:\/\/api.w.org\/{rel}","templated":true}]}}