{"id":6287,"date":"2014-04-08T11:09:52","date_gmt":"2014-04-08T14:09:52","guid":{"rendered":"http:\/\/www.notibras.com\/site\/?p=6287"},"modified":"2016-07-30T16:59:13","modified_gmt":"2016-07-30T19:59:13","slug":"terca-feira-8-marte-terra-sol-alinhamento-sinaliza-o-fim-do-mundo","status":"publish","type":"post","link":"https:\/\/www.notibras.com\/site\/terca-feira-8-marte-terra-sol-alinhamento-sinaliza-o-fim-do-mundo\/","title":{"rendered":"Ter\u00e7a-feira, 8. Marte, Terra, Sol. Alinhamento sinaliza o fim do mundo?"},"content":{"rendered":"<p>Marte, Terra e Sol v\u00e3o se alinhar no Espa\u00e7o na noite desta ter\u00e7a-feira, 8, em um evento conhecido tamb\u00e9m como \u201coposi\u00e7\u00e3o de Marte\u201d que s\u00f3 acontece uma vez a cada 778 dias. Por\u00e9m, o que faz o acontecimento c\u00f3smico marcante \u00e9 ele anteceder as &#8220;luas de sangue&#8221;, um fen\u00f4meno que poder\u00e1 ser visto da terra na pr\u00f3xima semana e que \u00e9 interpretado por muitos\u00a0como um sinal b\u00edblico do fim dos tempos.<\/p>\n<p>De acordo com a Nasa, a rara\u00a0sequ\u00eancia de quatro eclipses lunares (as \u201dluas de sangue\u201d) \u00e9 conhecida como t\u00e9trade, e ser\u00e1 seguida por seis luas cheias. O ciclo come\u00e7a na semana que vem, no dia 15 de abril, e terminar\u00e1 apenas em 28 de setembro deste ano.<\/p>\n<p>Ainda segundo a Nasa, as quatro luas de sangue\u00a0s\u00f3 foram vistas por\u00a0tr\u00eas vezes em mais de 500 anos: a primeira vez na Idade M\u00e9dia, em 1493, quando os judeus foram expulsos pela Inquisi\u00e7\u00e3o Cat\u00f3lica na Espanha; a segunda,\u00a0em 1949, quando o Estado de Israel foi estabelecido na Palestina, e a terceira\u00a0em 1967, durante a Guerra dos Seis Dias entre \u00c1rabes e Israelenses.<\/p>\n<p>Para alguns fi\u00e9is, as luas de sangue significam mais que um evento c\u00f3smico raro: s\u00e3o\u00a0um press\u00e1gio para o \u201cfim do mundo\u201d e o retorno de Cristo \u00e0 Terra para o Ju\u00edzo Final. Na passagem b\u00edblica\u00a0do Livro de Joel, no Antigo Testamento, diz: \u201cO sol se converter\u00e1 em trevas, e a lua em sangue, antes que venha o grande e terr\u00edvel dia do Senhor\u201d (Joel, 2:31).<\/p>\n","protected":false},"excerpt":{"rendered":"<p>Marte, Terra e Sol v\u00e3o se alinhar no Espa\u00e7o na noite desta ter\u00e7a-feira, 8, em um evento conhecido tamb\u00e9m como \u201coposi\u00e7\u00e3o de Marte\u201d que s\u00f3 acontece uma vez a cada 778 dias. Por\u00e9m, o que faz o acontecimento c\u00f3smico marcante \u00e9 ele anteceder as &#8220;luas de sangue&#8221;, um fen\u00f4meno que poder\u00e1 ser visto da terra [&hellip;]<\/p>\n","protected":false},"author":2,"featured_media":6288,"comment_status":"open","ping_status":"closed","sticky":false,"template":"","format":"standard","meta":{"_acf_changed":false,"footnotes":""},"categories":[71],"tags":[],"class_list":["post-6287","post","type-post","status-publish","format-standard","has-post-thumbnail","hentry","category-curiosidades"],"acf":[],"yoast_head":"<!-- This site is optimized with the Yoast SEO plugin v27.2 - https:\/\/yoast.com\/product\/yoast-seo-wordpress\/ -->\n<title>Ter\u00e7a-feira, 8. Marte, Terra, Sol. Alinhamento sinaliza o fim do mundo? - Notibras<\/title>\n<meta name=\"robots\" content=\"index, follow, max-snippet:-1, max-image-preview:large, max-video-preview:-1\" \/>\n<link rel=\"canonical\" href=\"https:\/\/www.notibras.com\/site\/terca-feira-8-marte-terra-sol-alinhamento-sinaliza-o-fim-do-mundo\/\" \/>\n<meta property=\"og:locale\" content=\"pt_BR\" \/>\n<meta property=\"og:type\" content=\"article\" \/>\n<meta property=\"og:title\" content=\"Ter\u00e7a-feira, 8. Marte, Terra, Sol. Alinhamento sinaliza o fim do mundo? - Notibras\" \/>\n<meta property=\"og:description\" content=\"Marte, Terra e Sol v\u00e3o se alinhar no Espa\u00e7o na noite desta ter\u00e7a-feira, 8, em um evento conhecido tamb\u00e9m como \u201coposi\u00e7\u00e3o de Marte\u201d que s\u00f3 acontece uma vez a cada 778 dias. Por\u00e9m, o que faz o acontecimento c\u00f3smico marcante \u00e9 ele anteceder as &#8220;luas de sangue&#8221;, um fen\u00f4meno que poder\u00e1 ser visto da terra [&hellip;]\" \/>\n<meta property=\"og:url\" content=\"https:\/\/www.notibras.com\/site\/terca-feira-8-marte-terra-sol-alinhamento-sinaliza-o-fim-do-mundo\/\" \/>\n<meta property=\"og:site_name\" content=\"Notibras\" \/>\n<meta property=\"article:publisher\" content=\"https:\/\/www.facebook.com\/notibras\/\" \/>\n<meta property=\"article:published_time\" content=\"2014-04-08T14:09:52+00:00\" \/>\n<meta property=\"article:modified_time\" content=\"2016-07-30T19:59:13+00:00\" \/>\n<meta property=\"og:image\" content=\"https:\/\/www.notibras.com\/site\/wp-content\/uploads\/2014\/04\/eclipseluassanguenasa.jpg\" \/>\n\t<meta property=\"og:image:width\" content=\"460\" \/>\n\t<meta property=\"og:image:height\" content=\"340\" \/>\n\t<meta property=\"og:image:type\" content=\"image\/jpeg\" \/>\n<meta name=\"author\" content=\"Reda\u00e7\u00e3o\" \/>\n<meta name=\"twitter:card\" content=\"summary_large_image\" \/>\n<meta name=\"twitter:creator\" content=\"@Notibras\" \/>\n<meta name=\"twitter:site\" content=\"@Notibras\" \/>\n<meta name=\"twitter:label1\" content=\"Escrito por\" \/>\n\t<meta name=\"twitter:data1\" content=\"Reda\u00e7\u00e3o\" \/>\n\t<meta name=\"twitter:label2\" content=\"Est. tempo de leitura\" \/>\n\t<meta name=\"twitter:data2\" content=\"1 minuto\" \/>\n<script type=\"application\/ld+json\" class=\"yoast-schema-graph\">{\"@context\":\"https:\/\/schema.org\",\"@graph\":[{\"@type\":\"Article\",\"@id\":\"https:\/\/www.notibras.com\/site\/terca-feira-8-marte-terra-sol-alinhamento-sinaliza-o-fim-do-mundo\/#article\",\"isPartOf\":{\"@id\":\"https:\/\/www.notibras.com\/site\/terca-feira-8-marte-terra-sol-alinhamento-sinaliza-o-fim-do-mundo\/\"},\"author\":{\"name\":\"Reda\u00e7\u00e3o\",\"@id\":\"https:\/\/www.notibras.com\/site\/#\/schema\/person\/36ab0979449956132d3e5b517ea76ac8\"},\"headline\":\"Ter\u00e7a-feira, 8. Marte, Terra, Sol. Alinhamento sinaliza o fim do mundo?\",\"datePublished\":\"2014-04-08T14:09:52+00:00\",\"dateModified\":\"2016-07-30T19:59:13+00:00\",\"mainEntityOfPage\":{\"@id\":\"https:\/\/www.notibras.com\/site\/terca-feira-8-marte-terra-sol-alinhamento-sinaliza-o-fim-do-mundo\/\"},\"wordCount\":275,\"commentCount\":0,\"publisher\":{\"@id\":\"https:\/\/www.notibras.com\/site\/#organization\"},\"image\":{\"@id\":\"https:\/\/www.notibras.com\/site\/terca-feira-8-marte-terra-sol-alinhamento-sinaliza-o-fim-do-mundo\/#primaryimage\"},\"thumbnailUrl\":\"https:\/\/www.notibras.com\/site\/wp-content\/uploads\/2014\/04\/eclipseluassanguenasa.jpg\",\"articleSection\":[\"Curiosidades\"],\"inLanguage\":\"pt-BR\",\"potentialAction\":[{\"@type\":\"CommentAction\",\"name\":\"Comment\",\"target\":[\"https:\/\/www.notibras.com\/site\/terca-feira-8-marte-terra-sol-alinhamento-sinaliza-o-fim-do-mundo\/#respond\"]}]},{\"@type\":\"WebPage\",\"@id\":\"https:\/\/www.notibras.com\/site\/terca-feira-8-marte-terra-sol-alinhamento-sinaliza-o-fim-do-mundo\/\",\"url\":\"https:\/\/www.notibras.com\/site\/terca-feira-8-marte-terra-sol-alinhamento-sinaliza-o-fim-do-mundo\/\",\"name\":\"Ter\u00e7a-feira, 8. Marte, Terra, Sol. Alinhamento sinaliza o fim do mundo? - Notibras\",\"isPartOf\":{\"@id\":\"https:\/\/www.notibras.com\/site\/#website\"},\"primaryImageOfPage\":{\"@id\":\"https:\/\/www.notibras.com\/site\/terca-feira-8-marte-terra-sol-alinhamento-sinaliza-o-fim-do-mundo\/#primaryimage\"},\"image\":{\"@id\":\"https:\/\/www.notibras.com\/site\/terca-feira-8-marte-terra-sol-alinhamento-sinaliza-o-fim-do-mundo\/#primaryimage\"},\"thumbnailUrl\":\"https:\/\/www.notibras.com\/site\/wp-content\/uploads\/2014\/04\/eclipseluassanguenasa.jpg\",\"datePublished\":\"2014-04-08T14:09:52+00:00\",\"dateModified\":\"2016-07-30T19:59:13+00:00\",\"breadcrumb\":{\"@id\":\"https:\/\/www.notibras.com\/site\/terca-feira-8-marte-terra-sol-alinhamento-sinaliza-o-fim-do-mundo\/#breadcrumb\"},\"inLanguage\":\"pt-BR\",\"potentialAction\":[{\"@type\":\"ReadAction\",\"target\":[\"https:\/\/www.notibras.com\/site\/terca-feira-8-marte-terra-sol-alinhamento-sinaliza-o-fim-do-mundo\/\"]}]},{\"@type\":\"ImageObject\",\"inLanguage\":\"pt-BR\",\"@id\":\"https:\/\/www.notibras.com\/site\/terca-feira-8-marte-terra-sol-alinhamento-sinaliza-o-fim-do-mundo\/#primaryimage\",\"url\":\"https:\/\/www.notibras.com\/site\/wp-content\/uploads\/2014\/04\/eclipseluassanguenasa.jpg\",\"contentUrl\":\"https:\/\/www.notibras.com\/site\/wp-content\/uploads\/2014\/04\/eclipseluassanguenasa.jpg\",\"width\":460,\"height\":340},{\"@type\":\"BreadcrumbList\",\"@id\":\"https:\/\/www.notibras.com\/site\/terca-feira-8-marte-terra-sol-alinhamento-sinaliza-o-fim-do-mundo\/#breadcrumb\",\"itemListElement\":[{\"@type\":\"ListItem\",\"position\":1,\"name\":\"In\u00edcio\",\"item\":\"https:\/\/www.notibras.com\/site\/\"},{\"@type\":\"ListItem\",\"position\":2,\"name\":\"Ter\u00e7a-feira, 8. Marte, Terra, Sol. Alinhamento sinaliza o fim do mundo?\"}]},{\"@type\":\"WebSite\",\"@id\":\"https:\/\/www.notibras.com\/site\/#website\",\"url\":\"https:\/\/www.notibras.com\/site\/\",\"name\":\"Notibras\",\"description\":\"Not\u00edcias de Bras\u00edlia, do Brasil e do Mundo\",\"publisher\":{\"@id\":\"https:\/\/www.notibras.com\/site\/#organization\"},\"potentialAction\":[{\"@type\":\"SearchAction\",\"target\":{\"@type\":\"EntryPoint\",\"urlTemplate\":\"https:\/\/www.notibras.com\/site\/?s={search_term_string}\"},\"query-input\":{\"@type\":\"PropertyValueSpecification\",\"valueRequired\":true,\"valueName\":\"search_term_string\"}}],\"inLanguage\":\"pt-BR\"},{\"@type\":\"Organization\",\"@id\":\"https:\/\/www.notibras.com\/site\/#organization\",\"name\":\"Grupo Notibras de Comunica\u00e7\u00e3o\",\"url\":\"https:\/\/www.notibras.com\/site\/\",\"logo\":{\"@type\":\"ImageObject\",\"inLanguage\":\"pt-BR\",\"@id\":\"https:\/\/www.notibras.com\/site\/#\/schema\/logo\/image\/\",\"url\":\"https:\/\/www.notibras.com\/site\/wp-content\/uploads\/2023\/01\/notibras23.png\",\"contentUrl\":\"https:\/\/www.notibras.com\/site\/wp-content\/uploads\/2023\/01\/notibras23.png\",\"width\":350,\"height\":87,\"caption\":\"Grupo Notibras de Comunica\u00e7\u00e3o\"},\"image\":{\"@id\":\"https:\/\/www.notibras.com\/site\/#\/schema\/logo\/image\/\"},\"sameAs\":[\"https:\/\/www.facebook.com\/notibras\/\",\"https:\/\/x.com\/Notibras\",\"https:\/\/www.instagram.com\/notibras\/\"]},{\"@type\":\"Person\",\"@id\":\"https:\/\/www.notibras.com\/site\/#\/schema\/person\/36ab0979449956132d3e5b517ea76ac8\",\"name\":\"Reda\u00e7\u00e3o\",\"image\":{\"@type\":\"ImageObject\",\"inLanguage\":\"pt-BR\",\"@id\":\"https:\/\/secure.gravatar.com\/avatar\/e0a867bdedb85fd243eadf09663511f96fc81e0720a4a42581f334ad4303aa6b?s=96&d=mm&r=g\",\"url\":\"https:\/\/secure.gravatar.com\/avatar\/e0a867bdedb85fd243eadf09663511f96fc81e0720a4a42581f334ad4303aa6b?s=96&d=mm&r=g\",\"contentUrl\":\"https:\/\/secure.gravatar.com\/avatar\/e0a867bdedb85fd243eadf09663511f96fc81e0720a4a42581f334ad4303aa6b?s=96&d=mm&r=g\",\"caption\":\"Reda\u00e7\u00e3o\"}}]}<\/script>\n<!-- \/ Yoast SEO plugin. -->","yoast_head_json":{"title":"Ter\u00e7a-feira, 8. Marte, Terra, Sol. Alinhamento sinaliza o fim do mundo? - Notibras","robots":{"index":"index","follow":"follow","max-snippet":"max-snippet:-1","max-image-preview":"max-image-preview:large","max-video-preview":"max-video-preview:-1"},"canonical":"https:\/\/www.notibras.com\/site\/terca-feira-8-marte-terra-sol-alinhamento-sinaliza-o-fim-do-mundo\/","og_locale":"pt_BR","og_type":"article","og_title":"Ter\u00e7a-feira, 8. Marte, Terra, Sol. Alinhamento sinaliza o fim do mundo? - Notibras","og_description":"Marte, Terra e Sol v\u00e3o se alinhar no Espa\u00e7o na noite desta ter\u00e7a-feira, 8, em um evento conhecido tamb\u00e9m como \u201coposi\u00e7\u00e3o de Marte\u201d que s\u00f3 acontece uma vez a cada 778 dias. Por\u00e9m, o que faz o acontecimento c\u00f3smico marcante \u00e9 ele anteceder as &#8220;luas de sangue&#8221;, um fen\u00f4meno que poder\u00e1 ser visto da terra [&hellip;]","og_url":"https:\/\/www.notibras.com\/site\/terca-feira-8-marte-terra-sol-alinhamento-sinaliza-o-fim-do-mundo\/","og_site_name":"Notibras","article_publisher":"https:\/\/www.facebook.com\/notibras\/","article_published_time":"2014-04-08T14:09:52+00:00","article_modified_time":"2016-07-30T19:59:13+00:00","og_image":[{"width":460,"height":340,"url":"https:\/\/www.notibras.com\/site\/wp-content\/uploads\/2014\/04\/eclipseluassanguenasa.jpg","type":"image\/jpeg"}],"author":"Reda\u00e7\u00e3o","twitter_card":"summary_large_image","twitter_creator":"@Notibras","twitter_site":"@Notibras","twitter_misc":{"Escrito por":"Reda\u00e7\u00e3o","Est. tempo de leitura":"1 minuto"},"schema":{"@context":"https:\/\/schema.org","@graph":[{"@type":"Article","@id":"https:\/\/www.notibras.com\/site\/terca-feira-8-marte-terra-sol-alinhamento-sinaliza-o-fim-do-mundo\/#article","isPartOf":{"@id":"https:\/\/www.notibras.com\/site\/terca-feira-8-marte-terra-sol-alinhamento-sinaliza-o-fim-do-mundo\/"},"author":{"name":"Reda\u00e7\u00e3o","@id":"https:\/\/www.notibras.com\/site\/#\/schema\/person\/36ab0979449956132d3e5b517ea76ac8"},"headline":"Ter\u00e7a-feira, 8. Marte, Terra, Sol. Alinhamento sinaliza o fim do mundo?","datePublished":"2014-04-08T14:09:52+00:00","dateModified":"2016-07-30T19:59:13+00:00","mainEntityOfPage":{"@id":"https:\/\/www.notibras.com\/site\/terca-feira-8-marte-terra-sol-alinhamento-sinaliza-o-fim-do-mundo\/"},"wordCount":275,"commentCount":0,"publisher":{"@id":"https:\/\/www.notibras.com\/site\/#organization"},"image":{"@id":"https:\/\/www.notibras.com\/site\/terca-feira-8-marte-terra-sol-alinhamento-sinaliza-o-fim-do-mundo\/#primaryimage"},"thumbnailUrl":"https:\/\/www.notibras.com\/site\/wp-content\/uploads\/2014\/04\/eclipseluassanguenasa.jpg","articleSection":["Curiosidades"],"inLanguage":"pt-BR","potentialAction":[{"@type":"CommentAction","name":"Comment","target":["https:\/\/www.notibras.com\/site\/terca-feira-8-marte-terra-sol-alinhamento-sinaliza-o-fim-do-mundo\/#respond"]}]},{"@type":"WebPage","@id":"https:\/\/www.notibras.com\/site\/terca-feira-8-marte-terra-sol-alinhamento-sinaliza-o-fim-do-mundo\/","url":"https:\/\/www.notibras.com\/site\/terca-feira-8-marte-terra-sol-alinhamento-sinaliza-o-fim-do-mundo\/","name":"Ter\u00e7a-feira, 8. Marte, Terra, Sol. Alinhamento sinaliza o fim do mundo? - Notibras","isPartOf":{"@id":"https:\/\/www.notibras.com\/site\/#website"},"primaryImageOfPage":{"@id":"https:\/\/www.notibras.com\/site\/terca-feira-8-marte-terra-sol-alinhamento-sinaliza-o-fim-do-mundo\/#primaryimage"},"image":{"@id":"https:\/\/www.notibras.com\/site\/terca-feira-8-marte-terra-sol-alinhamento-sinaliza-o-fim-do-mundo\/#primaryimage"},"thumbnailUrl":"https:\/\/www.notibras.com\/site\/wp-content\/uploads\/2014\/04\/eclipseluassanguenasa.jpg","datePublished":"2014-04-08T14:09:52+00:00","dateModified":"2016-07-30T19:59:13+00:00","breadcrumb":{"@id":"https:\/\/www.notibras.com\/site\/terca-feira-8-marte-terra-sol-alinhamento-sinaliza-o-fim-do-mundo\/#breadcrumb"},"inLanguage":"pt-BR","potentialAction":[{"@type":"ReadAction","target":["https:\/\/www.notibras.com\/site\/terca-feira-8-marte-terra-sol-alinhamento-sinaliza-o-fim-do-mundo\/"]}]},{"@type":"ImageObject","inLanguage":"pt-BR","@id":"https:\/\/www.notibras.com\/site\/terca-feira-8-marte-terra-sol-alinhamento-sinaliza-o-fim-do-mundo\/#primaryimage","url":"https:\/\/www.notibras.com\/site\/wp-content\/uploads\/2014\/04\/eclipseluassanguenasa.jpg","contentUrl":"https:\/\/www.notibras.com\/site\/wp-content\/uploads\/2014\/04\/eclipseluassanguenasa.jpg","width":460,"height":340},{"@type":"BreadcrumbList","@id":"https:\/\/www.notibras.com\/site\/terca-feira-8-marte-terra-sol-alinhamento-sinaliza-o-fim-do-mundo\/#breadcrumb","itemListElement":[{"@type":"ListItem","position":1,"name":"In\u00edcio","item":"https:\/\/www.notibras.com\/site\/"},{"@type":"ListItem","position":2,"name":"Ter\u00e7a-feira, 8. Marte, Terra, Sol. Alinhamento sinaliza o fim do mundo?"}]},{"@type":"WebSite","@id":"https:\/\/www.notibras.com\/site\/#website","url":"https:\/\/www.notibras.com\/site\/","name":"Notibras","description":"Not\u00edcias de Bras\u00edlia, do Brasil e do Mundo","publisher":{"@id":"https:\/\/www.notibras.com\/site\/#organization"},"potentialAction":[{"@type":"SearchAction","target":{"@type":"EntryPoint","urlTemplate":"https:\/\/www.notibras.com\/site\/?s={search_term_string}"},"query-input":{"@type":"PropertyValueSpecification","valueRequired":true,"valueName":"search_term_string"}}],"inLanguage":"pt-BR"},{"@type":"Organization","@id":"https:\/\/www.notibras.com\/site\/#organization","name":"Grupo Notibras de Comunica\u00e7\u00e3o","url":"https:\/\/www.notibras.com\/site\/","logo":{"@type":"ImageObject","inLanguage":"pt-BR","@id":"https:\/\/www.notibras.com\/site\/#\/schema\/logo\/image\/","url":"https:\/\/www.notibras.com\/site\/wp-content\/uploads\/2023\/01\/notibras23.png","contentUrl":"https:\/\/www.notibras.com\/site\/wp-content\/uploads\/2023\/01\/notibras23.png","width":350,"height":87,"caption":"Grupo Notibras de Comunica\u00e7\u00e3o"},"image":{"@id":"https:\/\/www.notibras.com\/site\/#\/schema\/logo\/image\/"},"sameAs":["https:\/\/www.facebook.com\/notibras\/","https:\/\/x.com\/Notibras","https:\/\/www.instagram.com\/notibras\/"]},{"@type":"Person","@id":"https:\/\/www.notibras.com\/site\/#\/schema\/person\/36ab0979449956132d3e5b517ea76ac8","name":"Reda\u00e7\u00e3o","image":{"@type":"ImageObject","inLanguage":"pt-BR","@id":"https:\/\/secure.gravatar.com\/avatar\/e0a867bdedb85fd243eadf09663511f96fc81e0720a4a42581f334ad4303aa6b?s=96&d=mm&r=g","url":"https:\/\/secure.gravatar.com\/avatar\/e0a867bdedb85fd243eadf09663511f96fc81e0720a4a42581f334ad4303aa6b?s=96&d=mm&r=g","contentUrl":"https:\/\/secure.gravatar.com\/avatar\/e0a867bdedb85fd243eadf09663511f96fc81e0720a4a42581f334ad4303aa6b?s=96&d=mm&r=g","caption":"Reda\u00e7\u00e3o"}}]}},"amp_enabled":true,"_links":{"self":[{"href":"https:\/\/www.notibras.com\/site\/wp-json\/wp\/v2\/posts\/6287","targetHints":{"allow":["GET"]}}],"collection":[{"href":"https:\/\/www.notibras.com\/site\/wp-json\/wp\/v2\/posts"}],"about":[{"href":"https:\/\/www.notibras.com\/site\/wp-json\/wp\/v2\/types\/post"}],"author":[{"embeddable":true,"href":"https:\/\/www.notibras.com\/site\/wp-json\/wp\/v2\/users\/2"}],"replies":[{"embeddable":true,"href":"https:\/\/www.notibras.com\/site\/wp-json\/wp\/v2\/comments?post=6287"}],"version-history":[{"count":1,"href":"https:\/\/www.notibras.com\/site\/wp-json\/wp\/v2\/posts\/6287\/revisions"}],"predecessor-version":[{"id":110062,"href":"https:\/\/www.notibras.com\/site\/wp-json\/wp\/v2\/posts\/6287\/revisions\/110062"}],"wp:featuredmedia":[{"embeddable":true,"href":"https:\/\/www.notibras.com\/site\/wp-json\/wp\/v2\/media\/6288"}],"wp:attachment":[{"href":"https:\/\/www.notibras.com\/site\/wp-json\/wp\/v2\/media?parent=6287"}],"wp:term":[{"taxonomy":"category","embeddable":true,"href":"https:\/\/www.notibras.com\/site\/wp-json\/wp\/v2\/categories?post=6287"},{"taxonomy":"post_tag","embeddable":true,"href":"https:\/\/www.notibras.com\/site\/wp-json\/wp\/v2\/tags?post=6287"}],"curies":[{"name":"wp","href":"https:\/\/api.w.org\/{rel}","templated":true}]}}