{"id":62941,"date":"2015-08-18T19:37:27","date_gmt":"2015-08-18T22:37:27","guid":{"rendered":"http:\/\/www.notibras.com\/site\/?p=62941"},"modified":"2015-08-20T05:36:34","modified_gmt":"2015-08-20T08:36:34","slug":"dilma-olha-para-todos-os-lados-e-nao-ve-horizonte-que-desafogue-seus-tormentos","status":"publish","type":"post","link":"https:\/\/www.notibras.com\/site\/dilma-olha-para-todos-os-lados-e-nao-ve-horizonte-que-desafogue-seus-tormentos\/","title":{"rendered":"Dilma olha para os lados e n\u00e3o v\u00ea horizonte para o tormento que assola povo"},"content":{"rendered":"<p>Em termos quantitativos, o protesto anti-Dilma deste domingo (16) superou o de abril e ficou aqu\u00e9m do de mar\u00e7o.<\/p>\n<p>Um instituto de pesquisa j\u00e1 captou bem o sentimento de impot\u00eancia dos brasileiros: eles, em sua expressiva maioria, querem o impeachment da presidenta, mas n\u00e3o acreditam que o impeachment v\u00e1 acontecer.<\/p>\n<p>Ent\u00e3o, \u00e9 compreens\u00edvel que, depois do grande desabafo de mar\u00e7o, seu \u00e2nimo tenha arrefecido um pouco. Nosso povo, simplesmente, est\u00e1 descrente dos podres Poderes. Sup\u00f5e que eles n\u00e3o ouvir\u00e3o a voz das ruas, ent\u00e3o acha in\u00fatil ir \u00e0s ruas. &#8220;Conhe\u00e7o bem minha hist\u00f3ria\/ Come\u00e7a na lua cheia\/ E termina antes do fim&#8221;&#8230;<\/p>\n<p>Mas, o teatro da pol\u00edtica n\u00e3o substitui a realidade da pol\u00edtica e, principalmente, da economia. Joaquim Levy n\u00e3o tirar\u00e1 o Brasil da recess\u00e3o. Pelo contr\u00e1rio, se n\u00e3o for detido, nos conduzir\u00e1 \u00e0 depress\u00e3o. Sai bolsa-fam\u00edlia, entra sopa dos pobres.<\/p>\n<p>As manobras de Dilma para escapar do impeachment aprofundam a descaracteriza\u00e7\u00e3o do seu governo e a desmoraliza\u00e7\u00e3o do PT. Pensa que ganha tempo pactuando com Renan Calheiros (aquele que tamb\u00e9m fazia o servi\u00e7o sujo para Collor), submetendo-se mais ainda (\u00e9 poss\u00edvel?!) aos grandes empres\u00e1rios, ajudando os conv\u00eanios de sa\u00fade a lesar os associados, etc.<\/p>\n<p>Parece que desistiu de elevar a idade m\u00ednima para aposentadoria, de forma a faz\u00ea-la coincidir com as disponibilidades de caixa da Previd\u00eancia. Isto se falou logo que a Agenda (de benesses para os exploradores e maldades para os explorados do) Brasil foi divulgada, depois ningu\u00e9m mais tocou no assunto.<\/p>\n<p>O Levy deve ter deixado esta abomina\u00e7\u00e3o para 2016, se ele e a Dilma ainda estiverem nos cargos atuais. Eu apostaria que ou um ou outra n\u00e3o estar\u00e1. E, para n\u00e3o perder a aposta, cravaria tamb\u00e9m duplo: a sa\u00edda de ambos.<\/p>\n<p>O certo \u00e9 que, em pa\u00eds pobre como o Brasil a receita neoliberal, regime imposto a quem n\u00e3o tem mais gordura nenhuma para queimar, nem remotamente cura o paciente. Mata. E, cedo ou tarde, pouco importando quantas se arrematem, e por quanto, das almas dos vil\u00f5es da pol\u00edtica, ser\u00e1 a nossa triste realidade que determinar\u00e1 o desfecho do drama, n\u00e3o as trai\u00e7\u00f5es e velhacarias da Pra\u00e7a dos Tr\u00eas Poderes.<\/p>\n<p>N\u00e3o adianta minarem-se, a golpes de caneta ou outros, os caminhos legais que levam ao impeachment, se a pen\u00faria continuar crescendo e fazendo crescer a insatisfa\u00e7\u00e3o popular. A press\u00e3o vai aumentar at\u00e9 explodir a panela, fazendo um barulho t\u00e3o ensurdecedor que os panela\u00e7os parecer\u00e3o brincadeira de crian\u00e7a.<\/p>\n<p>Dilma, voc\u00ea jamais terminar\u00e1 seu mandato caso continue atirando-se nos bra\u00e7os dos capitalistas e dos fisiol\u00f3gicos. Se n\u00e3o h\u00e1 como vencer a atual parada mantendo sua dignidade, escolha a dignidade. Ela \u00e9 muito mais importante do que o poder!<\/p>\n<p>O povo n\u00e3o \u00e9 muito sofisticado, raciocina de forma linear: dize-me com quem andas&#8230; Aqueles com os quais voc\u00ea tem andado ultimamente s\u00e3o a esc\u00f3ria moral da humanidade. At\u00e9 porcos, gamb\u00e1s e vermes manteriam dist\u00e2ncia deles.<\/p>\n<p>Mas, se teme que, guinando \u00e0 esquerda, acabar\u00e1 martirizada como Allende, renuncie antes que a encostem na parede. Saia de cabe\u00e7a erguida, e n\u00e3o como uma esquerdista que se tornou neoliberal tardia&#8230; a troco de nada, pois nem assim escapar\u00e1 da degola. Quem viver, ver\u00e1.<\/p>\n<p><strong>Celso Lungaretti<\/strong><\/p>\n","protected":false},"excerpt":{"rendered":"<p>Em termos quantitativos, o protesto anti-Dilma deste domingo (16) superou o de abril e ficou aqu\u00e9m do de mar\u00e7o. Um instituto de pesquisa j\u00e1 captou bem o sentimento de impot\u00eancia dos brasileiros: eles, em sua expressiva maioria, querem o impeachment da presidenta, mas n\u00e3o acreditam que o impeachment v\u00e1 acontecer. Ent\u00e3o, \u00e9 compreens\u00edvel que, depois [&hellip;]<\/p>\n","protected":false},"author":2,"featured_media":62942,"comment_status":"open","ping_status":"closed","sticky":false,"template":"","format":"standard","meta":{"_acf_changed":false,"footnotes":""},"categories":[25],"tags":[],"class_list":["post-62941","post","type-post","status-publish","format-standard","has-post-thumbnail","hentry","category-opina-ai"],"acf":[],"yoast_head":"<!-- This site is optimized with the Yoast SEO plugin v27.2 - https:\/\/yoast.com\/product\/yoast-seo-wordpress\/ -->\n<title>Dilma olha para os lados e n\u00e3o v\u00ea horizonte para o tormento que assola povo - Notibras<\/title>\n<meta name=\"robots\" content=\"index, follow, max-snippet:-1, max-image-preview:large, max-video-preview:-1\" \/>\n<link rel=\"canonical\" href=\"https:\/\/www.notibras.com\/site\/dilma-olha-para-todos-os-lados-e-nao-ve-horizonte-que-desafogue-seus-tormentos\/\" \/>\n<meta property=\"og:locale\" content=\"pt_BR\" \/>\n<meta property=\"og:type\" content=\"article\" \/>\n<meta property=\"og:title\" content=\"Dilma olha para os lados e n\u00e3o v\u00ea horizonte para o tormento que assola povo - Notibras\" \/>\n<meta property=\"og:description\" content=\"Em termos quantitativos, o protesto anti-Dilma deste domingo (16) superou o de abril e ficou aqu\u00e9m do de mar\u00e7o. Um instituto de pesquisa j\u00e1 captou bem o sentimento de impot\u00eancia dos brasileiros: eles, em sua expressiva maioria, querem o impeachment da presidenta, mas n\u00e3o acreditam que o impeachment v\u00e1 acontecer. Ent\u00e3o, \u00e9 compreens\u00edvel que, depois [&hellip;]\" \/>\n<meta property=\"og:url\" content=\"https:\/\/www.notibras.com\/site\/dilma-olha-para-todos-os-lados-e-nao-ve-horizonte-que-desafogue-seus-tormentos\/\" \/>\n<meta property=\"og:site_name\" content=\"Notibras\" \/>\n<meta property=\"article:publisher\" content=\"https:\/\/www.facebook.com\/notibras\/\" \/>\n<meta property=\"article:published_time\" content=\"2015-08-18T22:37:27+00:00\" \/>\n<meta property=\"article:modified_time\" content=\"2015-08-20T08:36:34+00:00\" \/>\n<meta property=\"og:image\" content=\"https:\/\/www.notibras.com\/site\/wp-content\/uploads\/2015\/08\/opina.jpg\" \/>\n\t<meta property=\"og:image:width\" content=\"750\" \/>\n\t<meta property=\"og:image:height\" content=\"500\" \/>\n\t<meta property=\"og:image:type\" content=\"image\/jpeg\" \/>\n<meta name=\"author\" content=\"Reda\u00e7\u00e3o\" \/>\n<meta name=\"twitter:card\" content=\"summary_large_image\" \/>\n<meta name=\"twitter:creator\" content=\"@Notibras\" \/>\n<meta name=\"twitter:site\" content=\"@Notibras\" \/>\n<meta name=\"twitter:label1\" content=\"Escrito por\" \/>\n\t<meta name=\"twitter:data1\" content=\"Reda\u00e7\u00e3o\" \/>\n\t<meta name=\"twitter:label2\" content=\"Est. tempo de leitura\" \/>\n\t<meta name=\"twitter:data2\" content=\"3 minutos\" \/>\n<script type=\"application\/ld+json\" class=\"yoast-schema-graph\">{\"@context\":\"https:\/\/schema.org\",\"@graph\":[{\"@type\":\"Article\",\"@id\":\"https:\/\/www.notibras.com\/site\/dilma-olha-para-todos-os-lados-e-nao-ve-horizonte-que-desafogue-seus-tormentos\/#article\",\"isPartOf\":{\"@id\":\"https:\/\/www.notibras.com\/site\/dilma-olha-para-todos-os-lados-e-nao-ve-horizonte-que-desafogue-seus-tormentos\/\"},\"author\":{\"name\":\"Reda\u00e7\u00e3o\",\"@id\":\"https:\/\/www.notibras.com\/site\/#\/schema\/person\/36ab0979449956132d3e5b517ea76ac8\"},\"headline\":\"Dilma olha para os lados e n\u00e3o v\u00ea horizonte para o tormento que assola povo\",\"datePublished\":\"2015-08-18T22:37:27+00:00\",\"dateModified\":\"2015-08-20T08:36:34+00:00\",\"mainEntityOfPage\":{\"@id\":\"https:\/\/www.notibras.com\/site\/dilma-olha-para-todos-os-lados-e-nao-ve-horizonte-que-desafogue-seus-tormentos\/\"},\"wordCount\":597,\"commentCount\":0,\"publisher\":{\"@id\":\"https:\/\/www.notibras.com\/site\/#organization\"},\"image\":{\"@id\":\"https:\/\/www.notibras.com\/site\/dilma-olha-para-todos-os-lados-e-nao-ve-horizonte-que-desafogue-seus-tormentos\/#primaryimage\"},\"thumbnailUrl\":\"https:\/\/www.notibras.com\/site\/wp-content\/uploads\/2015\/08\/opina.jpg\",\"articleSection\":[\"Opina a\u00ed\"],\"inLanguage\":\"pt-BR\",\"potentialAction\":[{\"@type\":\"CommentAction\",\"name\":\"Comment\",\"target\":[\"https:\/\/www.notibras.com\/site\/dilma-olha-para-todos-os-lados-e-nao-ve-horizonte-que-desafogue-seus-tormentos\/#respond\"]}]},{\"@type\":\"WebPage\",\"@id\":\"https:\/\/www.notibras.com\/site\/dilma-olha-para-todos-os-lados-e-nao-ve-horizonte-que-desafogue-seus-tormentos\/\",\"url\":\"https:\/\/www.notibras.com\/site\/dilma-olha-para-todos-os-lados-e-nao-ve-horizonte-que-desafogue-seus-tormentos\/\",\"name\":\"Dilma olha para os lados e n\u00e3o v\u00ea horizonte para o tormento que assola povo - Notibras\",\"isPartOf\":{\"@id\":\"https:\/\/www.notibras.com\/site\/#website\"},\"primaryImageOfPage\":{\"@id\":\"https:\/\/www.notibras.com\/site\/dilma-olha-para-todos-os-lados-e-nao-ve-horizonte-que-desafogue-seus-tormentos\/#primaryimage\"},\"image\":{\"@id\":\"https:\/\/www.notibras.com\/site\/dilma-olha-para-todos-os-lados-e-nao-ve-horizonte-que-desafogue-seus-tormentos\/#primaryimage\"},\"thumbnailUrl\":\"https:\/\/www.notibras.com\/site\/wp-content\/uploads\/2015\/08\/opina.jpg\",\"datePublished\":\"2015-08-18T22:37:27+00:00\",\"dateModified\":\"2015-08-20T08:36:34+00:00\",\"breadcrumb\":{\"@id\":\"https:\/\/www.notibras.com\/site\/dilma-olha-para-todos-os-lados-e-nao-ve-horizonte-que-desafogue-seus-tormentos\/#breadcrumb\"},\"inLanguage\":\"pt-BR\",\"potentialAction\":[{\"@type\":\"ReadAction\",\"target\":[\"https:\/\/www.notibras.com\/site\/dilma-olha-para-todos-os-lados-e-nao-ve-horizonte-que-desafogue-seus-tormentos\/\"]}]},{\"@type\":\"ImageObject\",\"inLanguage\":\"pt-BR\",\"@id\":\"https:\/\/www.notibras.com\/site\/dilma-olha-para-todos-os-lados-e-nao-ve-horizonte-que-desafogue-seus-tormentos\/#primaryimage\",\"url\":\"https:\/\/www.notibras.com\/site\/wp-content\/uploads\/2015\/08\/opina.jpg\",\"contentUrl\":\"https:\/\/www.notibras.com\/site\/wp-content\/uploads\/2015\/08\/opina.jpg\",\"width\":750,\"height\":500},{\"@type\":\"BreadcrumbList\",\"@id\":\"https:\/\/www.notibras.com\/site\/dilma-olha-para-todos-os-lados-e-nao-ve-horizonte-que-desafogue-seus-tormentos\/#breadcrumb\",\"itemListElement\":[{\"@type\":\"ListItem\",\"position\":1,\"name\":\"In\u00edcio\",\"item\":\"https:\/\/www.notibras.com\/site\/\"},{\"@type\":\"ListItem\",\"position\":2,\"name\":\"Dilma olha para os lados e n\u00e3o v\u00ea horizonte para o tormento que assola povo\"}]},{\"@type\":\"WebSite\",\"@id\":\"https:\/\/www.notibras.com\/site\/#website\",\"url\":\"https:\/\/www.notibras.com\/site\/\",\"name\":\"Notibras\",\"description\":\"Not\u00edcias de Bras\u00edlia, do Brasil e do Mundo\",\"publisher\":{\"@id\":\"https:\/\/www.notibras.com\/site\/#organization\"},\"potentialAction\":[{\"@type\":\"SearchAction\",\"target\":{\"@type\":\"EntryPoint\",\"urlTemplate\":\"https:\/\/www.notibras.com\/site\/?s={search_term_string}\"},\"query-input\":{\"@type\":\"PropertyValueSpecification\",\"valueRequired\":true,\"valueName\":\"search_term_string\"}}],\"inLanguage\":\"pt-BR\"},{\"@type\":\"Organization\",\"@id\":\"https:\/\/www.notibras.com\/site\/#organization\",\"name\":\"Grupo Notibras de Comunica\u00e7\u00e3o\",\"url\":\"https:\/\/www.notibras.com\/site\/\",\"logo\":{\"@type\":\"ImageObject\",\"inLanguage\":\"pt-BR\",\"@id\":\"https:\/\/www.notibras.com\/site\/#\/schema\/logo\/image\/\",\"url\":\"https:\/\/www.notibras.com\/site\/wp-content\/uploads\/2023\/01\/notibras23.png\",\"contentUrl\":\"https:\/\/www.notibras.com\/site\/wp-content\/uploads\/2023\/01\/notibras23.png\",\"width\":350,\"height\":87,\"caption\":\"Grupo Notibras de Comunica\u00e7\u00e3o\"},\"image\":{\"@id\":\"https:\/\/www.notibras.com\/site\/#\/schema\/logo\/image\/\"},\"sameAs\":[\"https:\/\/www.facebook.com\/notibras\/\",\"https:\/\/x.com\/Notibras\",\"https:\/\/www.instagram.com\/notibras\/\"]},{\"@type\":\"Person\",\"@id\":\"https:\/\/www.notibras.com\/site\/#\/schema\/person\/36ab0979449956132d3e5b517ea76ac8\",\"name\":\"Reda\u00e7\u00e3o\",\"image\":{\"@type\":\"ImageObject\",\"inLanguage\":\"pt-BR\",\"@id\":\"https:\/\/secure.gravatar.com\/avatar\/e0a867bdedb85fd243eadf09663511f96fc81e0720a4a42581f334ad4303aa6b?s=96&d=mm&r=g\",\"url\":\"https:\/\/secure.gravatar.com\/avatar\/e0a867bdedb85fd243eadf09663511f96fc81e0720a4a42581f334ad4303aa6b?s=96&d=mm&r=g\",\"contentUrl\":\"https:\/\/secure.gravatar.com\/avatar\/e0a867bdedb85fd243eadf09663511f96fc81e0720a4a42581f334ad4303aa6b?s=96&d=mm&r=g\",\"caption\":\"Reda\u00e7\u00e3o\"}}]}<\/script>\n<!-- \/ Yoast SEO plugin. -->","yoast_head_json":{"title":"Dilma olha para os lados e n\u00e3o v\u00ea horizonte para o tormento que assola povo - Notibras","robots":{"index":"index","follow":"follow","max-snippet":"max-snippet:-1","max-image-preview":"max-image-preview:large","max-video-preview":"max-video-preview:-1"},"canonical":"https:\/\/www.notibras.com\/site\/dilma-olha-para-todos-os-lados-e-nao-ve-horizonte-que-desafogue-seus-tormentos\/","og_locale":"pt_BR","og_type":"article","og_title":"Dilma olha para os lados e n\u00e3o v\u00ea horizonte para o tormento que assola povo - Notibras","og_description":"Em termos quantitativos, o protesto anti-Dilma deste domingo (16) superou o de abril e ficou aqu\u00e9m do de mar\u00e7o. Um instituto de pesquisa j\u00e1 captou bem o sentimento de impot\u00eancia dos brasileiros: eles, em sua expressiva maioria, querem o impeachment da presidenta, mas n\u00e3o acreditam que o impeachment v\u00e1 acontecer. Ent\u00e3o, \u00e9 compreens\u00edvel que, depois [&hellip;]","og_url":"https:\/\/www.notibras.com\/site\/dilma-olha-para-todos-os-lados-e-nao-ve-horizonte-que-desafogue-seus-tormentos\/","og_site_name":"Notibras","article_publisher":"https:\/\/www.facebook.com\/notibras\/","article_published_time":"2015-08-18T22:37:27+00:00","article_modified_time":"2015-08-20T08:36:34+00:00","og_image":[{"width":750,"height":500,"url":"https:\/\/www.notibras.com\/site\/wp-content\/uploads\/2015\/08\/opina.jpg","type":"image\/jpeg"}],"author":"Reda\u00e7\u00e3o","twitter_card":"summary_large_image","twitter_creator":"@Notibras","twitter_site":"@Notibras","twitter_misc":{"Escrito por":"Reda\u00e7\u00e3o","Est. tempo de leitura":"3 minutos"},"schema":{"@context":"https:\/\/schema.org","@graph":[{"@type":"Article","@id":"https:\/\/www.notibras.com\/site\/dilma-olha-para-todos-os-lados-e-nao-ve-horizonte-que-desafogue-seus-tormentos\/#article","isPartOf":{"@id":"https:\/\/www.notibras.com\/site\/dilma-olha-para-todos-os-lados-e-nao-ve-horizonte-que-desafogue-seus-tormentos\/"},"author":{"name":"Reda\u00e7\u00e3o","@id":"https:\/\/www.notibras.com\/site\/#\/schema\/person\/36ab0979449956132d3e5b517ea76ac8"},"headline":"Dilma olha para os lados e n\u00e3o v\u00ea horizonte para o tormento que assola povo","datePublished":"2015-08-18T22:37:27+00:00","dateModified":"2015-08-20T08:36:34+00:00","mainEntityOfPage":{"@id":"https:\/\/www.notibras.com\/site\/dilma-olha-para-todos-os-lados-e-nao-ve-horizonte-que-desafogue-seus-tormentos\/"},"wordCount":597,"commentCount":0,"publisher":{"@id":"https:\/\/www.notibras.com\/site\/#organization"},"image":{"@id":"https:\/\/www.notibras.com\/site\/dilma-olha-para-todos-os-lados-e-nao-ve-horizonte-que-desafogue-seus-tormentos\/#primaryimage"},"thumbnailUrl":"https:\/\/www.notibras.com\/site\/wp-content\/uploads\/2015\/08\/opina.jpg","articleSection":["Opina a\u00ed"],"inLanguage":"pt-BR","potentialAction":[{"@type":"CommentAction","name":"Comment","target":["https:\/\/www.notibras.com\/site\/dilma-olha-para-todos-os-lados-e-nao-ve-horizonte-que-desafogue-seus-tormentos\/#respond"]}]},{"@type":"WebPage","@id":"https:\/\/www.notibras.com\/site\/dilma-olha-para-todos-os-lados-e-nao-ve-horizonte-que-desafogue-seus-tormentos\/","url":"https:\/\/www.notibras.com\/site\/dilma-olha-para-todos-os-lados-e-nao-ve-horizonte-que-desafogue-seus-tormentos\/","name":"Dilma olha para os lados e n\u00e3o v\u00ea horizonte para o tormento que assola povo - Notibras","isPartOf":{"@id":"https:\/\/www.notibras.com\/site\/#website"},"primaryImageOfPage":{"@id":"https:\/\/www.notibras.com\/site\/dilma-olha-para-todos-os-lados-e-nao-ve-horizonte-que-desafogue-seus-tormentos\/#primaryimage"},"image":{"@id":"https:\/\/www.notibras.com\/site\/dilma-olha-para-todos-os-lados-e-nao-ve-horizonte-que-desafogue-seus-tormentos\/#primaryimage"},"thumbnailUrl":"https:\/\/www.notibras.com\/site\/wp-content\/uploads\/2015\/08\/opina.jpg","datePublished":"2015-08-18T22:37:27+00:00","dateModified":"2015-08-20T08:36:34+00:00","breadcrumb":{"@id":"https:\/\/www.notibras.com\/site\/dilma-olha-para-todos-os-lados-e-nao-ve-horizonte-que-desafogue-seus-tormentos\/#breadcrumb"},"inLanguage":"pt-BR","potentialAction":[{"@type":"ReadAction","target":["https:\/\/www.notibras.com\/site\/dilma-olha-para-todos-os-lados-e-nao-ve-horizonte-que-desafogue-seus-tormentos\/"]}]},{"@type":"ImageObject","inLanguage":"pt-BR","@id":"https:\/\/www.notibras.com\/site\/dilma-olha-para-todos-os-lados-e-nao-ve-horizonte-que-desafogue-seus-tormentos\/#primaryimage","url":"https:\/\/www.notibras.com\/site\/wp-content\/uploads\/2015\/08\/opina.jpg","contentUrl":"https:\/\/www.notibras.com\/site\/wp-content\/uploads\/2015\/08\/opina.jpg","width":750,"height":500},{"@type":"BreadcrumbList","@id":"https:\/\/www.notibras.com\/site\/dilma-olha-para-todos-os-lados-e-nao-ve-horizonte-que-desafogue-seus-tormentos\/#breadcrumb","itemListElement":[{"@type":"ListItem","position":1,"name":"In\u00edcio","item":"https:\/\/www.notibras.com\/site\/"},{"@type":"ListItem","position":2,"name":"Dilma olha para os lados e n\u00e3o v\u00ea horizonte para o tormento que assola povo"}]},{"@type":"WebSite","@id":"https:\/\/www.notibras.com\/site\/#website","url":"https:\/\/www.notibras.com\/site\/","name":"Notibras","description":"Not\u00edcias de Bras\u00edlia, do Brasil e do Mundo","publisher":{"@id":"https:\/\/www.notibras.com\/site\/#organization"},"potentialAction":[{"@type":"SearchAction","target":{"@type":"EntryPoint","urlTemplate":"https:\/\/www.notibras.com\/site\/?s={search_term_string}"},"query-input":{"@type":"PropertyValueSpecification","valueRequired":true,"valueName":"search_term_string"}}],"inLanguage":"pt-BR"},{"@type":"Organization","@id":"https:\/\/www.notibras.com\/site\/#organization","name":"Grupo Notibras de Comunica\u00e7\u00e3o","url":"https:\/\/www.notibras.com\/site\/","logo":{"@type":"ImageObject","inLanguage":"pt-BR","@id":"https:\/\/www.notibras.com\/site\/#\/schema\/logo\/image\/","url":"https:\/\/www.notibras.com\/site\/wp-content\/uploads\/2023\/01\/notibras23.png","contentUrl":"https:\/\/www.notibras.com\/site\/wp-content\/uploads\/2023\/01\/notibras23.png","width":350,"height":87,"caption":"Grupo Notibras de Comunica\u00e7\u00e3o"},"image":{"@id":"https:\/\/www.notibras.com\/site\/#\/schema\/logo\/image\/"},"sameAs":["https:\/\/www.facebook.com\/notibras\/","https:\/\/x.com\/Notibras","https:\/\/www.instagram.com\/notibras\/"]},{"@type":"Person","@id":"https:\/\/www.notibras.com\/site\/#\/schema\/person\/36ab0979449956132d3e5b517ea76ac8","name":"Reda\u00e7\u00e3o","image":{"@type":"ImageObject","inLanguage":"pt-BR","@id":"https:\/\/secure.gravatar.com\/avatar\/e0a867bdedb85fd243eadf09663511f96fc81e0720a4a42581f334ad4303aa6b?s=96&d=mm&r=g","url":"https:\/\/secure.gravatar.com\/avatar\/e0a867bdedb85fd243eadf09663511f96fc81e0720a4a42581f334ad4303aa6b?s=96&d=mm&r=g","contentUrl":"https:\/\/secure.gravatar.com\/avatar\/e0a867bdedb85fd243eadf09663511f96fc81e0720a4a42581f334ad4303aa6b?s=96&d=mm&r=g","caption":"Reda\u00e7\u00e3o"}}]}},"amp_enabled":true,"_links":{"self":[{"href":"https:\/\/www.notibras.com\/site\/wp-json\/wp\/v2\/posts\/62941","targetHints":{"allow":["GET"]}}],"collection":[{"href":"https:\/\/www.notibras.com\/site\/wp-json\/wp\/v2\/posts"}],"about":[{"href":"https:\/\/www.notibras.com\/site\/wp-json\/wp\/v2\/types\/post"}],"author":[{"embeddable":true,"href":"https:\/\/www.notibras.com\/site\/wp-json\/wp\/v2\/users\/2"}],"replies":[{"embeddable":true,"href":"https:\/\/www.notibras.com\/site\/wp-json\/wp\/v2\/comments?post=62941"}],"version-history":[{"count":4,"href":"https:\/\/www.notibras.com\/site\/wp-json\/wp\/v2\/posts\/62941\/revisions"}],"predecessor-version":[{"id":63333,"href":"https:\/\/www.notibras.com\/site\/wp-json\/wp\/v2\/posts\/62941\/revisions\/63333"}],"wp:featuredmedia":[{"embeddable":true,"href":"https:\/\/www.notibras.com\/site\/wp-json\/wp\/v2\/media\/62942"}],"wp:attachment":[{"href":"https:\/\/www.notibras.com\/site\/wp-json\/wp\/v2\/media?parent=62941"}],"wp:term":[{"taxonomy":"category","embeddable":true,"href":"https:\/\/www.notibras.com\/site\/wp-json\/wp\/v2\/categories?post=62941"},{"taxonomy":"post_tag","embeddable":true,"href":"https:\/\/www.notibras.com\/site\/wp-json\/wp\/v2\/tags?post=62941"}],"curies":[{"name":"wp","href":"https:\/\/api.w.org\/{rel}","templated":true}]}}