{"id":63004,"date":"2015-08-18T23:33:57","date_gmt":"2015-08-19T02:33:57","guid":{"rendered":"http:\/\/www.notibras.com\/site\/?p=63004"},"modified":"2015-08-19T10:57:56","modified_gmt":"2015-08-19T13:57:56","slug":"governo-e-oposicao-chegam-a-acordo-e-reajuste-do-saldo-do-fgts-vai-ser-escalonado","status":"publish","type":"post","link":"https:\/\/www.notibras.com\/site\/governo-e-oposicao-chegam-a-acordo-e-reajuste-do-saldo-do-fgts-vai-ser-escalonado\/","title":{"rendered":"Governo e oposi\u00e7\u00e3o chegam a acordo para reajustar saldo do FGTS"},"content":{"rendered":"<p>Depois de muitas negocia\u00e7\u00f5es de lideran\u00e7as governistas com partidos da pr\u00f3pria base aliada e da oposi\u00e7\u00e3o e o relator, deputado Rodrigo Maia (DEM-RJ), a C\u00e2mara dos Deputados aprovou, na noite desta ter\u00e7a (18), projeto de lei que altera as regras de reajuste dos dep\u00f3sitos do Fundo de Garantia do Tempo de Servi\u00e7o (FGTS), feitos a partir de janeiro de 2016.<\/p>\n<p>A aprova\u00e7\u00e3o do substitutivo apresentado pelo deputado Rodrigo Maia se deu pelo processo simb\u00f3lico de vota\u00e7\u00e3o, uma vez que todos os l\u00edderes partid\u00e1rios encaminharam favoravelmente \u00e0 aprova\u00e7\u00e3o do texto do relator. O texto segue agora \u00e0 aprecia\u00e7\u00e3o do Senado. Se for modificado na vota\u00e7\u00e3o dos senadores, retornar\u00e1 para nova delibera\u00e7\u00e3o dos deputados.<\/p>\n<p>Pelo texto aprovado, o reajuste dos novos dep\u00f3sitos do FGTS, a serem feitos a partir de janeiro do ano que vem nas contas dos trabalhadores, ser\u00e3o corrigidos de forma escalonada pelos pr\u00f3ximos quatro anos at\u00e9 atingir o \u00edndice de corre\u00e7\u00e3o da caderneta de poupan\u00e7a. Em 2016, os novos dep\u00f3sitos ser\u00e3o corrigidos em 4% mais a TR; em 2017, em 4,75% mais TR; em 2018, 5,5% mais TR; e em 2019, 6%, \u00edndice igual ao pago \u00e0s cadernetas de poupan\u00e7a.<\/p>\n<p>O texto do relator, que foi aprovado pelos deputados, tamb\u00e9m permite que at\u00e9 60% do lucro das aplica\u00e7\u00f5es dos recursos do FGTS poder\u00e3o ser usados para financiar programas sociais como o Minha Casa, Minha Vida.<\/p>\n<p>O l\u00edder do governo, deputado Jos\u00e9 Guimar\u00e3es (PT-CE), disse que o governo trabalhou para preservar a sustentabilidade do fundo com taxas compat\u00edveis de remunera\u00e7\u00e3o para n\u00e3o incidirem nos subs\u00eddios dos programas financiados pelo fundo como o Minha Casa, Minha Vida. \u201cO substitutivo preserva a sustentabilidade do fundo e, ao mesmo tempo, os programas sociais como o Minha Casa, Minha Vida, acho que foi uma grande conquista\u201d.<\/p>\n<p>Segundo o l\u00edder do governo, o relat\u00f3rio avan\u00e7ou bastante e o di\u00e1logo foi importante para que isso acontecesse. \u201cPenso que n\u00f3s inauguramos um novo circulo, que foi o di\u00e1logo que constru\u00edmos com o relator para votar a mat\u00e9ria\u201d, disse. \u201cAvan\u00e7amos na taxa de remunera\u00e7\u00e3o que foi estabelecida. A diverg\u00eancia que se estabeleceu [nas negocia\u00e7\u00f5es] foi entre tr\u00eas e oito anos, qual o per\u00edodo para executar isso? O relator subiu para quatro e eu cheguei a falar em cinco anos. Mas n\u00e3o teve entendimento especifico nesse ponto\u201d, afirmou Guimar\u00e3es.<\/p>\n<p>De acordo com o relator, Rodrigo Maia, ao fim dos pr\u00f3ximos quatro anos, os trabalhadores v\u00e3o ter a remunera\u00e7\u00e3o dos dep\u00f3sitos do FGTS, feitos a partir de janeiro do ano que vem, igual ao reajuste da caderneta de poupan\u00e7a. Segundo Maia, o estoque dos dep\u00f3sitos anteriores a 2016 continuar\u00e3o sendo corrigidos pelas regras atuais de 3% mais TR. De acordo com ele, o governo queria prazo maior de transi\u00e7\u00e3o. \u201cDo meu ponto de vista a garantia de 60% do lucro para o Minha Casa, Minha Vida era o mais determinante para o governo\u201d, afirmou.<\/p>\n<p>\u201cSaiu ganhando o trabalhador que era lesado ano a ano com uma remunera\u00e7\u00e3o, assim, absurda quase um roubo dos recursos do trabalhador para outras finalidades\u201d, disse o relator. \u201cQuem sai ganhando 100%, a partir de 2019, \u00e9 o trabalhador. Aprovar o projeto, \u00e9 um avan\u00e7o para todos. \u00c9 uma vit\u00f3ria de todos\u201d, acrescentou Maia.<\/p>\n<p>Depois de conclu\u00edda a vota\u00e7\u00e3o do projeto sobre os reajustes do FGTS, os deputados iniciaram a discuss\u00e3o para vota\u00e7\u00e3o, em segundo turno, da proposta de emenda \u00e0 Constitui\u00e7\u00e3o (PEC) 171\/93, que reduz a maioridade penal de 18 para 16 anos. O presidente da C\u00e2mara, deputado Eduardo Cunha (PMDB-RJ), disse que deixar\u00e1 todos os deputados, que quiserem discutir a proposta, falar na noite de hoje para amanh\u00e3, em sess\u00e3o extraordin\u00e1ria. Para ser a PEC ser aprovada, s\u00e3o necess\u00e1rios os votos a favor de no m\u00ednimo 308 deputados.<\/p>\n<p><strong>Iolando Louren\u00e7o &#8211; ABr<\/strong><\/p>\n","protected":false},"excerpt":{"rendered":"<p>Depois de muitas negocia\u00e7\u00f5es de lideran\u00e7as governistas com partidos da pr\u00f3pria base aliada e da oposi\u00e7\u00e3o e o relator, deputado Rodrigo Maia (DEM-RJ), a C\u00e2mara dos Deputados aprovou, na noite desta ter\u00e7a (18), projeto de lei que altera as regras de reajuste dos dep\u00f3sitos do Fundo de Garantia do Tempo de Servi\u00e7o (FGTS), feitos a [&hellip;]<\/p>\n","protected":false},"author":2,"featured_media":63005,"comment_status":"open","ping_status":"closed","sticky":false,"template":"","format":"standard","meta":{"_acf_changed":false,"footnotes":""},"categories":[16],"tags":[],"class_list":["post-63004","post","type-post","status-publish","format-standard","has-post-thumbnail","hentry","category-brasil"],"acf":[],"yoast_head":"<!-- This site is optimized with the Yoast SEO plugin v27.2 - https:\/\/yoast.com\/product\/yoast-seo-wordpress\/ -->\n<title>Governo e oposi\u00e7\u00e3o chegam a acordo para reajustar saldo do FGTS - Notibras<\/title>\n<meta name=\"robots\" content=\"index, follow, max-snippet:-1, max-image-preview:large, max-video-preview:-1\" \/>\n<link rel=\"canonical\" href=\"https:\/\/www.notibras.com\/site\/governo-e-oposicao-chegam-a-acordo-e-reajuste-do-saldo-do-fgts-vai-ser-escalonado\/\" \/>\n<meta property=\"og:locale\" content=\"pt_BR\" \/>\n<meta property=\"og:type\" content=\"article\" \/>\n<meta property=\"og:title\" content=\"Governo e oposi\u00e7\u00e3o chegam a acordo para reajustar saldo do FGTS - Notibras\" \/>\n<meta property=\"og:description\" content=\"Depois de muitas negocia\u00e7\u00f5es de lideran\u00e7as governistas com partidos da pr\u00f3pria base aliada e da oposi\u00e7\u00e3o e o relator, deputado Rodrigo Maia (DEM-RJ), a C\u00e2mara dos Deputados aprovou, na noite desta ter\u00e7a (18), projeto de lei que altera as regras de reajuste dos dep\u00f3sitos do Fundo de Garantia do Tempo de Servi\u00e7o (FGTS), feitos a [&hellip;]\" \/>\n<meta property=\"og:url\" content=\"https:\/\/www.notibras.com\/site\/governo-e-oposicao-chegam-a-acordo-e-reajuste-do-saldo-do-fgts-vai-ser-escalonado\/\" \/>\n<meta property=\"og:site_name\" content=\"Notibras\" \/>\n<meta property=\"article:publisher\" content=\"https:\/\/www.facebook.com\/notibras\/\" \/>\n<meta property=\"article:published_time\" content=\"2015-08-19T02:33:57+00:00\" \/>\n<meta property=\"article:modified_time\" content=\"2015-08-19T13:57:56+00:00\" \/>\n<meta property=\"og:image\" content=\"https:\/\/www.notibras.com\/site\/wp-content\/uploads\/2015\/08\/972150-18.08.2015_dsc_1014.jpg\" \/>\n\t<meta property=\"og:image:width\" content=\"1082\" \/>\n\t<meta property=\"og:image:height\" content=\"720\" \/>\n\t<meta property=\"og:image:type\" content=\"image\/jpeg\" \/>\n<meta name=\"author\" content=\"Reda\u00e7\u00e3o\" \/>\n<meta name=\"twitter:card\" content=\"summary_large_image\" \/>\n<meta name=\"twitter:creator\" content=\"@Notibras\" \/>\n<meta name=\"twitter:site\" content=\"@Notibras\" \/>\n<meta name=\"twitter:label1\" content=\"Escrito por\" \/>\n\t<meta name=\"twitter:data1\" content=\"Reda\u00e7\u00e3o\" \/>\n\t<meta name=\"twitter:label2\" content=\"Est. tempo de leitura\" \/>\n\t<meta name=\"twitter:data2\" content=\"3 minutos\" \/>\n<script type=\"application\/ld+json\" class=\"yoast-schema-graph\">{\"@context\":\"https:\/\/schema.org\",\"@graph\":[{\"@type\":\"Article\",\"@id\":\"https:\/\/www.notibras.com\/site\/governo-e-oposicao-chegam-a-acordo-e-reajuste-do-saldo-do-fgts-vai-ser-escalonado\/#article\",\"isPartOf\":{\"@id\":\"https:\/\/www.notibras.com\/site\/governo-e-oposicao-chegam-a-acordo-e-reajuste-do-saldo-do-fgts-vai-ser-escalonado\/\"},\"author\":{\"name\":\"Reda\u00e7\u00e3o\",\"@id\":\"https:\/\/www.notibras.com\/site\/#\/schema\/person\/36ab0979449956132d3e5b517ea76ac8\"},\"headline\":\"Governo e oposi\u00e7\u00e3o chegam a acordo para reajustar saldo do FGTS\",\"datePublished\":\"2015-08-19T02:33:57+00:00\",\"dateModified\":\"2015-08-19T13:57:56+00:00\",\"mainEntityOfPage\":{\"@id\":\"https:\/\/www.notibras.com\/site\/governo-e-oposicao-chegam-a-acordo-e-reajuste-do-saldo-do-fgts-vai-ser-escalonado\/\"},\"wordCount\":677,\"commentCount\":0,\"publisher\":{\"@id\":\"https:\/\/www.notibras.com\/site\/#organization\"},\"image\":{\"@id\":\"https:\/\/www.notibras.com\/site\/governo-e-oposicao-chegam-a-acordo-e-reajuste-do-saldo-do-fgts-vai-ser-escalonado\/#primaryimage\"},\"thumbnailUrl\":\"https:\/\/www.notibras.com\/site\/wp-content\/uploads\/2015\/08\/972150-18.08.2015_dsc_1014.jpg\",\"articleSection\":[\"Brasil\"],\"inLanguage\":\"pt-BR\",\"potentialAction\":[{\"@type\":\"CommentAction\",\"name\":\"Comment\",\"target\":[\"https:\/\/www.notibras.com\/site\/governo-e-oposicao-chegam-a-acordo-e-reajuste-do-saldo-do-fgts-vai-ser-escalonado\/#respond\"]}]},{\"@type\":\"WebPage\",\"@id\":\"https:\/\/www.notibras.com\/site\/governo-e-oposicao-chegam-a-acordo-e-reajuste-do-saldo-do-fgts-vai-ser-escalonado\/\",\"url\":\"https:\/\/www.notibras.com\/site\/governo-e-oposicao-chegam-a-acordo-e-reajuste-do-saldo-do-fgts-vai-ser-escalonado\/\",\"name\":\"Governo e oposi\u00e7\u00e3o chegam a acordo para reajustar saldo do FGTS - Notibras\",\"isPartOf\":{\"@id\":\"https:\/\/www.notibras.com\/site\/#website\"},\"primaryImageOfPage\":{\"@id\":\"https:\/\/www.notibras.com\/site\/governo-e-oposicao-chegam-a-acordo-e-reajuste-do-saldo-do-fgts-vai-ser-escalonado\/#primaryimage\"},\"image\":{\"@id\":\"https:\/\/www.notibras.com\/site\/governo-e-oposicao-chegam-a-acordo-e-reajuste-do-saldo-do-fgts-vai-ser-escalonado\/#primaryimage\"},\"thumbnailUrl\":\"https:\/\/www.notibras.com\/site\/wp-content\/uploads\/2015\/08\/972150-18.08.2015_dsc_1014.jpg\",\"datePublished\":\"2015-08-19T02:33:57+00:00\",\"dateModified\":\"2015-08-19T13:57:56+00:00\",\"breadcrumb\":{\"@id\":\"https:\/\/www.notibras.com\/site\/governo-e-oposicao-chegam-a-acordo-e-reajuste-do-saldo-do-fgts-vai-ser-escalonado\/#breadcrumb\"},\"inLanguage\":\"pt-BR\",\"potentialAction\":[{\"@type\":\"ReadAction\",\"target\":[\"https:\/\/www.notibras.com\/site\/governo-e-oposicao-chegam-a-acordo-e-reajuste-do-saldo-do-fgts-vai-ser-escalonado\/\"]}]},{\"@type\":\"ImageObject\",\"inLanguage\":\"pt-BR\",\"@id\":\"https:\/\/www.notibras.com\/site\/governo-e-oposicao-chegam-a-acordo-e-reajuste-do-saldo-do-fgts-vai-ser-escalonado\/#primaryimage\",\"url\":\"https:\/\/www.notibras.com\/site\/wp-content\/uploads\/2015\/08\/972150-18.08.2015_dsc_1014.jpg\",\"contentUrl\":\"https:\/\/www.notibras.com\/site\/wp-content\/uploads\/2015\/08\/972150-18.08.2015_dsc_1014.jpg\",\"width\":1082,\"height\":720},{\"@type\":\"BreadcrumbList\",\"@id\":\"https:\/\/www.notibras.com\/site\/governo-e-oposicao-chegam-a-acordo-e-reajuste-do-saldo-do-fgts-vai-ser-escalonado\/#breadcrumb\",\"itemListElement\":[{\"@type\":\"ListItem\",\"position\":1,\"name\":\"In\u00edcio\",\"item\":\"https:\/\/www.notibras.com\/site\/\"},{\"@type\":\"ListItem\",\"position\":2,\"name\":\"Governo e oposi\u00e7\u00e3o chegam a acordo para reajustar saldo do FGTS\"}]},{\"@type\":\"WebSite\",\"@id\":\"https:\/\/www.notibras.com\/site\/#website\",\"url\":\"https:\/\/www.notibras.com\/site\/\",\"name\":\"Notibras\",\"description\":\"Not\u00edcias de Bras\u00edlia, do Brasil e do Mundo\",\"publisher\":{\"@id\":\"https:\/\/www.notibras.com\/site\/#organization\"},\"potentialAction\":[{\"@type\":\"SearchAction\",\"target\":{\"@type\":\"EntryPoint\",\"urlTemplate\":\"https:\/\/www.notibras.com\/site\/?s={search_term_string}\"},\"query-input\":{\"@type\":\"PropertyValueSpecification\",\"valueRequired\":true,\"valueName\":\"search_term_string\"}}],\"inLanguage\":\"pt-BR\"},{\"@type\":\"Organization\",\"@id\":\"https:\/\/www.notibras.com\/site\/#organization\",\"name\":\"Grupo Notibras de Comunica\u00e7\u00e3o\",\"url\":\"https:\/\/www.notibras.com\/site\/\",\"logo\":{\"@type\":\"ImageObject\",\"inLanguage\":\"pt-BR\",\"@id\":\"https:\/\/www.notibras.com\/site\/#\/schema\/logo\/image\/\",\"url\":\"https:\/\/www.notibras.com\/site\/wp-content\/uploads\/2023\/01\/notibras23.png\",\"contentUrl\":\"https:\/\/www.notibras.com\/site\/wp-content\/uploads\/2023\/01\/notibras23.png\",\"width\":350,\"height\":87,\"caption\":\"Grupo Notibras de Comunica\u00e7\u00e3o\"},\"image\":{\"@id\":\"https:\/\/www.notibras.com\/site\/#\/schema\/logo\/image\/\"},\"sameAs\":[\"https:\/\/www.facebook.com\/notibras\/\",\"https:\/\/x.com\/Notibras\",\"https:\/\/www.instagram.com\/notibras\/\"]},{\"@type\":\"Person\",\"@id\":\"https:\/\/www.notibras.com\/site\/#\/schema\/person\/36ab0979449956132d3e5b517ea76ac8\",\"name\":\"Reda\u00e7\u00e3o\",\"image\":{\"@type\":\"ImageObject\",\"inLanguage\":\"pt-BR\",\"@id\":\"https:\/\/secure.gravatar.com\/avatar\/e0a867bdedb85fd243eadf09663511f96fc81e0720a4a42581f334ad4303aa6b?s=96&d=mm&r=g\",\"url\":\"https:\/\/secure.gravatar.com\/avatar\/e0a867bdedb85fd243eadf09663511f96fc81e0720a4a42581f334ad4303aa6b?s=96&d=mm&r=g\",\"contentUrl\":\"https:\/\/secure.gravatar.com\/avatar\/e0a867bdedb85fd243eadf09663511f96fc81e0720a4a42581f334ad4303aa6b?s=96&d=mm&r=g\",\"caption\":\"Reda\u00e7\u00e3o\"}}]}<\/script>\n<!-- \/ Yoast SEO plugin. -->","yoast_head_json":{"title":"Governo e oposi\u00e7\u00e3o chegam a acordo para reajustar saldo do FGTS - Notibras","robots":{"index":"index","follow":"follow","max-snippet":"max-snippet:-1","max-image-preview":"max-image-preview:large","max-video-preview":"max-video-preview:-1"},"canonical":"https:\/\/www.notibras.com\/site\/governo-e-oposicao-chegam-a-acordo-e-reajuste-do-saldo-do-fgts-vai-ser-escalonado\/","og_locale":"pt_BR","og_type":"article","og_title":"Governo e oposi\u00e7\u00e3o chegam a acordo para reajustar saldo do FGTS - Notibras","og_description":"Depois de muitas negocia\u00e7\u00f5es de lideran\u00e7as governistas com partidos da pr\u00f3pria base aliada e da oposi\u00e7\u00e3o e o relator, deputado Rodrigo Maia (DEM-RJ), a C\u00e2mara dos Deputados aprovou, na noite desta ter\u00e7a (18), projeto de lei que altera as regras de reajuste dos dep\u00f3sitos do Fundo de Garantia do Tempo de Servi\u00e7o (FGTS), feitos a [&hellip;]","og_url":"https:\/\/www.notibras.com\/site\/governo-e-oposicao-chegam-a-acordo-e-reajuste-do-saldo-do-fgts-vai-ser-escalonado\/","og_site_name":"Notibras","article_publisher":"https:\/\/www.facebook.com\/notibras\/","article_published_time":"2015-08-19T02:33:57+00:00","article_modified_time":"2015-08-19T13:57:56+00:00","og_image":[{"width":1082,"height":720,"url":"https:\/\/www.notibras.com\/site\/wp-content\/uploads\/2015\/08\/972150-18.08.2015_dsc_1014.jpg","type":"image\/jpeg"}],"author":"Reda\u00e7\u00e3o","twitter_card":"summary_large_image","twitter_creator":"@Notibras","twitter_site":"@Notibras","twitter_misc":{"Escrito por":"Reda\u00e7\u00e3o","Est. tempo de leitura":"3 minutos"},"schema":{"@context":"https:\/\/schema.org","@graph":[{"@type":"Article","@id":"https:\/\/www.notibras.com\/site\/governo-e-oposicao-chegam-a-acordo-e-reajuste-do-saldo-do-fgts-vai-ser-escalonado\/#article","isPartOf":{"@id":"https:\/\/www.notibras.com\/site\/governo-e-oposicao-chegam-a-acordo-e-reajuste-do-saldo-do-fgts-vai-ser-escalonado\/"},"author":{"name":"Reda\u00e7\u00e3o","@id":"https:\/\/www.notibras.com\/site\/#\/schema\/person\/36ab0979449956132d3e5b517ea76ac8"},"headline":"Governo e oposi\u00e7\u00e3o chegam a acordo para reajustar saldo do FGTS","datePublished":"2015-08-19T02:33:57+00:00","dateModified":"2015-08-19T13:57:56+00:00","mainEntityOfPage":{"@id":"https:\/\/www.notibras.com\/site\/governo-e-oposicao-chegam-a-acordo-e-reajuste-do-saldo-do-fgts-vai-ser-escalonado\/"},"wordCount":677,"commentCount":0,"publisher":{"@id":"https:\/\/www.notibras.com\/site\/#organization"},"image":{"@id":"https:\/\/www.notibras.com\/site\/governo-e-oposicao-chegam-a-acordo-e-reajuste-do-saldo-do-fgts-vai-ser-escalonado\/#primaryimage"},"thumbnailUrl":"https:\/\/www.notibras.com\/site\/wp-content\/uploads\/2015\/08\/972150-18.08.2015_dsc_1014.jpg","articleSection":["Brasil"],"inLanguage":"pt-BR","potentialAction":[{"@type":"CommentAction","name":"Comment","target":["https:\/\/www.notibras.com\/site\/governo-e-oposicao-chegam-a-acordo-e-reajuste-do-saldo-do-fgts-vai-ser-escalonado\/#respond"]}]},{"@type":"WebPage","@id":"https:\/\/www.notibras.com\/site\/governo-e-oposicao-chegam-a-acordo-e-reajuste-do-saldo-do-fgts-vai-ser-escalonado\/","url":"https:\/\/www.notibras.com\/site\/governo-e-oposicao-chegam-a-acordo-e-reajuste-do-saldo-do-fgts-vai-ser-escalonado\/","name":"Governo e oposi\u00e7\u00e3o chegam a acordo para reajustar saldo do FGTS - Notibras","isPartOf":{"@id":"https:\/\/www.notibras.com\/site\/#website"},"primaryImageOfPage":{"@id":"https:\/\/www.notibras.com\/site\/governo-e-oposicao-chegam-a-acordo-e-reajuste-do-saldo-do-fgts-vai-ser-escalonado\/#primaryimage"},"image":{"@id":"https:\/\/www.notibras.com\/site\/governo-e-oposicao-chegam-a-acordo-e-reajuste-do-saldo-do-fgts-vai-ser-escalonado\/#primaryimage"},"thumbnailUrl":"https:\/\/www.notibras.com\/site\/wp-content\/uploads\/2015\/08\/972150-18.08.2015_dsc_1014.jpg","datePublished":"2015-08-19T02:33:57+00:00","dateModified":"2015-08-19T13:57:56+00:00","breadcrumb":{"@id":"https:\/\/www.notibras.com\/site\/governo-e-oposicao-chegam-a-acordo-e-reajuste-do-saldo-do-fgts-vai-ser-escalonado\/#breadcrumb"},"inLanguage":"pt-BR","potentialAction":[{"@type":"ReadAction","target":["https:\/\/www.notibras.com\/site\/governo-e-oposicao-chegam-a-acordo-e-reajuste-do-saldo-do-fgts-vai-ser-escalonado\/"]}]},{"@type":"ImageObject","inLanguage":"pt-BR","@id":"https:\/\/www.notibras.com\/site\/governo-e-oposicao-chegam-a-acordo-e-reajuste-do-saldo-do-fgts-vai-ser-escalonado\/#primaryimage","url":"https:\/\/www.notibras.com\/site\/wp-content\/uploads\/2015\/08\/972150-18.08.2015_dsc_1014.jpg","contentUrl":"https:\/\/www.notibras.com\/site\/wp-content\/uploads\/2015\/08\/972150-18.08.2015_dsc_1014.jpg","width":1082,"height":720},{"@type":"BreadcrumbList","@id":"https:\/\/www.notibras.com\/site\/governo-e-oposicao-chegam-a-acordo-e-reajuste-do-saldo-do-fgts-vai-ser-escalonado\/#breadcrumb","itemListElement":[{"@type":"ListItem","position":1,"name":"In\u00edcio","item":"https:\/\/www.notibras.com\/site\/"},{"@type":"ListItem","position":2,"name":"Governo e oposi\u00e7\u00e3o chegam a acordo para reajustar saldo do FGTS"}]},{"@type":"WebSite","@id":"https:\/\/www.notibras.com\/site\/#website","url":"https:\/\/www.notibras.com\/site\/","name":"Notibras","description":"Not\u00edcias de Bras\u00edlia, do Brasil e do Mundo","publisher":{"@id":"https:\/\/www.notibras.com\/site\/#organization"},"potentialAction":[{"@type":"SearchAction","target":{"@type":"EntryPoint","urlTemplate":"https:\/\/www.notibras.com\/site\/?s={search_term_string}"},"query-input":{"@type":"PropertyValueSpecification","valueRequired":true,"valueName":"search_term_string"}}],"inLanguage":"pt-BR"},{"@type":"Organization","@id":"https:\/\/www.notibras.com\/site\/#organization","name":"Grupo Notibras de Comunica\u00e7\u00e3o","url":"https:\/\/www.notibras.com\/site\/","logo":{"@type":"ImageObject","inLanguage":"pt-BR","@id":"https:\/\/www.notibras.com\/site\/#\/schema\/logo\/image\/","url":"https:\/\/www.notibras.com\/site\/wp-content\/uploads\/2023\/01\/notibras23.png","contentUrl":"https:\/\/www.notibras.com\/site\/wp-content\/uploads\/2023\/01\/notibras23.png","width":350,"height":87,"caption":"Grupo Notibras de Comunica\u00e7\u00e3o"},"image":{"@id":"https:\/\/www.notibras.com\/site\/#\/schema\/logo\/image\/"},"sameAs":["https:\/\/www.facebook.com\/notibras\/","https:\/\/x.com\/Notibras","https:\/\/www.instagram.com\/notibras\/"]},{"@type":"Person","@id":"https:\/\/www.notibras.com\/site\/#\/schema\/person\/36ab0979449956132d3e5b517ea76ac8","name":"Reda\u00e7\u00e3o","image":{"@type":"ImageObject","inLanguage":"pt-BR","@id":"https:\/\/secure.gravatar.com\/avatar\/e0a867bdedb85fd243eadf09663511f96fc81e0720a4a42581f334ad4303aa6b?s=96&d=mm&r=g","url":"https:\/\/secure.gravatar.com\/avatar\/e0a867bdedb85fd243eadf09663511f96fc81e0720a4a42581f334ad4303aa6b?s=96&d=mm&r=g","contentUrl":"https:\/\/secure.gravatar.com\/avatar\/e0a867bdedb85fd243eadf09663511f96fc81e0720a4a42581f334ad4303aa6b?s=96&d=mm&r=g","caption":"Reda\u00e7\u00e3o"}}]}},"amp_enabled":true,"_links":{"self":[{"href":"https:\/\/www.notibras.com\/site\/wp-json\/wp\/v2\/posts\/63004","targetHints":{"allow":["GET"]}}],"collection":[{"href":"https:\/\/www.notibras.com\/site\/wp-json\/wp\/v2\/posts"}],"about":[{"href":"https:\/\/www.notibras.com\/site\/wp-json\/wp\/v2\/types\/post"}],"author":[{"embeddable":true,"href":"https:\/\/www.notibras.com\/site\/wp-json\/wp\/v2\/users\/2"}],"replies":[{"embeddable":true,"href":"https:\/\/www.notibras.com\/site\/wp-json\/wp\/v2\/comments?post=63004"}],"version-history":[{"count":2,"href":"https:\/\/www.notibras.com\/site\/wp-json\/wp\/v2\/posts\/63004\/revisions"}],"predecessor-version":[{"id":63096,"href":"https:\/\/www.notibras.com\/site\/wp-json\/wp\/v2\/posts\/63004\/revisions\/63096"}],"wp:featuredmedia":[{"embeddable":true,"href":"https:\/\/www.notibras.com\/site\/wp-json\/wp\/v2\/media\/63005"}],"wp:attachment":[{"href":"https:\/\/www.notibras.com\/site\/wp-json\/wp\/v2\/media?parent=63004"}],"wp:term":[{"taxonomy":"category","embeddable":true,"href":"https:\/\/www.notibras.com\/site\/wp-json\/wp\/v2\/categories?post=63004"},{"taxonomy":"post_tag","embeddable":true,"href":"https:\/\/www.notibras.com\/site\/wp-json\/wp\/v2\/tags?post=63004"}],"curies":[{"name":"wp","href":"https:\/\/api.w.org\/{rel}","templated":true}]}}