{"id":63007,"date":"2015-08-18T22:36:05","date_gmt":"2015-08-19T01:36:05","guid":{"rendered":"http:\/\/www.notibras.com\/site\/?p=63007"},"modified":"2015-08-19T10:59:57","modified_gmt":"2015-08-19T13:59:57","slug":"mundo-ve-brasil-com-bons-olhos-diz-ministro-otimista-em-tom-de-criticas-aos-pessimistas","status":"publish","type":"post","link":"https:\/\/www.notibras.com\/site\/mundo-ve-brasil-com-bons-olhos-diz-ministro-otimista-em-tom-de-criticas-aos-pessimistas\/","title":{"rendered":"Mundo v\u00ea Brasil com bons olhos, diz ministro otimista para os que vendem pessimismo"},"content":{"rendered":"<p>O ministro do Desenvolvimento, Ind\u00fastria e Com\u00e9rcio Exterior, Armando Monteiro, disse que, a despeito de um clima \u201cpessimista\u201d quanto \u00e0 economia brasileira, as empresas internacionais observam o Brasil como um grande mercado consumidor e que, por isso, passam a mensagem ao governo de que mant\u00eam a confian\u00e7a no pa\u00eds. Segundo ele, os investidores estrangeiros olham o Brasil \u201cpara al\u00e9m das dificuldades conjunturais\u201d e consideram que o \u201cgrande ativo\u201d do pa\u00eds \u00e9 que ele tem \u201cum dos mais importantes mercados do mundo\u201d.<\/p>\n<p>\u201cEm contato permanente, como temos mantido, com grandes empresas operando no Brasil, a mensagem que temos recebido, de forma clara, \u00e9 da manuten\u00e7\u00e3o da confian\u00e7a, dos programas de investimento, que est\u00e3o sendo mantidos e ampliados. Eu acho que, no Brasil, os pessimistas est\u00e3o sempre condenados a perder\u201d, disse, em entrevista \u00e0 imprensa no Pal\u00e1cio do Planalto, nesta ter\u00e7a-feira (18).<\/p>\n<p>Armando Monteiro reconheceu a necessidade de ajustes na economia, mas ressaltou que a mensagem \u00e9 de confian\u00e7a. \u201cA economia precisa promover reequil\u00edbrio exatamente para que se possa retomar crescimento em bases sustent\u00e1veis. Mas n\u00e3o tenho d\u00favida nenhuma de que o Brasil \u00e9, e ser\u00e1 sempre, receptor de investimentos porque o mundo olha o Brasil como grande pa\u00eds e grande mercado.\u201d<\/p>\n<p>O ministro acompanhou a presidenta Dilma Rousseff no encontro com empres\u00e1rios do setor de brinquedos. Diferentemente de outros setores, que enfrentam demiss\u00f5es e queda nas vendas, a ind\u00fastria dos brinquedos aumenta cada vez mais a produ\u00e7\u00e3o. De acordo com o presidente da Associa\u00e7\u00e3o Brasileira dos Fabricantes de Brinquedos (Abrinq), Syn\u00e9sio Batista da Costa, nos pr\u00f3ximos anos, ser\u00e3o investidos mais R$ 1 bilh\u00e3o na amplia\u00e7\u00e3o da capacidade produtiva do setor, que n\u00e3o demite h\u00e1 cinco anos e n\u00e3o fecha nenhuma f\u00e1brica h\u00e1 seis.<\/p>\n<p>Segundo o presidente da Abrinq, o governo deveria estender o prazo do pagamento de tributos, j\u00e1 que a cadeia de produ\u00e7\u00e3o \u00e9 longa, e o tempo para pagar impostos \u00e9 menor que o de comercializa\u00e7\u00e3o. Ele disse que isso significa \u201cinje\u00e7\u00e3o na veia de produtividade\u201d. Syn\u00e9sio afirmou ainda que pediu \u00e0 presidenta o fim das vantagens concedidas a importadores que subfaturam os brinquedos.<\/p>\n<p>De acordo com ele, o principal motivo do encontro com a presidenta foi comemorar a venda de 500 milh\u00f5es de brinquedos desde o in\u00edcio de 2011, quando Dilma assumiu o governo. A marca foi registrada no \u00faltimo dia 30 de junho. Syn\u00e9sio disse que celebrou tamb\u00e9m o fato de o Brasil ter promovido a produ\u00e7\u00e3o conjunta de brinquedos nos pa\u00edses do Mercosul.<\/p>\n<p>\u201cO programa de integra\u00e7\u00e3o permitiu que houvesse redu\u00e7\u00e3o de custos. \u00c9 uma pol\u00edtica comandada pelo Brasil, o maior mercado, e que tem o maior n\u00famero de f\u00e1bricas\u201d. Segundo Syn\u00e9sio, o objetivo da ind\u00fastria de brinquedos \u00e9 ter uma participa\u00e7\u00e3o no mercado brasileiro de 70% em 2021 \u2013 atualmente o \u00edndice est\u00e1 em cerca de 50%. Com 318 f\u00e1bricas no Brasil, a Abrinq estima garantir 10 mil novos postos de trabalho at\u00e9 o fim do ano.<\/p>\n<p><strong>Paulo Victor Chagas \u2013 ABr<\/strong><\/p>\n","protected":false},"excerpt":{"rendered":"<p>O ministro do Desenvolvimento, Ind\u00fastria e Com\u00e9rcio Exterior, Armando Monteiro, disse que, a despeito de um clima \u201cpessimista\u201d quanto \u00e0 economia brasileira, as empresas internacionais observam o Brasil como um grande mercado consumidor e que, por isso, passam a mensagem ao governo de que mant\u00eam a confian\u00e7a no pa\u00eds. Segundo ele, os investidores estrangeiros olham [&hellip;]<\/p>\n","protected":false},"author":2,"featured_media":63008,"comment_status":"open","ping_status":"closed","sticky":false,"template":"","format":"standard","meta":{"_acf_changed":false,"footnotes":""},"categories":[16],"tags":[],"class_list":["post-63007","post","type-post","status-publish","format-standard","has-post-thumbnail","hentry","category-brasil"],"acf":[],"yoast_head":"<!-- This site is optimized with the Yoast SEO plugin v27.2 - https:\/\/yoast.com\/product\/yoast-seo-wordpress\/ -->\n<title>Mundo v\u00ea Brasil com bons olhos, diz ministro otimista para os que vendem pessimismo - Notibras<\/title>\n<meta name=\"robots\" content=\"index, follow, max-snippet:-1, max-image-preview:large, max-video-preview:-1\" \/>\n<link rel=\"canonical\" href=\"https:\/\/www.notibras.com\/site\/mundo-ve-brasil-com-bons-olhos-diz-ministro-otimista-em-tom-de-criticas-aos-pessimistas\/\" \/>\n<meta property=\"og:locale\" content=\"pt_BR\" \/>\n<meta property=\"og:type\" content=\"article\" \/>\n<meta property=\"og:title\" content=\"Mundo v\u00ea Brasil com bons olhos, diz ministro otimista para os que vendem pessimismo - Notibras\" \/>\n<meta property=\"og:description\" content=\"O ministro do Desenvolvimento, Ind\u00fastria e Com\u00e9rcio Exterior, Armando Monteiro, disse que, a despeito de um clima \u201cpessimista\u201d quanto \u00e0 economia brasileira, as empresas internacionais observam o Brasil como um grande mercado consumidor e que, por isso, passam a mensagem ao governo de que mant\u00eam a confian\u00e7a no pa\u00eds. Segundo ele, os investidores estrangeiros olham [&hellip;]\" \/>\n<meta property=\"og:url\" content=\"https:\/\/www.notibras.com\/site\/mundo-ve-brasil-com-bons-olhos-diz-ministro-otimista-em-tom-de-criticas-aos-pessimistas\/\" \/>\n<meta property=\"og:site_name\" content=\"Notibras\" \/>\n<meta property=\"article:publisher\" content=\"https:\/\/www.facebook.com\/notibras\/\" \/>\n<meta property=\"article:published_time\" content=\"2015-08-19T01:36:05+00:00\" \/>\n<meta property=\"article:modified_time\" content=\"2015-08-19T13:59:57+00:00\" \/>\n<meta property=\"og:image\" content=\"https:\/\/www.notibras.com\/site\/wp-content\/uploads\/2015\/08\/972104-18.08.2015__wdo9587.jpg\" \/>\n\t<meta property=\"og:image:width\" content=\"580\" \/>\n\t<meta property=\"og:image:height\" content=\"388\" \/>\n\t<meta property=\"og:image:type\" content=\"image\/jpeg\" \/>\n<meta name=\"author\" content=\"Reda\u00e7\u00e3o\" \/>\n<meta name=\"twitter:card\" content=\"summary_large_image\" \/>\n<meta name=\"twitter:creator\" content=\"@Notibras\" \/>\n<meta name=\"twitter:site\" content=\"@Notibras\" \/>\n<meta name=\"twitter:label1\" content=\"Escrito por\" \/>\n\t<meta name=\"twitter:data1\" content=\"Reda\u00e7\u00e3o\" \/>\n\t<meta name=\"twitter:label2\" content=\"Est. tempo de leitura\" \/>\n\t<meta name=\"twitter:data2\" content=\"3 minutos\" \/>\n<script type=\"application\/ld+json\" class=\"yoast-schema-graph\">{\"@context\":\"https:\/\/schema.org\",\"@graph\":[{\"@type\":\"Article\",\"@id\":\"https:\/\/www.notibras.com\/site\/mundo-ve-brasil-com-bons-olhos-diz-ministro-otimista-em-tom-de-criticas-aos-pessimistas\/#article\",\"isPartOf\":{\"@id\":\"https:\/\/www.notibras.com\/site\/mundo-ve-brasil-com-bons-olhos-diz-ministro-otimista-em-tom-de-criticas-aos-pessimistas\/\"},\"author\":{\"name\":\"Reda\u00e7\u00e3o\",\"@id\":\"https:\/\/www.notibras.com\/site\/#\/schema\/person\/36ab0979449956132d3e5b517ea76ac8\"},\"headline\":\"Mundo v\u00ea Brasil com bons olhos, diz ministro otimista para os que vendem pessimismo\",\"datePublished\":\"2015-08-19T01:36:05+00:00\",\"dateModified\":\"2015-08-19T13:59:57+00:00\",\"mainEntityOfPage\":{\"@id\":\"https:\/\/www.notibras.com\/site\/mundo-ve-brasil-com-bons-olhos-diz-ministro-otimista-em-tom-de-criticas-aos-pessimistas\/\"},\"wordCount\":529,\"commentCount\":0,\"publisher\":{\"@id\":\"https:\/\/www.notibras.com\/site\/#organization\"},\"image\":{\"@id\":\"https:\/\/www.notibras.com\/site\/mundo-ve-brasil-com-bons-olhos-diz-ministro-otimista-em-tom-de-criticas-aos-pessimistas\/#primaryimage\"},\"thumbnailUrl\":\"https:\/\/www.notibras.com\/site\/wp-content\/uploads\/2015\/08\/972104-18.08.2015__wdo9587.jpg\",\"articleSection\":[\"Brasil\"],\"inLanguage\":\"pt-BR\",\"potentialAction\":[{\"@type\":\"CommentAction\",\"name\":\"Comment\",\"target\":[\"https:\/\/www.notibras.com\/site\/mundo-ve-brasil-com-bons-olhos-diz-ministro-otimista-em-tom-de-criticas-aos-pessimistas\/#respond\"]}]},{\"@type\":\"WebPage\",\"@id\":\"https:\/\/www.notibras.com\/site\/mundo-ve-brasil-com-bons-olhos-diz-ministro-otimista-em-tom-de-criticas-aos-pessimistas\/\",\"url\":\"https:\/\/www.notibras.com\/site\/mundo-ve-brasil-com-bons-olhos-diz-ministro-otimista-em-tom-de-criticas-aos-pessimistas\/\",\"name\":\"Mundo v\u00ea Brasil com bons olhos, diz ministro otimista para os que vendem pessimismo - Notibras\",\"isPartOf\":{\"@id\":\"https:\/\/www.notibras.com\/site\/#website\"},\"primaryImageOfPage\":{\"@id\":\"https:\/\/www.notibras.com\/site\/mundo-ve-brasil-com-bons-olhos-diz-ministro-otimista-em-tom-de-criticas-aos-pessimistas\/#primaryimage\"},\"image\":{\"@id\":\"https:\/\/www.notibras.com\/site\/mundo-ve-brasil-com-bons-olhos-diz-ministro-otimista-em-tom-de-criticas-aos-pessimistas\/#primaryimage\"},\"thumbnailUrl\":\"https:\/\/www.notibras.com\/site\/wp-content\/uploads\/2015\/08\/972104-18.08.2015__wdo9587.jpg\",\"datePublished\":\"2015-08-19T01:36:05+00:00\",\"dateModified\":\"2015-08-19T13:59:57+00:00\",\"breadcrumb\":{\"@id\":\"https:\/\/www.notibras.com\/site\/mundo-ve-brasil-com-bons-olhos-diz-ministro-otimista-em-tom-de-criticas-aos-pessimistas\/#breadcrumb\"},\"inLanguage\":\"pt-BR\",\"potentialAction\":[{\"@type\":\"ReadAction\",\"target\":[\"https:\/\/www.notibras.com\/site\/mundo-ve-brasil-com-bons-olhos-diz-ministro-otimista-em-tom-de-criticas-aos-pessimistas\/\"]}]},{\"@type\":\"ImageObject\",\"inLanguage\":\"pt-BR\",\"@id\":\"https:\/\/www.notibras.com\/site\/mundo-ve-brasil-com-bons-olhos-diz-ministro-otimista-em-tom-de-criticas-aos-pessimistas\/#primaryimage\",\"url\":\"https:\/\/www.notibras.com\/site\/wp-content\/uploads\/2015\/08\/972104-18.08.2015__wdo9587.jpg\",\"contentUrl\":\"https:\/\/www.notibras.com\/site\/wp-content\/uploads\/2015\/08\/972104-18.08.2015__wdo9587.jpg\",\"width\":580,\"height\":388},{\"@type\":\"BreadcrumbList\",\"@id\":\"https:\/\/www.notibras.com\/site\/mundo-ve-brasil-com-bons-olhos-diz-ministro-otimista-em-tom-de-criticas-aos-pessimistas\/#breadcrumb\",\"itemListElement\":[{\"@type\":\"ListItem\",\"position\":1,\"name\":\"In\u00edcio\",\"item\":\"https:\/\/www.notibras.com\/site\/\"},{\"@type\":\"ListItem\",\"position\":2,\"name\":\"Mundo v\u00ea Brasil com bons olhos, diz ministro otimista para os que vendem pessimismo\"}]},{\"@type\":\"WebSite\",\"@id\":\"https:\/\/www.notibras.com\/site\/#website\",\"url\":\"https:\/\/www.notibras.com\/site\/\",\"name\":\"Notibras\",\"description\":\"Not\u00edcias de Bras\u00edlia, do Brasil e do Mundo\",\"publisher\":{\"@id\":\"https:\/\/www.notibras.com\/site\/#organization\"},\"potentialAction\":[{\"@type\":\"SearchAction\",\"target\":{\"@type\":\"EntryPoint\",\"urlTemplate\":\"https:\/\/www.notibras.com\/site\/?s={search_term_string}\"},\"query-input\":{\"@type\":\"PropertyValueSpecification\",\"valueRequired\":true,\"valueName\":\"search_term_string\"}}],\"inLanguage\":\"pt-BR\"},{\"@type\":\"Organization\",\"@id\":\"https:\/\/www.notibras.com\/site\/#organization\",\"name\":\"Grupo Notibras de Comunica\u00e7\u00e3o\",\"url\":\"https:\/\/www.notibras.com\/site\/\",\"logo\":{\"@type\":\"ImageObject\",\"inLanguage\":\"pt-BR\",\"@id\":\"https:\/\/www.notibras.com\/site\/#\/schema\/logo\/image\/\",\"url\":\"https:\/\/www.notibras.com\/site\/wp-content\/uploads\/2023\/01\/notibras23.png\",\"contentUrl\":\"https:\/\/www.notibras.com\/site\/wp-content\/uploads\/2023\/01\/notibras23.png\",\"width\":350,\"height\":87,\"caption\":\"Grupo Notibras de Comunica\u00e7\u00e3o\"},\"image\":{\"@id\":\"https:\/\/www.notibras.com\/site\/#\/schema\/logo\/image\/\"},\"sameAs\":[\"https:\/\/www.facebook.com\/notibras\/\",\"https:\/\/x.com\/Notibras\",\"https:\/\/www.instagram.com\/notibras\/\"]},{\"@type\":\"Person\",\"@id\":\"https:\/\/www.notibras.com\/site\/#\/schema\/person\/36ab0979449956132d3e5b517ea76ac8\",\"name\":\"Reda\u00e7\u00e3o\",\"image\":{\"@type\":\"ImageObject\",\"inLanguage\":\"pt-BR\",\"@id\":\"https:\/\/secure.gravatar.com\/avatar\/e0a867bdedb85fd243eadf09663511f96fc81e0720a4a42581f334ad4303aa6b?s=96&d=mm&r=g\",\"url\":\"https:\/\/secure.gravatar.com\/avatar\/e0a867bdedb85fd243eadf09663511f96fc81e0720a4a42581f334ad4303aa6b?s=96&d=mm&r=g\",\"contentUrl\":\"https:\/\/secure.gravatar.com\/avatar\/e0a867bdedb85fd243eadf09663511f96fc81e0720a4a42581f334ad4303aa6b?s=96&d=mm&r=g\",\"caption\":\"Reda\u00e7\u00e3o\"}}]}<\/script>\n<!-- \/ Yoast SEO plugin. -->","yoast_head_json":{"title":"Mundo v\u00ea Brasil com bons olhos, diz ministro otimista para os que vendem pessimismo - Notibras","robots":{"index":"index","follow":"follow","max-snippet":"max-snippet:-1","max-image-preview":"max-image-preview:large","max-video-preview":"max-video-preview:-1"},"canonical":"https:\/\/www.notibras.com\/site\/mundo-ve-brasil-com-bons-olhos-diz-ministro-otimista-em-tom-de-criticas-aos-pessimistas\/","og_locale":"pt_BR","og_type":"article","og_title":"Mundo v\u00ea Brasil com bons olhos, diz ministro otimista para os que vendem pessimismo - Notibras","og_description":"O ministro do Desenvolvimento, Ind\u00fastria e Com\u00e9rcio Exterior, Armando Monteiro, disse que, a despeito de um clima \u201cpessimista\u201d quanto \u00e0 economia brasileira, as empresas internacionais observam o Brasil como um grande mercado consumidor e que, por isso, passam a mensagem ao governo de que mant\u00eam a confian\u00e7a no pa\u00eds. Segundo ele, os investidores estrangeiros olham [&hellip;]","og_url":"https:\/\/www.notibras.com\/site\/mundo-ve-brasil-com-bons-olhos-diz-ministro-otimista-em-tom-de-criticas-aos-pessimistas\/","og_site_name":"Notibras","article_publisher":"https:\/\/www.facebook.com\/notibras\/","article_published_time":"2015-08-19T01:36:05+00:00","article_modified_time":"2015-08-19T13:59:57+00:00","og_image":[{"width":580,"height":388,"url":"https:\/\/www.notibras.com\/site\/wp-content\/uploads\/2015\/08\/972104-18.08.2015__wdo9587.jpg","type":"image\/jpeg"}],"author":"Reda\u00e7\u00e3o","twitter_card":"summary_large_image","twitter_creator":"@Notibras","twitter_site":"@Notibras","twitter_misc":{"Escrito por":"Reda\u00e7\u00e3o","Est. tempo de leitura":"3 minutos"},"schema":{"@context":"https:\/\/schema.org","@graph":[{"@type":"Article","@id":"https:\/\/www.notibras.com\/site\/mundo-ve-brasil-com-bons-olhos-diz-ministro-otimista-em-tom-de-criticas-aos-pessimistas\/#article","isPartOf":{"@id":"https:\/\/www.notibras.com\/site\/mundo-ve-brasil-com-bons-olhos-diz-ministro-otimista-em-tom-de-criticas-aos-pessimistas\/"},"author":{"name":"Reda\u00e7\u00e3o","@id":"https:\/\/www.notibras.com\/site\/#\/schema\/person\/36ab0979449956132d3e5b517ea76ac8"},"headline":"Mundo v\u00ea Brasil com bons olhos, diz ministro otimista para os que vendem pessimismo","datePublished":"2015-08-19T01:36:05+00:00","dateModified":"2015-08-19T13:59:57+00:00","mainEntityOfPage":{"@id":"https:\/\/www.notibras.com\/site\/mundo-ve-brasil-com-bons-olhos-diz-ministro-otimista-em-tom-de-criticas-aos-pessimistas\/"},"wordCount":529,"commentCount":0,"publisher":{"@id":"https:\/\/www.notibras.com\/site\/#organization"},"image":{"@id":"https:\/\/www.notibras.com\/site\/mundo-ve-brasil-com-bons-olhos-diz-ministro-otimista-em-tom-de-criticas-aos-pessimistas\/#primaryimage"},"thumbnailUrl":"https:\/\/www.notibras.com\/site\/wp-content\/uploads\/2015\/08\/972104-18.08.2015__wdo9587.jpg","articleSection":["Brasil"],"inLanguage":"pt-BR","potentialAction":[{"@type":"CommentAction","name":"Comment","target":["https:\/\/www.notibras.com\/site\/mundo-ve-brasil-com-bons-olhos-diz-ministro-otimista-em-tom-de-criticas-aos-pessimistas\/#respond"]}]},{"@type":"WebPage","@id":"https:\/\/www.notibras.com\/site\/mundo-ve-brasil-com-bons-olhos-diz-ministro-otimista-em-tom-de-criticas-aos-pessimistas\/","url":"https:\/\/www.notibras.com\/site\/mundo-ve-brasil-com-bons-olhos-diz-ministro-otimista-em-tom-de-criticas-aos-pessimistas\/","name":"Mundo v\u00ea Brasil com bons olhos, diz ministro otimista para os que vendem pessimismo - Notibras","isPartOf":{"@id":"https:\/\/www.notibras.com\/site\/#website"},"primaryImageOfPage":{"@id":"https:\/\/www.notibras.com\/site\/mundo-ve-brasil-com-bons-olhos-diz-ministro-otimista-em-tom-de-criticas-aos-pessimistas\/#primaryimage"},"image":{"@id":"https:\/\/www.notibras.com\/site\/mundo-ve-brasil-com-bons-olhos-diz-ministro-otimista-em-tom-de-criticas-aos-pessimistas\/#primaryimage"},"thumbnailUrl":"https:\/\/www.notibras.com\/site\/wp-content\/uploads\/2015\/08\/972104-18.08.2015__wdo9587.jpg","datePublished":"2015-08-19T01:36:05+00:00","dateModified":"2015-08-19T13:59:57+00:00","breadcrumb":{"@id":"https:\/\/www.notibras.com\/site\/mundo-ve-brasil-com-bons-olhos-diz-ministro-otimista-em-tom-de-criticas-aos-pessimistas\/#breadcrumb"},"inLanguage":"pt-BR","potentialAction":[{"@type":"ReadAction","target":["https:\/\/www.notibras.com\/site\/mundo-ve-brasil-com-bons-olhos-diz-ministro-otimista-em-tom-de-criticas-aos-pessimistas\/"]}]},{"@type":"ImageObject","inLanguage":"pt-BR","@id":"https:\/\/www.notibras.com\/site\/mundo-ve-brasil-com-bons-olhos-diz-ministro-otimista-em-tom-de-criticas-aos-pessimistas\/#primaryimage","url":"https:\/\/www.notibras.com\/site\/wp-content\/uploads\/2015\/08\/972104-18.08.2015__wdo9587.jpg","contentUrl":"https:\/\/www.notibras.com\/site\/wp-content\/uploads\/2015\/08\/972104-18.08.2015__wdo9587.jpg","width":580,"height":388},{"@type":"BreadcrumbList","@id":"https:\/\/www.notibras.com\/site\/mundo-ve-brasil-com-bons-olhos-diz-ministro-otimista-em-tom-de-criticas-aos-pessimistas\/#breadcrumb","itemListElement":[{"@type":"ListItem","position":1,"name":"In\u00edcio","item":"https:\/\/www.notibras.com\/site\/"},{"@type":"ListItem","position":2,"name":"Mundo v\u00ea Brasil com bons olhos, diz ministro otimista para os que vendem pessimismo"}]},{"@type":"WebSite","@id":"https:\/\/www.notibras.com\/site\/#website","url":"https:\/\/www.notibras.com\/site\/","name":"Notibras","description":"Not\u00edcias de Bras\u00edlia, do Brasil e do Mundo","publisher":{"@id":"https:\/\/www.notibras.com\/site\/#organization"},"potentialAction":[{"@type":"SearchAction","target":{"@type":"EntryPoint","urlTemplate":"https:\/\/www.notibras.com\/site\/?s={search_term_string}"},"query-input":{"@type":"PropertyValueSpecification","valueRequired":true,"valueName":"search_term_string"}}],"inLanguage":"pt-BR"},{"@type":"Organization","@id":"https:\/\/www.notibras.com\/site\/#organization","name":"Grupo Notibras de Comunica\u00e7\u00e3o","url":"https:\/\/www.notibras.com\/site\/","logo":{"@type":"ImageObject","inLanguage":"pt-BR","@id":"https:\/\/www.notibras.com\/site\/#\/schema\/logo\/image\/","url":"https:\/\/www.notibras.com\/site\/wp-content\/uploads\/2023\/01\/notibras23.png","contentUrl":"https:\/\/www.notibras.com\/site\/wp-content\/uploads\/2023\/01\/notibras23.png","width":350,"height":87,"caption":"Grupo Notibras de Comunica\u00e7\u00e3o"},"image":{"@id":"https:\/\/www.notibras.com\/site\/#\/schema\/logo\/image\/"},"sameAs":["https:\/\/www.facebook.com\/notibras\/","https:\/\/x.com\/Notibras","https:\/\/www.instagram.com\/notibras\/"]},{"@type":"Person","@id":"https:\/\/www.notibras.com\/site\/#\/schema\/person\/36ab0979449956132d3e5b517ea76ac8","name":"Reda\u00e7\u00e3o","image":{"@type":"ImageObject","inLanguage":"pt-BR","@id":"https:\/\/secure.gravatar.com\/avatar\/e0a867bdedb85fd243eadf09663511f96fc81e0720a4a42581f334ad4303aa6b?s=96&d=mm&r=g","url":"https:\/\/secure.gravatar.com\/avatar\/e0a867bdedb85fd243eadf09663511f96fc81e0720a4a42581f334ad4303aa6b?s=96&d=mm&r=g","contentUrl":"https:\/\/secure.gravatar.com\/avatar\/e0a867bdedb85fd243eadf09663511f96fc81e0720a4a42581f334ad4303aa6b?s=96&d=mm&r=g","caption":"Reda\u00e7\u00e3o"}}]}},"amp_enabled":true,"_links":{"self":[{"href":"https:\/\/www.notibras.com\/site\/wp-json\/wp\/v2\/posts\/63007","targetHints":{"allow":["GET"]}}],"collection":[{"href":"https:\/\/www.notibras.com\/site\/wp-json\/wp\/v2\/posts"}],"about":[{"href":"https:\/\/www.notibras.com\/site\/wp-json\/wp\/v2\/types\/post"}],"author":[{"embeddable":true,"href":"https:\/\/www.notibras.com\/site\/wp-json\/wp\/v2\/users\/2"}],"replies":[{"embeddable":true,"href":"https:\/\/www.notibras.com\/site\/wp-json\/wp\/v2\/comments?post=63007"}],"version-history":[{"count":6,"href":"https:\/\/www.notibras.com\/site\/wp-json\/wp\/v2\/posts\/63007\/revisions"}],"predecessor-version":[{"id":63099,"href":"https:\/\/www.notibras.com\/site\/wp-json\/wp\/v2\/posts\/63007\/revisions\/63099"}],"wp:featuredmedia":[{"embeddable":true,"href":"https:\/\/www.notibras.com\/site\/wp-json\/wp\/v2\/media\/63008"}],"wp:attachment":[{"href":"https:\/\/www.notibras.com\/site\/wp-json\/wp\/v2\/media?parent=63007"}],"wp:term":[{"taxonomy":"category","embeddable":true,"href":"https:\/\/www.notibras.com\/site\/wp-json\/wp\/v2\/categories?post=63007"},{"taxonomy":"post_tag","embeddable":true,"href":"https:\/\/www.notibras.com\/site\/wp-json\/wp\/v2\/tags?post=63007"}],"curies":[{"name":"wp","href":"https:\/\/api.w.org\/{rel}","templated":true}]}}