{"id":6302,"date":"2014-04-08T19:15:41","date_gmt":"2014-04-08T22:15:41","guid":{"rendered":"http:\/\/www.notibras.com\/site\/?p=6302"},"modified":"2014-04-08T23:59:54","modified_gmt":"2014-04-09T02:59:54","slug":"apos-pedido-do-pt-ccj-do-senado-adia-decisao-sobre-cpi-ampla-da-petrobras","status":"publish","type":"post","link":"https:\/\/www.notibras.com\/site\/apos-pedido-do-pt-ccj-do-senado-adia-decisao-sobre-cpi-ampla-da-petrobras\/","title":{"rendered":"Comiss\u00e3o do Senado adia decis\u00e3o de CPI da Petrobras"},"content":{"rendered":"<p>O senador Romero Juc\u00e1 (PMDB-RR) decidiu nesta ter\u00e7a-feira que \u00e9 poss\u00edvel criar uma CPI da Petrobras ampla, com inclus\u00e3o de outras mat\u00e9rias, como den\u00fancias de cartel no Metr\u00f4 de S\u00e3o Paulo e de irregularidades no porto de Suape, em Pernambuco, como busca o governo. O relat\u00f3rio do parlamentar ainda ser\u00e1 votado pela Comiss\u00e3o de Constitui\u00e7\u00e3o e Justi\u00e7a do Senado, que adiou a conclus\u00e3o da an\u00e1lise para a quarta-feira.<\/p>\n<p>A sess\u00e3o da CCJ foi suspensa pelo in\u00edcio da pauta de vota\u00e7\u00f5es no plen\u00e1rio do Senado. Ap\u00f3s pedido da senadora Gleisi Hoffmann (PT-PR), o presidente da comiss\u00e3o, Vital do R\u00eago (PMDB-PB), deu fim \u00e0 reuni\u00e3o e remarcou a sess\u00e3o para amanh\u00e3. A decis\u00e3o da comiss\u00e3o ainda ter\u00e1 de ser submetida ao plen\u00e1rio do Senado.<\/p>\n<p>A indefini\u00e7\u00e3o sobre as CPIs ocorre porque oposi\u00e7\u00e3o e governo pediram a cria\u00e7\u00e3o de duas comiss\u00f5es envolvendo a Petrobras. O primeiro requerimento, dos oposicionistas, pedia a investiga\u00e7\u00e3o apenas da estatal. Em revanche, o governo fez um pedido no qual inclu\u00eda, al\u00e9m da Petrobras, temas de interesse do PSDB e PSB, patrocinadores da CPI e principais oponentes da Dilma Rousseff no cen\u00e1rio eleitoral de 2014.<\/p>\n<p>Gleisi Hoffmann questionou o requerimento da oposi\u00e7\u00e3o, por considerar que os fatos s\u00e3o desconexos, ligados apenas pelo nome da estatal. Se fosse aceito o pedido da governista, a CPI ampla tamb\u00e9m ficaria prejudicada, j\u00e1 que tem uma abrang\u00eancia maior de temas. O presidente do Senado, Renan Calheiros (PMDB-AL), decidiu pela CPI ampla, mas recorreu da pr\u00f3pria decis\u00e3o \u00e0 CCJ.<\/p>\n<p>Para Juc\u00e1, \u00e9 poss\u00edvel incluir o porto de Suape na CPI e fatos relacionados ao Metr\u00f4 de S\u00e3o Paulo que tenham recursos federais. Ele apenas opinou para n\u00e3o incluir na CPI a investiga\u00e7\u00e3o de superfaturamento em contratos de tecnologia, tema que considerou gen\u00e9rico na proposta do governo. Nesta ter\u00e7a-feira, a oposi\u00e7\u00e3o recorreu ao STF para garantir a instala\u00e7\u00e3o de uma CPI exclusiva da Petrobras.<\/p>\n<p>Juc\u00e1 entendeu que n\u00e3o h\u00e1 impedimento para a instala\u00e7\u00e3o de uma CPI com diferentes fatos pr\u00e9-determinados, mas encaminhou o caso para a Advocacia Geral do Senado. Segundo ele, como n\u00e3o h\u00e1 regulamenta\u00e7\u00e3o sobre o tema, a Casa deve provocar o STF\u00a0para que se manifeste sobre a constitucionalidade ou n\u00e3o de CPIs com m\u00faltiplos objetos de investiga\u00e7\u00e3o. A decis\u00e3o, no entanto, n\u00e3o inviabiliza a CPI ampla da Petrobras.<\/p>\n<blockquote><p>\u201cQuero registrar que n\u00e3o existe no regimento do Senado assunto que regule essa inser\u00e7\u00e3o de outros assuntos m\u00faltiplos. Portanto, como n\u00e3o existe norma legal que a posi\u00e7\u00e3o adotada pelo Senado Federal, pautar\u00e1 decis\u00f5es futuras sobre o tema nesta Casa e que \u00e9 preciso assegurar que n\u00e3o haja afronta aos direitos das minorias\u201d, disse.<\/p><\/blockquote>\n<p>Os oposicionistas j\u00e1 consideravam improv\u00e1vel uma vit\u00f3ria na CPI e reclamaram da inclus\u00e3o de novos elementos, por considerar que inviabilizar\u00e3o a investiga\u00e7\u00e3o da Petrobras. &#8220;Se o governo quisesse investigar trem de S\u00e3o Paulo, trem de Fortaleza, trem do Recife, se quisesse investigar at\u00e9 o Trem das Onze, porto de Suape, porto de Cuba, que fizesse um requerimento a parte. Eu seria o primeiro a assinar. Mas, n\u00e3o. Querem embaralhar as cartas&#8221;, disse o l\u00edder do PSDB, Aloysio Nunes (SP).<\/p>\n","protected":false},"excerpt":{"rendered":"<p>O senador Romero Juc\u00e1 (PMDB-RR) decidiu nesta ter\u00e7a-feira que \u00e9 poss\u00edvel criar uma CPI da Petrobras ampla, com inclus\u00e3o de outras mat\u00e9rias, como den\u00fancias de cartel no Metr\u00f4 de S\u00e3o Paulo e de irregularidades no porto de Suape, em Pernambuco, como busca o governo. O relat\u00f3rio do parlamentar ainda ser\u00e1 votado pela Comiss\u00e3o de Constitui\u00e7\u00e3o [&hellip;]<\/p>\n","protected":false},"author":1,"featured_media":6303,"comment_status":"open","ping_status":"closed","sticky":false,"template":"","format":"standard","meta":{"_acf_changed":false,"footnotes":""},"categories":[16],"tags":[],"class_list":["post-6302","post","type-post","status-publish","format-standard","has-post-thumbnail","hentry","category-brasil"],"acf":[],"yoast_head":"<!-- This site is optimized with the Yoast SEO plugin v27.2 - https:\/\/yoast.com\/product\/yoast-seo-wordpress\/ -->\n<title>Comiss\u00e3o do Senado adia decis\u00e3o de CPI da Petrobras - Notibras<\/title>\n<meta name=\"robots\" content=\"index, follow, max-snippet:-1, max-image-preview:large, max-video-preview:-1\" \/>\n<link rel=\"canonical\" href=\"https:\/\/www.notibras.com\/site\/apos-pedido-do-pt-ccj-do-senado-adia-decisao-sobre-cpi-ampla-da-petrobras\/\" \/>\n<meta property=\"og:locale\" content=\"pt_BR\" \/>\n<meta property=\"og:type\" content=\"article\" \/>\n<meta property=\"og:title\" content=\"Comiss\u00e3o do Senado adia decis\u00e3o de CPI da Petrobras - Notibras\" \/>\n<meta property=\"og:description\" content=\"O senador Romero Juc\u00e1 (PMDB-RR) decidiu nesta ter\u00e7a-feira que \u00e9 poss\u00edvel criar uma CPI da Petrobras ampla, com inclus\u00e3o de outras mat\u00e9rias, como den\u00fancias de cartel no Metr\u00f4 de S\u00e3o Paulo e de irregularidades no porto de Suape, em Pernambuco, como busca o governo. O relat\u00f3rio do parlamentar ainda ser\u00e1 votado pela Comiss\u00e3o de Constitui\u00e7\u00e3o [&hellip;]\" \/>\n<meta property=\"og:url\" content=\"https:\/\/www.notibras.com\/site\/apos-pedido-do-pt-ccj-do-senado-adia-decisao-sobre-cpi-ampla-da-petrobras\/\" \/>\n<meta property=\"og:site_name\" content=\"Notibras\" \/>\n<meta property=\"article:publisher\" content=\"https:\/\/www.facebook.com\/notibras\/\" \/>\n<meta property=\"article:published_time\" content=\"2014-04-08T22:15:41+00:00\" \/>\n<meta property=\"article:modified_time\" content=\"2014-04-09T02:59:54+00:00\" \/>\n<meta property=\"og:image\" content=\"https:\/\/www.notibras.com\/site\/wp-content\/uploads\/2014\/04\/Sem-t\u00edtulo-17.jpg\" \/>\n\t<meta property=\"og:image:width\" content=\"475\" \/>\n\t<meta property=\"og:image:height\" content=\"300\" \/>\n\t<meta property=\"og:image:type\" content=\"image\/jpeg\" \/>\n<meta name=\"author\" content=\"Reda\u00e7\u00e3o\" \/>\n<meta name=\"twitter:card\" content=\"summary_large_image\" \/>\n<meta name=\"twitter:creator\" content=\"@Notibras\" \/>\n<meta name=\"twitter:site\" content=\"@Notibras\" \/>\n<meta name=\"twitter:label1\" content=\"Escrito por\" \/>\n\t<meta name=\"twitter:data1\" content=\"Reda\u00e7\u00e3o\" \/>\n\t<meta name=\"twitter:label2\" content=\"Est. tempo de leitura\" \/>\n\t<meta name=\"twitter:data2\" content=\"3 minutos\" \/>\n<script type=\"application\/ld+json\" class=\"yoast-schema-graph\">{\"@context\":\"https:\/\/schema.org\",\"@graph\":[{\"@type\":\"Article\",\"@id\":\"https:\/\/www.notibras.com\/site\/apos-pedido-do-pt-ccj-do-senado-adia-decisao-sobre-cpi-ampla-da-petrobras\/#article\",\"isPartOf\":{\"@id\":\"https:\/\/www.notibras.com\/site\/apos-pedido-do-pt-ccj-do-senado-adia-decisao-sobre-cpi-ampla-da-petrobras\/\"},\"author\":{\"name\":\"Reda\u00e7\u00e3o\",\"@id\":\"https:\/\/www.notibras.com\/site\/#\/schema\/person\/00b8e1aa08f9ef6563e878c5159d01cf\"},\"headline\":\"Comiss\u00e3o do Senado adia decis\u00e3o de CPI da Petrobras\",\"datePublished\":\"2014-04-08T22:15:41+00:00\",\"dateModified\":\"2014-04-09T02:59:54+00:00\",\"mainEntityOfPage\":{\"@id\":\"https:\/\/www.notibras.com\/site\/apos-pedido-do-pt-ccj-do-senado-adia-decisao-sobre-cpi-ampla-da-petrobras\/\"},\"wordCount\":585,\"commentCount\":0,\"publisher\":{\"@id\":\"https:\/\/www.notibras.com\/site\/#organization\"},\"image\":{\"@id\":\"https:\/\/www.notibras.com\/site\/apos-pedido-do-pt-ccj-do-senado-adia-decisao-sobre-cpi-ampla-da-petrobras\/#primaryimage\"},\"thumbnailUrl\":\"https:\/\/www.notibras.com\/site\/wp-content\/uploads\/2014\/04\/Sem-t\u00edtulo-17.jpg\",\"articleSection\":[\"Brasil\"],\"inLanguage\":\"pt-BR\",\"potentialAction\":[{\"@type\":\"CommentAction\",\"name\":\"Comment\",\"target\":[\"https:\/\/www.notibras.com\/site\/apos-pedido-do-pt-ccj-do-senado-adia-decisao-sobre-cpi-ampla-da-petrobras\/#respond\"]}]},{\"@type\":\"WebPage\",\"@id\":\"https:\/\/www.notibras.com\/site\/apos-pedido-do-pt-ccj-do-senado-adia-decisao-sobre-cpi-ampla-da-petrobras\/\",\"url\":\"https:\/\/www.notibras.com\/site\/apos-pedido-do-pt-ccj-do-senado-adia-decisao-sobre-cpi-ampla-da-petrobras\/\",\"name\":\"Comiss\u00e3o do Senado adia decis\u00e3o de CPI da Petrobras - Notibras\",\"isPartOf\":{\"@id\":\"https:\/\/www.notibras.com\/site\/#website\"},\"primaryImageOfPage\":{\"@id\":\"https:\/\/www.notibras.com\/site\/apos-pedido-do-pt-ccj-do-senado-adia-decisao-sobre-cpi-ampla-da-petrobras\/#primaryimage\"},\"image\":{\"@id\":\"https:\/\/www.notibras.com\/site\/apos-pedido-do-pt-ccj-do-senado-adia-decisao-sobre-cpi-ampla-da-petrobras\/#primaryimage\"},\"thumbnailUrl\":\"https:\/\/www.notibras.com\/site\/wp-content\/uploads\/2014\/04\/Sem-t\u00edtulo-17.jpg\",\"datePublished\":\"2014-04-08T22:15:41+00:00\",\"dateModified\":\"2014-04-09T02:59:54+00:00\",\"breadcrumb\":{\"@id\":\"https:\/\/www.notibras.com\/site\/apos-pedido-do-pt-ccj-do-senado-adia-decisao-sobre-cpi-ampla-da-petrobras\/#breadcrumb\"},\"inLanguage\":\"pt-BR\",\"potentialAction\":[{\"@type\":\"ReadAction\",\"target\":[\"https:\/\/www.notibras.com\/site\/apos-pedido-do-pt-ccj-do-senado-adia-decisao-sobre-cpi-ampla-da-petrobras\/\"]}]},{\"@type\":\"ImageObject\",\"inLanguage\":\"pt-BR\",\"@id\":\"https:\/\/www.notibras.com\/site\/apos-pedido-do-pt-ccj-do-senado-adia-decisao-sobre-cpi-ampla-da-petrobras\/#primaryimage\",\"url\":\"https:\/\/www.notibras.com\/site\/wp-content\/uploads\/2014\/04\/Sem-t\u00edtulo-17.jpg\",\"contentUrl\":\"https:\/\/www.notibras.com\/site\/wp-content\/uploads\/2014\/04\/Sem-t\u00edtulo-17.jpg\",\"width\":475,\"height\":300},{\"@type\":\"BreadcrumbList\",\"@id\":\"https:\/\/www.notibras.com\/site\/apos-pedido-do-pt-ccj-do-senado-adia-decisao-sobre-cpi-ampla-da-petrobras\/#breadcrumb\",\"itemListElement\":[{\"@type\":\"ListItem\",\"position\":1,\"name\":\"In\u00edcio\",\"item\":\"https:\/\/www.notibras.com\/site\/\"},{\"@type\":\"ListItem\",\"position\":2,\"name\":\"Comiss\u00e3o do Senado adia decis\u00e3o de CPI da Petrobras\"}]},{\"@type\":\"WebSite\",\"@id\":\"https:\/\/www.notibras.com\/site\/#website\",\"url\":\"https:\/\/www.notibras.com\/site\/\",\"name\":\"Notibras\",\"description\":\"Not\u00edcias de Bras\u00edlia, do Brasil e do Mundo\",\"publisher\":{\"@id\":\"https:\/\/www.notibras.com\/site\/#organization\"},\"potentialAction\":[{\"@type\":\"SearchAction\",\"target\":{\"@type\":\"EntryPoint\",\"urlTemplate\":\"https:\/\/www.notibras.com\/site\/?s={search_term_string}\"},\"query-input\":{\"@type\":\"PropertyValueSpecification\",\"valueRequired\":true,\"valueName\":\"search_term_string\"}}],\"inLanguage\":\"pt-BR\"},{\"@type\":\"Organization\",\"@id\":\"https:\/\/www.notibras.com\/site\/#organization\",\"name\":\"Grupo Notibras de Comunica\u00e7\u00e3o\",\"url\":\"https:\/\/www.notibras.com\/site\/\",\"logo\":{\"@type\":\"ImageObject\",\"inLanguage\":\"pt-BR\",\"@id\":\"https:\/\/www.notibras.com\/site\/#\/schema\/logo\/image\/\",\"url\":\"https:\/\/www.notibras.com\/site\/wp-content\/uploads\/2023\/01\/notibras23.png\",\"contentUrl\":\"https:\/\/www.notibras.com\/site\/wp-content\/uploads\/2023\/01\/notibras23.png\",\"width\":350,\"height\":87,\"caption\":\"Grupo Notibras de Comunica\u00e7\u00e3o\"},\"image\":{\"@id\":\"https:\/\/www.notibras.com\/site\/#\/schema\/logo\/image\/\"},\"sameAs\":[\"https:\/\/www.facebook.com\/notibras\/\",\"https:\/\/x.com\/Notibras\",\"https:\/\/www.instagram.com\/notibras\/\"]},{\"@type\":\"Person\",\"@id\":\"https:\/\/www.notibras.com\/site\/#\/schema\/person\/00b8e1aa08f9ef6563e878c5159d01cf\",\"name\":\"Reda\u00e7\u00e3o\",\"image\":{\"@type\":\"ImageObject\",\"inLanguage\":\"pt-BR\",\"@id\":\"https:\/\/secure.gravatar.com\/avatar\/ac5a707d5b47784a5ed426c6e213e201423c750890f64e4c379114dade67dfb9?s=96&d=mm&r=g\",\"url\":\"https:\/\/secure.gravatar.com\/avatar\/ac5a707d5b47784a5ed426c6e213e201423c750890f64e4c379114dade67dfb9?s=96&d=mm&r=g\",\"contentUrl\":\"https:\/\/secure.gravatar.com\/avatar\/ac5a707d5b47784a5ed426c6e213e201423c750890f64e4c379114dade67dfb9?s=96&d=mm&r=g\",\"caption\":\"Reda\u00e7\u00e3o\"}}]}<\/script>\n<!-- \/ Yoast SEO plugin. -->","yoast_head_json":{"title":"Comiss\u00e3o do Senado adia decis\u00e3o de CPI da Petrobras - Notibras","robots":{"index":"index","follow":"follow","max-snippet":"max-snippet:-1","max-image-preview":"max-image-preview:large","max-video-preview":"max-video-preview:-1"},"canonical":"https:\/\/www.notibras.com\/site\/apos-pedido-do-pt-ccj-do-senado-adia-decisao-sobre-cpi-ampla-da-petrobras\/","og_locale":"pt_BR","og_type":"article","og_title":"Comiss\u00e3o do Senado adia decis\u00e3o de CPI da Petrobras - Notibras","og_description":"O senador Romero Juc\u00e1 (PMDB-RR) decidiu nesta ter\u00e7a-feira que \u00e9 poss\u00edvel criar uma CPI da Petrobras ampla, com inclus\u00e3o de outras mat\u00e9rias, como den\u00fancias de cartel no Metr\u00f4 de S\u00e3o Paulo e de irregularidades no porto de Suape, em Pernambuco, como busca o governo. O relat\u00f3rio do parlamentar ainda ser\u00e1 votado pela Comiss\u00e3o de Constitui\u00e7\u00e3o [&hellip;]","og_url":"https:\/\/www.notibras.com\/site\/apos-pedido-do-pt-ccj-do-senado-adia-decisao-sobre-cpi-ampla-da-petrobras\/","og_site_name":"Notibras","article_publisher":"https:\/\/www.facebook.com\/notibras\/","article_published_time":"2014-04-08T22:15:41+00:00","article_modified_time":"2014-04-09T02:59:54+00:00","og_image":[{"width":475,"height":300,"url":"https:\/\/www.notibras.com\/site\/wp-content\/uploads\/2014\/04\/Sem-t\u00edtulo-17.jpg","type":"image\/jpeg"}],"author":"Reda\u00e7\u00e3o","twitter_card":"summary_large_image","twitter_creator":"@Notibras","twitter_site":"@Notibras","twitter_misc":{"Escrito por":"Reda\u00e7\u00e3o","Est. tempo de leitura":"3 minutos"},"schema":{"@context":"https:\/\/schema.org","@graph":[{"@type":"Article","@id":"https:\/\/www.notibras.com\/site\/apos-pedido-do-pt-ccj-do-senado-adia-decisao-sobre-cpi-ampla-da-petrobras\/#article","isPartOf":{"@id":"https:\/\/www.notibras.com\/site\/apos-pedido-do-pt-ccj-do-senado-adia-decisao-sobre-cpi-ampla-da-petrobras\/"},"author":{"name":"Reda\u00e7\u00e3o","@id":"https:\/\/www.notibras.com\/site\/#\/schema\/person\/00b8e1aa08f9ef6563e878c5159d01cf"},"headline":"Comiss\u00e3o do Senado adia decis\u00e3o de CPI da Petrobras","datePublished":"2014-04-08T22:15:41+00:00","dateModified":"2014-04-09T02:59:54+00:00","mainEntityOfPage":{"@id":"https:\/\/www.notibras.com\/site\/apos-pedido-do-pt-ccj-do-senado-adia-decisao-sobre-cpi-ampla-da-petrobras\/"},"wordCount":585,"commentCount":0,"publisher":{"@id":"https:\/\/www.notibras.com\/site\/#organization"},"image":{"@id":"https:\/\/www.notibras.com\/site\/apos-pedido-do-pt-ccj-do-senado-adia-decisao-sobre-cpi-ampla-da-petrobras\/#primaryimage"},"thumbnailUrl":"https:\/\/www.notibras.com\/site\/wp-content\/uploads\/2014\/04\/Sem-t\u00edtulo-17.jpg","articleSection":["Brasil"],"inLanguage":"pt-BR","potentialAction":[{"@type":"CommentAction","name":"Comment","target":["https:\/\/www.notibras.com\/site\/apos-pedido-do-pt-ccj-do-senado-adia-decisao-sobre-cpi-ampla-da-petrobras\/#respond"]}]},{"@type":"WebPage","@id":"https:\/\/www.notibras.com\/site\/apos-pedido-do-pt-ccj-do-senado-adia-decisao-sobre-cpi-ampla-da-petrobras\/","url":"https:\/\/www.notibras.com\/site\/apos-pedido-do-pt-ccj-do-senado-adia-decisao-sobre-cpi-ampla-da-petrobras\/","name":"Comiss\u00e3o do Senado adia decis\u00e3o de CPI da Petrobras - Notibras","isPartOf":{"@id":"https:\/\/www.notibras.com\/site\/#website"},"primaryImageOfPage":{"@id":"https:\/\/www.notibras.com\/site\/apos-pedido-do-pt-ccj-do-senado-adia-decisao-sobre-cpi-ampla-da-petrobras\/#primaryimage"},"image":{"@id":"https:\/\/www.notibras.com\/site\/apos-pedido-do-pt-ccj-do-senado-adia-decisao-sobre-cpi-ampla-da-petrobras\/#primaryimage"},"thumbnailUrl":"https:\/\/www.notibras.com\/site\/wp-content\/uploads\/2014\/04\/Sem-t\u00edtulo-17.jpg","datePublished":"2014-04-08T22:15:41+00:00","dateModified":"2014-04-09T02:59:54+00:00","breadcrumb":{"@id":"https:\/\/www.notibras.com\/site\/apos-pedido-do-pt-ccj-do-senado-adia-decisao-sobre-cpi-ampla-da-petrobras\/#breadcrumb"},"inLanguage":"pt-BR","potentialAction":[{"@type":"ReadAction","target":["https:\/\/www.notibras.com\/site\/apos-pedido-do-pt-ccj-do-senado-adia-decisao-sobre-cpi-ampla-da-petrobras\/"]}]},{"@type":"ImageObject","inLanguage":"pt-BR","@id":"https:\/\/www.notibras.com\/site\/apos-pedido-do-pt-ccj-do-senado-adia-decisao-sobre-cpi-ampla-da-petrobras\/#primaryimage","url":"https:\/\/www.notibras.com\/site\/wp-content\/uploads\/2014\/04\/Sem-t\u00edtulo-17.jpg","contentUrl":"https:\/\/www.notibras.com\/site\/wp-content\/uploads\/2014\/04\/Sem-t\u00edtulo-17.jpg","width":475,"height":300},{"@type":"BreadcrumbList","@id":"https:\/\/www.notibras.com\/site\/apos-pedido-do-pt-ccj-do-senado-adia-decisao-sobre-cpi-ampla-da-petrobras\/#breadcrumb","itemListElement":[{"@type":"ListItem","position":1,"name":"In\u00edcio","item":"https:\/\/www.notibras.com\/site\/"},{"@type":"ListItem","position":2,"name":"Comiss\u00e3o do Senado adia decis\u00e3o de CPI da Petrobras"}]},{"@type":"WebSite","@id":"https:\/\/www.notibras.com\/site\/#website","url":"https:\/\/www.notibras.com\/site\/","name":"Notibras","description":"Not\u00edcias de Bras\u00edlia, do Brasil e do Mundo","publisher":{"@id":"https:\/\/www.notibras.com\/site\/#organization"},"potentialAction":[{"@type":"SearchAction","target":{"@type":"EntryPoint","urlTemplate":"https:\/\/www.notibras.com\/site\/?s={search_term_string}"},"query-input":{"@type":"PropertyValueSpecification","valueRequired":true,"valueName":"search_term_string"}}],"inLanguage":"pt-BR"},{"@type":"Organization","@id":"https:\/\/www.notibras.com\/site\/#organization","name":"Grupo Notibras de Comunica\u00e7\u00e3o","url":"https:\/\/www.notibras.com\/site\/","logo":{"@type":"ImageObject","inLanguage":"pt-BR","@id":"https:\/\/www.notibras.com\/site\/#\/schema\/logo\/image\/","url":"https:\/\/www.notibras.com\/site\/wp-content\/uploads\/2023\/01\/notibras23.png","contentUrl":"https:\/\/www.notibras.com\/site\/wp-content\/uploads\/2023\/01\/notibras23.png","width":350,"height":87,"caption":"Grupo Notibras de Comunica\u00e7\u00e3o"},"image":{"@id":"https:\/\/www.notibras.com\/site\/#\/schema\/logo\/image\/"},"sameAs":["https:\/\/www.facebook.com\/notibras\/","https:\/\/x.com\/Notibras","https:\/\/www.instagram.com\/notibras\/"]},{"@type":"Person","@id":"https:\/\/www.notibras.com\/site\/#\/schema\/person\/00b8e1aa08f9ef6563e878c5159d01cf","name":"Reda\u00e7\u00e3o","image":{"@type":"ImageObject","inLanguage":"pt-BR","@id":"https:\/\/secure.gravatar.com\/avatar\/ac5a707d5b47784a5ed426c6e213e201423c750890f64e4c379114dade67dfb9?s=96&d=mm&r=g","url":"https:\/\/secure.gravatar.com\/avatar\/ac5a707d5b47784a5ed426c6e213e201423c750890f64e4c379114dade67dfb9?s=96&d=mm&r=g","contentUrl":"https:\/\/secure.gravatar.com\/avatar\/ac5a707d5b47784a5ed426c6e213e201423c750890f64e4c379114dade67dfb9?s=96&d=mm&r=g","caption":"Reda\u00e7\u00e3o"}}]}},"amp_enabled":true,"_links":{"self":[{"href":"https:\/\/www.notibras.com\/site\/wp-json\/wp\/v2\/posts\/6302","targetHints":{"allow":["GET"]}}],"collection":[{"href":"https:\/\/www.notibras.com\/site\/wp-json\/wp\/v2\/posts"}],"about":[{"href":"https:\/\/www.notibras.com\/site\/wp-json\/wp\/v2\/types\/post"}],"author":[{"embeddable":true,"href":"https:\/\/www.notibras.com\/site\/wp-json\/wp\/v2\/users\/1"}],"replies":[{"embeddable":true,"href":"https:\/\/www.notibras.com\/site\/wp-json\/wp\/v2\/comments?post=6302"}],"version-history":[{"count":0,"href":"https:\/\/www.notibras.com\/site\/wp-json\/wp\/v2\/posts\/6302\/revisions"}],"wp:featuredmedia":[{"embeddable":true,"href":"https:\/\/www.notibras.com\/site\/wp-json\/wp\/v2\/media\/6303"}],"wp:attachment":[{"href":"https:\/\/www.notibras.com\/site\/wp-json\/wp\/v2\/media?parent=6302"}],"wp:term":[{"taxonomy":"category","embeddable":true,"href":"https:\/\/www.notibras.com\/site\/wp-json\/wp\/v2\/categories?post=6302"},{"taxonomy":"post_tag","embeddable":true,"href":"https:\/\/www.notibras.com\/site\/wp-json\/wp\/v2\/tags?post=6302"}],"curies":[{"name":"wp","href":"https:\/\/api.w.org\/{rel}","templated":true}]}}