{"id":63031,"date":"2015-08-18T22:03:06","date_gmt":"2015-08-19T01:03:06","guid":{"rendered":"http:\/\/www.notibras.com\/site\/?p=63031"},"modified":"2015-10-30T12:01:45","modified_gmt":"2015-10-30T14:01:45","slug":"psdb-faz-festa-dia-29-para-receber-governador-pedro-taques-no-ninho-dos-tucanos","status":"publish","type":"post","link":"https:\/\/www.notibras.com\/site\/psdb-faz-festa-dia-29-para-receber-governador-pedro-taques-no-ninho-dos-tucanos\/","title":{"rendered":"PSDB faz festa dia 29 para receber governador Pedro Taques no ninho tucano"},"content":{"rendered":"<p>O presidente nacional do PSDB, senador A\u00e9cio Neves (MG), anunciou nesta ter\u00e7a-feira (18) que o governador de Mato Grosso, Pedro Taques, decidiu se filiar ao partido. Por meio de sua assessoria, o governante mato-grossense confirmou a filia\u00e7\u00e3o \u00e0 sigla oposicionista.<\/p>\n<p>Eleito para o comando do estado no ano passado, Taques se desfiliou do PDT no dia 10 de agosto, mas, na ocasi\u00e3o, n\u00e3o informou para qual legenda iria se transferir. Ele justificou a decis\u00e3o de deixar o PDT pelo fato de a legenda apoiar o governo Dilma Rousseff.<\/p>\n<p>&#8220;Depois de in\u00fameras conversas [&#8230;] quero anunciar a filia\u00e7\u00e3o ao PSDB do governador do Mato Grosso, Pedro Taques&#8221;, disse o presidente do PSDB em entrevista no Senado.<\/p>\n<p>Aos jornalistas, A\u00e9cio elogiou o governador de Mato Grosso, a quem chamou de &#8220;um refor\u00e7o de alt\u00edssima qualidade&#8221; para o PSDB. O senador tucano disse ainda que Taques tem &#8220;extraordin\u00e1ria coragem&#8221; para defender suas posi\u00e7\u00f5es e \u00e9 &#8220;absolutamente fiel&#8221; a elas.<\/p>\n<p>O presidente estadual do PSDB em Mato Grosso, deputado federal Nilson Leit\u00e3o, informou que a cerim\u00f4nia que oficializar\u00e1 a filia\u00e7\u00e3o de Taques est\u00e1 marcada para o dia 29.<\/p>\n","protected":false},"excerpt":{"rendered":"<p>O presidente nacional do PSDB, senador A\u00e9cio Neves (MG), anunciou nesta ter\u00e7a-feira (18) que o governador de Mato Grosso, Pedro Taques, decidiu se filiar ao partido. Por meio de sua assessoria, o governante mato-grossense confirmou a filia\u00e7\u00e3o \u00e0 sigla oposicionista. Eleito para o comando do estado no ano passado, Taques se desfiliou do PDT no [&hellip;]<\/p>\n","protected":false},"author":2,"featured_media":63032,"comment_status":"open","ping_status":"closed","sticky":false,"template":"","format":"standard","meta":{"_acf_changed":false,"footnotes":""},"categories":[16],"tags":[],"class_list":["post-63031","post","type-post","status-publish","format-standard","has-post-thumbnail","hentry","category-brasil"],"acf":[],"yoast_head":"<!-- This site is optimized with the Yoast SEO plugin v27.2 - https:\/\/yoast.com\/product\/yoast-seo-wordpress\/ -->\n<title>PSDB faz festa dia 29 para receber governador Pedro Taques no ninho tucano - Notibras<\/title>\n<meta name=\"robots\" content=\"index, follow, max-snippet:-1, max-image-preview:large, max-video-preview:-1\" \/>\n<link rel=\"canonical\" href=\"https:\/\/www.notibras.com\/site\/psdb-faz-festa-dia-29-para-receber-governador-pedro-taques-no-ninho-dos-tucanos\/\" \/>\n<meta property=\"og:locale\" content=\"pt_BR\" \/>\n<meta property=\"og:type\" content=\"article\" \/>\n<meta property=\"og:title\" content=\"PSDB faz festa dia 29 para receber governador Pedro Taques no ninho tucano - Notibras\" \/>\n<meta property=\"og:description\" content=\"O presidente nacional do PSDB, senador A\u00e9cio Neves (MG), anunciou nesta ter\u00e7a-feira (18) que o governador de Mato Grosso, Pedro Taques, decidiu se filiar ao partido. Por meio de sua assessoria, o governante mato-grossense confirmou a filia\u00e7\u00e3o \u00e0 sigla oposicionista. Eleito para o comando do estado no ano passado, Taques se desfiliou do PDT no [&hellip;]\" \/>\n<meta property=\"og:url\" content=\"https:\/\/www.notibras.com\/site\/psdb-faz-festa-dia-29-para-receber-governador-pedro-taques-no-ninho-dos-tucanos\/\" \/>\n<meta property=\"og:site_name\" content=\"Notibras\" \/>\n<meta property=\"article:publisher\" content=\"https:\/\/www.facebook.com\/notibras\/\" \/>\n<meta property=\"article:published_time\" content=\"2015-08-19T01:03:06+00:00\" \/>\n<meta property=\"article:modified_time\" content=\"2015-10-30T14:01:45+00:00\" \/>\n<meta property=\"og:image\" content=\"https:\/\/www.notibras.com\/site\/wp-content\/uploads\/2015\/08\/ptaques_620x465_gcom.jpg\" \/>\n\t<meta property=\"og:image:width\" content=\"300\" \/>\n\t<meta property=\"og:image:height\" content=\"225\" \/>\n\t<meta property=\"og:image:type\" content=\"image\/jpeg\" \/>\n<meta name=\"author\" content=\"Reda\u00e7\u00e3o\" \/>\n<meta name=\"twitter:card\" content=\"summary_large_image\" \/>\n<meta name=\"twitter:creator\" content=\"@Notibras\" \/>\n<meta name=\"twitter:site\" content=\"@Notibras\" \/>\n<meta name=\"twitter:label1\" content=\"Escrito por\" \/>\n\t<meta name=\"twitter:data1\" content=\"Reda\u00e7\u00e3o\" \/>\n\t<meta name=\"twitter:label2\" content=\"Est. tempo de leitura\" \/>\n\t<meta name=\"twitter:data2\" content=\"1 minuto\" \/>\n<script type=\"application\/ld+json\" class=\"yoast-schema-graph\">{\"@context\":\"https:\/\/schema.org\",\"@graph\":[{\"@type\":\"Article\",\"@id\":\"https:\/\/www.notibras.com\/site\/psdb-faz-festa-dia-29-para-receber-governador-pedro-taques-no-ninho-dos-tucanos\/#article\",\"isPartOf\":{\"@id\":\"https:\/\/www.notibras.com\/site\/psdb-faz-festa-dia-29-para-receber-governador-pedro-taques-no-ninho-dos-tucanos\/\"},\"author\":{\"name\":\"Reda\u00e7\u00e3o\",\"@id\":\"https:\/\/www.notibras.com\/site\/#\/schema\/person\/36ab0979449956132d3e5b517ea76ac8\"},\"headline\":\"PSDB faz festa dia 29 para receber governador Pedro Taques no ninho tucano\",\"datePublished\":\"2015-08-19T01:03:06+00:00\",\"dateModified\":\"2015-10-30T14:01:45+00:00\",\"mainEntityOfPage\":{\"@id\":\"https:\/\/www.notibras.com\/site\/psdb-faz-festa-dia-29-para-receber-governador-pedro-taques-no-ninho-dos-tucanos\/\"},\"wordCount\":206,\"commentCount\":0,\"publisher\":{\"@id\":\"https:\/\/www.notibras.com\/site\/#organization\"},\"image\":{\"@id\":\"https:\/\/www.notibras.com\/site\/psdb-faz-festa-dia-29-para-receber-governador-pedro-taques-no-ninho-dos-tucanos\/#primaryimage\"},\"thumbnailUrl\":\"https:\/\/www.notibras.com\/site\/wp-content\/uploads\/2015\/08\/ptaques_620x465_gcom.jpg\",\"articleSection\":[\"Brasil\"],\"inLanguage\":\"pt-BR\",\"potentialAction\":[{\"@type\":\"CommentAction\",\"name\":\"Comment\",\"target\":[\"https:\/\/www.notibras.com\/site\/psdb-faz-festa-dia-29-para-receber-governador-pedro-taques-no-ninho-dos-tucanos\/#respond\"]}]},{\"@type\":\"WebPage\",\"@id\":\"https:\/\/www.notibras.com\/site\/psdb-faz-festa-dia-29-para-receber-governador-pedro-taques-no-ninho-dos-tucanos\/\",\"url\":\"https:\/\/www.notibras.com\/site\/psdb-faz-festa-dia-29-para-receber-governador-pedro-taques-no-ninho-dos-tucanos\/\",\"name\":\"PSDB faz festa dia 29 para receber governador Pedro Taques no ninho tucano - Notibras\",\"isPartOf\":{\"@id\":\"https:\/\/www.notibras.com\/site\/#website\"},\"primaryImageOfPage\":{\"@id\":\"https:\/\/www.notibras.com\/site\/psdb-faz-festa-dia-29-para-receber-governador-pedro-taques-no-ninho-dos-tucanos\/#primaryimage\"},\"image\":{\"@id\":\"https:\/\/www.notibras.com\/site\/psdb-faz-festa-dia-29-para-receber-governador-pedro-taques-no-ninho-dos-tucanos\/#primaryimage\"},\"thumbnailUrl\":\"https:\/\/www.notibras.com\/site\/wp-content\/uploads\/2015\/08\/ptaques_620x465_gcom.jpg\",\"datePublished\":\"2015-08-19T01:03:06+00:00\",\"dateModified\":\"2015-10-30T14:01:45+00:00\",\"breadcrumb\":{\"@id\":\"https:\/\/www.notibras.com\/site\/psdb-faz-festa-dia-29-para-receber-governador-pedro-taques-no-ninho-dos-tucanos\/#breadcrumb\"},\"inLanguage\":\"pt-BR\",\"potentialAction\":[{\"@type\":\"ReadAction\",\"target\":[\"https:\/\/www.notibras.com\/site\/psdb-faz-festa-dia-29-para-receber-governador-pedro-taques-no-ninho-dos-tucanos\/\"]}]},{\"@type\":\"ImageObject\",\"inLanguage\":\"pt-BR\",\"@id\":\"https:\/\/www.notibras.com\/site\/psdb-faz-festa-dia-29-para-receber-governador-pedro-taques-no-ninho-dos-tucanos\/#primaryimage\",\"url\":\"https:\/\/www.notibras.com\/site\/wp-content\/uploads\/2015\/08\/ptaques_620x465_gcom.jpg\",\"contentUrl\":\"https:\/\/www.notibras.com\/site\/wp-content\/uploads\/2015\/08\/ptaques_620x465_gcom.jpg\",\"width\":300,\"height\":225},{\"@type\":\"BreadcrumbList\",\"@id\":\"https:\/\/www.notibras.com\/site\/psdb-faz-festa-dia-29-para-receber-governador-pedro-taques-no-ninho-dos-tucanos\/#breadcrumb\",\"itemListElement\":[{\"@type\":\"ListItem\",\"position\":1,\"name\":\"In\u00edcio\",\"item\":\"https:\/\/www.notibras.com\/site\/\"},{\"@type\":\"ListItem\",\"position\":2,\"name\":\"PSDB faz festa dia 29 para receber governador Pedro Taques no ninho tucano\"}]},{\"@type\":\"WebSite\",\"@id\":\"https:\/\/www.notibras.com\/site\/#website\",\"url\":\"https:\/\/www.notibras.com\/site\/\",\"name\":\"Notibras\",\"description\":\"Not\u00edcias de Bras\u00edlia, do Brasil e do Mundo\",\"publisher\":{\"@id\":\"https:\/\/www.notibras.com\/site\/#organization\"},\"potentialAction\":[{\"@type\":\"SearchAction\",\"target\":{\"@type\":\"EntryPoint\",\"urlTemplate\":\"https:\/\/www.notibras.com\/site\/?s={search_term_string}\"},\"query-input\":{\"@type\":\"PropertyValueSpecification\",\"valueRequired\":true,\"valueName\":\"search_term_string\"}}],\"inLanguage\":\"pt-BR\"},{\"@type\":\"Organization\",\"@id\":\"https:\/\/www.notibras.com\/site\/#organization\",\"name\":\"Grupo Notibras de Comunica\u00e7\u00e3o\",\"url\":\"https:\/\/www.notibras.com\/site\/\",\"logo\":{\"@type\":\"ImageObject\",\"inLanguage\":\"pt-BR\",\"@id\":\"https:\/\/www.notibras.com\/site\/#\/schema\/logo\/image\/\",\"url\":\"https:\/\/www.notibras.com\/site\/wp-content\/uploads\/2023\/01\/notibras23.png\",\"contentUrl\":\"https:\/\/www.notibras.com\/site\/wp-content\/uploads\/2023\/01\/notibras23.png\",\"width\":350,\"height\":87,\"caption\":\"Grupo Notibras de Comunica\u00e7\u00e3o\"},\"image\":{\"@id\":\"https:\/\/www.notibras.com\/site\/#\/schema\/logo\/image\/\"},\"sameAs\":[\"https:\/\/www.facebook.com\/notibras\/\",\"https:\/\/x.com\/Notibras\",\"https:\/\/www.instagram.com\/notibras\/\"]},{\"@type\":\"Person\",\"@id\":\"https:\/\/www.notibras.com\/site\/#\/schema\/person\/36ab0979449956132d3e5b517ea76ac8\",\"name\":\"Reda\u00e7\u00e3o\",\"image\":{\"@type\":\"ImageObject\",\"inLanguage\":\"pt-BR\",\"@id\":\"https:\/\/secure.gravatar.com\/avatar\/e0a867bdedb85fd243eadf09663511f96fc81e0720a4a42581f334ad4303aa6b?s=96&d=mm&r=g\",\"url\":\"https:\/\/secure.gravatar.com\/avatar\/e0a867bdedb85fd243eadf09663511f96fc81e0720a4a42581f334ad4303aa6b?s=96&d=mm&r=g\",\"contentUrl\":\"https:\/\/secure.gravatar.com\/avatar\/e0a867bdedb85fd243eadf09663511f96fc81e0720a4a42581f334ad4303aa6b?s=96&d=mm&r=g\",\"caption\":\"Reda\u00e7\u00e3o\"}}]}<\/script>\n<!-- \/ Yoast SEO plugin. -->","yoast_head_json":{"title":"PSDB faz festa dia 29 para receber governador Pedro Taques no ninho tucano - Notibras","robots":{"index":"index","follow":"follow","max-snippet":"max-snippet:-1","max-image-preview":"max-image-preview:large","max-video-preview":"max-video-preview:-1"},"canonical":"https:\/\/www.notibras.com\/site\/psdb-faz-festa-dia-29-para-receber-governador-pedro-taques-no-ninho-dos-tucanos\/","og_locale":"pt_BR","og_type":"article","og_title":"PSDB faz festa dia 29 para receber governador Pedro Taques no ninho tucano - Notibras","og_description":"O presidente nacional do PSDB, senador A\u00e9cio Neves (MG), anunciou nesta ter\u00e7a-feira (18) que o governador de Mato Grosso, Pedro Taques, decidiu se filiar ao partido. Por meio de sua assessoria, o governante mato-grossense confirmou a filia\u00e7\u00e3o \u00e0 sigla oposicionista. Eleito para o comando do estado no ano passado, Taques se desfiliou do PDT no [&hellip;]","og_url":"https:\/\/www.notibras.com\/site\/psdb-faz-festa-dia-29-para-receber-governador-pedro-taques-no-ninho-dos-tucanos\/","og_site_name":"Notibras","article_publisher":"https:\/\/www.facebook.com\/notibras\/","article_published_time":"2015-08-19T01:03:06+00:00","article_modified_time":"2015-10-30T14:01:45+00:00","og_image":[{"width":300,"height":225,"url":"https:\/\/www.notibras.com\/site\/wp-content\/uploads\/2015\/08\/ptaques_620x465_gcom.jpg","type":"image\/jpeg"}],"author":"Reda\u00e7\u00e3o","twitter_card":"summary_large_image","twitter_creator":"@Notibras","twitter_site":"@Notibras","twitter_misc":{"Escrito por":"Reda\u00e7\u00e3o","Est. tempo de leitura":"1 minuto"},"schema":{"@context":"https:\/\/schema.org","@graph":[{"@type":"Article","@id":"https:\/\/www.notibras.com\/site\/psdb-faz-festa-dia-29-para-receber-governador-pedro-taques-no-ninho-dos-tucanos\/#article","isPartOf":{"@id":"https:\/\/www.notibras.com\/site\/psdb-faz-festa-dia-29-para-receber-governador-pedro-taques-no-ninho-dos-tucanos\/"},"author":{"name":"Reda\u00e7\u00e3o","@id":"https:\/\/www.notibras.com\/site\/#\/schema\/person\/36ab0979449956132d3e5b517ea76ac8"},"headline":"PSDB faz festa dia 29 para receber governador Pedro Taques no ninho tucano","datePublished":"2015-08-19T01:03:06+00:00","dateModified":"2015-10-30T14:01:45+00:00","mainEntityOfPage":{"@id":"https:\/\/www.notibras.com\/site\/psdb-faz-festa-dia-29-para-receber-governador-pedro-taques-no-ninho-dos-tucanos\/"},"wordCount":206,"commentCount":0,"publisher":{"@id":"https:\/\/www.notibras.com\/site\/#organization"},"image":{"@id":"https:\/\/www.notibras.com\/site\/psdb-faz-festa-dia-29-para-receber-governador-pedro-taques-no-ninho-dos-tucanos\/#primaryimage"},"thumbnailUrl":"https:\/\/www.notibras.com\/site\/wp-content\/uploads\/2015\/08\/ptaques_620x465_gcom.jpg","articleSection":["Brasil"],"inLanguage":"pt-BR","potentialAction":[{"@type":"CommentAction","name":"Comment","target":["https:\/\/www.notibras.com\/site\/psdb-faz-festa-dia-29-para-receber-governador-pedro-taques-no-ninho-dos-tucanos\/#respond"]}]},{"@type":"WebPage","@id":"https:\/\/www.notibras.com\/site\/psdb-faz-festa-dia-29-para-receber-governador-pedro-taques-no-ninho-dos-tucanos\/","url":"https:\/\/www.notibras.com\/site\/psdb-faz-festa-dia-29-para-receber-governador-pedro-taques-no-ninho-dos-tucanos\/","name":"PSDB faz festa dia 29 para receber governador Pedro Taques no ninho tucano - Notibras","isPartOf":{"@id":"https:\/\/www.notibras.com\/site\/#website"},"primaryImageOfPage":{"@id":"https:\/\/www.notibras.com\/site\/psdb-faz-festa-dia-29-para-receber-governador-pedro-taques-no-ninho-dos-tucanos\/#primaryimage"},"image":{"@id":"https:\/\/www.notibras.com\/site\/psdb-faz-festa-dia-29-para-receber-governador-pedro-taques-no-ninho-dos-tucanos\/#primaryimage"},"thumbnailUrl":"https:\/\/www.notibras.com\/site\/wp-content\/uploads\/2015\/08\/ptaques_620x465_gcom.jpg","datePublished":"2015-08-19T01:03:06+00:00","dateModified":"2015-10-30T14:01:45+00:00","breadcrumb":{"@id":"https:\/\/www.notibras.com\/site\/psdb-faz-festa-dia-29-para-receber-governador-pedro-taques-no-ninho-dos-tucanos\/#breadcrumb"},"inLanguage":"pt-BR","potentialAction":[{"@type":"ReadAction","target":["https:\/\/www.notibras.com\/site\/psdb-faz-festa-dia-29-para-receber-governador-pedro-taques-no-ninho-dos-tucanos\/"]}]},{"@type":"ImageObject","inLanguage":"pt-BR","@id":"https:\/\/www.notibras.com\/site\/psdb-faz-festa-dia-29-para-receber-governador-pedro-taques-no-ninho-dos-tucanos\/#primaryimage","url":"https:\/\/www.notibras.com\/site\/wp-content\/uploads\/2015\/08\/ptaques_620x465_gcom.jpg","contentUrl":"https:\/\/www.notibras.com\/site\/wp-content\/uploads\/2015\/08\/ptaques_620x465_gcom.jpg","width":300,"height":225},{"@type":"BreadcrumbList","@id":"https:\/\/www.notibras.com\/site\/psdb-faz-festa-dia-29-para-receber-governador-pedro-taques-no-ninho-dos-tucanos\/#breadcrumb","itemListElement":[{"@type":"ListItem","position":1,"name":"In\u00edcio","item":"https:\/\/www.notibras.com\/site\/"},{"@type":"ListItem","position":2,"name":"PSDB faz festa dia 29 para receber governador Pedro Taques no ninho tucano"}]},{"@type":"WebSite","@id":"https:\/\/www.notibras.com\/site\/#website","url":"https:\/\/www.notibras.com\/site\/","name":"Notibras","description":"Not\u00edcias de Bras\u00edlia, do Brasil e do Mundo","publisher":{"@id":"https:\/\/www.notibras.com\/site\/#organization"},"potentialAction":[{"@type":"SearchAction","target":{"@type":"EntryPoint","urlTemplate":"https:\/\/www.notibras.com\/site\/?s={search_term_string}"},"query-input":{"@type":"PropertyValueSpecification","valueRequired":true,"valueName":"search_term_string"}}],"inLanguage":"pt-BR"},{"@type":"Organization","@id":"https:\/\/www.notibras.com\/site\/#organization","name":"Grupo Notibras de Comunica\u00e7\u00e3o","url":"https:\/\/www.notibras.com\/site\/","logo":{"@type":"ImageObject","inLanguage":"pt-BR","@id":"https:\/\/www.notibras.com\/site\/#\/schema\/logo\/image\/","url":"https:\/\/www.notibras.com\/site\/wp-content\/uploads\/2023\/01\/notibras23.png","contentUrl":"https:\/\/www.notibras.com\/site\/wp-content\/uploads\/2023\/01\/notibras23.png","width":350,"height":87,"caption":"Grupo Notibras de Comunica\u00e7\u00e3o"},"image":{"@id":"https:\/\/www.notibras.com\/site\/#\/schema\/logo\/image\/"},"sameAs":["https:\/\/www.facebook.com\/notibras\/","https:\/\/x.com\/Notibras","https:\/\/www.instagram.com\/notibras\/"]},{"@type":"Person","@id":"https:\/\/www.notibras.com\/site\/#\/schema\/person\/36ab0979449956132d3e5b517ea76ac8","name":"Reda\u00e7\u00e3o","image":{"@type":"ImageObject","inLanguage":"pt-BR","@id":"https:\/\/secure.gravatar.com\/avatar\/e0a867bdedb85fd243eadf09663511f96fc81e0720a4a42581f334ad4303aa6b?s=96&d=mm&r=g","url":"https:\/\/secure.gravatar.com\/avatar\/e0a867bdedb85fd243eadf09663511f96fc81e0720a4a42581f334ad4303aa6b?s=96&d=mm&r=g","contentUrl":"https:\/\/secure.gravatar.com\/avatar\/e0a867bdedb85fd243eadf09663511f96fc81e0720a4a42581f334ad4303aa6b?s=96&d=mm&r=g","caption":"Reda\u00e7\u00e3o"}}]}},"amp_enabled":true,"_links":{"self":[{"href":"https:\/\/www.notibras.com\/site\/wp-json\/wp\/v2\/posts\/63031","targetHints":{"allow":["GET"]}}],"collection":[{"href":"https:\/\/www.notibras.com\/site\/wp-json\/wp\/v2\/posts"}],"about":[{"href":"https:\/\/www.notibras.com\/site\/wp-json\/wp\/v2\/types\/post"}],"author":[{"embeddable":true,"href":"https:\/\/www.notibras.com\/site\/wp-json\/wp\/v2\/users\/2"}],"replies":[{"embeddable":true,"href":"https:\/\/www.notibras.com\/site\/wp-json\/wp\/v2\/comments?post=63031"}],"version-history":[{"count":2,"href":"https:\/\/www.notibras.com\/site\/wp-json\/wp\/v2\/posts\/63031\/revisions"}],"predecessor-version":[{"id":63034,"href":"https:\/\/www.notibras.com\/site\/wp-json\/wp\/v2\/posts\/63031\/revisions\/63034"}],"wp:featuredmedia":[{"embeddable":true,"href":"https:\/\/www.notibras.com\/site\/wp-json\/wp\/v2\/media\/63032"}],"wp:attachment":[{"href":"https:\/\/www.notibras.com\/site\/wp-json\/wp\/v2\/media?parent=63031"}],"wp:term":[{"taxonomy":"category","embeddable":true,"href":"https:\/\/www.notibras.com\/site\/wp-json\/wp\/v2\/categories?post=63031"},{"taxonomy":"post_tag","embeddable":true,"href":"https:\/\/www.notibras.com\/site\/wp-json\/wp\/v2\/tags?post=63031"}],"curies":[{"name":"wp","href":"https:\/\/api.w.org\/{rel}","templated":true}]}}