{"id":63116,"date":"2015-08-19T14:04:00","date_gmt":"2015-08-19T17:04:00","guid":{"rendered":"http:\/\/www.notibras.com\/site\/?p=63116"},"modified":"2015-08-20T05:01:03","modified_gmt":"2015-08-20T08:01:03","slug":"brasileiro-sente-aperto-e-consumo-cai-32-em-um-ano-em-agosto-6","status":"publish","type":"post","link":"https:\/\/www.notibras.com\/site\/brasileiro-sente-aperto-e-consumo-cai-32-em-um-ano-em-agosto-6\/","title":{"rendered":"Brasileiro sente aperto e compra cai 32% em um ano. Em agosto \u00edndice de queda j\u00e1 passa de 6%"},"content":{"rendered":"<p>A Inten\u00e7\u00e3o de Consumo das Fam\u00edlias, medida pela Confedera\u00e7\u00e3o Nacional do Com\u00e9rcio de Bens, Servi\u00e7os e Turismo (CNC), caiu 5,9% em agosto, na compara\u00e7\u00e3o com o m\u00eas anterior. Na compara\u00e7\u00e3o com agosto de 2014, a queda foi 32,3%. Com o resultado, o indicador atingiu, pela s\u00e9tima vez consecutiva, o menor patamar da s\u00e9rie hist\u00f3rica, iniciada em janeiro de 2010.<\/p>\n<p>Os sete itens que comp\u00f5em a Inten\u00e7\u00e3o do Consumo das Fam\u00edlias recuaram de julho para agosto, com destaque para perspectiva de consumo (-11,4%) e momento para a compra de bens dur\u00e1veis (-9,2%). Os demais componentes tiveram as seguintes taxas de recuo: n\u00edvel de consumo atual (-7,4%), compra a prazo (-4,8%), renda atual (-4,4%), perspectiva profissional (-4,2%) e emprego atual (-3,1%).<\/p>\n<p>Na compara\u00e7\u00e3o com agosto do ano passado, tamb\u00e9m houve queda nos sete componentes do indicador: momento para dur\u00e1veis (-49,5%), perspectiva de consumo (-46,7%), n\u00edvel de consumo atual (-38,2%), compra a prazo (-35,8%), renda atual (-26,6%), emprego atual (-16,6%) e perspectiva profissional (-16,3%).<\/p>\n<p>Entre as fam\u00edlias com renda at\u00e9 dez sal\u00e1rios m\u00ednimos, as quedas da inten\u00e7\u00e3o de consumo foram de 6,3% na compara\u00e7\u00e3o com julho deste ano e 32,3% na compara\u00e7\u00e3o com agosto de 2014. Entre as fam\u00edlias com renda superior a dez sal\u00e1rios m\u00ednimos, os recuos foram 3,9% em rela\u00e7\u00e3o a julho e 32,6% em rela\u00e7\u00e3o a agosto do ano passado.<\/p>\n<p><strong>Vitor Abdala \u2013 ABr<\/strong><\/p>\n","protected":false},"excerpt":{"rendered":"<p>A Inten\u00e7\u00e3o de Consumo das Fam\u00edlias, medida pela Confedera\u00e7\u00e3o Nacional do Com\u00e9rcio de Bens, Servi\u00e7os e Turismo (CNC), caiu 5,9% em agosto, na compara\u00e7\u00e3o com o m\u00eas anterior. Na compara\u00e7\u00e3o com agosto de 2014, a queda foi 32,3%. Com o resultado, o indicador atingiu, pela s\u00e9tima vez consecutiva, o menor patamar da s\u00e9rie hist\u00f3rica, iniciada [&hellip;]<\/p>\n","protected":false},"author":2,"featured_media":63117,"comment_status":"open","ping_status":"closed","sticky":false,"template":"","format":"standard","meta":{"_acf_changed":false,"footnotes":""},"categories":[16],"tags":[],"class_list":["post-63116","post","type-post","status-publish","format-standard","has-post-thumbnail","hentry","category-brasil"],"acf":[],"yoast_head":"<!-- This site is optimized with the Yoast SEO plugin v27.2 - https:\/\/yoast.com\/product\/yoast-seo-wordpress\/ -->\n<title>Brasileiro sente aperto e compra cai 32% em um ano. Em agosto \u00edndice de queda j\u00e1 passa de 6% - Notibras<\/title>\n<meta name=\"robots\" content=\"index, follow, max-snippet:-1, max-image-preview:large, max-video-preview:-1\" \/>\n<link rel=\"canonical\" href=\"https:\/\/www.notibras.com\/site\/brasileiro-sente-aperto-e-consumo-cai-32-em-um-ano-em-agosto-6\/\" \/>\n<meta property=\"og:locale\" content=\"pt_BR\" \/>\n<meta property=\"og:type\" content=\"article\" \/>\n<meta property=\"og:title\" content=\"Brasileiro sente aperto e compra cai 32% em um ano. Em agosto \u00edndice de queda j\u00e1 passa de 6% - Notibras\" \/>\n<meta property=\"og:description\" content=\"A Inten\u00e7\u00e3o de Consumo das Fam\u00edlias, medida pela Confedera\u00e7\u00e3o Nacional do Com\u00e9rcio de Bens, Servi\u00e7os e Turismo (CNC), caiu 5,9% em agosto, na compara\u00e7\u00e3o com o m\u00eas anterior. Na compara\u00e7\u00e3o com agosto de 2014, a queda foi 32,3%. Com o resultado, o indicador atingiu, pela s\u00e9tima vez consecutiva, o menor patamar da s\u00e9rie hist\u00f3rica, iniciada [&hellip;]\" \/>\n<meta property=\"og:url\" content=\"https:\/\/www.notibras.com\/site\/brasileiro-sente-aperto-e-consumo-cai-32-em-um-ano-em-agosto-6\/\" \/>\n<meta property=\"og:site_name\" content=\"Notibras\" \/>\n<meta property=\"article:publisher\" content=\"https:\/\/www.facebook.com\/notibras\/\" \/>\n<meta property=\"article:published_time\" content=\"2015-08-19T17:04:00+00:00\" \/>\n<meta property=\"article:modified_time\" content=\"2015-08-20T08:01:03+00:00\" \/>\n<meta property=\"og:image\" content=\"https:\/\/www.notibras.com\/site\/wp-content\/uploads\/2015\/08\/como-economizar-no-supermercado.jpg\" \/>\n\t<meta property=\"og:image:width\" content=\"650\" \/>\n\t<meta property=\"og:image:height\" content=\"400\" \/>\n\t<meta property=\"og:image:type\" content=\"image\/jpeg\" \/>\n<meta name=\"author\" content=\"Reda\u00e7\u00e3o\" \/>\n<meta name=\"twitter:card\" content=\"summary_large_image\" \/>\n<meta name=\"twitter:creator\" content=\"@Notibras\" \/>\n<meta name=\"twitter:site\" content=\"@Notibras\" \/>\n<meta name=\"twitter:label1\" content=\"Escrito por\" \/>\n\t<meta name=\"twitter:data1\" content=\"Reda\u00e7\u00e3o\" \/>\n\t<meta name=\"twitter:label2\" content=\"Est. tempo de leitura\" \/>\n\t<meta name=\"twitter:data2\" content=\"1 minuto\" \/>\n<script type=\"application\/ld+json\" class=\"yoast-schema-graph\">{\"@context\":\"https:\/\/schema.org\",\"@graph\":[{\"@type\":\"Article\",\"@id\":\"https:\/\/www.notibras.com\/site\/brasileiro-sente-aperto-e-consumo-cai-32-em-um-ano-em-agosto-6\/#article\",\"isPartOf\":{\"@id\":\"https:\/\/www.notibras.com\/site\/brasileiro-sente-aperto-e-consumo-cai-32-em-um-ano-em-agosto-6\/\"},\"author\":{\"name\":\"Reda\u00e7\u00e3o\",\"@id\":\"https:\/\/www.notibras.com\/site\/#\/schema\/person\/36ab0979449956132d3e5b517ea76ac8\"},\"headline\":\"Brasileiro sente aperto e compra cai 32% em um ano. Em agosto \u00edndice de queda j\u00e1 passa de 6%\",\"datePublished\":\"2015-08-19T17:04:00+00:00\",\"dateModified\":\"2015-08-20T08:01:03+00:00\",\"mainEntityOfPage\":{\"@id\":\"https:\/\/www.notibras.com\/site\/brasileiro-sente-aperto-e-consumo-cai-32-em-um-ano-em-agosto-6\/\"},\"wordCount\":262,\"commentCount\":0,\"publisher\":{\"@id\":\"https:\/\/www.notibras.com\/site\/#organization\"},\"image\":{\"@id\":\"https:\/\/www.notibras.com\/site\/brasileiro-sente-aperto-e-consumo-cai-32-em-um-ano-em-agosto-6\/#primaryimage\"},\"thumbnailUrl\":\"https:\/\/www.notibras.com\/site\/wp-content\/uploads\/2015\/08\/como-economizar-no-supermercado.jpg\",\"articleSection\":[\"Brasil\"],\"inLanguage\":\"pt-BR\",\"potentialAction\":[{\"@type\":\"CommentAction\",\"name\":\"Comment\",\"target\":[\"https:\/\/www.notibras.com\/site\/brasileiro-sente-aperto-e-consumo-cai-32-em-um-ano-em-agosto-6\/#respond\"]}]},{\"@type\":\"WebPage\",\"@id\":\"https:\/\/www.notibras.com\/site\/brasileiro-sente-aperto-e-consumo-cai-32-em-um-ano-em-agosto-6\/\",\"url\":\"https:\/\/www.notibras.com\/site\/brasileiro-sente-aperto-e-consumo-cai-32-em-um-ano-em-agosto-6\/\",\"name\":\"Brasileiro sente aperto e compra cai 32% em um ano. Em agosto \u00edndice de queda j\u00e1 passa de 6% - Notibras\",\"isPartOf\":{\"@id\":\"https:\/\/www.notibras.com\/site\/#website\"},\"primaryImageOfPage\":{\"@id\":\"https:\/\/www.notibras.com\/site\/brasileiro-sente-aperto-e-consumo-cai-32-em-um-ano-em-agosto-6\/#primaryimage\"},\"image\":{\"@id\":\"https:\/\/www.notibras.com\/site\/brasileiro-sente-aperto-e-consumo-cai-32-em-um-ano-em-agosto-6\/#primaryimage\"},\"thumbnailUrl\":\"https:\/\/www.notibras.com\/site\/wp-content\/uploads\/2015\/08\/como-economizar-no-supermercado.jpg\",\"datePublished\":\"2015-08-19T17:04:00+00:00\",\"dateModified\":\"2015-08-20T08:01:03+00:00\",\"breadcrumb\":{\"@id\":\"https:\/\/www.notibras.com\/site\/brasileiro-sente-aperto-e-consumo-cai-32-em-um-ano-em-agosto-6\/#breadcrumb\"},\"inLanguage\":\"pt-BR\",\"potentialAction\":[{\"@type\":\"ReadAction\",\"target\":[\"https:\/\/www.notibras.com\/site\/brasileiro-sente-aperto-e-consumo-cai-32-em-um-ano-em-agosto-6\/\"]}]},{\"@type\":\"ImageObject\",\"inLanguage\":\"pt-BR\",\"@id\":\"https:\/\/www.notibras.com\/site\/brasileiro-sente-aperto-e-consumo-cai-32-em-um-ano-em-agosto-6\/#primaryimage\",\"url\":\"https:\/\/www.notibras.com\/site\/wp-content\/uploads\/2015\/08\/como-economizar-no-supermercado.jpg\",\"contentUrl\":\"https:\/\/www.notibras.com\/site\/wp-content\/uploads\/2015\/08\/como-economizar-no-supermercado.jpg\",\"width\":650,\"height\":400},{\"@type\":\"BreadcrumbList\",\"@id\":\"https:\/\/www.notibras.com\/site\/brasileiro-sente-aperto-e-consumo-cai-32-em-um-ano-em-agosto-6\/#breadcrumb\",\"itemListElement\":[{\"@type\":\"ListItem\",\"position\":1,\"name\":\"In\u00edcio\",\"item\":\"https:\/\/www.notibras.com\/site\/\"},{\"@type\":\"ListItem\",\"position\":2,\"name\":\"Brasileiro sente aperto e compra cai 32% em um ano. Em agosto \u00edndice de queda j\u00e1 passa de 6%\"}]},{\"@type\":\"WebSite\",\"@id\":\"https:\/\/www.notibras.com\/site\/#website\",\"url\":\"https:\/\/www.notibras.com\/site\/\",\"name\":\"Notibras\",\"description\":\"Not\u00edcias de Bras\u00edlia, do Brasil e do Mundo\",\"publisher\":{\"@id\":\"https:\/\/www.notibras.com\/site\/#organization\"},\"potentialAction\":[{\"@type\":\"SearchAction\",\"target\":{\"@type\":\"EntryPoint\",\"urlTemplate\":\"https:\/\/www.notibras.com\/site\/?s={search_term_string}\"},\"query-input\":{\"@type\":\"PropertyValueSpecification\",\"valueRequired\":true,\"valueName\":\"search_term_string\"}}],\"inLanguage\":\"pt-BR\"},{\"@type\":\"Organization\",\"@id\":\"https:\/\/www.notibras.com\/site\/#organization\",\"name\":\"Grupo Notibras de Comunica\u00e7\u00e3o\",\"url\":\"https:\/\/www.notibras.com\/site\/\",\"logo\":{\"@type\":\"ImageObject\",\"inLanguage\":\"pt-BR\",\"@id\":\"https:\/\/www.notibras.com\/site\/#\/schema\/logo\/image\/\",\"url\":\"https:\/\/www.notibras.com\/site\/wp-content\/uploads\/2023\/01\/notibras23.png\",\"contentUrl\":\"https:\/\/www.notibras.com\/site\/wp-content\/uploads\/2023\/01\/notibras23.png\",\"width\":350,\"height\":87,\"caption\":\"Grupo Notibras de Comunica\u00e7\u00e3o\"},\"image\":{\"@id\":\"https:\/\/www.notibras.com\/site\/#\/schema\/logo\/image\/\"},\"sameAs\":[\"https:\/\/www.facebook.com\/notibras\/\",\"https:\/\/x.com\/Notibras\",\"https:\/\/www.instagram.com\/notibras\/\"]},{\"@type\":\"Person\",\"@id\":\"https:\/\/www.notibras.com\/site\/#\/schema\/person\/36ab0979449956132d3e5b517ea76ac8\",\"name\":\"Reda\u00e7\u00e3o\",\"image\":{\"@type\":\"ImageObject\",\"inLanguage\":\"pt-BR\",\"@id\":\"https:\/\/secure.gravatar.com\/avatar\/e0a867bdedb85fd243eadf09663511f96fc81e0720a4a42581f334ad4303aa6b?s=96&d=mm&r=g\",\"url\":\"https:\/\/secure.gravatar.com\/avatar\/e0a867bdedb85fd243eadf09663511f96fc81e0720a4a42581f334ad4303aa6b?s=96&d=mm&r=g\",\"contentUrl\":\"https:\/\/secure.gravatar.com\/avatar\/e0a867bdedb85fd243eadf09663511f96fc81e0720a4a42581f334ad4303aa6b?s=96&d=mm&r=g\",\"caption\":\"Reda\u00e7\u00e3o\"}}]}<\/script>\n<!-- \/ Yoast SEO plugin. -->","yoast_head_json":{"title":"Brasileiro sente aperto e compra cai 32% em um ano. Em agosto \u00edndice de queda j\u00e1 passa de 6% - Notibras","robots":{"index":"index","follow":"follow","max-snippet":"max-snippet:-1","max-image-preview":"max-image-preview:large","max-video-preview":"max-video-preview:-1"},"canonical":"https:\/\/www.notibras.com\/site\/brasileiro-sente-aperto-e-consumo-cai-32-em-um-ano-em-agosto-6\/","og_locale":"pt_BR","og_type":"article","og_title":"Brasileiro sente aperto e compra cai 32% em um ano. Em agosto \u00edndice de queda j\u00e1 passa de 6% - Notibras","og_description":"A Inten\u00e7\u00e3o de Consumo das Fam\u00edlias, medida pela Confedera\u00e7\u00e3o Nacional do Com\u00e9rcio de Bens, Servi\u00e7os e Turismo (CNC), caiu 5,9% em agosto, na compara\u00e7\u00e3o com o m\u00eas anterior. Na compara\u00e7\u00e3o com agosto de 2014, a queda foi 32,3%. Com o resultado, o indicador atingiu, pela s\u00e9tima vez consecutiva, o menor patamar da s\u00e9rie hist\u00f3rica, iniciada [&hellip;]","og_url":"https:\/\/www.notibras.com\/site\/brasileiro-sente-aperto-e-consumo-cai-32-em-um-ano-em-agosto-6\/","og_site_name":"Notibras","article_publisher":"https:\/\/www.facebook.com\/notibras\/","article_published_time":"2015-08-19T17:04:00+00:00","article_modified_time":"2015-08-20T08:01:03+00:00","og_image":[{"width":650,"height":400,"url":"https:\/\/www.notibras.com\/site\/wp-content\/uploads\/2015\/08\/como-economizar-no-supermercado.jpg","type":"image\/jpeg"}],"author":"Reda\u00e7\u00e3o","twitter_card":"summary_large_image","twitter_creator":"@Notibras","twitter_site":"@Notibras","twitter_misc":{"Escrito por":"Reda\u00e7\u00e3o","Est. tempo de leitura":"1 minuto"},"schema":{"@context":"https:\/\/schema.org","@graph":[{"@type":"Article","@id":"https:\/\/www.notibras.com\/site\/brasileiro-sente-aperto-e-consumo-cai-32-em-um-ano-em-agosto-6\/#article","isPartOf":{"@id":"https:\/\/www.notibras.com\/site\/brasileiro-sente-aperto-e-consumo-cai-32-em-um-ano-em-agosto-6\/"},"author":{"name":"Reda\u00e7\u00e3o","@id":"https:\/\/www.notibras.com\/site\/#\/schema\/person\/36ab0979449956132d3e5b517ea76ac8"},"headline":"Brasileiro sente aperto e compra cai 32% em um ano. Em agosto \u00edndice de queda j\u00e1 passa de 6%","datePublished":"2015-08-19T17:04:00+00:00","dateModified":"2015-08-20T08:01:03+00:00","mainEntityOfPage":{"@id":"https:\/\/www.notibras.com\/site\/brasileiro-sente-aperto-e-consumo-cai-32-em-um-ano-em-agosto-6\/"},"wordCount":262,"commentCount":0,"publisher":{"@id":"https:\/\/www.notibras.com\/site\/#organization"},"image":{"@id":"https:\/\/www.notibras.com\/site\/brasileiro-sente-aperto-e-consumo-cai-32-em-um-ano-em-agosto-6\/#primaryimage"},"thumbnailUrl":"https:\/\/www.notibras.com\/site\/wp-content\/uploads\/2015\/08\/como-economizar-no-supermercado.jpg","articleSection":["Brasil"],"inLanguage":"pt-BR","potentialAction":[{"@type":"CommentAction","name":"Comment","target":["https:\/\/www.notibras.com\/site\/brasileiro-sente-aperto-e-consumo-cai-32-em-um-ano-em-agosto-6\/#respond"]}]},{"@type":"WebPage","@id":"https:\/\/www.notibras.com\/site\/brasileiro-sente-aperto-e-consumo-cai-32-em-um-ano-em-agosto-6\/","url":"https:\/\/www.notibras.com\/site\/brasileiro-sente-aperto-e-consumo-cai-32-em-um-ano-em-agosto-6\/","name":"Brasileiro sente aperto e compra cai 32% em um ano. Em agosto \u00edndice de queda j\u00e1 passa de 6% - Notibras","isPartOf":{"@id":"https:\/\/www.notibras.com\/site\/#website"},"primaryImageOfPage":{"@id":"https:\/\/www.notibras.com\/site\/brasileiro-sente-aperto-e-consumo-cai-32-em-um-ano-em-agosto-6\/#primaryimage"},"image":{"@id":"https:\/\/www.notibras.com\/site\/brasileiro-sente-aperto-e-consumo-cai-32-em-um-ano-em-agosto-6\/#primaryimage"},"thumbnailUrl":"https:\/\/www.notibras.com\/site\/wp-content\/uploads\/2015\/08\/como-economizar-no-supermercado.jpg","datePublished":"2015-08-19T17:04:00+00:00","dateModified":"2015-08-20T08:01:03+00:00","breadcrumb":{"@id":"https:\/\/www.notibras.com\/site\/brasileiro-sente-aperto-e-consumo-cai-32-em-um-ano-em-agosto-6\/#breadcrumb"},"inLanguage":"pt-BR","potentialAction":[{"@type":"ReadAction","target":["https:\/\/www.notibras.com\/site\/brasileiro-sente-aperto-e-consumo-cai-32-em-um-ano-em-agosto-6\/"]}]},{"@type":"ImageObject","inLanguage":"pt-BR","@id":"https:\/\/www.notibras.com\/site\/brasileiro-sente-aperto-e-consumo-cai-32-em-um-ano-em-agosto-6\/#primaryimage","url":"https:\/\/www.notibras.com\/site\/wp-content\/uploads\/2015\/08\/como-economizar-no-supermercado.jpg","contentUrl":"https:\/\/www.notibras.com\/site\/wp-content\/uploads\/2015\/08\/como-economizar-no-supermercado.jpg","width":650,"height":400},{"@type":"BreadcrumbList","@id":"https:\/\/www.notibras.com\/site\/brasileiro-sente-aperto-e-consumo-cai-32-em-um-ano-em-agosto-6\/#breadcrumb","itemListElement":[{"@type":"ListItem","position":1,"name":"In\u00edcio","item":"https:\/\/www.notibras.com\/site\/"},{"@type":"ListItem","position":2,"name":"Brasileiro sente aperto e compra cai 32% em um ano. Em agosto \u00edndice de queda j\u00e1 passa de 6%"}]},{"@type":"WebSite","@id":"https:\/\/www.notibras.com\/site\/#website","url":"https:\/\/www.notibras.com\/site\/","name":"Notibras","description":"Not\u00edcias de Bras\u00edlia, do Brasil e do Mundo","publisher":{"@id":"https:\/\/www.notibras.com\/site\/#organization"},"potentialAction":[{"@type":"SearchAction","target":{"@type":"EntryPoint","urlTemplate":"https:\/\/www.notibras.com\/site\/?s={search_term_string}"},"query-input":{"@type":"PropertyValueSpecification","valueRequired":true,"valueName":"search_term_string"}}],"inLanguage":"pt-BR"},{"@type":"Organization","@id":"https:\/\/www.notibras.com\/site\/#organization","name":"Grupo Notibras de Comunica\u00e7\u00e3o","url":"https:\/\/www.notibras.com\/site\/","logo":{"@type":"ImageObject","inLanguage":"pt-BR","@id":"https:\/\/www.notibras.com\/site\/#\/schema\/logo\/image\/","url":"https:\/\/www.notibras.com\/site\/wp-content\/uploads\/2023\/01\/notibras23.png","contentUrl":"https:\/\/www.notibras.com\/site\/wp-content\/uploads\/2023\/01\/notibras23.png","width":350,"height":87,"caption":"Grupo Notibras de Comunica\u00e7\u00e3o"},"image":{"@id":"https:\/\/www.notibras.com\/site\/#\/schema\/logo\/image\/"},"sameAs":["https:\/\/www.facebook.com\/notibras\/","https:\/\/x.com\/Notibras","https:\/\/www.instagram.com\/notibras\/"]},{"@type":"Person","@id":"https:\/\/www.notibras.com\/site\/#\/schema\/person\/36ab0979449956132d3e5b517ea76ac8","name":"Reda\u00e7\u00e3o","image":{"@type":"ImageObject","inLanguage":"pt-BR","@id":"https:\/\/secure.gravatar.com\/avatar\/e0a867bdedb85fd243eadf09663511f96fc81e0720a4a42581f334ad4303aa6b?s=96&d=mm&r=g","url":"https:\/\/secure.gravatar.com\/avatar\/e0a867bdedb85fd243eadf09663511f96fc81e0720a4a42581f334ad4303aa6b?s=96&d=mm&r=g","contentUrl":"https:\/\/secure.gravatar.com\/avatar\/e0a867bdedb85fd243eadf09663511f96fc81e0720a4a42581f334ad4303aa6b?s=96&d=mm&r=g","caption":"Reda\u00e7\u00e3o"}}]}},"amp_enabled":true,"_links":{"self":[{"href":"https:\/\/www.notibras.com\/site\/wp-json\/wp\/v2\/posts\/63116","targetHints":{"allow":["GET"]}}],"collection":[{"href":"https:\/\/www.notibras.com\/site\/wp-json\/wp\/v2\/posts"}],"about":[{"href":"https:\/\/www.notibras.com\/site\/wp-json\/wp\/v2\/types\/post"}],"author":[{"embeddable":true,"href":"https:\/\/www.notibras.com\/site\/wp-json\/wp\/v2\/users\/2"}],"replies":[{"embeddable":true,"href":"https:\/\/www.notibras.com\/site\/wp-json\/wp\/v2\/comments?post=63116"}],"version-history":[{"count":5,"href":"https:\/\/www.notibras.com\/site\/wp-json\/wp\/v2\/posts\/63116\/revisions"}],"predecessor-version":[{"id":63309,"href":"https:\/\/www.notibras.com\/site\/wp-json\/wp\/v2\/posts\/63116\/revisions\/63309"}],"wp:featuredmedia":[{"embeddable":true,"href":"https:\/\/www.notibras.com\/site\/wp-json\/wp\/v2\/media\/63117"}],"wp:attachment":[{"href":"https:\/\/www.notibras.com\/site\/wp-json\/wp\/v2\/media?parent=63116"}],"wp:term":[{"taxonomy":"category","embeddable":true,"href":"https:\/\/www.notibras.com\/site\/wp-json\/wp\/v2\/categories?post=63116"},{"taxonomy":"post_tag","embeddable":true,"href":"https:\/\/www.notibras.com\/site\/wp-json\/wp\/v2\/tags?post=63116"}],"curies":[{"name":"wp","href":"https:\/\/api.w.org\/{rel}","templated":true}]}}