{"id":63159,"date":"2015-08-19T17:04:03","date_gmt":"2015-08-19T20:04:03","guid":{"rendered":"http:\/\/www.notibras.com\/site\/?p=63159"},"modified":"2015-08-20T11:40:16","modified_gmt":"2015-08-20T14:40:16","slug":"clima-politico-ferve-em-brasilia-condenuncia-contra-cunha-e-collor","status":"publish","type":"post","link":"https:\/\/www.notibras.com\/site\/clima-politico-ferve-em-brasilia-condenuncia-contra-cunha-e-collor\/","title":{"rendered":"Pol\u00edtica ferve em Bras\u00edlia com as den\u00fancias contra Eduardo Cunha e o ex-presidente Collor"},"content":{"rendered":"<p>Bras\u00edlia vive um clima tenso nas \u00faltimas horas, diante da expectativa de o procurador-geral da Rep\u00fablica Rodrigo Janot, apresentar den\u00fancia ao Supremo Tribunal Federal contra o presidente da C\u00e2mara, Eduardo Cunha (PMDB) e o ex-presidente da Rep\u00fablica senador Fernando Collor (PTB). Os dois s\u00e3o suspeitos de se beneficiarem do esquema de corrup\u00e7\u00e3o na Petrobras.<\/p>\n<p>A Procuradoria-Geral da Rep\u00fablica (PGR) deve denunciar, entre esta quarta-feira, 19, e amanh\u00e3, o presidente da C\u00e2mara, Eduardo Cunha (PMDB-RJ), e o ex-presidente e senador Fernando Collor (PTB-AL) por envolvimento no esquema de corrup\u00e7\u00e3o da Petrobras. A informa\u00e7\u00e3o foi confirmada \u00e0 Ag\u00eancia Estado por fonte com acesso \u00e0s investiga\u00e7\u00f5es.<\/p>\n<p>A rea\u00e7\u00e3o de Cunha, ao ser informado da pretens\u00e3o da PGR, foi enf\u00e1tica:<\/p>\n<p>&#8211; N\u00e3o vou comentar absolutamente nada. Quando tiver fato, eu comento o fato&#8221;, limitou-se a dizer. O deputado recebeu a not\u00edcia quando chegava a um restaurante de Bras\u00edlia para almo\u00e7ar, com mensagem postada em seu celular.<\/p>\n<p>Logo depois de ler a mensagem, Cunha seguiu tranquilamente rumo a uma mesa no fundo do sal\u00e3o, onde sentou-se ao lado da senadora mexicana Blanca Mar\u00eda Alcal\u00e1, presidente do Parlatino. Fez um pronunciamento breve e trocou presentes protocolares com a mexicana. Depois do almo\u00e7o, o presidente continuou conversando com a parlamentar e foi interrompido apenas uma vez pelos cumprimentos dos deputados Rubens Bueno (PPS-PR) e Raul Jungmann (PPS-PE).<\/p>\n<p>As den\u00fancias, por corrup\u00e7\u00e3o e lavagem de dinheiro, ser\u00e3o as primeiras envolvendo pol\u00edticos com prerrogativa de foro. Elas s\u00e3o baseadas em depoimentos de delatores da Opera\u00e7\u00e3o Lava Jato e em provas colhidas pelo Minist\u00e9rio P\u00fablico Federal em diversas fases da investiga\u00e7\u00e3o, entre elas as buscas em im\u00f3veis de Collor, na chamada Opera\u00e7\u00e3o Politeia, em julho.<\/p>\n<p>O senador do PTB \u00e9 suspeito de receber R$ 26 milh\u00f5es em propinas, entre 2010 e 2014, desviados da estatal petrol\u00edfera. Esses recursos teriam sido usados para a compra de carros de luxo, apreendidos no m\u00eas passado pela Pol\u00edcia Federal.<\/p>\n<p>Cunha foi citado por um dos delatores da Lava Jato, o empres\u00e1rio J\u00falio Camargo, como benefici\u00e1rio de suborno de US$ 5 milh\u00f5es. O valor teria sido pago para facilitar a assinatura de contratos de afretamento de navios-sonda entre a Samsung e a Diretoria Internacional da estatal, controlada pelo PMDB.<\/p>\n<p>Tanto Cunha quanto Collor negam participa\u00e7\u00e3o em desvios e se dizem v\u00edtimas de persegui\u00e7\u00e3o do procurador-geral da Rep\u00fablica, Rodrigo Janot.<\/p>\n","protected":false},"excerpt":{"rendered":"<p>Bras\u00edlia vive um clima tenso nas \u00faltimas horas, diante da expectativa de o procurador-geral da Rep\u00fablica Rodrigo Janot, apresentar den\u00fancia ao Supremo Tribunal Federal contra o presidente da C\u00e2mara, Eduardo Cunha (PMDB) e o ex-presidente da Rep\u00fablica senador Fernando Collor (PTB). Os dois s\u00e3o suspeitos de se beneficiarem do esquema de corrup\u00e7\u00e3o na Petrobras. A [&hellip;]<\/p>\n","protected":false},"author":2,"featured_media":63162,"comment_status":"open","ping_status":"closed","sticky":false,"template":"","format":"standard","meta":{"_acf_changed":false,"footnotes":""},"categories":[16],"tags":[],"class_list":["post-63159","post","type-post","status-publish","format-standard","has-post-thumbnail","hentry","category-brasil"],"acf":[],"yoast_head":"<!-- This site is optimized with the Yoast SEO plugin v27.2 - https:\/\/yoast.com\/product\/yoast-seo-wordpress\/ -->\n<title>Pol\u00edtica ferve em Bras\u00edlia com as den\u00fancias contra Eduardo Cunha e o ex-presidente Collor - Notibras<\/title>\n<meta name=\"robots\" content=\"index, follow, max-snippet:-1, max-image-preview:large, max-video-preview:-1\" \/>\n<link rel=\"canonical\" href=\"https:\/\/www.notibras.com\/site\/clima-politico-ferve-em-brasilia-condenuncia-contra-cunha-e-collor\/\" \/>\n<meta property=\"og:locale\" content=\"pt_BR\" \/>\n<meta property=\"og:type\" content=\"article\" \/>\n<meta property=\"og:title\" content=\"Pol\u00edtica ferve em Bras\u00edlia com as den\u00fancias contra Eduardo Cunha e o ex-presidente Collor - Notibras\" \/>\n<meta property=\"og:description\" content=\"Bras\u00edlia vive um clima tenso nas \u00faltimas horas, diante da expectativa de o procurador-geral da Rep\u00fablica Rodrigo Janot, apresentar den\u00fancia ao Supremo Tribunal Federal contra o presidente da C\u00e2mara, Eduardo Cunha (PMDB) e o ex-presidente da Rep\u00fablica senador Fernando Collor (PTB). Os dois s\u00e3o suspeitos de se beneficiarem do esquema de corrup\u00e7\u00e3o na Petrobras. A [&hellip;]\" \/>\n<meta property=\"og:url\" content=\"https:\/\/www.notibras.com\/site\/clima-politico-ferve-em-brasilia-condenuncia-contra-cunha-e-collor\/\" \/>\n<meta property=\"og:site_name\" content=\"Notibras\" \/>\n<meta property=\"article:publisher\" content=\"https:\/\/www.facebook.com\/notibras\/\" \/>\n<meta property=\"article:published_time\" content=\"2015-08-19T20:04:03+00:00\" \/>\n<meta property=\"article:modified_time\" content=\"2015-08-20T14:40:16+00:00\" \/>\n<meta property=\"og:image\" content=\"https:\/\/www.notibras.com\/site\/wp-content\/uploads\/2015\/08\/o_19srvb2vp1k74lu0iju1snv1papfg.jpg\" \/>\n\t<meta property=\"og:image:width\" content=\"660\" \/>\n\t<meta property=\"og:image:height\" content=\"491\" \/>\n\t<meta property=\"og:image:type\" content=\"image\/jpeg\" \/>\n<meta name=\"author\" content=\"Reda\u00e7\u00e3o\" \/>\n<meta name=\"twitter:card\" content=\"summary_large_image\" \/>\n<meta name=\"twitter:creator\" content=\"@Notibras\" \/>\n<meta name=\"twitter:site\" content=\"@Notibras\" \/>\n<meta name=\"twitter:label1\" content=\"Escrito por\" \/>\n\t<meta name=\"twitter:data1\" content=\"Reda\u00e7\u00e3o\" \/>\n\t<meta name=\"twitter:label2\" content=\"Est. tempo de leitura\" \/>\n\t<meta name=\"twitter:data2\" content=\"2 minutos\" \/>\n<script type=\"application\/ld+json\" class=\"yoast-schema-graph\">{\"@context\":\"https:\/\/schema.org\",\"@graph\":[{\"@type\":\"Article\",\"@id\":\"https:\/\/www.notibras.com\/site\/clima-politico-ferve-em-brasilia-condenuncia-contra-cunha-e-collor\/#article\",\"isPartOf\":{\"@id\":\"https:\/\/www.notibras.com\/site\/clima-politico-ferve-em-brasilia-condenuncia-contra-cunha-e-collor\/\"},\"author\":{\"name\":\"Reda\u00e7\u00e3o\",\"@id\":\"https:\/\/www.notibras.com\/site\/#\/schema\/person\/36ab0979449956132d3e5b517ea76ac8\"},\"headline\":\"Pol\u00edtica ferve em Bras\u00edlia com as den\u00fancias contra Eduardo Cunha e o ex-presidente Collor\",\"datePublished\":\"2015-08-19T20:04:03+00:00\",\"dateModified\":\"2015-08-20T14:40:16+00:00\",\"mainEntityOfPage\":{\"@id\":\"https:\/\/www.notibras.com\/site\/clima-politico-ferve-em-brasilia-condenuncia-contra-cunha-e-collor\/\"},\"wordCount\":440,\"commentCount\":0,\"publisher\":{\"@id\":\"https:\/\/www.notibras.com\/site\/#organization\"},\"image\":{\"@id\":\"https:\/\/www.notibras.com\/site\/clima-politico-ferve-em-brasilia-condenuncia-contra-cunha-e-collor\/#primaryimage\"},\"thumbnailUrl\":\"https:\/\/www.notibras.com\/site\/wp-content\/uploads\/2015\/08\/o_19srvb2vp1k74lu0iju1snv1papfg.jpg\",\"articleSection\":[\"Brasil\"],\"inLanguage\":\"pt-BR\",\"potentialAction\":[{\"@type\":\"CommentAction\",\"name\":\"Comment\",\"target\":[\"https:\/\/www.notibras.com\/site\/clima-politico-ferve-em-brasilia-condenuncia-contra-cunha-e-collor\/#respond\"]}]},{\"@type\":\"WebPage\",\"@id\":\"https:\/\/www.notibras.com\/site\/clima-politico-ferve-em-brasilia-condenuncia-contra-cunha-e-collor\/\",\"url\":\"https:\/\/www.notibras.com\/site\/clima-politico-ferve-em-brasilia-condenuncia-contra-cunha-e-collor\/\",\"name\":\"Pol\u00edtica ferve em Bras\u00edlia com as den\u00fancias contra Eduardo Cunha e o ex-presidente Collor - Notibras\",\"isPartOf\":{\"@id\":\"https:\/\/www.notibras.com\/site\/#website\"},\"primaryImageOfPage\":{\"@id\":\"https:\/\/www.notibras.com\/site\/clima-politico-ferve-em-brasilia-condenuncia-contra-cunha-e-collor\/#primaryimage\"},\"image\":{\"@id\":\"https:\/\/www.notibras.com\/site\/clima-politico-ferve-em-brasilia-condenuncia-contra-cunha-e-collor\/#primaryimage\"},\"thumbnailUrl\":\"https:\/\/www.notibras.com\/site\/wp-content\/uploads\/2015\/08\/o_19srvb2vp1k74lu0iju1snv1papfg.jpg\",\"datePublished\":\"2015-08-19T20:04:03+00:00\",\"dateModified\":\"2015-08-20T14:40:16+00:00\",\"breadcrumb\":{\"@id\":\"https:\/\/www.notibras.com\/site\/clima-politico-ferve-em-brasilia-condenuncia-contra-cunha-e-collor\/#breadcrumb\"},\"inLanguage\":\"pt-BR\",\"potentialAction\":[{\"@type\":\"ReadAction\",\"target\":[\"https:\/\/www.notibras.com\/site\/clima-politico-ferve-em-brasilia-condenuncia-contra-cunha-e-collor\/\"]}]},{\"@type\":\"ImageObject\",\"inLanguage\":\"pt-BR\",\"@id\":\"https:\/\/www.notibras.com\/site\/clima-politico-ferve-em-brasilia-condenuncia-contra-cunha-e-collor\/#primaryimage\",\"url\":\"https:\/\/www.notibras.com\/site\/wp-content\/uploads\/2015\/08\/o_19srvb2vp1k74lu0iju1snv1papfg.jpg\",\"contentUrl\":\"https:\/\/www.notibras.com\/site\/wp-content\/uploads\/2015\/08\/o_19srvb2vp1k74lu0iju1snv1papfg.jpg\",\"width\":660,\"height\":491},{\"@type\":\"BreadcrumbList\",\"@id\":\"https:\/\/www.notibras.com\/site\/clima-politico-ferve-em-brasilia-condenuncia-contra-cunha-e-collor\/#breadcrumb\",\"itemListElement\":[{\"@type\":\"ListItem\",\"position\":1,\"name\":\"In\u00edcio\",\"item\":\"https:\/\/www.notibras.com\/site\/\"},{\"@type\":\"ListItem\",\"position\":2,\"name\":\"Pol\u00edtica ferve em Bras\u00edlia com as den\u00fancias contra Eduardo Cunha e o ex-presidente Collor\"}]},{\"@type\":\"WebSite\",\"@id\":\"https:\/\/www.notibras.com\/site\/#website\",\"url\":\"https:\/\/www.notibras.com\/site\/\",\"name\":\"Notibras\",\"description\":\"Not\u00edcias de Bras\u00edlia, do Brasil e do Mundo\",\"publisher\":{\"@id\":\"https:\/\/www.notibras.com\/site\/#organization\"},\"potentialAction\":[{\"@type\":\"SearchAction\",\"target\":{\"@type\":\"EntryPoint\",\"urlTemplate\":\"https:\/\/www.notibras.com\/site\/?s={search_term_string}\"},\"query-input\":{\"@type\":\"PropertyValueSpecification\",\"valueRequired\":true,\"valueName\":\"search_term_string\"}}],\"inLanguage\":\"pt-BR\"},{\"@type\":\"Organization\",\"@id\":\"https:\/\/www.notibras.com\/site\/#organization\",\"name\":\"Grupo Notibras de Comunica\u00e7\u00e3o\",\"url\":\"https:\/\/www.notibras.com\/site\/\",\"logo\":{\"@type\":\"ImageObject\",\"inLanguage\":\"pt-BR\",\"@id\":\"https:\/\/www.notibras.com\/site\/#\/schema\/logo\/image\/\",\"url\":\"https:\/\/www.notibras.com\/site\/wp-content\/uploads\/2023\/01\/notibras23.png\",\"contentUrl\":\"https:\/\/www.notibras.com\/site\/wp-content\/uploads\/2023\/01\/notibras23.png\",\"width\":350,\"height\":87,\"caption\":\"Grupo Notibras de Comunica\u00e7\u00e3o\"},\"image\":{\"@id\":\"https:\/\/www.notibras.com\/site\/#\/schema\/logo\/image\/\"},\"sameAs\":[\"https:\/\/www.facebook.com\/notibras\/\",\"https:\/\/x.com\/Notibras\",\"https:\/\/www.instagram.com\/notibras\/\"]},{\"@type\":\"Person\",\"@id\":\"https:\/\/www.notibras.com\/site\/#\/schema\/person\/36ab0979449956132d3e5b517ea76ac8\",\"name\":\"Reda\u00e7\u00e3o\",\"image\":{\"@type\":\"ImageObject\",\"inLanguage\":\"pt-BR\",\"@id\":\"https:\/\/secure.gravatar.com\/avatar\/e0a867bdedb85fd243eadf09663511f96fc81e0720a4a42581f334ad4303aa6b?s=96&d=mm&r=g\",\"url\":\"https:\/\/secure.gravatar.com\/avatar\/e0a867bdedb85fd243eadf09663511f96fc81e0720a4a42581f334ad4303aa6b?s=96&d=mm&r=g\",\"contentUrl\":\"https:\/\/secure.gravatar.com\/avatar\/e0a867bdedb85fd243eadf09663511f96fc81e0720a4a42581f334ad4303aa6b?s=96&d=mm&r=g\",\"caption\":\"Reda\u00e7\u00e3o\"}}]}<\/script>\n<!-- \/ Yoast SEO plugin. -->","yoast_head_json":{"title":"Pol\u00edtica ferve em Bras\u00edlia com as den\u00fancias contra Eduardo Cunha e o ex-presidente Collor - Notibras","robots":{"index":"index","follow":"follow","max-snippet":"max-snippet:-1","max-image-preview":"max-image-preview:large","max-video-preview":"max-video-preview:-1"},"canonical":"https:\/\/www.notibras.com\/site\/clima-politico-ferve-em-brasilia-condenuncia-contra-cunha-e-collor\/","og_locale":"pt_BR","og_type":"article","og_title":"Pol\u00edtica ferve em Bras\u00edlia com as den\u00fancias contra Eduardo Cunha e o ex-presidente Collor - Notibras","og_description":"Bras\u00edlia vive um clima tenso nas \u00faltimas horas, diante da expectativa de o procurador-geral da Rep\u00fablica Rodrigo Janot, apresentar den\u00fancia ao Supremo Tribunal Federal contra o presidente da C\u00e2mara, Eduardo Cunha (PMDB) e o ex-presidente da Rep\u00fablica senador Fernando Collor (PTB). Os dois s\u00e3o suspeitos de se beneficiarem do esquema de corrup\u00e7\u00e3o na Petrobras. A [&hellip;]","og_url":"https:\/\/www.notibras.com\/site\/clima-politico-ferve-em-brasilia-condenuncia-contra-cunha-e-collor\/","og_site_name":"Notibras","article_publisher":"https:\/\/www.facebook.com\/notibras\/","article_published_time":"2015-08-19T20:04:03+00:00","article_modified_time":"2015-08-20T14:40:16+00:00","og_image":[{"width":660,"height":491,"url":"https:\/\/www.notibras.com\/site\/wp-content\/uploads\/2015\/08\/o_19srvb2vp1k74lu0iju1snv1papfg.jpg","type":"image\/jpeg"}],"author":"Reda\u00e7\u00e3o","twitter_card":"summary_large_image","twitter_creator":"@Notibras","twitter_site":"@Notibras","twitter_misc":{"Escrito por":"Reda\u00e7\u00e3o","Est. tempo de leitura":"2 minutos"},"schema":{"@context":"https:\/\/schema.org","@graph":[{"@type":"Article","@id":"https:\/\/www.notibras.com\/site\/clima-politico-ferve-em-brasilia-condenuncia-contra-cunha-e-collor\/#article","isPartOf":{"@id":"https:\/\/www.notibras.com\/site\/clima-politico-ferve-em-brasilia-condenuncia-contra-cunha-e-collor\/"},"author":{"name":"Reda\u00e7\u00e3o","@id":"https:\/\/www.notibras.com\/site\/#\/schema\/person\/36ab0979449956132d3e5b517ea76ac8"},"headline":"Pol\u00edtica ferve em Bras\u00edlia com as den\u00fancias contra Eduardo Cunha e o ex-presidente Collor","datePublished":"2015-08-19T20:04:03+00:00","dateModified":"2015-08-20T14:40:16+00:00","mainEntityOfPage":{"@id":"https:\/\/www.notibras.com\/site\/clima-politico-ferve-em-brasilia-condenuncia-contra-cunha-e-collor\/"},"wordCount":440,"commentCount":0,"publisher":{"@id":"https:\/\/www.notibras.com\/site\/#organization"},"image":{"@id":"https:\/\/www.notibras.com\/site\/clima-politico-ferve-em-brasilia-condenuncia-contra-cunha-e-collor\/#primaryimage"},"thumbnailUrl":"https:\/\/www.notibras.com\/site\/wp-content\/uploads\/2015\/08\/o_19srvb2vp1k74lu0iju1snv1papfg.jpg","articleSection":["Brasil"],"inLanguage":"pt-BR","potentialAction":[{"@type":"CommentAction","name":"Comment","target":["https:\/\/www.notibras.com\/site\/clima-politico-ferve-em-brasilia-condenuncia-contra-cunha-e-collor\/#respond"]}]},{"@type":"WebPage","@id":"https:\/\/www.notibras.com\/site\/clima-politico-ferve-em-brasilia-condenuncia-contra-cunha-e-collor\/","url":"https:\/\/www.notibras.com\/site\/clima-politico-ferve-em-brasilia-condenuncia-contra-cunha-e-collor\/","name":"Pol\u00edtica ferve em Bras\u00edlia com as den\u00fancias contra Eduardo Cunha e o ex-presidente Collor - Notibras","isPartOf":{"@id":"https:\/\/www.notibras.com\/site\/#website"},"primaryImageOfPage":{"@id":"https:\/\/www.notibras.com\/site\/clima-politico-ferve-em-brasilia-condenuncia-contra-cunha-e-collor\/#primaryimage"},"image":{"@id":"https:\/\/www.notibras.com\/site\/clima-politico-ferve-em-brasilia-condenuncia-contra-cunha-e-collor\/#primaryimage"},"thumbnailUrl":"https:\/\/www.notibras.com\/site\/wp-content\/uploads\/2015\/08\/o_19srvb2vp1k74lu0iju1snv1papfg.jpg","datePublished":"2015-08-19T20:04:03+00:00","dateModified":"2015-08-20T14:40:16+00:00","breadcrumb":{"@id":"https:\/\/www.notibras.com\/site\/clima-politico-ferve-em-brasilia-condenuncia-contra-cunha-e-collor\/#breadcrumb"},"inLanguage":"pt-BR","potentialAction":[{"@type":"ReadAction","target":["https:\/\/www.notibras.com\/site\/clima-politico-ferve-em-brasilia-condenuncia-contra-cunha-e-collor\/"]}]},{"@type":"ImageObject","inLanguage":"pt-BR","@id":"https:\/\/www.notibras.com\/site\/clima-politico-ferve-em-brasilia-condenuncia-contra-cunha-e-collor\/#primaryimage","url":"https:\/\/www.notibras.com\/site\/wp-content\/uploads\/2015\/08\/o_19srvb2vp1k74lu0iju1snv1papfg.jpg","contentUrl":"https:\/\/www.notibras.com\/site\/wp-content\/uploads\/2015\/08\/o_19srvb2vp1k74lu0iju1snv1papfg.jpg","width":660,"height":491},{"@type":"BreadcrumbList","@id":"https:\/\/www.notibras.com\/site\/clima-politico-ferve-em-brasilia-condenuncia-contra-cunha-e-collor\/#breadcrumb","itemListElement":[{"@type":"ListItem","position":1,"name":"In\u00edcio","item":"https:\/\/www.notibras.com\/site\/"},{"@type":"ListItem","position":2,"name":"Pol\u00edtica ferve em Bras\u00edlia com as den\u00fancias contra Eduardo Cunha e o ex-presidente Collor"}]},{"@type":"WebSite","@id":"https:\/\/www.notibras.com\/site\/#website","url":"https:\/\/www.notibras.com\/site\/","name":"Notibras","description":"Not\u00edcias de Bras\u00edlia, do Brasil e do Mundo","publisher":{"@id":"https:\/\/www.notibras.com\/site\/#organization"},"potentialAction":[{"@type":"SearchAction","target":{"@type":"EntryPoint","urlTemplate":"https:\/\/www.notibras.com\/site\/?s={search_term_string}"},"query-input":{"@type":"PropertyValueSpecification","valueRequired":true,"valueName":"search_term_string"}}],"inLanguage":"pt-BR"},{"@type":"Organization","@id":"https:\/\/www.notibras.com\/site\/#organization","name":"Grupo Notibras de Comunica\u00e7\u00e3o","url":"https:\/\/www.notibras.com\/site\/","logo":{"@type":"ImageObject","inLanguage":"pt-BR","@id":"https:\/\/www.notibras.com\/site\/#\/schema\/logo\/image\/","url":"https:\/\/www.notibras.com\/site\/wp-content\/uploads\/2023\/01\/notibras23.png","contentUrl":"https:\/\/www.notibras.com\/site\/wp-content\/uploads\/2023\/01\/notibras23.png","width":350,"height":87,"caption":"Grupo Notibras de Comunica\u00e7\u00e3o"},"image":{"@id":"https:\/\/www.notibras.com\/site\/#\/schema\/logo\/image\/"},"sameAs":["https:\/\/www.facebook.com\/notibras\/","https:\/\/x.com\/Notibras","https:\/\/www.instagram.com\/notibras\/"]},{"@type":"Person","@id":"https:\/\/www.notibras.com\/site\/#\/schema\/person\/36ab0979449956132d3e5b517ea76ac8","name":"Reda\u00e7\u00e3o","image":{"@type":"ImageObject","inLanguage":"pt-BR","@id":"https:\/\/secure.gravatar.com\/avatar\/e0a867bdedb85fd243eadf09663511f96fc81e0720a4a42581f334ad4303aa6b?s=96&d=mm&r=g","url":"https:\/\/secure.gravatar.com\/avatar\/e0a867bdedb85fd243eadf09663511f96fc81e0720a4a42581f334ad4303aa6b?s=96&d=mm&r=g","contentUrl":"https:\/\/secure.gravatar.com\/avatar\/e0a867bdedb85fd243eadf09663511f96fc81e0720a4a42581f334ad4303aa6b?s=96&d=mm&r=g","caption":"Reda\u00e7\u00e3o"}}]}},"amp_enabled":true,"_links":{"self":[{"href":"https:\/\/www.notibras.com\/site\/wp-json\/wp\/v2\/posts\/63159","targetHints":{"allow":["GET"]}}],"collection":[{"href":"https:\/\/www.notibras.com\/site\/wp-json\/wp\/v2\/posts"}],"about":[{"href":"https:\/\/www.notibras.com\/site\/wp-json\/wp\/v2\/types\/post"}],"author":[{"embeddable":true,"href":"https:\/\/www.notibras.com\/site\/wp-json\/wp\/v2\/users\/2"}],"replies":[{"embeddable":true,"href":"https:\/\/www.notibras.com\/site\/wp-json\/wp\/v2\/comments?post=63159"}],"version-history":[{"count":7,"href":"https:\/\/www.notibras.com\/site\/wp-json\/wp\/v2\/posts\/63159\/revisions"}],"predecessor-version":[{"id":63308,"href":"https:\/\/www.notibras.com\/site\/wp-json\/wp\/v2\/posts\/63159\/revisions\/63308"}],"wp:featuredmedia":[{"embeddable":true,"href":"https:\/\/www.notibras.com\/site\/wp-json\/wp\/v2\/media\/63162"}],"wp:attachment":[{"href":"https:\/\/www.notibras.com\/site\/wp-json\/wp\/v2\/media?parent=63159"}],"wp:term":[{"taxonomy":"category","embeddable":true,"href":"https:\/\/www.notibras.com\/site\/wp-json\/wp\/v2\/categories?post=63159"},{"taxonomy":"post_tag","embeddable":true,"href":"https:\/\/www.notibras.com\/site\/wp-json\/wp\/v2\/tags?post=63159"}],"curies":[{"name":"wp","href":"https:\/\/api.w.org\/{rel}","templated":true}]}}