{"id":63181,"date":"2015-08-20T00:08:36","date_gmt":"2015-08-20T03:08:36","guid":{"rendered":"http:\/\/www.notibras.com\/site\/?p=63181"},"modified":"2015-08-20T01:16:08","modified_gmt":"2015-08-20T04:16:08","slug":"palmeiras-derrota-o-cruzeiro-em-jogo-que-ate-luxemburgo-apanha-de-dudu","status":"publish","type":"post","link":"https:\/\/www.notibras.com\/site\/palmeiras-derrota-o-cruzeiro-em-jogo-que-ate-luxemburgo-apanha-de-dudu\/","title":{"rendered":"Palmeiras derrota o Cruzeiro por 2 a 1 em jogo que at\u00e9 Luxa \u00e9 atropelado por Dudu"},"content":{"rendered":"<p>Um lance inusitado fez a torcida do Palmeiras comemorar como se fosse um gol nesta quarta-feira (19), durante a vit\u00f3ria por 2 a 1 sobre o Cruzeiro, pelas oitavas de final da Copa do Brasil.<\/p>\n<p>Aos 5 minutos do primeiro tempo, ap\u00f3s uma dividida com Charles na beira do gramado, Dudu perdeu o equil\u00edbrio e desabou em cima de Vanderlei Luxemburgo.<\/p>\n<p>O t\u00e9cnico caiu no ch\u00e3o e, imediatamente, ouviu o Allianz Parque comemorar o lance como se fosse um gol. Mas foi levantado com carinho por Dudu, que se desculpou com um abra\u00e7o.<\/p>\n<p>Luxa logo recebeu atendimento m\u00e9dico no banco de reservas e teve a m\u00e3o enfaixada. A suspeita do m\u00e9dico do Cruzeiro, segundo reportagem do canal SporTV, \u00e9 que ele tenha quebrado o dedo mindinho da m\u00e3o esquerda.<\/p>\n<p>&#8220;Foi uma trombada, lance sem querer&#8221;, disse Dudu na sa\u00edda do gramado ap\u00f3s o fim do primeiro tempo.\u00a0&#8220;Foi um acidente&#8221;, disse Luxemburgo, que deixou claro que n\u00e3o gostou da forma hostil com que foi tratado pela torcida palmeirense.<\/p>\n<p>O Palmeiras abriu o placar com Cleiton Xavier, sofreu empate com Leandro Dami\u00e3o, mas fez 2 a 1 com Rafael Marques. O jogo de volta, em Belo Horizonte, ser\u00e1 na pr\u00f3xima quarta-feira (26).<\/p>\n","protected":false},"excerpt":{"rendered":"<p>Um lance inusitado fez a torcida do Palmeiras comemorar como se fosse um gol nesta quarta-feira (19), durante a vit\u00f3ria por 2 a 1 sobre o Cruzeiro, pelas oitavas de final da Copa do Brasil. Aos 5 minutos do primeiro tempo, ap\u00f3s uma dividida com Charles na beira do gramado, Dudu perdeu o equil\u00edbrio e [&hellip;]<\/p>\n","protected":false},"author":2,"featured_media":63182,"comment_status":"open","ping_status":"closed","sticky":false,"template":"","format":"standard","meta":{"_acf_changed":false,"footnotes":""},"categories":[29],"tags":[],"class_list":["post-63181","post","type-post","status-publish","format-standard","has-post-thumbnail","hentry","category-futebol"],"acf":[],"yoast_head":"<!-- This site is optimized with the Yoast SEO plugin v27.2 - https:\/\/yoast.com\/product\/yoast-seo-wordpress\/ -->\n<title>Palmeiras derrota o Cruzeiro por 2 a 1 em jogo que at\u00e9 Luxa \u00e9 atropelado por Dudu - Notibras<\/title>\n<meta name=\"robots\" content=\"index, follow, max-snippet:-1, max-image-preview:large, max-video-preview:-1\" \/>\n<link rel=\"canonical\" href=\"https:\/\/www.notibras.com\/site\/palmeiras-derrota-o-cruzeiro-em-jogo-que-ate-luxemburgo-apanha-de-dudu\/\" \/>\n<meta property=\"og:locale\" content=\"pt_BR\" \/>\n<meta property=\"og:type\" content=\"article\" \/>\n<meta property=\"og:title\" content=\"Palmeiras derrota o Cruzeiro por 2 a 1 em jogo que at\u00e9 Luxa \u00e9 atropelado por Dudu - Notibras\" \/>\n<meta property=\"og:description\" content=\"Um lance inusitado fez a torcida do Palmeiras comemorar como se fosse um gol nesta quarta-feira (19), durante a vit\u00f3ria por 2 a 1 sobre o Cruzeiro, pelas oitavas de final da Copa do Brasil. Aos 5 minutos do primeiro tempo, ap\u00f3s uma dividida com Charles na beira do gramado, Dudu perdeu o equil\u00edbrio e [&hellip;]\" \/>\n<meta property=\"og:url\" content=\"https:\/\/www.notibras.com\/site\/palmeiras-derrota-o-cruzeiro-em-jogo-que-ate-luxemburgo-apanha-de-dudu\/\" \/>\n<meta property=\"og:site_name\" content=\"Notibras\" \/>\n<meta property=\"article:publisher\" content=\"https:\/\/www.facebook.com\/notibras\/\" \/>\n<meta property=\"article:published_time\" content=\"2015-08-20T03:08:36+00:00\" \/>\n<meta property=\"article:modified_time\" content=\"2015-08-20T04:16:08+00:00\" \/>\n<meta property=\"og:image\" content=\"https:\/\/www.notibras.com\/site\/wp-content\/uploads\/2015\/08\/cb3.jpg\" \/>\n\t<meta property=\"og:image:width\" content=\"645\" \/>\n\t<meta property=\"og:image:height\" content=\"505\" \/>\n\t<meta property=\"og:image:type\" content=\"image\/jpeg\" \/>\n<meta name=\"author\" content=\"Reda\u00e7\u00e3o\" \/>\n<meta name=\"twitter:card\" content=\"summary_large_image\" \/>\n<meta name=\"twitter:creator\" content=\"@Notibras\" \/>\n<meta name=\"twitter:site\" content=\"@Notibras\" \/>\n<meta name=\"twitter:label1\" content=\"Escrito por\" \/>\n\t<meta name=\"twitter:data1\" content=\"Reda\u00e7\u00e3o\" \/>\n\t<meta name=\"twitter:label2\" content=\"Est. tempo de leitura\" \/>\n\t<meta name=\"twitter:data2\" content=\"1 minuto\" \/>\n<script type=\"application\/ld+json\" class=\"yoast-schema-graph\">{\"@context\":\"https:\/\/schema.org\",\"@graph\":[{\"@type\":\"Article\",\"@id\":\"https:\/\/www.notibras.com\/site\/palmeiras-derrota-o-cruzeiro-em-jogo-que-ate-luxemburgo-apanha-de-dudu\/#article\",\"isPartOf\":{\"@id\":\"https:\/\/www.notibras.com\/site\/palmeiras-derrota-o-cruzeiro-em-jogo-que-ate-luxemburgo-apanha-de-dudu\/\"},\"author\":{\"name\":\"Reda\u00e7\u00e3o\",\"@id\":\"https:\/\/www.notibras.com\/site\/#\/schema\/person\/36ab0979449956132d3e5b517ea76ac8\"},\"headline\":\"Palmeiras derrota o Cruzeiro por 2 a 1 em jogo que at\u00e9 Luxa \u00e9 atropelado por Dudu\",\"datePublished\":\"2015-08-20T03:08:36+00:00\",\"dateModified\":\"2015-08-20T04:16:08+00:00\",\"mainEntityOfPage\":{\"@id\":\"https:\/\/www.notibras.com\/site\/palmeiras-derrota-o-cruzeiro-em-jogo-que-ate-luxemburgo-apanha-de-dudu\/\"},\"wordCount\":222,\"commentCount\":0,\"publisher\":{\"@id\":\"https:\/\/www.notibras.com\/site\/#organization\"},\"image\":{\"@id\":\"https:\/\/www.notibras.com\/site\/palmeiras-derrota-o-cruzeiro-em-jogo-que-ate-luxemburgo-apanha-de-dudu\/#primaryimage\"},\"thumbnailUrl\":\"https:\/\/www.notibras.com\/site\/wp-content\/uploads\/2015\/08\/cb3.jpg\",\"articleSection\":[\"Futebol\"],\"inLanguage\":\"pt-BR\",\"potentialAction\":[{\"@type\":\"CommentAction\",\"name\":\"Comment\",\"target\":[\"https:\/\/www.notibras.com\/site\/palmeiras-derrota-o-cruzeiro-em-jogo-que-ate-luxemburgo-apanha-de-dudu\/#respond\"]}]},{\"@type\":\"WebPage\",\"@id\":\"https:\/\/www.notibras.com\/site\/palmeiras-derrota-o-cruzeiro-em-jogo-que-ate-luxemburgo-apanha-de-dudu\/\",\"url\":\"https:\/\/www.notibras.com\/site\/palmeiras-derrota-o-cruzeiro-em-jogo-que-ate-luxemburgo-apanha-de-dudu\/\",\"name\":\"Palmeiras derrota o Cruzeiro por 2 a 1 em jogo que at\u00e9 Luxa \u00e9 atropelado por Dudu - Notibras\",\"isPartOf\":{\"@id\":\"https:\/\/www.notibras.com\/site\/#website\"},\"primaryImageOfPage\":{\"@id\":\"https:\/\/www.notibras.com\/site\/palmeiras-derrota-o-cruzeiro-em-jogo-que-ate-luxemburgo-apanha-de-dudu\/#primaryimage\"},\"image\":{\"@id\":\"https:\/\/www.notibras.com\/site\/palmeiras-derrota-o-cruzeiro-em-jogo-que-ate-luxemburgo-apanha-de-dudu\/#primaryimage\"},\"thumbnailUrl\":\"https:\/\/www.notibras.com\/site\/wp-content\/uploads\/2015\/08\/cb3.jpg\",\"datePublished\":\"2015-08-20T03:08:36+00:00\",\"dateModified\":\"2015-08-20T04:16:08+00:00\",\"breadcrumb\":{\"@id\":\"https:\/\/www.notibras.com\/site\/palmeiras-derrota-o-cruzeiro-em-jogo-que-ate-luxemburgo-apanha-de-dudu\/#breadcrumb\"},\"inLanguage\":\"pt-BR\",\"potentialAction\":[{\"@type\":\"ReadAction\",\"target\":[\"https:\/\/www.notibras.com\/site\/palmeiras-derrota-o-cruzeiro-em-jogo-que-ate-luxemburgo-apanha-de-dudu\/\"]}]},{\"@type\":\"ImageObject\",\"inLanguage\":\"pt-BR\",\"@id\":\"https:\/\/www.notibras.com\/site\/palmeiras-derrota-o-cruzeiro-em-jogo-que-ate-luxemburgo-apanha-de-dudu\/#primaryimage\",\"url\":\"https:\/\/www.notibras.com\/site\/wp-content\/uploads\/2015\/08\/cb3.jpg\",\"contentUrl\":\"https:\/\/www.notibras.com\/site\/wp-content\/uploads\/2015\/08\/cb3.jpg\",\"width\":645,\"height\":505},{\"@type\":\"BreadcrumbList\",\"@id\":\"https:\/\/www.notibras.com\/site\/palmeiras-derrota-o-cruzeiro-em-jogo-que-ate-luxemburgo-apanha-de-dudu\/#breadcrumb\",\"itemListElement\":[{\"@type\":\"ListItem\",\"position\":1,\"name\":\"In\u00edcio\",\"item\":\"https:\/\/www.notibras.com\/site\/\"},{\"@type\":\"ListItem\",\"position\":2,\"name\":\"Palmeiras derrota o Cruzeiro por 2 a 1 em jogo que at\u00e9 Luxa \u00e9 atropelado por Dudu\"}]},{\"@type\":\"WebSite\",\"@id\":\"https:\/\/www.notibras.com\/site\/#website\",\"url\":\"https:\/\/www.notibras.com\/site\/\",\"name\":\"Notibras\",\"description\":\"Not\u00edcias de Bras\u00edlia, do Brasil e do Mundo\",\"publisher\":{\"@id\":\"https:\/\/www.notibras.com\/site\/#organization\"},\"potentialAction\":[{\"@type\":\"SearchAction\",\"target\":{\"@type\":\"EntryPoint\",\"urlTemplate\":\"https:\/\/www.notibras.com\/site\/?s={search_term_string}\"},\"query-input\":{\"@type\":\"PropertyValueSpecification\",\"valueRequired\":true,\"valueName\":\"search_term_string\"}}],\"inLanguage\":\"pt-BR\"},{\"@type\":\"Organization\",\"@id\":\"https:\/\/www.notibras.com\/site\/#organization\",\"name\":\"Grupo Notibras de Comunica\u00e7\u00e3o\",\"url\":\"https:\/\/www.notibras.com\/site\/\",\"logo\":{\"@type\":\"ImageObject\",\"inLanguage\":\"pt-BR\",\"@id\":\"https:\/\/www.notibras.com\/site\/#\/schema\/logo\/image\/\",\"url\":\"https:\/\/www.notibras.com\/site\/wp-content\/uploads\/2023\/01\/notibras23.png\",\"contentUrl\":\"https:\/\/www.notibras.com\/site\/wp-content\/uploads\/2023\/01\/notibras23.png\",\"width\":350,\"height\":87,\"caption\":\"Grupo Notibras de Comunica\u00e7\u00e3o\"},\"image\":{\"@id\":\"https:\/\/www.notibras.com\/site\/#\/schema\/logo\/image\/\"},\"sameAs\":[\"https:\/\/www.facebook.com\/notibras\/\",\"https:\/\/x.com\/Notibras\",\"https:\/\/www.instagram.com\/notibras\/\"]},{\"@type\":\"Person\",\"@id\":\"https:\/\/www.notibras.com\/site\/#\/schema\/person\/36ab0979449956132d3e5b517ea76ac8\",\"name\":\"Reda\u00e7\u00e3o\",\"image\":{\"@type\":\"ImageObject\",\"inLanguage\":\"pt-BR\",\"@id\":\"https:\/\/secure.gravatar.com\/avatar\/e0a867bdedb85fd243eadf09663511f96fc81e0720a4a42581f334ad4303aa6b?s=96&d=mm&r=g\",\"url\":\"https:\/\/secure.gravatar.com\/avatar\/e0a867bdedb85fd243eadf09663511f96fc81e0720a4a42581f334ad4303aa6b?s=96&d=mm&r=g\",\"contentUrl\":\"https:\/\/secure.gravatar.com\/avatar\/e0a867bdedb85fd243eadf09663511f96fc81e0720a4a42581f334ad4303aa6b?s=96&d=mm&r=g\",\"caption\":\"Reda\u00e7\u00e3o\"}}]}<\/script>\n<!-- \/ Yoast SEO plugin. -->","yoast_head_json":{"title":"Palmeiras derrota o Cruzeiro por 2 a 1 em jogo que at\u00e9 Luxa \u00e9 atropelado por Dudu - Notibras","robots":{"index":"index","follow":"follow","max-snippet":"max-snippet:-1","max-image-preview":"max-image-preview:large","max-video-preview":"max-video-preview:-1"},"canonical":"https:\/\/www.notibras.com\/site\/palmeiras-derrota-o-cruzeiro-em-jogo-que-ate-luxemburgo-apanha-de-dudu\/","og_locale":"pt_BR","og_type":"article","og_title":"Palmeiras derrota o Cruzeiro por 2 a 1 em jogo que at\u00e9 Luxa \u00e9 atropelado por Dudu - Notibras","og_description":"Um lance inusitado fez a torcida do Palmeiras comemorar como se fosse um gol nesta quarta-feira (19), durante a vit\u00f3ria por 2 a 1 sobre o Cruzeiro, pelas oitavas de final da Copa do Brasil. Aos 5 minutos do primeiro tempo, ap\u00f3s uma dividida com Charles na beira do gramado, Dudu perdeu o equil\u00edbrio e [&hellip;]","og_url":"https:\/\/www.notibras.com\/site\/palmeiras-derrota-o-cruzeiro-em-jogo-que-ate-luxemburgo-apanha-de-dudu\/","og_site_name":"Notibras","article_publisher":"https:\/\/www.facebook.com\/notibras\/","article_published_time":"2015-08-20T03:08:36+00:00","article_modified_time":"2015-08-20T04:16:08+00:00","og_image":[{"width":645,"height":505,"url":"https:\/\/www.notibras.com\/site\/wp-content\/uploads\/2015\/08\/cb3.jpg","type":"image\/jpeg"}],"author":"Reda\u00e7\u00e3o","twitter_card":"summary_large_image","twitter_creator":"@Notibras","twitter_site":"@Notibras","twitter_misc":{"Escrito por":"Reda\u00e7\u00e3o","Est. tempo de leitura":"1 minuto"},"schema":{"@context":"https:\/\/schema.org","@graph":[{"@type":"Article","@id":"https:\/\/www.notibras.com\/site\/palmeiras-derrota-o-cruzeiro-em-jogo-que-ate-luxemburgo-apanha-de-dudu\/#article","isPartOf":{"@id":"https:\/\/www.notibras.com\/site\/palmeiras-derrota-o-cruzeiro-em-jogo-que-ate-luxemburgo-apanha-de-dudu\/"},"author":{"name":"Reda\u00e7\u00e3o","@id":"https:\/\/www.notibras.com\/site\/#\/schema\/person\/36ab0979449956132d3e5b517ea76ac8"},"headline":"Palmeiras derrota o Cruzeiro por 2 a 1 em jogo que at\u00e9 Luxa \u00e9 atropelado por Dudu","datePublished":"2015-08-20T03:08:36+00:00","dateModified":"2015-08-20T04:16:08+00:00","mainEntityOfPage":{"@id":"https:\/\/www.notibras.com\/site\/palmeiras-derrota-o-cruzeiro-em-jogo-que-ate-luxemburgo-apanha-de-dudu\/"},"wordCount":222,"commentCount":0,"publisher":{"@id":"https:\/\/www.notibras.com\/site\/#organization"},"image":{"@id":"https:\/\/www.notibras.com\/site\/palmeiras-derrota-o-cruzeiro-em-jogo-que-ate-luxemburgo-apanha-de-dudu\/#primaryimage"},"thumbnailUrl":"https:\/\/www.notibras.com\/site\/wp-content\/uploads\/2015\/08\/cb3.jpg","articleSection":["Futebol"],"inLanguage":"pt-BR","potentialAction":[{"@type":"CommentAction","name":"Comment","target":["https:\/\/www.notibras.com\/site\/palmeiras-derrota-o-cruzeiro-em-jogo-que-ate-luxemburgo-apanha-de-dudu\/#respond"]}]},{"@type":"WebPage","@id":"https:\/\/www.notibras.com\/site\/palmeiras-derrota-o-cruzeiro-em-jogo-que-ate-luxemburgo-apanha-de-dudu\/","url":"https:\/\/www.notibras.com\/site\/palmeiras-derrota-o-cruzeiro-em-jogo-que-ate-luxemburgo-apanha-de-dudu\/","name":"Palmeiras derrota o Cruzeiro por 2 a 1 em jogo que at\u00e9 Luxa \u00e9 atropelado por Dudu - Notibras","isPartOf":{"@id":"https:\/\/www.notibras.com\/site\/#website"},"primaryImageOfPage":{"@id":"https:\/\/www.notibras.com\/site\/palmeiras-derrota-o-cruzeiro-em-jogo-que-ate-luxemburgo-apanha-de-dudu\/#primaryimage"},"image":{"@id":"https:\/\/www.notibras.com\/site\/palmeiras-derrota-o-cruzeiro-em-jogo-que-ate-luxemburgo-apanha-de-dudu\/#primaryimage"},"thumbnailUrl":"https:\/\/www.notibras.com\/site\/wp-content\/uploads\/2015\/08\/cb3.jpg","datePublished":"2015-08-20T03:08:36+00:00","dateModified":"2015-08-20T04:16:08+00:00","breadcrumb":{"@id":"https:\/\/www.notibras.com\/site\/palmeiras-derrota-o-cruzeiro-em-jogo-que-ate-luxemburgo-apanha-de-dudu\/#breadcrumb"},"inLanguage":"pt-BR","potentialAction":[{"@type":"ReadAction","target":["https:\/\/www.notibras.com\/site\/palmeiras-derrota-o-cruzeiro-em-jogo-que-ate-luxemburgo-apanha-de-dudu\/"]}]},{"@type":"ImageObject","inLanguage":"pt-BR","@id":"https:\/\/www.notibras.com\/site\/palmeiras-derrota-o-cruzeiro-em-jogo-que-ate-luxemburgo-apanha-de-dudu\/#primaryimage","url":"https:\/\/www.notibras.com\/site\/wp-content\/uploads\/2015\/08\/cb3.jpg","contentUrl":"https:\/\/www.notibras.com\/site\/wp-content\/uploads\/2015\/08\/cb3.jpg","width":645,"height":505},{"@type":"BreadcrumbList","@id":"https:\/\/www.notibras.com\/site\/palmeiras-derrota-o-cruzeiro-em-jogo-que-ate-luxemburgo-apanha-de-dudu\/#breadcrumb","itemListElement":[{"@type":"ListItem","position":1,"name":"In\u00edcio","item":"https:\/\/www.notibras.com\/site\/"},{"@type":"ListItem","position":2,"name":"Palmeiras derrota o Cruzeiro por 2 a 1 em jogo que at\u00e9 Luxa \u00e9 atropelado por Dudu"}]},{"@type":"WebSite","@id":"https:\/\/www.notibras.com\/site\/#website","url":"https:\/\/www.notibras.com\/site\/","name":"Notibras","description":"Not\u00edcias de Bras\u00edlia, do Brasil e do Mundo","publisher":{"@id":"https:\/\/www.notibras.com\/site\/#organization"},"potentialAction":[{"@type":"SearchAction","target":{"@type":"EntryPoint","urlTemplate":"https:\/\/www.notibras.com\/site\/?s={search_term_string}"},"query-input":{"@type":"PropertyValueSpecification","valueRequired":true,"valueName":"search_term_string"}}],"inLanguage":"pt-BR"},{"@type":"Organization","@id":"https:\/\/www.notibras.com\/site\/#organization","name":"Grupo Notibras de Comunica\u00e7\u00e3o","url":"https:\/\/www.notibras.com\/site\/","logo":{"@type":"ImageObject","inLanguage":"pt-BR","@id":"https:\/\/www.notibras.com\/site\/#\/schema\/logo\/image\/","url":"https:\/\/www.notibras.com\/site\/wp-content\/uploads\/2023\/01\/notibras23.png","contentUrl":"https:\/\/www.notibras.com\/site\/wp-content\/uploads\/2023\/01\/notibras23.png","width":350,"height":87,"caption":"Grupo Notibras de Comunica\u00e7\u00e3o"},"image":{"@id":"https:\/\/www.notibras.com\/site\/#\/schema\/logo\/image\/"},"sameAs":["https:\/\/www.facebook.com\/notibras\/","https:\/\/x.com\/Notibras","https:\/\/www.instagram.com\/notibras\/"]},{"@type":"Person","@id":"https:\/\/www.notibras.com\/site\/#\/schema\/person\/36ab0979449956132d3e5b517ea76ac8","name":"Reda\u00e7\u00e3o","image":{"@type":"ImageObject","inLanguage":"pt-BR","@id":"https:\/\/secure.gravatar.com\/avatar\/e0a867bdedb85fd243eadf09663511f96fc81e0720a4a42581f334ad4303aa6b?s=96&d=mm&r=g","url":"https:\/\/secure.gravatar.com\/avatar\/e0a867bdedb85fd243eadf09663511f96fc81e0720a4a42581f334ad4303aa6b?s=96&d=mm&r=g","contentUrl":"https:\/\/secure.gravatar.com\/avatar\/e0a867bdedb85fd243eadf09663511f96fc81e0720a4a42581f334ad4303aa6b?s=96&d=mm&r=g","caption":"Reda\u00e7\u00e3o"}}]}},"amp_enabled":true,"_links":{"self":[{"href":"https:\/\/www.notibras.com\/site\/wp-json\/wp\/v2\/posts\/63181","targetHints":{"allow":["GET"]}}],"collection":[{"href":"https:\/\/www.notibras.com\/site\/wp-json\/wp\/v2\/posts"}],"about":[{"href":"https:\/\/www.notibras.com\/site\/wp-json\/wp\/v2\/types\/post"}],"author":[{"embeddable":true,"href":"https:\/\/www.notibras.com\/site\/wp-json\/wp\/v2\/users\/2"}],"replies":[{"embeddable":true,"href":"https:\/\/www.notibras.com\/site\/wp-json\/wp\/v2\/comments?post=63181"}],"version-history":[{"count":4,"href":"https:\/\/www.notibras.com\/site\/wp-json\/wp\/v2\/posts\/63181\/revisions"}],"predecessor-version":[{"id":63200,"href":"https:\/\/www.notibras.com\/site\/wp-json\/wp\/v2\/posts\/63181\/revisions\/63200"}],"wp:featuredmedia":[{"embeddable":true,"href":"https:\/\/www.notibras.com\/site\/wp-json\/wp\/v2\/media\/63182"}],"wp:attachment":[{"href":"https:\/\/www.notibras.com\/site\/wp-json\/wp\/v2\/media?parent=63181"}],"wp:term":[{"taxonomy":"category","embeddable":true,"href":"https:\/\/www.notibras.com\/site\/wp-json\/wp\/v2\/categories?post=63181"},{"taxonomy":"post_tag","embeddable":true,"href":"https:\/\/www.notibras.com\/site\/wp-json\/wp\/v2\/tags?post=63181"}],"curies":[{"name":"wp","href":"https:\/\/api.w.org\/{rel}","templated":true}]}}