{"id":63187,"date":"2015-08-20T00:01:47","date_gmt":"2015-08-20T03:01:47","guid":{"rendered":"http:\/\/www.notibras.com\/site\/?p=63187"},"modified":"2015-08-20T01:02:13","modified_gmt":"2015-08-20T04:02:13","slug":"ponte-arranca-empate-da-chapecoense-no-ultimo-minuto-no-moises-lucarelli","status":"publish","type":"post","link":"https:\/\/www.notibras.com\/site\/ponte-arranca-empate-da-chapecoense-no-ultimo-minuto-no-moises-lucarelli\/","title":{"rendered":"Ponte arranca empate da Chapecoense no \u00faltimo minuto no Mois\u00e9s Lucarelli"},"content":{"rendered":"<p>A Ponte Preta sofreu no Mois\u00e9s Lucarelli, em Campinas (SP), na noite desta quarta-feira, mas evitou a derrota diante de sua torcida. Com time misto, saiu atr\u00e1s dos reservas da Chapecoense, mas conseguiu empate dram\u00e1tico aos 42 minutos da segunda etapa, deixando tudo igual na partida de ida da segunda fase da Copa Sul-Americana.]<\/p>\n<p>Ap\u00f3s primeiro tempo fraco, Wagner marcou o gol dos visitantes, estreante em competi\u00e7\u00f5es internacionais oficiais, aos 12 minutos da etapa complementar. Depois disso, o goleiro Silvio e a cad\u00eancia de jogo seguraram o placar positivo para a Chapecoense at\u00e9 os 42 minutos, quando Leandrinho aproveitou cruzamento e balan\u00e7ou as redes para salvar o time da casa de um rev\u00e9s.<\/p>\n<p>A partida de volta est\u00e1 marcada para a pr\u00f3xima quarta-feira (26), na Arena Cond\u00e1, em Chapec\u00f3. Quem se classificar, enfrenta o vencedor do confronto entre Atl\u00e9tico-PR e Joinville nas oitavas de final.<\/p>\n","protected":false},"excerpt":{"rendered":"<p>A Ponte Preta sofreu no Mois\u00e9s Lucarelli, em Campinas (SP), na noite desta quarta-feira, mas evitou a derrota diante de sua torcida. Com time misto, saiu atr\u00e1s dos reservas da Chapecoense, mas conseguiu empate dram\u00e1tico aos 42 minutos da segunda etapa, deixando tudo igual na partida de ida da segunda fase da Copa Sul-Americana.] Ap\u00f3s [&hellip;]<\/p>\n","protected":false},"author":2,"featured_media":63188,"comment_status":"open","ping_status":"closed","sticky":false,"template":"","format":"standard","meta":{"_acf_changed":false,"footnotes":""},"categories":[29],"tags":[],"class_list":["post-63187","post","type-post","status-publish","format-standard","has-post-thumbnail","hentry","category-futebol"],"acf":[],"yoast_head":"<!-- This site is optimized with the Yoast SEO plugin v27.2 - https:\/\/yoast.com\/product\/yoast-seo-wordpress\/ -->\n<title>Ponte arranca empate da Chapecoense no \u00faltimo minuto no Mois\u00e9s Lucarelli - Notibras<\/title>\n<meta name=\"robots\" content=\"index, follow, max-snippet:-1, max-image-preview:large, max-video-preview:-1\" \/>\n<link rel=\"canonical\" href=\"https:\/\/www.notibras.com\/site\/ponte-arranca-empate-da-chapecoense-no-ultimo-minuto-no-moises-lucarelli\/\" \/>\n<meta property=\"og:locale\" content=\"pt_BR\" \/>\n<meta property=\"og:type\" content=\"article\" \/>\n<meta property=\"og:title\" content=\"Ponte arranca empate da Chapecoense no \u00faltimo minuto no Mois\u00e9s Lucarelli - Notibras\" \/>\n<meta property=\"og:description\" content=\"A Ponte Preta sofreu no Mois\u00e9s Lucarelli, em Campinas (SP), na noite desta quarta-feira, mas evitou a derrota diante de sua torcida. Com time misto, saiu atr\u00e1s dos reservas da Chapecoense, mas conseguiu empate dram\u00e1tico aos 42 minutos da segunda etapa, deixando tudo igual na partida de ida da segunda fase da Copa Sul-Americana.] Ap\u00f3s [&hellip;]\" \/>\n<meta property=\"og:url\" content=\"https:\/\/www.notibras.com\/site\/ponte-arranca-empate-da-chapecoense-no-ultimo-minuto-no-moises-lucarelli\/\" \/>\n<meta property=\"og:site_name\" content=\"Notibras\" \/>\n<meta property=\"article:publisher\" content=\"https:\/\/www.facebook.com\/notibras\/\" \/>\n<meta property=\"article:published_time\" content=\"2015-08-20T03:01:47+00:00\" \/>\n<meta property=\"article:modified_time\" content=\"2015-08-20T04:02:13+00:00\" \/>\n<meta property=\"og:image\" content=\"https:\/\/www.notibras.com\/site\/wp-content\/uploads\/2015\/08\/cb5.jpg\" \/>\n\t<meta property=\"og:image:width\" content=\"622\" \/>\n\t<meta property=\"og:image:height\" content=\"350\" \/>\n\t<meta property=\"og:image:type\" content=\"image\/jpeg\" \/>\n<meta name=\"author\" content=\"Reda\u00e7\u00e3o\" \/>\n<meta name=\"twitter:card\" content=\"summary_large_image\" \/>\n<meta name=\"twitter:creator\" content=\"@Notibras\" \/>\n<meta name=\"twitter:site\" content=\"@Notibras\" \/>\n<meta name=\"twitter:label1\" content=\"Escrito por\" \/>\n\t<meta name=\"twitter:data1\" content=\"Reda\u00e7\u00e3o\" \/>\n\t<meta name=\"twitter:label2\" content=\"Est. tempo de leitura\" \/>\n\t<meta name=\"twitter:data2\" content=\"1 minuto\" \/>\n<script type=\"application\/ld+json\" class=\"yoast-schema-graph\">{\"@context\":\"https:\/\/schema.org\",\"@graph\":[{\"@type\":\"Article\",\"@id\":\"https:\/\/www.notibras.com\/site\/ponte-arranca-empate-da-chapecoense-no-ultimo-minuto-no-moises-lucarelli\/#article\",\"isPartOf\":{\"@id\":\"https:\/\/www.notibras.com\/site\/ponte-arranca-empate-da-chapecoense-no-ultimo-minuto-no-moises-lucarelli\/\"},\"author\":{\"name\":\"Reda\u00e7\u00e3o\",\"@id\":\"https:\/\/www.notibras.com\/site\/#\/schema\/person\/36ab0979449956132d3e5b517ea76ac8\"},\"headline\":\"Ponte arranca empate da Chapecoense no \u00faltimo minuto no Mois\u00e9s Lucarelli\",\"datePublished\":\"2015-08-20T03:01:47+00:00\",\"dateModified\":\"2015-08-20T04:02:13+00:00\",\"mainEntityOfPage\":{\"@id\":\"https:\/\/www.notibras.com\/site\/ponte-arranca-empate-da-chapecoense-no-ultimo-minuto-no-moises-lucarelli\/\"},\"wordCount\":163,\"commentCount\":0,\"publisher\":{\"@id\":\"https:\/\/www.notibras.com\/site\/#organization\"},\"image\":{\"@id\":\"https:\/\/www.notibras.com\/site\/ponte-arranca-empate-da-chapecoense-no-ultimo-minuto-no-moises-lucarelli\/#primaryimage\"},\"thumbnailUrl\":\"https:\/\/www.notibras.com\/site\/wp-content\/uploads\/2015\/08\/cb5.jpg\",\"articleSection\":[\"Futebol\"],\"inLanguage\":\"pt-BR\",\"potentialAction\":[{\"@type\":\"CommentAction\",\"name\":\"Comment\",\"target\":[\"https:\/\/www.notibras.com\/site\/ponte-arranca-empate-da-chapecoense-no-ultimo-minuto-no-moises-lucarelli\/#respond\"]}]},{\"@type\":\"WebPage\",\"@id\":\"https:\/\/www.notibras.com\/site\/ponte-arranca-empate-da-chapecoense-no-ultimo-minuto-no-moises-lucarelli\/\",\"url\":\"https:\/\/www.notibras.com\/site\/ponte-arranca-empate-da-chapecoense-no-ultimo-minuto-no-moises-lucarelli\/\",\"name\":\"Ponte arranca empate da Chapecoense no \u00faltimo minuto no Mois\u00e9s Lucarelli - Notibras\",\"isPartOf\":{\"@id\":\"https:\/\/www.notibras.com\/site\/#website\"},\"primaryImageOfPage\":{\"@id\":\"https:\/\/www.notibras.com\/site\/ponte-arranca-empate-da-chapecoense-no-ultimo-minuto-no-moises-lucarelli\/#primaryimage\"},\"image\":{\"@id\":\"https:\/\/www.notibras.com\/site\/ponte-arranca-empate-da-chapecoense-no-ultimo-minuto-no-moises-lucarelli\/#primaryimage\"},\"thumbnailUrl\":\"https:\/\/www.notibras.com\/site\/wp-content\/uploads\/2015\/08\/cb5.jpg\",\"datePublished\":\"2015-08-20T03:01:47+00:00\",\"dateModified\":\"2015-08-20T04:02:13+00:00\",\"breadcrumb\":{\"@id\":\"https:\/\/www.notibras.com\/site\/ponte-arranca-empate-da-chapecoense-no-ultimo-minuto-no-moises-lucarelli\/#breadcrumb\"},\"inLanguage\":\"pt-BR\",\"potentialAction\":[{\"@type\":\"ReadAction\",\"target\":[\"https:\/\/www.notibras.com\/site\/ponte-arranca-empate-da-chapecoense-no-ultimo-minuto-no-moises-lucarelli\/\"]}]},{\"@type\":\"ImageObject\",\"inLanguage\":\"pt-BR\",\"@id\":\"https:\/\/www.notibras.com\/site\/ponte-arranca-empate-da-chapecoense-no-ultimo-minuto-no-moises-lucarelli\/#primaryimage\",\"url\":\"https:\/\/www.notibras.com\/site\/wp-content\/uploads\/2015\/08\/cb5.jpg\",\"contentUrl\":\"https:\/\/www.notibras.com\/site\/wp-content\/uploads\/2015\/08\/cb5.jpg\",\"width\":622,\"height\":350},{\"@type\":\"BreadcrumbList\",\"@id\":\"https:\/\/www.notibras.com\/site\/ponte-arranca-empate-da-chapecoense-no-ultimo-minuto-no-moises-lucarelli\/#breadcrumb\",\"itemListElement\":[{\"@type\":\"ListItem\",\"position\":1,\"name\":\"In\u00edcio\",\"item\":\"https:\/\/www.notibras.com\/site\/\"},{\"@type\":\"ListItem\",\"position\":2,\"name\":\"Ponte arranca empate da Chapecoense no \u00faltimo minuto no Mois\u00e9s Lucarelli\"}]},{\"@type\":\"WebSite\",\"@id\":\"https:\/\/www.notibras.com\/site\/#website\",\"url\":\"https:\/\/www.notibras.com\/site\/\",\"name\":\"Notibras\",\"description\":\"Not\u00edcias de Bras\u00edlia, do Brasil e do Mundo\",\"publisher\":{\"@id\":\"https:\/\/www.notibras.com\/site\/#organization\"},\"potentialAction\":[{\"@type\":\"SearchAction\",\"target\":{\"@type\":\"EntryPoint\",\"urlTemplate\":\"https:\/\/www.notibras.com\/site\/?s={search_term_string}\"},\"query-input\":{\"@type\":\"PropertyValueSpecification\",\"valueRequired\":true,\"valueName\":\"search_term_string\"}}],\"inLanguage\":\"pt-BR\"},{\"@type\":\"Organization\",\"@id\":\"https:\/\/www.notibras.com\/site\/#organization\",\"name\":\"Grupo Notibras de Comunica\u00e7\u00e3o\",\"url\":\"https:\/\/www.notibras.com\/site\/\",\"logo\":{\"@type\":\"ImageObject\",\"inLanguage\":\"pt-BR\",\"@id\":\"https:\/\/www.notibras.com\/site\/#\/schema\/logo\/image\/\",\"url\":\"https:\/\/www.notibras.com\/site\/wp-content\/uploads\/2023\/01\/notibras23.png\",\"contentUrl\":\"https:\/\/www.notibras.com\/site\/wp-content\/uploads\/2023\/01\/notibras23.png\",\"width\":350,\"height\":87,\"caption\":\"Grupo Notibras de Comunica\u00e7\u00e3o\"},\"image\":{\"@id\":\"https:\/\/www.notibras.com\/site\/#\/schema\/logo\/image\/\"},\"sameAs\":[\"https:\/\/www.facebook.com\/notibras\/\",\"https:\/\/x.com\/Notibras\",\"https:\/\/www.instagram.com\/notibras\/\"]},{\"@type\":\"Person\",\"@id\":\"https:\/\/www.notibras.com\/site\/#\/schema\/person\/36ab0979449956132d3e5b517ea76ac8\",\"name\":\"Reda\u00e7\u00e3o\",\"image\":{\"@type\":\"ImageObject\",\"inLanguage\":\"pt-BR\",\"@id\":\"https:\/\/secure.gravatar.com\/avatar\/e0a867bdedb85fd243eadf09663511f96fc81e0720a4a42581f334ad4303aa6b?s=96&d=mm&r=g\",\"url\":\"https:\/\/secure.gravatar.com\/avatar\/e0a867bdedb85fd243eadf09663511f96fc81e0720a4a42581f334ad4303aa6b?s=96&d=mm&r=g\",\"contentUrl\":\"https:\/\/secure.gravatar.com\/avatar\/e0a867bdedb85fd243eadf09663511f96fc81e0720a4a42581f334ad4303aa6b?s=96&d=mm&r=g\",\"caption\":\"Reda\u00e7\u00e3o\"}}]}<\/script>\n<!-- \/ Yoast SEO plugin. -->","yoast_head_json":{"title":"Ponte arranca empate da Chapecoense no \u00faltimo minuto no Mois\u00e9s Lucarelli - Notibras","robots":{"index":"index","follow":"follow","max-snippet":"max-snippet:-1","max-image-preview":"max-image-preview:large","max-video-preview":"max-video-preview:-1"},"canonical":"https:\/\/www.notibras.com\/site\/ponte-arranca-empate-da-chapecoense-no-ultimo-minuto-no-moises-lucarelli\/","og_locale":"pt_BR","og_type":"article","og_title":"Ponte arranca empate da Chapecoense no \u00faltimo minuto no Mois\u00e9s Lucarelli - Notibras","og_description":"A Ponte Preta sofreu no Mois\u00e9s Lucarelli, em Campinas (SP), na noite desta quarta-feira, mas evitou a derrota diante de sua torcida. Com time misto, saiu atr\u00e1s dos reservas da Chapecoense, mas conseguiu empate dram\u00e1tico aos 42 minutos da segunda etapa, deixando tudo igual na partida de ida da segunda fase da Copa Sul-Americana.] Ap\u00f3s [&hellip;]","og_url":"https:\/\/www.notibras.com\/site\/ponte-arranca-empate-da-chapecoense-no-ultimo-minuto-no-moises-lucarelli\/","og_site_name":"Notibras","article_publisher":"https:\/\/www.facebook.com\/notibras\/","article_published_time":"2015-08-20T03:01:47+00:00","article_modified_time":"2015-08-20T04:02:13+00:00","og_image":[{"width":622,"height":350,"url":"https:\/\/www.notibras.com\/site\/wp-content\/uploads\/2015\/08\/cb5.jpg","type":"image\/jpeg"}],"author":"Reda\u00e7\u00e3o","twitter_card":"summary_large_image","twitter_creator":"@Notibras","twitter_site":"@Notibras","twitter_misc":{"Escrito por":"Reda\u00e7\u00e3o","Est. tempo de leitura":"1 minuto"},"schema":{"@context":"https:\/\/schema.org","@graph":[{"@type":"Article","@id":"https:\/\/www.notibras.com\/site\/ponte-arranca-empate-da-chapecoense-no-ultimo-minuto-no-moises-lucarelli\/#article","isPartOf":{"@id":"https:\/\/www.notibras.com\/site\/ponte-arranca-empate-da-chapecoense-no-ultimo-minuto-no-moises-lucarelli\/"},"author":{"name":"Reda\u00e7\u00e3o","@id":"https:\/\/www.notibras.com\/site\/#\/schema\/person\/36ab0979449956132d3e5b517ea76ac8"},"headline":"Ponte arranca empate da Chapecoense no \u00faltimo minuto no Mois\u00e9s Lucarelli","datePublished":"2015-08-20T03:01:47+00:00","dateModified":"2015-08-20T04:02:13+00:00","mainEntityOfPage":{"@id":"https:\/\/www.notibras.com\/site\/ponte-arranca-empate-da-chapecoense-no-ultimo-minuto-no-moises-lucarelli\/"},"wordCount":163,"commentCount":0,"publisher":{"@id":"https:\/\/www.notibras.com\/site\/#organization"},"image":{"@id":"https:\/\/www.notibras.com\/site\/ponte-arranca-empate-da-chapecoense-no-ultimo-minuto-no-moises-lucarelli\/#primaryimage"},"thumbnailUrl":"https:\/\/www.notibras.com\/site\/wp-content\/uploads\/2015\/08\/cb5.jpg","articleSection":["Futebol"],"inLanguage":"pt-BR","potentialAction":[{"@type":"CommentAction","name":"Comment","target":["https:\/\/www.notibras.com\/site\/ponte-arranca-empate-da-chapecoense-no-ultimo-minuto-no-moises-lucarelli\/#respond"]}]},{"@type":"WebPage","@id":"https:\/\/www.notibras.com\/site\/ponte-arranca-empate-da-chapecoense-no-ultimo-minuto-no-moises-lucarelli\/","url":"https:\/\/www.notibras.com\/site\/ponte-arranca-empate-da-chapecoense-no-ultimo-minuto-no-moises-lucarelli\/","name":"Ponte arranca empate da Chapecoense no \u00faltimo minuto no Mois\u00e9s Lucarelli - Notibras","isPartOf":{"@id":"https:\/\/www.notibras.com\/site\/#website"},"primaryImageOfPage":{"@id":"https:\/\/www.notibras.com\/site\/ponte-arranca-empate-da-chapecoense-no-ultimo-minuto-no-moises-lucarelli\/#primaryimage"},"image":{"@id":"https:\/\/www.notibras.com\/site\/ponte-arranca-empate-da-chapecoense-no-ultimo-minuto-no-moises-lucarelli\/#primaryimage"},"thumbnailUrl":"https:\/\/www.notibras.com\/site\/wp-content\/uploads\/2015\/08\/cb5.jpg","datePublished":"2015-08-20T03:01:47+00:00","dateModified":"2015-08-20T04:02:13+00:00","breadcrumb":{"@id":"https:\/\/www.notibras.com\/site\/ponte-arranca-empate-da-chapecoense-no-ultimo-minuto-no-moises-lucarelli\/#breadcrumb"},"inLanguage":"pt-BR","potentialAction":[{"@type":"ReadAction","target":["https:\/\/www.notibras.com\/site\/ponte-arranca-empate-da-chapecoense-no-ultimo-minuto-no-moises-lucarelli\/"]}]},{"@type":"ImageObject","inLanguage":"pt-BR","@id":"https:\/\/www.notibras.com\/site\/ponte-arranca-empate-da-chapecoense-no-ultimo-minuto-no-moises-lucarelli\/#primaryimage","url":"https:\/\/www.notibras.com\/site\/wp-content\/uploads\/2015\/08\/cb5.jpg","contentUrl":"https:\/\/www.notibras.com\/site\/wp-content\/uploads\/2015\/08\/cb5.jpg","width":622,"height":350},{"@type":"BreadcrumbList","@id":"https:\/\/www.notibras.com\/site\/ponte-arranca-empate-da-chapecoense-no-ultimo-minuto-no-moises-lucarelli\/#breadcrumb","itemListElement":[{"@type":"ListItem","position":1,"name":"In\u00edcio","item":"https:\/\/www.notibras.com\/site\/"},{"@type":"ListItem","position":2,"name":"Ponte arranca empate da Chapecoense no \u00faltimo minuto no Mois\u00e9s Lucarelli"}]},{"@type":"WebSite","@id":"https:\/\/www.notibras.com\/site\/#website","url":"https:\/\/www.notibras.com\/site\/","name":"Notibras","description":"Not\u00edcias de Bras\u00edlia, do Brasil e do Mundo","publisher":{"@id":"https:\/\/www.notibras.com\/site\/#organization"},"potentialAction":[{"@type":"SearchAction","target":{"@type":"EntryPoint","urlTemplate":"https:\/\/www.notibras.com\/site\/?s={search_term_string}"},"query-input":{"@type":"PropertyValueSpecification","valueRequired":true,"valueName":"search_term_string"}}],"inLanguage":"pt-BR"},{"@type":"Organization","@id":"https:\/\/www.notibras.com\/site\/#organization","name":"Grupo Notibras de Comunica\u00e7\u00e3o","url":"https:\/\/www.notibras.com\/site\/","logo":{"@type":"ImageObject","inLanguage":"pt-BR","@id":"https:\/\/www.notibras.com\/site\/#\/schema\/logo\/image\/","url":"https:\/\/www.notibras.com\/site\/wp-content\/uploads\/2023\/01\/notibras23.png","contentUrl":"https:\/\/www.notibras.com\/site\/wp-content\/uploads\/2023\/01\/notibras23.png","width":350,"height":87,"caption":"Grupo Notibras de Comunica\u00e7\u00e3o"},"image":{"@id":"https:\/\/www.notibras.com\/site\/#\/schema\/logo\/image\/"},"sameAs":["https:\/\/www.facebook.com\/notibras\/","https:\/\/x.com\/Notibras","https:\/\/www.instagram.com\/notibras\/"]},{"@type":"Person","@id":"https:\/\/www.notibras.com\/site\/#\/schema\/person\/36ab0979449956132d3e5b517ea76ac8","name":"Reda\u00e7\u00e3o","image":{"@type":"ImageObject","inLanguage":"pt-BR","@id":"https:\/\/secure.gravatar.com\/avatar\/e0a867bdedb85fd243eadf09663511f96fc81e0720a4a42581f334ad4303aa6b?s=96&d=mm&r=g","url":"https:\/\/secure.gravatar.com\/avatar\/e0a867bdedb85fd243eadf09663511f96fc81e0720a4a42581f334ad4303aa6b?s=96&d=mm&r=g","contentUrl":"https:\/\/secure.gravatar.com\/avatar\/e0a867bdedb85fd243eadf09663511f96fc81e0720a4a42581f334ad4303aa6b?s=96&d=mm&r=g","caption":"Reda\u00e7\u00e3o"}}]}},"amp_enabled":true,"_links":{"self":[{"href":"https:\/\/www.notibras.com\/site\/wp-json\/wp\/v2\/posts\/63187","targetHints":{"allow":["GET"]}}],"collection":[{"href":"https:\/\/www.notibras.com\/site\/wp-json\/wp\/v2\/posts"}],"about":[{"href":"https:\/\/www.notibras.com\/site\/wp-json\/wp\/v2\/types\/post"}],"author":[{"embeddable":true,"href":"https:\/\/www.notibras.com\/site\/wp-json\/wp\/v2\/users\/2"}],"replies":[{"embeddable":true,"href":"https:\/\/www.notibras.com\/site\/wp-json\/wp\/v2\/comments?post=63187"}],"version-history":[{"count":1,"href":"https:\/\/www.notibras.com\/site\/wp-json\/wp\/v2\/posts\/63187\/revisions"}],"predecessor-version":[{"id":63189,"href":"https:\/\/www.notibras.com\/site\/wp-json\/wp\/v2\/posts\/63187\/revisions\/63189"}],"wp:featuredmedia":[{"embeddable":true,"href":"https:\/\/www.notibras.com\/site\/wp-json\/wp\/v2\/media\/63188"}],"wp:attachment":[{"href":"https:\/\/www.notibras.com\/site\/wp-json\/wp\/v2\/media?parent=63187"}],"wp:term":[{"taxonomy":"category","embeddable":true,"href":"https:\/\/www.notibras.com\/site\/wp-json\/wp\/v2\/categories?post=63187"},{"taxonomy":"post_tag","embeddable":true,"href":"https:\/\/www.notibras.com\/site\/wp-json\/wp\/v2\/tags?post=63187"}],"curies":[{"name":"wp","href":"https:\/\/api.w.org\/{rel}","templated":true}]}}