{"id":63190,"date":"2015-08-20T00:04:10","date_gmt":"2015-08-20T03:04:10","guid":{"rendered":"http:\/\/www.notibras.com\/site\/?p=63190"},"modified":"2015-08-20T01:17:28","modified_gmt":"2015-08-20T04:17:28","slug":"leonardo-silva-salva-galo-de-derrota-para-o-fighueirense-no-ultimo-minuto","status":"publish","type":"post","link":"https:\/\/www.notibras.com\/site\/leonardo-silva-salva-galo-de-derrota-para-o-fighueirense-no-ultimo-minuto\/","title":{"rendered":"Leonardo Silva salva Galo de derrota para o Figueirense aos 47 do segundo tempo"},"content":{"rendered":"<p>O zagueiro Leonardo Silva salvou o Atl\u00e9tico-MG. O Figueirense vencia por 1 a 0, gol de Clayton, at\u00e9 os 47 minutos de etapa final, quando o capit\u00e3o alvinegro marcou o gol de empate. Resultado que mant\u00e9m a disputa aberta para o duelo da volta, em Florian\u00f3polis.<\/p>\n<p>Atual campe\u00e3o da Copa do Brasil, o Atl\u00e9tico precisa vencer para manter o sonho de conquistar o bicampeonato ou empatar por dois ou mais gols. Ao Figueirense resta empatar sem gols ou ganhar por qualquer placar, no Orlando Scarpelli, na pr\u00f3xima quarta-feira, \u00e0s 19h30, para avan\u00e7ar \u00e0s quartas de final.<\/p>\n<p>Apesar do gol no final, a equipe de Levir Culpi aumentou a sequ\u00eancia de resultados ruins. J\u00e1 s\u00e3o quatro jogos sem vencer, com duas derrotas, somadas as partidas de Brasileiro e Copa do Brasil.<\/p>\n","protected":false},"excerpt":{"rendered":"<p>O zagueiro Leonardo Silva salvou o Atl\u00e9tico-MG. O Figueirense vencia por 1 a 0, gol de Clayton, at\u00e9 os 47 minutos de etapa final, quando o capit\u00e3o alvinegro marcou o gol de empate. Resultado que mant\u00e9m a disputa aberta para o duelo da volta, em Florian\u00f3polis. Atual campe\u00e3o da Copa do Brasil, o Atl\u00e9tico precisa [&hellip;]<\/p>\n","protected":false},"author":2,"featured_media":63191,"comment_status":"open","ping_status":"closed","sticky":false,"template":"","format":"standard","meta":{"_acf_changed":false,"footnotes":""},"categories":[29],"tags":[],"class_list":["post-63190","post","type-post","status-publish","format-standard","has-post-thumbnail","hentry","category-futebol"],"acf":[],"yoast_head":"<!-- This site is optimized with the Yoast SEO plugin v27.2 - https:\/\/yoast.com\/product\/yoast-seo-wordpress\/ -->\n<title>Leonardo Silva salva Galo de derrota para o Figueirense aos 47 do segundo tempo - Notibras<\/title>\n<meta name=\"robots\" content=\"index, follow, max-snippet:-1, max-image-preview:large, max-video-preview:-1\" \/>\n<link rel=\"canonical\" href=\"https:\/\/www.notibras.com\/site\/leonardo-silva-salva-galo-de-derrota-para-o-fighueirense-no-ultimo-minuto\/\" \/>\n<meta property=\"og:locale\" content=\"pt_BR\" \/>\n<meta property=\"og:type\" content=\"article\" \/>\n<meta property=\"og:title\" content=\"Leonardo Silva salva Galo de derrota para o Figueirense aos 47 do segundo tempo - Notibras\" \/>\n<meta property=\"og:description\" content=\"O zagueiro Leonardo Silva salvou o Atl\u00e9tico-MG. O Figueirense vencia por 1 a 0, gol de Clayton, at\u00e9 os 47 minutos de etapa final, quando o capit\u00e3o alvinegro marcou o gol de empate. Resultado que mant\u00e9m a disputa aberta para o duelo da volta, em Florian\u00f3polis. Atual campe\u00e3o da Copa do Brasil, o Atl\u00e9tico precisa [&hellip;]\" \/>\n<meta property=\"og:url\" content=\"https:\/\/www.notibras.com\/site\/leonardo-silva-salva-galo-de-derrota-para-o-fighueirense-no-ultimo-minuto\/\" \/>\n<meta property=\"og:site_name\" content=\"Notibras\" \/>\n<meta property=\"article:publisher\" content=\"https:\/\/www.facebook.com\/notibras\/\" \/>\n<meta property=\"article:published_time\" content=\"2015-08-20T03:04:10+00:00\" \/>\n<meta property=\"article:modified_time\" content=\"2015-08-20T04:17:28+00:00\" \/>\n<meta property=\"og:image\" content=\"https:\/\/www.notibras.com\/site\/wp-content\/uploads\/2015\/08\/cb6.jpg\" \/>\n\t<meta property=\"og:image:width\" content=\"645\" \/>\n\t<meta property=\"og:image:height\" content=\"299\" \/>\n\t<meta property=\"og:image:type\" content=\"image\/jpeg\" \/>\n<meta name=\"author\" content=\"Reda\u00e7\u00e3o\" \/>\n<meta name=\"twitter:card\" content=\"summary_large_image\" \/>\n<meta name=\"twitter:creator\" content=\"@Notibras\" \/>\n<meta name=\"twitter:site\" content=\"@Notibras\" \/>\n<meta name=\"twitter:label1\" content=\"Escrito por\" \/>\n\t<meta name=\"twitter:data1\" content=\"Reda\u00e7\u00e3o\" \/>\n\t<meta name=\"twitter:label2\" content=\"Est. tempo de leitura\" \/>\n\t<meta name=\"twitter:data2\" content=\"1 minuto\" \/>\n<script type=\"application\/ld+json\" class=\"yoast-schema-graph\">{\"@context\":\"https:\/\/schema.org\",\"@graph\":[{\"@type\":\"Article\",\"@id\":\"https:\/\/www.notibras.com\/site\/leonardo-silva-salva-galo-de-derrota-para-o-fighueirense-no-ultimo-minuto\/#article\",\"isPartOf\":{\"@id\":\"https:\/\/www.notibras.com\/site\/leonardo-silva-salva-galo-de-derrota-para-o-fighueirense-no-ultimo-minuto\/\"},\"author\":{\"name\":\"Reda\u00e7\u00e3o\",\"@id\":\"https:\/\/www.notibras.com\/site\/#\/schema\/person\/36ab0979449956132d3e5b517ea76ac8\"},\"headline\":\"Leonardo Silva salva Galo de derrota para o Figueirense aos 47 do segundo tempo\",\"datePublished\":\"2015-08-20T03:04:10+00:00\",\"dateModified\":\"2015-08-20T04:17:28+00:00\",\"mainEntityOfPage\":{\"@id\":\"https:\/\/www.notibras.com\/site\/leonardo-silva-salva-galo-de-derrota-para-o-fighueirense-no-ultimo-minuto\/\"},\"wordCount\":150,\"commentCount\":0,\"publisher\":{\"@id\":\"https:\/\/www.notibras.com\/site\/#organization\"},\"image\":{\"@id\":\"https:\/\/www.notibras.com\/site\/leonardo-silva-salva-galo-de-derrota-para-o-fighueirense-no-ultimo-minuto\/#primaryimage\"},\"thumbnailUrl\":\"https:\/\/www.notibras.com\/site\/wp-content\/uploads\/2015\/08\/cb6.jpg\",\"articleSection\":[\"Futebol\"],\"inLanguage\":\"pt-BR\",\"potentialAction\":[{\"@type\":\"CommentAction\",\"name\":\"Comment\",\"target\":[\"https:\/\/www.notibras.com\/site\/leonardo-silva-salva-galo-de-derrota-para-o-fighueirense-no-ultimo-minuto\/#respond\"]}]},{\"@type\":\"WebPage\",\"@id\":\"https:\/\/www.notibras.com\/site\/leonardo-silva-salva-galo-de-derrota-para-o-fighueirense-no-ultimo-minuto\/\",\"url\":\"https:\/\/www.notibras.com\/site\/leonardo-silva-salva-galo-de-derrota-para-o-fighueirense-no-ultimo-minuto\/\",\"name\":\"Leonardo Silva salva Galo de derrota para o Figueirense aos 47 do segundo tempo - Notibras\",\"isPartOf\":{\"@id\":\"https:\/\/www.notibras.com\/site\/#website\"},\"primaryImageOfPage\":{\"@id\":\"https:\/\/www.notibras.com\/site\/leonardo-silva-salva-galo-de-derrota-para-o-fighueirense-no-ultimo-minuto\/#primaryimage\"},\"image\":{\"@id\":\"https:\/\/www.notibras.com\/site\/leonardo-silva-salva-galo-de-derrota-para-o-fighueirense-no-ultimo-minuto\/#primaryimage\"},\"thumbnailUrl\":\"https:\/\/www.notibras.com\/site\/wp-content\/uploads\/2015\/08\/cb6.jpg\",\"datePublished\":\"2015-08-20T03:04:10+00:00\",\"dateModified\":\"2015-08-20T04:17:28+00:00\",\"breadcrumb\":{\"@id\":\"https:\/\/www.notibras.com\/site\/leonardo-silva-salva-galo-de-derrota-para-o-fighueirense-no-ultimo-minuto\/#breadcrumb\"},\"inLanguage\":\"pt-BR\",\"potentialAction\":[{\"@type\":\"ReadAction\",\"target\":[\"https:\/\/www.notibras.com\/site\/leonardo-silva-salva-galo-de-derrota-para-o-fighueirense-no-ultimo-minuto\/\"]}]},{\"@type\":\"ImageObject\",\"inLanguage\":\"pt-BR\",\"@id\":\"https:\/\/www.notibras.com\/site\/leonardo-silva-salva-galo-de-derrota-para-o-fighueirense-no-ultimo-minuto\/#primaryimage\",\"url\":\"https:\/\/www.notibras.com\/site\/wp-content\/uploads\/2015\/08\/cb6.jpg\",\"contentUrl\":\"https:\/\/www.notibras.com\/site\/wp-content\/uploads\/2015\/08\/cb6.jpg\",\"width\":645,\"height\":299},{\"@type\":\"BreadcrumbList\",\"@id\":\"https:\/\/www.notibras.com\/site\/leonardo-silva-salva-galo-de-derrota-para-o-fighueirense-no-ultimo-minuto\/#breadcrumb\",\"itemListElement\":[{\"@type\":\"ListItem\",\"position\":1,\"name\":\"In\u00edcio\",\"item\":\"https:\/\/www.notibras.com\/site\/\"},{\"@type\":\"ListItem\",\"position\":2,\"name\":\"Leonardo Silva salva Galo de derrota para o Figueirense aos 47 do segundo tempo\"}]},{\"@type\":\"WebSite\",\"@id\":\"https:\/\/www.notibras.com\/site\/#website\",\"url\":\"https:\/\/www.notibras.com\/site\/\",\"name\":\"Notibras\",\"description\":\"Not\u00edcias de Bras\u00edlia, do Brasil e do Mundo\",\"publisher\":{\"@id\":\"https:\/\/www.notibras.com\/site\/#organization\"},\"potentialAction\":[{\"@type\":\"SearchAction\",\"target\":{\"@type\":\"EntryPoint\",\"urlTemplate\":\"https:\/\/www.notibras.com\/site\/?s={search_term_string}\"},\"query-input\":{\"@type\":\"PropertyValueSpecification\",\"valueRequired\":true,\"valueName\":\"search_term_string\"}}],\"inLanguage\":\"pt-BR\"},{\"@type\":\"Organization\",\"@id\":\"https:\/\/www.notibras.com\/site\/#organization\",\"name\":\"Grupo Notibras de Comunica\u00e7\u00e3o\",\"url\":\"https:\/\/www.notibras.com\/site\/\",\"logo\":{\"@type\":\"ImageObject\",\"inLanguage\":\"pt-BR\",\"@id\":\"https:\/\/www.notibras.com\/site\/#\/schema\/logo\/image\/\",\"url\":\"https:\/\/www.notibras.com\/site\/wp-content\/uploads\/2023\/01\/notibras23.png\",\"contentUrl\":\"https:\/\/www.notibras.com\/site\/wp-content\/uploads\/2023\/01\/notibras23.png\",\"width\":350,\"height\":87,\"caption\":\"Grupo Notibras de Comunica\u00e7\u00e3o\"},\"image\":{\"@id\":\"https:\/\/www.notibras.com\/site\/#\/schema\/logo\/image\/\"},\"sameAs\":[\"https:\/\/www.facebook.com\/notibras\/\",\"https:\/\/x.com\/Notibras\",\"https:\/\/www.instagram.com\/notibras\/\"]},{\"@type\":\"Person\",\"@id\":\"https:\/\/www.notibras.com\/site\/#\/schema\/person\/36ab0979449956132d3e5b517ea76ac8\",\"name\":\"Reda\u00e7\u00e3o\",\"image\":{\"@type\":\"ImageObject\",\"inLanguage\":\"pt-BR\",\"@id\":\"https:\/\/secure.gravatar.com\/avatar\/e0a867bdedb85fd243eadf09663511f96fc81e0720a4a42581f334ad4303aa6b?s=96&d=mm&r=g\",\"url\":\"https:\/\/secure.gravatar.com\/avatar\/e0a867bdedb85fd243eadf09663511f96fc81e0720a4a42581f334ad4303aa6b?s=96&d=mm&r=g\",\"contentUrl\":\"https:\/\/secure.gravatar.com\/avatar\/e0a867bdedb85fd243eadf09663511f96fc81e0720a4a42581f334ad4303aa6b?s=96&d=mm&r=g\",\"caption\":\"Reda\u00e7\u00e3o\"}}]}<\/script>\n<!-- \/ Yoast SEO plugin. -->","yoast_head_json":{"title":"Leonardo Silva salva Galo de derrota para o Figueirense aos 47 do segundo tempo - Notibras","robots":{"index":"index","follow":"follow","max-snippet":"max-snippet:-1","max-image-preview":"max-image-preview:large","max-video-preview":"max-video-preview:-1"},"canonical":"https:\/\/www.notibras.com\/site\/leonardo-silva-salva-galo-de-derrota-para-o-fighueirense-no-ultimo-minuto\/","og_locale":"pt_BR","og_type":"article","og_title":"Leonardo Silva salva Galo de derrota para o Figueirense aos 47 do segundo tempo - Notibras","og_description":"O zagueiro Leonardo Silva salvou o Atl\u00e9tico-MG. O Figueirense vencia por 1 a 0, gol de Clayton, at\u00e9 os 47 minutos de etapa final, quando o capit\u00e3o alvinegro marcou o gol de empate. Resultado que mant\u00e9m a disputa aberta para o duelo da volta, em Florian\u00f3polis. Atual campe\u00e3o da Copa do Brasil, o Atl\u00e9tico precisa [&hellip;]","og_url":"https:\/\/www.notibras.com\/site\/leonardo-silva-salva-galo-de-derrota-para-o-fighueirense-no-ultimo-minuto\/","og_site_name":"Notibras","article_publisher":"https:\/\/www.facebook.com\/notibras\/","article_published_time":"2015-08-20T03:04:10+00:00","article_modified_time":"2015-08-20T04:17:28+00:00","og_image":[{"width":645,"height":299,"url":"https:\/\/www.notibras.com\/site\/wp-content\/uploads\/2015\/08\/cb6.jpg","type":"image\/jpeg"}],"author":"Reda\u00e7\u00e3o","twitter_card":"summary_large_image","twitter_creator":"@Notibras","twitter_site":"@Notibras","twitter_misc":{"Escrito por":"Reda\u00e7\u00e3o","Est. tempo de leitura":"1 minuto"},"schema":{"@context":"https:\/\/schema.org","@graph":[{"@type":"Article","@id":"https:\/\/www.notibras.com\/site\/leonardo-silva-salva-galo-de-derrota-para-o-fighueirense-no-ultimo-minuto\/#article","isPartOf":{"@id":"https:\/\/www.notibras.com\/site\/leonardo-silva-salva-galo-de-derrota-para-o-fighueirense-no-ultimo-minuto\/"},"author":{"name":"Reda\u00e7\u00e3o","@id":"https:\/\/www.notibras.com\/site\/#\/schema\/person\/36ab0979449956132d3e5b517ea76ac8"},"headline":"Leonardo Silva salva Galo de derrota para o Figueirense aos 47 do segundo tempo","datePublished":"2015-08-20T03:04:10+00:00","dateModified":"2015-08-20T04:17:28+00:00","mainEntityOfPage":{"@id":"https:\/\/www.notibras.com\/site\/leonardo-silva-salva-galo-de-derrota-para-o-fighueirense-no-ultimo-minuto\/"},"wordCount":150,"commentCount":0,"publisher":{"@id":"https:\/\/www.notibras.com\/site\/#organization"},"image":{"@id":"https:\/\/www.notibras.com\/site\/leonardo-silva-salva-galo-de-derrota-para-o-fighueirense-no-ultimo-minuto\/#primaryimage"},"thumbnailUrl":"https:\/\/www.notibras.com\/site\/wp-content\/uploads\/2015\/08\/cb6.jpg","articleSection":["Futebol"],"inLanguage":"pt-BR","potentialAction":[{"@type":"CommentAction","name":"Comment","target":["https:\/\/www.notibras.com\/site\/leonardo-silva-salva-galo-de-derrota-para-o-fighueirense-no-ultimo-minuto\/#respond"]}]},{"@type":"WebPage","@id":"https:\/\/www.notibras.com\/site\/leonardo-silva-salva-galo-de-derrota-para-o-fighueirense-no-ultimo-minuto\/","url":"https:\/\/www.notibras.com\/site\/leonardo-silva-salva-galo-de-derrota-para-o-fighueirense-no-ultimo-minuto\/","name":"Leonardo Silva salva Galo de derrota para o Figueirense aos 47 do segundo tempo - Notibras","isPartOf":{"@id":"https:\/\/www.notibras.com\/site\/#website"},"primaryImageOfPage":{"@id":"https:\/\/www.notibras.com\/site\/leonardo-silva-salva-galo-de-derrota-para-o-fighueirense-no-ultimo-minuto\/#primaryimage"},"image":{"@id":"https:\/\/www.notibras.com\/site\/leonardo-silva-salva-galo-de-derrota-para-o-fighueirense-no-ultimo-minuto\/#primaryimage"},"thumbnailUrl":"https:\/\/www.notibras.com\/site\/wp-content\/uploads\/2015\/08\/cb6.jpg","datePublished":"2015-08-20T03:04:10+00:00","dateModified":"2015-08-20T04:17:28+00:00","breadcrumb":{"@id":"https:\/\/www.notibras.com\/site\/leonardo-silva-salva-galo-de-derrota-para-o-fighueirense-no-ultimo-minuto\/#breadcrumb"},"inLanguage":"pt-BR","potentialAction":[{"@type":"ReadAction","target":["https:\/\/www.notibras.com\/site\/leonardo-silva-salva-galo-de-derrota-para-o-fighueirense-no-ultimo-minuto\/"]}]},{"@type":"ImageObject","inLanguage":"pt-BR","@id":"https:\/\/www.notibras.com\/site\/leonardo-silva-salva-galo-de-derrota-para-o-fighueirense-no-ultimo-minuto\/#primaryimage","url":"https:\/\/www.notibras.com\/site\/wp-content\/uploads\/2015\/08\/cb6.jpg","contentUrl":"https:\/\/www.notibras.com\/site\/wp-content\/uploads\/2015\/08\/cb6.jpg","width":645,"height":299},{"@type":"BreadcrumbList","@id":"https:\/\/www.notibras.com\/site\/leonardo-silva-salva-galo-de-derrota-para-o-fighueirense-no-ultimo-minuto\/#breadcrumb","itemListElement":[{"@type":"ListItem","position":1,"name":"In\u00edcio","item":"https:\/\/www.notibras.com\/site\/"},{"@type":"ListItem","position":2,"name":"Leonardo Silva salva Galo de derrota para o Figueirense aos 47 do segundo tempo"}]},{"@type":"WebSite","@id":"https:\/\/www.notibras.com\/site\/#website","url":"https:\/\/www.notibras.com\/site\/","name":"Notibras","description":"Not\u00edcias de Bras\u00edlia, do Brasil e do Mundo","publisher":{"@id":"https:\/\/www.notibras.com\/site\/#organization"},"potentialAction":[{"@type":"SearchAction","target":{"@type":"EntryPoint","urlTemplate":"https:\/\/www.notibras.com\/site\/?s={search_term_string}"},"query-input":{"@type":"PropertyValueSpecification","valueRequired":true,"valueName":"search_term_string"}}],"inLanguage":"pt-BR"},{"@type":"Organization","@id":"https:\/\/www.notibras.com\/site\/#organization","name":"Grupo Notibras de Comunica\u00e7\u00e3o","url":"https:\/\/www.notibras.com\/site\/","logo":{"@type":"ImageObject","inLanguage":"pt-BR","@id":"https:\/\/www.notibras.com\/site\/#\/schema\/logo\/image\/","url":"https:\/\/www.notibras.com\/site\/wp-content\/uploads\/2023\/01\/notibras23.png","contentUrl":"https:\/\/www.notibras.com\/site\/wp-content\/uploads\/2023\/01\/notibras23.png","width":350,"height":87,"caption":"Grupo Notibras de Comunica\u00e7\u00e3o"},"image":{"@id":"https:\/\/www.notibras.com\/site\/#\/schema\/logo\/image\/"},"sameAs":["https:\/\/www.facebook.com\/notibras\/","https:\/\/x.com\/Notibras","https:\/\/www.instagram.com\/notibras\/"]},{"@type":"Person","@id":"https:\/\/www.notibras.com\/site\/#\/schema\/person\/36ab0979449956132d3e5b517ea76ac8","name":"Reda\u00e7\u00e3o","image":{"@type":"ImageObject","inLanguage":"pt-BR","@id":"https:\/\/secure.gravatar.com\/avatar\/e0a867bdedb85fd243eadf09663511f96fc81e0720a4a42581f334ad4303aa6b?s=96&d=mm&r=g","url":"https:\/\/secure.gravatar.com\/avatar\/e0a867bdedb85fd243eadf09663511f96fc81e0720a4a42581f334ad4303aa6b?s=96&d=mm&r=g","contentUrl":"https:\/\/secure.gravatar.com\/avatar\/e0a867bdedb85fd243eadf09663511f96fc81e0720a4a42581f334ad4303aa6b?s=96&d=mm&r=g","caption":"Reda\u00e7\u00e3o"}}]}},"amp_enabled":true,"_links":{"self":[{"href":"https:\/\/www.notibras.com\/site\/wp-json\/wp\/v2\/posts\/63190","targetHints":{"allow":["GET"]}}],"collection":[{"href":"https:\/\/www.notibras.com\/site\/wp-json\/wp\/v2\/posts"}],"about":[{"href":"https:\/\/www.notibras.com\/site\/wp-json\/wp\/v2\/types\/post"}],"author":[{"embeddable":true,"href":"https:\/\/www.notibras.com\/site\/wp-json\/wp\/v2\/users\/2"}],"replies":[{"embeddable":true,"href":"https:\/\/www.notibras.com\/site\/wp-json\/wp\/v2\/comments?post=63190"}],"version-history":[{"count":3,"href":"https:\/\/www.notibras.com\/site\/wp-json\/wp\/v2\/posts\/63190\/revisions"}],"predecessor-version":[{"id":63201,"href":"https:\/\/www.notibras.com\/site\/wp-json\/wp\/v2\/posts\/63190\/revisions\/63201"}],"wp:featuredmedia":[{"embeddable":true,"href":"https:\/\/www.notibras.com\/site\/wp-json\/wp\/v2\/media\/63191"}],"wp:attachment":[{"href":"https:\/\/www.notibras.com\/site\/wp-json\/wp\/v2\/media?parent=63190"}],"wp:term":[{"taxonomy":"category","embeddable":true,"href":"https:\/\/www.notibras.com\/site\/wp-json\/wp\/v2\/categories?post=63190"},{"taxonomy":"post_tag","embeddable":true,"href":"https:\/\/www.notibras.com\/site\/wp-json\/wp\/v2\/tags?post=63190"}],"curies":[{"name":"wp","href":"https:\/\/api.w.org\/{rel}","templated":true}]}}