{"id":63194,"date":"2015-08-20T00:20:13","date_gmt":"2015-08-20T03:20:13","guid":{"rendered":"http:\/\/www.notibras.com\/site\/?p=63194"},"modified":"2015-08-20T08:59:07","modified_gmt":"2015-08-20T11:59:07","slug":"santos-erra-menos-e-passa-pelo-corinthians-por-2-a-0-na-vila-belmiro","status":"publish","type":"post","link":"https:\/\/www.notibras.com\/site\/santos-erra-menos-e-passa-pelo-corinthians-por-2-a-0-na-vila-belmiro\/","title":{"rendered":"Santos erra menos na Vila, passa pelo Corinthians por 2 a 0 e fica na vantagem"},"content":{"rendered":"<p>O atacante Gabriel Barbosa, autor do primeiro gol do Santos no cl\u00e1ssico contra o Corinthians, revelou que a jogada que abriu caminho para a vit\u00f3ria santista por 2 a 0 foi copiada do Barcelona, da Espanha. Gabigol disse que havia pedido para Lucas Lima assistir aos jogos do time catal\u00e3o e ficar de olho na parceria de Messi e Neymar em campo.<\/p>\n<p>Segundo ele, a enfiada de bola de Lucas Lima e a sua sa\u00edda do meio da zaga corintiana para fazer o gol, \u00e9 uma jogada bastante utilizada pelos astros do Bar\u00e7a.<\/p>\n<p>&#8220;Eu falo pra ele assistir aos jogos do Barcelona, pois o Messi sempre faz assim com o Neymar, e deu certo hoje&#8221;, afirmou Gabigol.<\/p>\n<p>Gabriel Barbosa concedeu todos os m\u00e9ritos do gol a Lucas Lima e, inclusive, elegeu o companheiro como o melhor jogador do Brasil na atualidade.<\/p>\n<p>&#8220;Lucas Lima foi muito bem [na jogada do gol], jogador de sele\u00e7\u00e3o brasileira, \u00e9 o melhor jogador do Brasil&#8221;, disse.<\/p>\n<p>Lucas Lima agradeceu os elogios de Gabriel e retribui ao exaltar a movimenta\u00e7\u00e3o e finaliza\u00e7\u00e3o certeira do atacante no gol.<\/p>\n<p>&#8220;Eu tento muito esse passe, fui feliz, gra\u00e7as a Deus que saiu o gol. Obrigado pelo elogio dele [Gabriel]. Tem m\u00e9rito dele no gol. O passe saiu, mas o gol foi mais bonito ainda&#8221;, disse Lucas Lima, que tamb\u00e9m foi o autor da assist\u00eancia do segundo gol do Santos, marcado por Marquinhos Gabriel.<\/p>\n<p>Ap\u00f3s vencer o arquirrival na Copa do Brasil, o Santos volta a campo diante do Ava\u00ed, neste s\u00e1bado, \u00e0s 18h30 (de Bras\u00edlia), na Vila Belmiro, em jogo v\u00e1lido pela 20\u00aa rodada do Campeonato Brasileiro.<\/p>\n","protected":false},"excerpt":{"rendered":"<p>O atacante Gabriel Barbosa, autor do primeiro gol do Santos no cl\u00e1ssico contra o Corinthians, revelou que a jogada que abriu caminho para a vit\u00f3ria santista por 2 a 0 foi copiada do Barcelona, da Espanha. Gabigol disse que havia pedido para Lucas Lima assistir aos jogos do time catal\u00e3o e ficar de olho na [&hellip;]<\/p>\n","protected":false},"author":2,"featured_media":63195,"comment_status":"open","ping_status":"closed","sticky":false,"template":"","format":"standard","meta":{"_acf_changed":false,"footnotes":""},"categories":[29],"tags":[],"class_list":["post-63194","post","type-post","status-publish","format-standard","has-post-thumbnail","hentry","category-futebol"],"acf":[],"yoast_head":"<!-- This site is optimized with the Yoast SEO plugin v27.2 - https:\/\/yoast.com\/product\/yoast-seo-wordpress\/ -->\n<title>Santos erra menos na Vila, passa pelo Corinthians por 2 a 0 e fica na vantagem - Notibras<\/title>\n<meta name=\"robots\" content=\"index, follow, max-snippet:-1, max-image-preview:large, max-video-preview:-1\" \/>\n<link rel=\"canonical\" href=\"https:\/\/www.notibras.com\/site\/santos-erra-menos-e-passa-pelo-corinthians-por-2-a-0-na-vila-belmiro\/\" \/>\n<meta property=\"og:locale\" content=\"pt_BR\" \/>\n<meta property=\"og:type\" content=\"article\" \/>\n<meta property=\"og:title\" content=\"Santos erra menos na Vila, passa pelo Corinthians por 2 a 0 e fica na vantagem - Notibras\" \/>\n<meta property=\"og:description\" content=\"O atacante Gabriel Barbosa, autor do primeiro gol do Santos no cl\u00e1ssico contra o Corinthians, revelou que a jogada que abriu caminho para a vit\u00f3ria santista por 2 a 0 foi copiada do Barcelona, da Espanha. Gabigol disse que havia pedido para Lucas Lima assistir aos jogos do time catal\u00e3o e ficar de olho na [&hellip;]\" \/>\n<meta property=\"og:url\" content=\"https:\/\/www.notibras.com\/site\/santos-erra-menos-e-passa-pelo-corinthians-por-2-a-0-na-vila-belmiro\/\" \/>\n<meta property=\"og:site_name\" content=\"Notibras\" \/>\n<meta property=\"article:publisher\" content=\"https:\/\/www.facebook.com\/notibras\/\" \/>\n<meta property=\"article:published_time\" content=\"2015-08-20T03:20:13+00:00\" \/>\n<meta property=\"article:modified_time\" content=\"2015-08-20T11:59:07+00:00\" \/>\n<meta property=\"og:image\" content=\"https:\/\/www.notibras.com\/site\/wp-content\/uploads\/2015\/08\/cb7.jpg\" \/>\n\t<meta property=\"og:image:width\" content=\"527\" \/>\n\t<meta property=\"og:image:height\" content=\"307\" \/>\n\t<meta property=\"og:image:type\" content=\"image\/jpeg\" \/>\n<meta name=\"author\" content=\"Reda\u00e7\u00e3o\" \/>\n<meta name=\"twitter:card\" content=\"summary_large_image\" \/>\n<meta name=\"twitter:creator\" content=\"@Notibras\" \/>\n<meta name=\"twitter:site\" content=\"@Notibras\" \/>\n<meta name=\"twitter:label1\" content=\"Escrito por\" \/>\n\t<meta name=\"twitter:data1\" content=\"Reda\u00e7\u00e3o\" \/>\n\t<meta name=\"twitter:label2\" content=\"Est. tempo de leitura\" \/>\n\t<meta name=\"twitter:data2\" content=\"1 minuto\" \/>\n<script type=\"application\/ld+json\" class=\"yoast-schema-graph\">{\"@context\":\"https:\/\/schema.org\",\"@graph\":[{\"@type\":\"Article\",\"@id\":\"https:\/\/www.notibras.com\/site\/santos-erra-menos-e-passa-pelo-corinthians-por-2-a-0-na-vila-belmiro\/#article\",\"isPartOf\":{\"@id\":\"https:\/\/www.notibras.com\/site\/santos-erra-menos-e-passa-pelo-corinthians-por-2-a-0-na-vila-belmiro\/\"},\"author\":{\"name\":\"Reda\u00e7\u00e3o\",\"@id\":\"https:\/\/www.notibras.com\/site\/#\/schema\/person\/36ab0979449956132d3e5b517ea76ac8\"},\"headline\":\"Santos erra menos na Vila, passa pelo Corinthians por 2 a 0 e fica na vantagem\",\"datePublished\":\"2015-08-20T03:20:13+00:00\",\"dateModified\":\"2015-08-20T11:59:07+00:00\",\"mainEntityOfPage\":{\"@id\":\"https:\/\/www.notibras.com\/site\/santos-erra-menos-e-passa-pelo-corinthians-por-2-a-0-na-vila-belmiro\/\"},\"wordCount\":294,\"commentCount\":0,\"publisher\":{\"@id\":\"https:\/\/www.notibras.com\/site\/#organization\"},\"image\":{\"@id\":\"https:\/\/www.notibras.com\/site\/santos-erra-menos-e-passa-pelo-corinthians-por-2-a-0-na-vila-belmiro\/#primaryimage\"},\"thumbnailUrl\":\"https:\/\/www.notibras.com\/site\/wp-content\/uploads\/2015\/08\/cb7.jpg\",\"articleSection\":[\"Futebol\"],\"inLanguage\":\"pt-BR\",\"potentialAction\":[{\"@type\":\"CommentAction\",\"name\":\"Comment\",\"target\":[\"https:\/\/www.notibras.com\/site\/santos-erra-menos-e-passa-pelo-corinthians-por-2-a-0-na-vila-belmiro\/#respond\"]}]},{\"@type\":\"WebPage\",\"@id\":\"https:\/\/www.notibras.com\/site\/santos-erra-menos-e-passa-pelo-corinthians-por-2-a-0-na-vila-belmiro\/\",\"url\":\"https:\/\/www.notibras.com\/site\/santos-erra-menos-e-passa-pelo-corinthians-por-2-a-0-na-vila-belmiro\/\",\"name\":\"Santos erra menos na Vila, passa pelo Corinthians por 2 a 0 e fica na vantagem - Notibras\",\"isPartOf\":{\"@id\":\"https:\/\/www.notibras.com\/site\/#website\"},\"primaryImageOfPage\":{\"@id\":\"https:\/\/www.notibras.com\/site\/santos-erra-menos-e-passa-pelo-corinthians-por-2-a-0-na-vila-belmiro\/#primaryimage\"},\"image\":{\"@id\":\"https:\/\/www.notibras.com\/site\/santos-erra-menos-e-passa-pelo-corinthians-por-2-a-0-na-vila-belmiro\/#primaryimage\"},\"thumbnailUrl\":\"https:\/\/www.notibras.com\/site\/wp-content\/uploads\/2015\/08\/cb7.jpg\",\"datePublished\":\"2015-08-20T03:20:13+00:00\",\"dateModified\":\"2015-08-20T11:59:07+00:00\",\"breadcrumb\":{\"@id\":\"https:\/\/www.notibras.com\/site\/santos-erra-menos-e-passa-pelo-corinthians-por-2-a-0-na-vila-belmiro\/#breadcrumb\"},\"inLanguage\":\"pt-BR\",\"potentialAction\":[{\"@type\":\"ReadAction\",\"target\":[\"https:\/\/www.notibras.com\/site\/santos-erra-menos-e-passa-pelo-corinthians-por-2-a-0-na-vila-belmiro\/\"]}]},{\"@type\":\"ImageObject\",\"inLanguage\":\"pt-BR\",\"@id\":\"https:\/\/www.notibras.com\/site\/santos-erra-menos-e-passa-pelo-corinthians-por-2-a-0-na-vila-belmiro\/#primaryimage\",\"url\":\"https:\/\/www.notibras.com\/site\/wp-content\/uploads\/2015\/08\/cb7.jpg\",\"contentUrl\":\"https:\/\/www.notibras.com\/site\/wp-content\/uploads\/2015\/08\/cb7.jpg\",\"width\":527,\"height\":307},{\"@type\":\"BreadcrumbList\",\"@id\":\"https:\/\/www.notibras.com\/site\/santos-erra-menos-e-passa-pelo-corinthians-por-2-a-0-na-vila-belmiro\/#breadcrumb\",\"itemListElement\":[{\"@type\":\"ListItem\",\"position\":1,\"name\":\"In\u00edcio\",\"item\":\"https:\/\/www.notibras.com\/site\/\"},{\"@type\":\"ListItem\",\"position\":2,\"name\":\"Santos erra menos na Vila, passa pelo Corinthians por 2 a 0 e fica na vantagem\"}]},{\"@type\":\"WebSite\",\"@id\":\"https:\/\/www.notibras.com\/site\/#website\",\"url\":\"https:\/\/www.notibras.com\/site\/\",\"name\":\"Notibras\",\"description\":\"Not\u00edcias de Bras\u00edlia, do Brasil e do Mundo\",\"publisher\":{\"@id\":\"https:\/\/www.notibras.com\/site\/#organization\"},\"potentialAction\":[{\"@type\":\"SearchAction\",\"target\":{\"@type\":\"EntryPoint\",\"urlTemplate\":\"https:\/\/www.notibras.com\/site\/?s={search_term_string}\"},\"query-input\":{\"@type\":\"PropertyValueSpecification\",\"valueRequired\":true,\"valueName\":\"search_term_string\"}}],\"inLanguage\":\"pt-BR\"},{\"@type\":\"Organization\",\"@id\":\"https:\/\/www.notibras.com\/site\/#organization\",\"name\":\"Grupo Notibras de Comunica\u00e7\u00e3o\",\"url\":\"https:\/\/www.notibras.com\/site\/\",\"logo\":{\"@type\":\"ImageObject\",\"inLanguage\":\"pt-BR\",\"@id\":\"https:\/\/www.notibras.com\/site\/#\/schema\/logo\/image\/\",\"url\":\"https:\/\/www.notibras.com\/site\/wp-content\/uploads\/2023\/01\/notibras23.png\",\"contentUrl\":\"https:\/\/www.notibras.com\/site\/wp-content\/uploads\/2023\/01\/notibras23.png\",\"width\":350,\"height\":87,\"caption\":\"Grupo Notibras de Comunica\u00e7\u00e3o\"},\"image\":{\"@id\":\"https:\/\/www.notibras.com\/site\/#\/schema\/logo\/image\/\"},\"sameAs\":[\"https:\/\/www.facebook.com\/notibras\/\",\"https:\/\/x.com\/Notibras\",\"https:\/\/www.instagram.com\/notibras\/\"]},{\"@type\":\"Person\",\"@id\":\"https:\/\/www.notibras.com\/site\/#\/schema\/person\/36ab0979449956132d3e5b517ea76ac8\",\"name\":\"Reda\u00e7\u00e3o\",\"image\":{\"@type\":\"ImageObject\",\"inLanguage\":\"pt-BR\",\"@id\":\"https:\/\/secure.gravatar.com\/avatar\/e0a867bdedb85fd243eadf09663511f96fc81e0720a4a42581f334ad4303aa6b?s=96&d=mm&r=g\",\"url\":\"https:\/\/secure.gravatar.com\/avatar\/e0a867bdedb85fd243eadf09663511f96fc81e0720a4a42581f334ad4303aa6b?s=96&d=mm&r=g\",\"contentUrl\":\"https:\/\/secure.gravatar.com\/avatar\/e0a867bdedb85fd243eadf09663511f96fc81e0720a4a42581f334ad4303aa6b?s=96&d=mm&r=g\",\"caption\":\"Reda\u00e7\u00e3o\"}}]}<\/script>\n<!-- \/ Yoast SEO plugin. -->","yoast_head_json":{"title":"Santos erra menos na Vila, passa pelo Corinthians por 2 a 0 e fica na vantagem - Notibras","robots":{"index":"index","follow":"follow","max-snippet":"max-snippet:-1","max-image-preview":"max-image-preview:large","max-video-preview":"max-video-preview:-1"},"canonical":"https:\/\/www.notibras.com\/site\/santos-erra-menos-e-passa-pelo-corinthians-por-2-a-0-na-vila-belmiro\/","og_locale":"pt_BR","og_type":"article","og_title":"Santos erra menos na Vila, passa pelo Corinthians por 2 a 0 e fica na vantagem - Notibras","og_description":"O atacante Gabriel Barbosa, autor do primeiro gol do Santos no cl\u00e1ssico contra o Corinthians, revelou que a jogada que abriu caminho para a vit\u00f3ria santista por 2 a 0 foi copiada do Barcelona, da Espanha. Gabigol disse que havia pedido para Lucas Lima assistir aos jogos do time catal\u00e3o e ficar de olho na [&hellip;]","og_url":"https:\/\/www.notibras.com\/site\/santos-erra-menos-e-passa-pelo-corinthians-por-2-a-0-na-vila-belmiro\/","og_site_name":"Notibras","article_publisher":"https:\/\/www.facebook.com\/notibras\/","article_published_time":"2015-08-20T03:20:13+00:00","article_modified_time":"2015-08-20T11:59:07+00:00","og_image":[{"width":527,"height":307,"url":"https:\/\/www.notibras.com\/site\/wp-content\/uploads\/2015\/08\/cb7.jpg","type":"image\/jpeg"}],"author":"Reda\u00e7\u00e3o","twitter_card":"summary_large_image","twitter_creator":"@Notibras","twitter_site":"@Notibras","twitter_misc":{"Escrito por":"Reda\u00e7\u00e3o","Est. tempo de leitura":"1 minuto"},"schema":{"@context":"https:\/\/schema.org","@graph":[{"@type":"Article","@id":"https:\/\/www.notibras.com\/site\/santos-erra-menos-e-passa-pelo-corinthians-por-2-a-0-na-vila-belmiro\/#article","isPartOf":{"@id":"https:\/\/www.notibras.com\/site\/santos-erra-menos-e-passa-pelo-corinthians-por-2-a-0-na-vila-belmiro\/"},"author":{"name":"Reda\u00e7\u00e3o","@id":"https:\/\/www.notibras.com\/site\/#\/schema\/person\/36ab0979449956132d3e5b517ea76ac8"},"headline":"Santos erra menos na Vila, passa pelo Corinthians por 2 a 0 e fica na vantagem","datePublished":"2015-08-20T03:20:13+00:00","dateModified":"2015-08-20T11:59:07+00:00","mainEntityOfPage":{"@id":"https:\/\/www.notibras.com\/site\/santos-erra-menos-e-passa-pelo-corinthians-por-2-a-0-na-vila-belmiro\/"},"wordCount":294,"commentCount":0,"publisher":{"@id":"https:\/\/www.notibras.com\/site\/#organization"},"image":{"@id":"https:\/\/www.notibras.com\/site\/santos-erra-menos-e-passa-pelo-corinthians-por-2-a-0-na-vila-belmiro\/#primaryimage"},"thumbnailUrl":"https:\/\/www.notibras.com\/site\/wp-content\/uploads\/2015\/08\/cb7.jpg","articleSection":["Futebol"],"inLanguage":"pt-BR","potentialAction":[{"@type":"CommentAction","name":"Comment","target":["https:\/\/www.notibras.com\/site\/santos-erra-menos-e-passa-pelo-corinthians-por-2-a-0-na-vila-belmiro\/#respond"]}]},{"@type":"WebPage","@id":"https:\/\/www.notibras.com\/site\/santos-erra-menos-e-passa-pelo-corinthians-por-2-a-0-na-vila-belmiro\/","url":"https:\/\/www.notibras.com\/site\/santos-erra-menos-e-passa-pelo-corinthians-por-2-a-0-na-vila-belmiro\/","name":"Santos erra menos na Vila, passa pelo Corinthians por 2 a 0 e fica na vantagem - Notibras","isPartOf":{"@id":"https:\/\/www.notibras.com\/site\/#website"},"primaryImageOfPage":{"@id":"https:\/\/www.notibras.com\/site\/santos-erra-menos-e-passa-pelo-corinthians-por-2-a-0-na-vila-belmiro\/#primaryimage"},"image":{"@id":"https:\/\/www.notibras.com\/site\/santos-erra-menos-e-passa-pelo-corinthians-por-2-a-0-na-vila-belmiro\/#primaryimage"},"thumbnailUrl":"https:\/\/www.notibras.com\/site\/wp-content\/uploads\/2015\/08\/cb7.jpg","datePublished":"2015-08-20T03:20:13+00:00","dateModified":"2015-08-20T11:59:07+00:00","breadcrumb":{"@id":"https:\/\/www.notibras.com\/site\/santos-erra-menos-e-passa-pelo-corinthians-por-2-a-0-na-vila-belmiro\/#breadcrumb"},"inLanguage":"pt-BR","potentialAction":[{"@type":"ReadAction","target":["https:\/\/www.notibras.com\/site\/santos-erra-menos-e-passa-pelo-corinthians-por-2-a-0-na-vila-belmiro\/"]}]},{"@type":"ImageObject","inLanguage":"pt-BR","@id":"https:\/\/www.notibras.com\/site\/santos-erra-menos-e-passa-pelo-corinthians-por-2-a-0-na-vila-belmiro\/#primaryimage","url":"https:\/\/www.notibras.com\/site\/wp-content\/uploads\/2015\/08\/cb7.jpg","contentUrl":"https:\/\/www.notibras.com\/site\/wp-content\/uploads\/2015\/08\/cb7.jpg","width":527,"height":307},{"@type":"BreadcrumbList","@id":"https:\/\/www.notibras.com\/site\/santos-erra-menos-e-passa-pelo-corinthians-por-2-a-0-na-vila-belmiro\/#breadcrumb","itemListElement":[{"@type":"ListItem","position":1,"name":"In\u00edcio","item":"https:\/\/www.notibras.com\/site\/"},{"@type":"ListItem","position":2,"name":"Santos erra menos na Vila, passa pelo Corinthians por 2 a 0 e fica na vantagem"}]},{"@type":"WebSite","@id":"https:\/\/www.notibras.com\/site\/#website","url":"https:\/\/www.notibras.com\/site\/","name":"Notibras","description":"Not\u00edcias de Bras\u00edlia, do Brasil e do Mundo","publisher":{"@id":"https:\/\/www.notibras.com\/site\/#organization"},"potentialAction":[{"@type":"SearchAction","target":{"@type":"EntryPoint","urlTemplate":"https:\/\/www.notibras.com\/site\/?s={search_term_string}"},"query-input":{"@type":"PropertyValueSpecification","valueRequired":true,"valueName":"search_term_string"}}],"inLanguage":"pt-BR"},{"@type":"Organization","@id":"https:\/\/www.notibras.com\/site\/#organization","name":"Grupo Notibras de Comunica\u00e7\u00e3o","url":"https:\/\/www.notibras.com\/site\/","logo":{"@type":"ImageObject","inLanguage":"pt-BR","@id":"https:\/\/www.notibras.com\/site\/#\/schema\/logo\/image\/","url":"https:\/\/www.notibras.com\/site\/wp-content\/uploads\/2023\/01\/notibras23.png","contentUrl":"https:\/\/www.notibras.com\/site\/wp-content\/uploads\/2023\/01\/notibras23.png","width":350,"height":87,"caption":"Grupo Notibras de Comunica\u00e7\u00e3o"},"image":{"@id":"https:\/\/www.notibras.com\/site\/#\/schema\/logo\/image\/"},"sameAs":["https:\/\/www.facebook.com\/notibras\/","https:\/\/x.com\/Notibras","https:\/\/www.instagram.com\/notibras\/"]},{"@type":"Person","@id":"https:\/\/www.notibras.com\/site\/#\/schema\/person\/36ab0979449956132d3e5b517ea76ac8","name":"Reda\u00e7\u00e3o","image":{"@type":"ImageObject","inLanguage":"pt-BR","@id":"https:\/\/secure.gravatar.com\/avatar\/e0a867bdedb85fd243eadf09663511f96fc81e0720a4a42581f334ad4303aa6b?s=96&d=mm&r=g","url":"https:\/\/secure.gravatar.com\/avatar\/e0a867bdedb85fd243eadf09663511f96fc81e0720a4a42581f334ad4303aa6b?s=96&d=mm&r=g","contentUrl":"https:\/\/secure.gravatar.com\/avatar\/e0a867bdedb85fd243eadf09663511f96fc81e0720a4a42581f334ad4303aa6b?s=96&d=mm&r=g","caption":"Reda\u00e7\u00e3o"}}]}},"amp_enabled":true,"_links":{"self":[{"href":"https:\/\/www.notibras.com\/site\/wp-json\/wp\/v2\/posts\/63194","targetHints":{"allow":["GET"]}}],"collection":[{"href":"https:\/\/www.notibras.com\/site\/wp-json\/wp\/v2\/posts"}],"about":[{"href":"https:\/\/www.notibras.com\/site\/wp-json\/wp\/v2\/types\/post"}],"author":[{"embeddable":true,"href":"https:\/\/www.notibras.com\/site\/wp-json\/wp\/v2\/users\/2"}],"replies":[{"embeddable":true,"href":"https:\/\/www.notibras.com\/site\/wp-json\/wp\/v2\/comments?post=63194"}],"version-history":[{"count":3,"href":"https:\/\/www.notibras.com\/site\/wp-json\/wp\/v2\/posts\/63194\/revisions"}],"predecessor-version":[{"id":63343,"href":"https:\/\/www.notibras.com\/site\/wp-json\/wp\/v2\/posts\/63194\/revisions\/63343"}],"wp:featuredmedia":[{"embeddable":true,"href":"https:\/\/www.notibras.com\/site\/wp-json\/wp\/v2\/media\/63195"}],"wp:attachment":[{"href":"https:\/\/www.notibras.com\/site\/wp-json\/wp\/v2\/media?parent=63194"}],"wp:term":[{"taxonomy":"category","embeddable":true,"href":"https:\/\/www.notibras.com\/site\/wp-json\/wp\/v2\/categories?post=63194"},{"taxonomy":"post_tag","embeddable":true,"href":"https:\/\/www.notibras.com\/site\/wp-json\/wp\/v2\/tags?post=63194"}],"curies":[{"name":"wp","href":"https:\/\/api.w.org\/{rel}","templated":true}]}}