{"id":63226,"date":"2015-08-19T19:14:16","date_gmt":"2015-08-19T22:14:16","guid":{"rendered":"http:\/\/www.notibras.com\/site\/?p=63226"},"modified":"2015-08-20T03:38:31","modified_gmt":"2015-08-20T06:38:31","slug":"sao-paulo-reconhece-oficialmente-a-crise-hidrica-e-admite-torneiras-sem-agua","status":"publish","type":"post","link":"https:\/\/www.notibras.com\/site\/sao-paulo-reconhece-oficialmente-a-crise-hidrica-e-admite-torneiras-sem-agua\/","title":{"rendered":"Governo paulista reconhece oficialmente a crise h\u00eddrica e admite torneiras sem \u00e1gua"},"content":{"rendered":"<p>A crise h\u00eddrica na Grande S\u00e3o Paulo come\u00e7ou em janeiro do ano passado, mas somente agora\u00a0a situa\u00e7\u00e3o foi reconhecida oficialmente como cr\u00edtica pelo governo paulista, por meio de uma portaria publicada no Di\u00e1rio Oficial do estado.<\/p>\n<p>Na portaria, o superintendente do Departamento de \u00c1guas e Energia El\u00e9trica (Daee), Ricardo Borsari, declara \u201cem situa\u00e7\u00e3o de criticidade h\u00eddrica a regi\u00e3o da bacia hidrogr\u00e1fica do Alto Tiet\u00ea\u201d, que serve a diversos sistemas que abastecem a Grande S\u00e3o Paulo. Entre esses sistemas est\u00e1 o Alto Tiet\u00ea, que opera com 15,4% de sua capacidade, segundo a Companhia de Saneamento B\u00e1sico do Estado de S\u00e3o Paulo (Sabesp).<\/p>\n<p>O reconhecimento da crise h\u00eddrica j\u00e1 vinha sendo cobrado h\u00e1 tempos pelo Minist\u00e9rio P\u00fablico. Em mar\u00e7o deste ano, por exemplo, o Minist\u00e9rio P\u00fablico instaurou um inqu\u00e9rito civil para apurar irregularidades e degrada\u00e7\u00e3o ambiental em obras no Sistema Alto Tiet\u00ea para o enfrentamento da crise h\u00eddrica. No inqu\u00e9rito, o promotor Ricardo Manuel Castro disse que iria apurar as obras emergenciais no sistema que estavam sendo feitas sem que o governo estadual tivesse decretado situa\u00e7\u00e3o de emerg\u00eancia para o abastecimento de \u00e1gua.<\/p>\n<p>Por meio da portaria publicada no Di\u00e1rio Oficial e que, portanto, j\u00e1 est\u00e1 em vigor, o Daee determinou que a utiliza\u00e7\u00e3o de recursos h\u00eddricos em desacordo com a Lei 7.663, de 1991, ou sem a sua autoriza\u00e7\u00e3o, \u00e9 uma infra\u00e7\u00e3o. Com isso, o estado de S\u00e3o Paulo poder\u00e1, por exemplo, suspender as licen\u00e7as de capta\u00e7\u00e3o particulares de \u00e1guas superficiais e subterr\u00e2neas, priorizando o abastecimento p\u00fablico em vez da agricultura e da ind\u00fastria.<\/p>\n<p>A medida, segundo a portaria, foi tomada por causa \u201cdas baixas magnitudes das precipita\u00e7\u00f5es nas bacias de contribui\u00e7\u00e3o e o n\u00edvel atual de armazenamento nos reservat\u00f3rios que abastecem a regi\u00e3o metropolitana\u201d; pela continuidade, este ano, da \u201cpior estiagem nessa regi\u00e3o\u201d e pelo potencial negativo dessa \u201csitua\u00e7\u00e3o an\u00f4mala sobre as popula\u00e7\u00f5es servidas\u201d pelo Sistema Alto Tiet\u00ea.<\/p>\n<p><strong>Elaine Patricia Cruz &#8211; AB<\/strong>r<\/p>\n","protected":false},"excerpt":{"rendered":"<p>A crise h\u00eddrica na Grande S\u00e3o Paulo come\u00e7ou em janeiro do ano passado, mas somente agora\u00a0a situa\u00e7\u00e3o foi reconhecida oficialmente como cr\u00edtica pelo governo paulista, por meio de uma portaria publicada no Di\u00e1rio Oficial do estado. Na portaria, o superintendente do Departamento de \u00c1guas e Energia El\u00e9trica (Daee), Ricardo Borsari, declara \u201cem situa\u00e7\u00e3o de criticidade [&hellip;]<\/p>\n","protected":false},"author":2,"featured_media":63227,"comment_status":"open","ping_status":"closed","sticky":false,"template":"","format":"standard","meta":{"_acf_changed":false,"footnotes":""},"categories":[16],"tags":[],"class_list":["post-63226","post","type-post","status-publish","format-standard","has-post-thumbnail","hentry","category-brasil"],"acf":[],"yoast_head":"<!-- This site is optimized with the Yoast SEO plugin v27.2 - https:\/\/yoast.com\/product\/yoast-seo-wordpress\/ -->\n<title>Governo paulista reconhece oficialmente a crise h\u00eddrica e admite torneiras sem \u00e1gua - Notibras<\/title>\n<meta name=\"robots\" content=\"index, follow, max-snippet:-1, max-image-preview:large, max-video-preview:-1\" \/>\n<link rel=\"canonical\" href=\"https:\/\/www.notibras.com\/site\/sao-paulo-reconhece-oficialmente-a-crise-hidrica-e-admite-torneiras-sem-agua\/\" \/>\n<meta property=\"og:locale\" content=\"pt_BR\" \/>\n<meta property=\"og:type\" content=\"article\" \/>\n<meta property=\"og:title\" content=\"Governo paulista reconhece oficialmente a crise h\u00eddrica e admite torneiras sem \u00e1gua - Notibras\" \/>\n<meta property=\"og:description\" content=\"A crise h\u00eddrica na Grande S\u00e3o Paulo come\u00e7ou em janeiro do ano passado, mas somente agora\u00a0a situa\u00e7\u00e3o foi reconhecida oficialmente como cr\u00edtica pelo governo paulista, por meio de uma portaria publicada no Di\u00e1rio Oficial do estado. Na portaria, o superintendente do Departamento de \u00c1guas e Energia El\u00e9trica (Daee), Ricardo Borsari, declara \u201cem situa\u00e7\u00e3o de criticidade [&hellip;]\" \/>\n<meta property=\"og:url\" content=\"https:\/\/www.notibras.com\/site\/sao-paulo-reconhece-oficialmente-a-crise-hidrica-e-admite-torneiras-sem-agua\/\" \/>\n<meta property=\"og:site_name\" content=\"Notibras\" \/>\n<meta property=\"article:publisher\" content=\"https:\/\/www.facebook.com\/notibras\/\" \/>\n<meta property=\"article:published_time\" content=\"2015-08-19T22:14:16+00:00\" \/>\n<meta property=\"article:modified_time\" content=\"2015-08-20T06:38:31+00:00\" \/>\n<meta property=\"og:image\" content=\"https:\/\/www.notibras.com\/site\/wp-content\/uploads\/2015\/08\/cantareira_fotor_1.jpg\" \/>\n\t<meta property=\"og:image:width\" content=\"1024\" \/>\n\t<meta property=\"og:image:height\" content=\"600\" \/>\n\t<meta property=\"og:image:type\" content=\"image\/jpeg\" \/>\n<meta name=\"author\" content=\"Reda\u00e7\u00e3o\" \/>\n<meta name=\"twitter:card\" content=\"summary_large_image\" \/>\n<meta name=\"twitter:creator\" content=\"@Notibras\" \/>\n<meta name=\"twitter:site\" content=\"@Notibras\" \/>\n<meta name=\"twitter:label1\" content=\"Escrito por\" \/>\n\t<meta name=\"twitter:data1\" content=\"Reda\u00e7\u00e3o\" \/>\n\t<meta name=\"twitter:label2\" content=\"Est. tempo de leitura\" \/>\n\t<meta name=\"twitter:data2\" content=\"2 minutos\" \/>\n<script type=\"application\/ld+json\" class=\"yoast-schema-graph\">{\"@context\":\"https:\/\/schema.org\",\"@graph\":[{\"@type\":\"Article\",\"@id\":\"https:\/\/www.notibras.com\/site\/sao-paulo-reconhece-oficialmente-a-crise-hidrica-e-admite-torneiras-sem-agua\/#article\",\"isPartOf\":{\"@id\":\"https:\/\/www.notibras.com\/site\/sao-paulo-reconhece-oficialmente-a-crise-hidrica-e-admite-torneiras-sem-agua\/\"},\"author\":{\"name\":\"Reda\u00e7\u00e3o\",\"@id\":\"https:\/\/www.notibras.com\/site\/#\/schema\/person\/36ab0979449956132d3e5b517ea76ac8\"},\"headline\":\"Governo paulista reconhece oficialmente a crise h\u00eddrica e admite torneiras sem \u00e1gua\",\"datePublished\":\"2015-08-19T22:14:16+00:00\",\"dateModified\":\"2015-08-20T06:38:31+00:00\",\"mainEntityOfPage\":{\"@id\":\"https:\/\/www.notibras.com\/site\/sao-paulo-reconhece-oficialmente-a-crise-hidrica-e-admite-torneiras-sem-agua\/\"},\"wordCount\":369,\"commentCount\":0,\"publisher\":{\"@id\":\"https:\/\/www.notibras.com\/site\/#organization\"},\"image\":{\"@id\":\"https:\/\/www.notibras.com\/site\/sao-paulo-reconhece-oficialmente-a-crise-hidrica-e-admite-torneiras-sem-agua\/#primaryimage\"},\"thumbnailUrl\":\"https:\/\/www.notibras.com\/site\/wp-content\/uploads\/2015\/08\/cantareira_fotor_1.jpg\",\"articleSection\":[\"Brasil\"],\"inLanguage\":\"pt-BR\",\"potentialAction\":[{\"@type\":\"CommentAction\",\"name\":\"Comment\",\"target\":[\"https:\/\/www.notibras.com\/site\/sao-paulo-reconhece-oficialmente-a-crise-hidrica-e-admite-torneiras-sem-agua\/#respond\"]}]},{\"@type\":\"WebPage\",\"@id\":\"https:\/\/www.notibras.com\/site\/sao-paulo-reconhece-oficialmente-a-crise-hidrica-e-admite-torneiras-sem-agua\/\",\"url\":\"https:\/\/www.notibras.com\/site\/sao-paulo-reconhece-oficialmente-a-crise-hidrica-e-admite-torneiras-sem-agua\/\",\"name\":\"Governo paulista reconhece oficialmente a crise h\u00eddrica e admite torneiras sem \u00e1gua - Notibras\",\"isPartOf\":{\"@id\":\"https:\/\/www.notibras.com\/site\/#website\"},\"primaryImageOfPage\":{\"@id\":\"https:\/\/www.notibras.com\/site\/sao-paulo-reconhece-oficialmente-a-crise-hidrica-e-admite-torneiras-sem-agua\/#primaryimage\"},\"image\":{\"@id\":\"https:\/\/www.notibras.com\/site\/sao-paulo-reconhece-oficialmente-a-crise-hidrica-e-admite-torneiras-sem-agua\/#primaryimage\"},\"thumbnailUrl\":\"https:\/\/www.notibras.com\/site\/wp-content\/uploads\/2015\/08\/cantareira_fotor_1.jpg\",\"datePublished\":\"2015-08-19T22:14:16+00:00\",\"dateModified\":\"2015-08-20T06:38:31+00:00\",\"breadcrumb\":{\"@id\":\"https:\/\/www.notibras.com\/site\/sao-paulo-reconhece-oficialmente-a-crise-hidrica-e-admite-torneiras-sem-agua\/#breadcrumb\"},\"inLanguage\":\"pt-BR\",\"potentialAction\":[{\"@type\":\"ReadAction\",\"target\":[\"https:\/\/www.notibras.com\/site\/sao-paulo-reconhece-oficialmente-a-crise-hidrica-e-admite-torneiras-sem-agua\/\"]}]},{\"@type\":\"ImageObject\",\"inLanguage\":\"pt-BR\",\"@id\":\"https:\/\/www.notibras.com\/site\/sao-paulo-reconhece-oficialmente-a-crise-hidrica-e-admite-torneiras-sem-agua\/#primaryimage\",\"url\":\"https:\/\/www.notibras.com\/site\/wp-content\/uploads\/2015\/08\/cantareira_fotor_1.jpg\",\"contentUrl\":\"https:\/\/www.notibras.com\/site\/wp-content\/uploads\/2015\/08\/cantareira_fotor_1.jpg\",\"width\":1024,\"height\":600},{\"@type\":\"BreadcrumbList\",\"@id\":\"https:\/\/www.notibras.com\/site\/sao-paulo-reconhece-oficialmente-a-crise-hidrica-e-admite-torneiras-sem-agua\/#breadcrumb\",\"itemListElement\":[{\"@type\":\"ListItem\",\"position\":1,\"name\":\"In\u00edcio\",\"item\":\"https:\/\/www.notibras.com\/site\/\"},{\"@type\":\"ListItem\",\"position\":2,\"name\":\"Governo paulista reconhece oficialmente a crise h\u00eddrica e admite torneiras sem \u00e1gua\"}]},{\"@type\":\"WebSite\",\"@id\":\"https:\/\/www.notibras.com\/site\/#website\",\"url\":\"https:\/\/www.notibras.com\/site\/\",\"name\":\"Notibras\",\"description\":\"Not\u00edcias de Bras\u00edlia, do Brasil e do Mundo\",\"publisher\":{\"@id\":\"https:\/\/www.notibras.com\/site\/#organization\"},\"potentialAction\":[{\"@type\":\"SearchAction\",\"target\":{\"@type\":\"EntryPoint\",\"urlTemplate\":\"https:\/\/www.notibras.com\/site\/?s={search_term_string}\"},\"query-input\":{\"@type\":\"PropertyValueSpecification\",\"valueRequired\":true,\"valueName\":\"search_term_string\"}}],\"inLanguage\":\"pt-BR\"},{\"@type\":\"Organization\",\"@id\":\"https:\/\/www.notibras.com\/site\/#organization\",\"name\":\"Grupo Notibras de Comunica\u00e7\u00e3o\",\"url\":\"https:\/\/www.notibras.com\/site\/\",\"logo\":{\"@type\":\"ImageObject\",\"inLanguage\":\"pt-BR\",\"@id\":\"https:\/\/www.notibras.com\/site\/#\/schema\/logo\/image\/\",\"url\":\"https:\/\/www.notibras.com\/site\/wp-content\/uploads\/2023\/01\/notibras23.png\",\"contentUrl\":\"https:\/\/www.notibras.com\/site\/wp-content\/uploads\/2023\/01\/notibras23.png\",\"width\":350,\"height\":87,\"caption\":\"Grupo Notibras de Comunica\u00e7\u00e3o\"},\"image\":{\"@id\":\"https:\/\/www.notibras.com\/site\/#\/schema\/logo\/image\/\"},\"sameAs\":[\"https:\/\/www.facebook.com\/notibras\/\",\"https:\/\/x.com\/Notibras\",\"https:\/\/www.instagram.com\/notibras\/\"]},{\"@type\":\"Person\",\"@id\":\"https:\/\/www.notibras.com\/site\/#\/schema\/person\/36ab0979449956132d3e5b517ea76ac8\",\"name\":\"Reda\u00e7\u00e3o\",\"image\":{\"@type\":\"ImageObject\",\"inLanguage\":\"pt-BR\",\"@id\":\"https:\/\/secure.gravatar.com\/avatar\/e0a867bdedb85fd243eadf09663511f96fc81e0720a4a42581f334ad4303aa6b?s=96&d=mm&r=g\",\"url\":\"https:\/\/secure.gravatar.com\/avatar\/e0a867bdedb85fd243eadf09663511f96fc81e0720a4a42581f334ad4303aa6b?s=96&d=mm&r=g\",\"contentUrl\":\"https:\/\/secure.gravatar.com\/avatar\/e0a867bdedb85fd243eadf09663511f96fc81e0720a4a42581f334ad4303aa6b?s=96&d=mm&r=g\",\"caption\":\"Reda\u00e7\u00e3o\"}}]}<\/script>\n<!-- \/ Yoast SEO plugin. -->","yoast_head_json":{"title":"Governo paulista reconhece oficialmente a crise h\u00eddrica e admite torneiras sem \u00e1gua - Notibras","robots":{"index":"index","follow":"follow","max-snippet":"max-snippet:-1","max-image-preview":"max-image-preview:large","max-video-preview":"max-video-preview:-1"},"canonical":"https:\/\/www.notibras.com\/site\/sao-paulo-reconhece-oficialmente-a-crise-hidrica-e-admite-torneiras-sem-agua\/","og_locale":"pt_BR","og_type":"article","og_title":"Governo paulista reconhece oficialmente a crise h\u00eddrica e admite torneiras sem \u00e1gua - Notibras","og_description":"A crise h\u00eddrica na Grande S\u00e3o Paulo come\u00e7ou em janeiro do ano passado, mas somente agora\u00a0a situa\u00e7\u00e3o foi reconhecida oficialmente como cr\u00edtica pelo governo paulista, por meio de uma portaria publicada no Di\u00e1rio Oficial do estado. Na portaria, o superintendente do Departamento de \u00c1guas e Energia El\u00e9trica (Daee), Ricardo Borsari, declara \u201cem situa\u00e7\u00e3o de criticidade [&hellip;]","og_url":"https:\/\/www.notibras.com\/site\/sao-paulo-reconhece-oficialmente-a-crise-hidrica-e-admite-torneiras-sem-agua\/","og_site_name":"Notibras","article_publisher":"https:\/\/www.facebook.com\/notibras\/","article_published_time":"2015-08-19T22:14:16+00:00","article_modified_time":"2015-08-20T06:38:31+00:00","og_image":[{"width":1024,"height":600,"url":"https:\/\/www.notibras.com\/site\/wp-content\/uploads\/2015\/08\/cantareira_fotor_1.jpg","type":"image\/jpeg"}],"author":"Reda\u00e7\u00e3o","twitter_card":"summary_large_image","twitter_creator":"@Notibras","twitter_site":"@Notibras","twitter_misc":{"Escrito por":"Reda\u00e7\u00e3o","Est. tempo de leitura":"2 minutos"},"schema":{"@context":"https:\/\/schema.org","@graph":[{"@type":"Article","@id":"https:\/\/www.notibras.com\/site\/sao-paulo-reconhece-oficialmente-a-crise-hidrica-e-admite-torneiras-sem-agua\/#article","isPartOf":{"@id":"https:\/\/www.notibras.com\/site\/sao-paulo-reconhece-oficialmente-a-crise-hidrica-e-admite-torneiras-sem-agua\/"},"author":{"name":"Reda\u00e7\u00e3o","@id":"https:\/\/www.notibras.com\/site\/#\/schema\/person\/36ab0979449956132d3e5b517ea76ac8"},"headline":"Governo paulista reconhece oficialmente a crise h\u00eddrica e admite torneiras sem \u00e1gua","datePublished":"2015-08-19T22:14:16+00:00","dateModified":"2015-08-20T06:38:31+00:00","mainEntityOfPage":{"@id":"https:\/\/www.notibras.com\/site\/sao-paulo-reconhece-oficialmente-a-crise-hidrica-e-admite-torneiras-sem-agua\/"},"wordCount":369,"commentCount":0,"publisher":{"@id":"https:\/\/www.notibras.com\/site\/#organization"},"image":{"@id":"https:\/\/www.notibras.com\/site\/sao-paulo-reconhece-oficialmente-a-crise-hidrica-e-admite-torneiras-sem-agua\/#primaryimage"},"thumbnailUrl":"https:\/\/www.notibras.com\/site\/wp-content\/uploads\/2015\/08\/cantareira_fotor_1.jpg","articleSection":["Brasil"],"inLanguage":"pt-BR","potentialAction":[{"@type":"CommentAction","name":"Comment","target":["https:\/\/www.notibras.com\/site\/sao-paulo-reconhece-oficialmente-a-crise-hidrica-e-admite-torneiras-sem-agua\/#respond"]}]},{"@type":"WebPage","@id":"https:\/\/www.notibras.com\/site\/sao-paulo-reconhece-oficialmente-a-crise-hidrica-e-admite-torneiras-sem-agua\/","url":"https:\/\/www.notibras.com\/site\/sao-paulo-reconhece-oficialmente-a-crise-hidrica-e-admite-torneiras-sem-agua\/","name":"Governo paulista reconhece oficialmente a crise h\u00eddrica e admite torneiras sem \u00e1gua - Notibras","isPartOf":{"@id":"https:\/\/www.notibras.com\/site\/#website"},"primaryImageOfPage":{"@id":"https:\/\/www.notibras.com\/site\/sao-paulo-reconhece-oficialmente-a-crise-hidrica-e-admite-torneiras-sem-agua\/#primaryimage"},"image":{"@id":"https:\/\/www.notibras.com\/site\/sao-paulo-reconhece-oficialmente-a-crise-hidrica-e-admite-torneiras-sem-agua\/#primaryimage"},"thumbnailUrl":"https:\/\/www.notibras.com\/site\/wp-content\/uploads\/2015\/08\/cantareira_fotor_1.jpg","datePublished":"2015-08-19T22:14:16+00:00","dateModified":"2015-08-20T06:38:31+00:00","breadcrumb":{"@id":"https:\/\/www.notibras.com\/site\/sao-paulo-reconhece-oficialmente-a-crise-hidrica-e-admite-torneiras-sem-agua\/#breadcrumb"},"inLanguage":"pt-BR","potentialAction":[{"@type":"ReadAction","target":["https:\/\/www.notibras.com\/site\/sao-paulo-reconhece-oficialmente-a-crise-hidrica-e-admite-torneiras-sem-agua\/"]}]},{"@type":"ImageObject","inLanguage":"pt-BR","@id":"https:\/\/www.notibras.com\/site\/sao-paulo-reconhece-oficialmente-a-crise-hidrica-e-admite-torneiras-sem-agua\/#primaryimage","url":"https:\/\/www.notibras.com\/site\/wp-content\/uploads\/2015\/08\/cantareira_fotor_1.jpg","contentUrl":"https:\/\/www.notibras.com\/site\/wp-content\/uploads\/2015\/08\/cantareira_fotor_1.jpg","width":1024,"height":600},{"@type":"BreadcrumbList","@id":"https:\/\/www.notibras.com\/site\/sao-paulo-reconhece-oficialmente-a-crise-hidrica-e-admite-torneiras-sem-agua\/#breadcrumb","itemListElement":[{"@type":"ListItem","position":1,"name":"In\u00edcio","item":"https:\/\/www.notibras.com\/site\/"},{"@type":"ListItem","position":2,"name":"Governo paulista reconhece oficialmente a crise h\u00eddrica e admite torneiras sem \u00e1gua"}]},{"@type":"WebSite","@id":"https:\/\/www.notibras.com\/site\/#website","url":"https:\/\/www.notibras.com\/site\/","name":"Notibras","description":"Not\u00edcias de Bras\u00edlia, do Brasil e do Mundo","publisher":{"@id":"https:\/\/www.notibras.com\/site\/#organization"},"potentialAction":[{"@type":"SearchAction","target":{"@type":"EntryPoint","urlTemplate":"https:\/\/www.notibras.com\/site\/?s={search_term_string}"},"query-input":{"@type":"PropertyValueSpecification","valueRequired":true,"valueName":"search_term_string"}}],"inLanguage":"pt-BR"},{"@type":"Organization","@id":"https:\/\/www.notibras.com\/site\/#organization","name":"Grupo Notibras de Comunica\u00e7\u00e3o","url":"https:\/\/www.notibras.com\/site\/","logo":{"@type":"ImageObject","inLanguage":"pt-BR","@id":"https:\/\/www.notibras.com\/site\/#\/schema\/logo\/image\/","url":"https:\/\/www.notibras.com\/site\/wp-content\/uploads\/2023\/01\/notibras23.png","contentUrl":"https:\/\/www.notibras.com\/site\/wp-content\/uploads\/2023\/01\/notibras23.png","width":350,"height":87,"caption":"Grupo Notibras de Comunica\u00e7\u00e3o"},"image":{"@id":"https:\/\/www.notibras.com\/site\/#\/schema\/logo\/image\/"},"sameAs":["https:\/\/www.facebook.com\/notibras\/","https:\/\/x.com\/Notibras","https:\/\/www.instagram.com\/notibras\/"]},{"@type":"Person","@id":"https:\/\/www.notibras.com\/site\/#\/schema\/person\/36ab0979449956132d3e5b517ea76ac8","name":"Reda\u00e7\u00e3o","image":{"@type":"ImageObject","inLanguage":"pt-BR","@id":"https:\/\/secure.gravatar.com\/avatar\/e0a867bdedb85fd243eadf09663511f96fc81e0720a4a42581f334ad4303aa6b?s=96&d=mm&r=g","url":"https:\/\/secure.gravatar.com\/avatar\/e0a867bdedb85fd243eadf09663511f96fc81e0720a4a42581f334ad4303aa6b?s=96&d=mm&r=g","contentUrl":"https:\/\/secure.gravatar.com\/avatar\/e0a867bdedb85fd243eadf09663511f96fc81e0720a4a42581f334ad4303aa6b?s=96&d=mm&r=g","caption":"Reda\u00e7\u00e3o"}}]}},"amp_enabled":true,"_links":{"self":[{"href":"https:\/\/www.notibras.com\/site\/wp-json\/wp\/v2\/posts\/63226","targetHints":{"allow":["GET"]}}],"collection":[{"href":"https:\/\/www.notibras.com\/site\/wp-json\/wp\/v2\/posts"}],"about":[{"href":"https:\/\/www.notibras.com\/site\/wp-json\/wp\/v2\/types\/post"}],"author":[{"embeddable":true,"href":"https:\/\/www.notibras.com\/site\/wp-json\/wp\/v2\/users\/2"}],"replies":[{"embeddable":true,"href":"https:\/\/www.notibras.com\/site\/wp-json\/wp\/v2\/comments?post=63226"}],"version-history":[{"count":2,"href":"https:\/\/www.notibras.com\/site\/wp-json\/wp\/v2\/posts\/63226\/revisions"}],"predecessor-version":[{"id":63274,"href":"https:\/\/www.notibras.com\/site\/wp-json\/wp\/v2\/posts\/63226\/revisions\/63274"}],"wp:featuredmedia":[{"embeddable":true,"href":"https:\/\/www.notibras.com\/site\/wp-json\/wp\/v2\/media\/63227"}],"wp:attachment":[{"href":"https:\/\/www.notibras.com\/site\/wp-json\/wp\/v2\/media?parent=63226"}],"wp:term":[{"taxonomy":"category","embeddable":true,"href":"https:\/\/www.notibras.com\/site\/wp-json\/wp\/v2\/categories?post=63226"},{"taxonomy":"post_tag","embeddable":true,"href":"https:\/\/www.notibras.com\/site\/wp-json\/wp\/v2\/tags?post=63226"}],"curies":[{"name":"wp","href":"https:\/\/api.w.org\/{rel}","templated":true}]}}