{"id":63232,"date":"2015-08-19T18:35:12","date_gmt":"2015-08-19T21:35:12","guid":{"rendered":"http:\/\/www.notibras.com\/site\/?p=63232"},"modified":"2015-08-20T11:38:56","modified_gmt":"2015-08-20T14:38:56","slug":"faculdades-particulares-se-unem-em-defesa-de-saida-para-crise-politica-e-economica","status":"publish","type":"post","link":"https:\/\/www.notibras.com\/site\/faculdades-particulares-se-unem-em-defesa-de-saida-para-crise-politica-e-economica\/","title":{"rendered":"Faculdades se unem em defesa de sa\u00edda pac\u00edfica para crise pol\u00edtica e econ\u00f4mica"},"content":{"rendered":"<p>O F\u00f3rum das Entidades Representativas do Ensino Superior Particular divulgou um manifesto nesta quarta (19) em defesa da educa\u00e7\u00e3o brasileira. O F\u00f3rum diz que acompanha com apreens\u00e3o o desenrolar da crise pol\u00edtica e econ\u00f4mica do pa\u00eds e que apoia o di\u00e1logo e a uni\u00e3o da sociedade civil organizada.<\/p>\n<p>&#8220;O F\u00f3rum tem esperan\u00e7a e acredita na preval\u00eancia do bom senso, da responsabilidade e da cr\u00edtica construtiva visando encontrar os melhores caminhos para sair da crise econ\u00f4mica que solapa os empregos, diminui o poder de compra da popula\u00e7\u00e3o e amplia o ambiente de pessimismo&#8221;, diz o manifesto.<\/p>\n<p>O F\u00f3rum abrange seis entidades que, juntas, representam a maioria das institui\u00e7\u00f5es privadas de ensino superior. Em rela\u00e7\u00e3o ao total de matr\u00edculas, o setor privado det\u00e9m 5,5 milh\u00f5es, equivalentes a 75% do total.<\/p>\n<p>As entidades manifestam preocupa\u00e7\u00e3o com a perda de poder aquisitivo da popula\u00e7\u00e3o que, segundo elas, afeta sobremaneira o alunado do ensino superior. O F\u00f3rum destaca que apenas o Programa Universidade para Todos (ProUni) foi preservado &#8220;como programa social relevante&#8221;. O ProUni oferece bolsas de estudo parciais e integrais em institui\u00e7\u00f5es privadas.<\/p>\n<p>&#8220;A crise afeta todos os setores da economia e, com a educa\u00e7\u00e3o, n\u00e3o \u00e9 diferente&#8221;, diz o diretor-executivo da Associa\u00e7\u00e3o Brasileira de Mantenedoras do Ensino Superior (ABMES), Sol\u00f3n Caldas. A ABMES \u00e9 uma das entidades que assina o manifesto. &#8220;O F\u00f3rum quer manifestar preocupa\u00e7\u00e3o e ser solid\u00e1rio ao governo na procura de solu\u00e7\u00f5es que permitam que essa situa\u00e7\u00e3o seja equacionada o mais r\u00e1pido poss\u00edvel&#8221;, explica.<\/p>\n<p><strong>Mariana Tokarnia &#8211; ABr<\/strong><\/p>\n","protected":false},"excerpt":{"rendered":"<p>O F\u00f3rum das Entidades Representativas do Ensino Superior Particular divulgou um manifesto nesta quarta (19) em defesa da educa\u00e7\u00e3o brasileira. O F\u00f3rum diz que acompanha com apreens\u00e3o o desenrolar da crise pol\u00edtica e econ\u00f4mica do pa\u00eds e que apoia o di\u00e1logo e a uni\u00e3o da sociedade civil organizada. &#8220;O F\u00f3rum tem esperan\u00e7a e acredita na [&hellip;]<\/p>\n","protected":false},"author":2,"featured_media":63233,"comment_status":"open","ping_status":"closed","sticky":false,"template":"","format":"standard","meta":{"_acf_changed":false,"footnotes":""},"categories":[16],"tags":[],"class_list":["post-63232","post","type-post","status-publish","format-standard","has-post-thumbnail","hentry","category-brasil"],"acf":[],"yoast_head":"<!-- This site is optimized with the Yoast SEO plugin v27.2 - https:\/\/yoast.com\/product\/yoast-seo-wordpress\/ -->\n<title>Faculdades se unem em defesa de sa\u00edda pac\u00edfica para crise pol\u00edtica e econ\u00f4mica - Notibras<\/title>\n<meta name=\"robots\" content=\"index, follow, max-snippet:-1, max-image-preview:large, max-video-preview:-1\" \/>\n<link rel=\"canonical\" href=\"https:\/\/www.notibras.com\/site\/faculdades-particulares-se-unem-em-defesa-de-saida-para-crise-politica-e-economica\/\" \/>\n<meta property=\"og:locale\" content=\"pt_BR\" \/>\n<meta property=\"og:type\" content=\"article\" \/>\n<meta property=\"og:title\" content=\"Faculdades se unem em defesa de sa\u00edda pac\u00edfica para crise pol\u00edtica e econ\u00f4mica - Notibras\" \/>\n<meta property=\"og:description\" content=\"O F\u00f3rum das Entidades Representativas do Ensino Superior Particular divulgou um manifesto nesta quarta (19) em defesa da educa\u00e7\u00e3o brasileira. O F\u00f3rum diz que acompanha com apreens\u00e3o o desenrolar da crise pol\u00edtica e econ\u00f4mica do pa\u00eds e que apoia o di\u00e1logo e a uni\u00e3o da sociedade civil organizada. &#8220;O F\u00f3rum tem esperan\u00e7a e acredita na [&hellip;]\" \/>\n<meta property=\"og:url\" content=\"https:\/\/www.notibras.com\/site\/faculdades-particulares-se-unem-em-defesa-de-saida-para-crise-politica-e-economica\/\" \/>\n<meta property=\"og:site_name\" content=\"Notibras\" \/>\n<meta property=\"article:publisher\" content=\"https:\/\/www.facebook.com\/notibras\/\" \/>\n<meta property=\"article:published_time\" content=\"2015-08-19T21:35:12+00:00\" \/>\n<meta property=\"article:modified_time\" content=\"2015-08-20T14:38:56+00:00\" \/>\n<meta property=\"og:image\" content=\"https:\/\/www.notibras.com\/site\/wp-content\/uploads\/2015\/08\/1435345636.jpeg\" \/>\n\t<meta property=\"og:image:width\" content=\"690\" \/>\n\t<meta property=\"og:image:height\" content=\"389\" \/>\n\t<meta property=\"og:image:type\" content=\"image\/jpeg\" \/>\n<meta name=\"author\" content=\"Reda\u00e7\u00e3o\" \/>\n<meta name=\"twitter:card\" content=\"summary_large_image\" \/>\n<meta name=\"twitter:creator\" content=\"@Notibras\" \/>\n<meta name=\"twitter:site\" content=\"@Notibras\" \/>\n<meta name=\"twitter:label1\" content=\"Escrito por\" \/>\n\t<meta name=\"twitter:data1\" content=\"Reda\u00e7\u00e3o\" \/>\n\t<meta name=\"twitter:label2\" content=\"Est. tempo de leitura\" \/>\n\t<meta name=\"twitter:data2\" content=\"1 minuto\" \/>\n<script type=\"application\/ld+json\" class=\"yoast-schema-graph\">{\"@context\":\"https:\/\/schema.org\",\"@graph\":[{\"@type\":\"Article\",\"@id\":\"https:\/\/www.notibras.com\/site\/faculdades-particulares-se-unem-em-defesa-de-saida-para-crise-politica-e-economica\/#article\",\"isPartOf\":{\"@id\":\"https:\/\/www.notibras.com\/site\/faculdades-particulares-se-unem-em-defesa-de-saida-para-crise-politica-e-economica\/\"},\"author\":{\"name\":\"Reda\u00e7\u00e3o\",\"@id\":\"https:\/\/www.notibras.com\/site\/#\/schema\/person\/36ab0979449956132d3e5b517ea76ac8\"},\"headline\":\"Faculdades se unem em defesa de sa\u00edda pac\u00edfica para crise pol\u00edtica e econ\u00f4mica\",\"datePublished\":\"2015-08-19T21:35:12+00:00\",\"dateModified\":\"2015-08-20T14:38:56+00:00\",\"mainEntityOfPage\":{\"@id\":\"https:\/\/www.notibras.com\/site\/faculdades-particulares-se-unem-em-defesa-de-saida-para-crise-politica-e-economica\/\"},\"wordCount\":296,\"commentCount\":0,\"publisher\":{\"@id\":\"https:\/\/www.notibras.com\/site\/#organization\"},\"image\":{\"@id\":\"https:\/\/www.notibras.com\/site\/faculdades-particulares-se-unem-em-defesa-de-saida-para-crise-politica-e-economica\/#primaryimage\"},\"thumbnailUrl\":\"https:\/\/www.notibras.com\/site\/wp-content\/uploads\/2015\/08\/1435345636.jpeg\",\"articleSection\":[\"Brasil\"],\"inLanguage\":\"pt-BR\",\"potentialAction\":[{\"@type\":\"CommentAction\",\"name\":\"Comment\",\"target\":[\"https:\/\/www.notibras.com\/site\/faculdades-particulares-se-unem-em-defesa-de-saida-para-crise-politica-e-economica\/#respond\"]}]},{\"@type\":\"WebPage\",\"@id\":\"https:\/\/www.notibras.com\/site\/faculdades-particulares-se-unem-em-defesa-de-saida-para-crise-politica-e-economica\/\",\"url\":\"https:\/\/www.notibras.com\/site\/faculdades-particulares-se-unem-em-defesa-de-saida-para-crise-politica-e-economica\/\",\"name\":\"Faculdades se unem em defesa de sa\u00edda pac\u00edfica para crise pol\u00edtica e econ\u00f4mica - Notibras\",\"isPartOf\":{\"@id\":\"https:\/\/www.notibras.com\/site\/#website\"},\"primaryImageOfPage\":{\"@id\":\"https:\/\/www.notibras.com\/site\/faculdades-particulares-se-unem-em-defesa-de-saida-para-crise-politica-e-economica\/#primaryimage\"},\"image\":{\"@id\":\"https:\/\/www.notibras.com\/site\/faculdades-particulares-se-unem-em-defesa-de-saida-para-crise-politica-e-economica\/#primaryimage\"},\"thumbnailUrl\":\"https:\/\/www.notibras.com\/site\/wp-content\/uploads\/2015\/08\/1435345636.jpeg\",\"datePublished\":\"2015-08-19T21:35:12+00:00\",\"dateModified\":\"2015-08-20T14:38:56+00:00\",\"breadcrumb\":{\"@id\":\"https:\/\/www.notibras.com\/site\/faculdades-particulares-se-unem-em-defesa-de-saida-para-crise-politica-e-economica\/#breadcrumb\"},\"inLanguage\":\"pt-BR\",\"potentialAction\":[{\"@type\":\"ReadAction\",\"target\":[\"https:\/\/www.notibras.com\/site\/faculdades-particulares-se-unem-em-defesa-de-saida-para-crise-politica-e-economica\/\"]}]},{\"@type\":\"ImageObject\",\"inLanguage\":\"pt-BR\",\"@id\":\"https:\/\/www.notibras.com\/site\/faculdades-particulares-se-unem-em-defesa-de-saida-para-crise-politica-e-economica\/#primaryimage\",\"url\":\"https:\/\/www.notibras.com\/site\/wp-content\/uploads\/2015\/08\/1435345636.jpeg\",\"contentUrl\":\"https:\/\/www.notibras.com\/site\/wp-content\/uploads\/2015\/08\/1435345636.jpeg\",\"width\":690,\"height\":389},{\"@type\":\"BreadcrumbList\",\"@id\":\"https:\/\/www.notibras.com\/site\/faculdades-particulares-se-unem-em-defesa-de-saida-para-crise-politica-e-economica\/#breadcrumb\",\"itemListElement\":[{\"@type\":\"ListItem\",\"position\":1,\"name\":\"In\u00edcio\",\"item\":\"https:\/\/www.notibras.com\/site\/\"},{\"@type\":\"ListItem\",\"position\":2,\"name\":\"Faculdades se unem em defesa de sa\u00edda pac\u00edfica para crise pol\u00edtica e econ\u00f4mica\"}]},{\"@type\":\"WebSite\",\"@id\":\"https:\/\/www.notibras.com\/site\/#website\",\"url\":\"https:\/\/www.notibras.com\/site\/\",\"name\":\"Notibras\",\"description\":\"Not\u00edcias de Bras\u00edlia, do Brasil e do Mundo\",\"publisher\":{\"@id\":\"https:\/\/www.notibras.com\/site\/#organization\"},\"potentialAction\":[{\"@type\":\"SearchAction\",\"target\":{\"@type\":\"EntryPoint\",\"urlTemplate\":\"https:\/\/www.notibras.com\/site\/?s={search_term_string}\"},\"query-input\":{\"@type\":\"PropertyValueSpecification\",\"valueRequired\":true,\"valueName\":\"search_term_string\"}}],\"inLanguage\":\"pt-BR\"},{\"@type\":\"Organization\",\"@id\":\"https:\/\/www.notibras.com\/site\/#organization\",\"name\":\"Grupo Notibras de Comunica\u00e7\u00e3o\",\"url\":\"https:\/\/www.notibras.com\/site\/\",\"logo\":{\"@type\":\"ImageObject\",\"inLanguage\":\"pt-BR\",\"@id\":\"https:\/\/www.notibras.com\/site\/#\/schema\/logo\/image\/\",\"url\":\"https:\/\/www.notibras.com\/site\/wp-content\/uploads\/2023\/01\/notibras23.png\",\"contentUrl\":\"https:\/\/www.notibras.com\/site\/wp-content\/uploads\/2023\/01\/notibras23.png\",\"width\":350,\"height\":87,\"caption\":\"Grupo Notibras de Comunica\u00e7\u00e3o\"},\"image\":{\"@id\":\"https:\/\/www.notibras.com\/site\/#\/schema\/logo\/image\/\"},\"sameAs\":[\"https:\/\/www.facebook.com\/notibras\/\",\"https:\/\/x.com\/Notibras\",\"https:\/\/www.instagram.com\/notibras\/\"]},{\"@type\":\"Person\",\"@id\":\"https:\/\/www.notibras.com\/site\/#\/schema\/person\/36ab0979449956132d3e5b517ea76ac8\",\"name\":\"Reda\u00e7\u00e3o\",\"image\":{\"@type\":\"ImageObject\",\"inLanguage\":\"pt-BR\",\"@id\":\"https:\/\/secure.gravatar.com\/avatar\/e0a867bdedb85fd243eadf09663511f96fc81e0720a4a42581f334ad4303aa6b?s=96&d=mm&r=g\",\"url\":\"https:\/\/secure.gravatar.com\/avatar\/e0a867bdedb85fd243eadf09663511f96fc81e0720a4a42581f334ad4303aa6b?s=96&d=mm&r=g\",\"contentUrl\":\"https:\/\/secure.gravatar.com\/avatar\/e0a867bdedb85fd243eadf09663511f96fc81e0720a4a42581f334ad4303aa6b?s=96&d=mm&r=g\",\"caption\":\"Reda\u00e7\u00e3o\"}}]}<\/script>\n<!-- \/ Yoast SEO plugin. -->","yoast_head_json":{"title":"Faculdades se unem em defesa de sa\u00edda pac\u00edfica para crise pol\u00edtica e econ\u00f4mica - Notibras","robots":{"index":"index","follow":"follow","max-snippet":"max-snippet:-1","max-image-preview":"max-image-preview:large","max-video-preview":"max-video-preview:-1"},"canonical":"https:\/\/www.notibras.com\/site\/faculdades-particulares-se-unem-em-defesa-de-saida-para-crise-politica-e-economica\/","og_locale":"pt_BR","og_type":"article","og_title":"Faculdades se unem em defesa de sa\u00edda pac\u00edfica para crise pol\u00edtica e econ\u00f4mica - Notibras","og_description":"O F\u00f3rum das Entidades Representativas do Ensino Superior Particular divulgou um manifesto nesta quarta (19) em defesa da educa\u00e7\u00e3o brasileira. O F\u00f3rum diz que acompanha com apreens\u00e3o o desenrolar da crise pol\u00edtica e econ\u00f4mica do pa\u00eds e que apoia o di\u00e1logo e a uni\u00e3o da sociedade civil organizada. &#8220;O F\u00f3rum tem esperan\u00e7a e acredita na [&hellip;]","og_url":"https:\/\/www.notibras.com\/site\/faculdades-particulares-se-unem-em-defesa-de-saida-para-crise-politica-e-economica\/","og_site_name":"Notibras","article_publisher":"https:\/\/www.facebook.com\/notibras\/","article_published_time":"2015-08-19T21:35:12+00:00","article_modified_time":"2015-08-20T14:38:56+00:00","og_image":[{"width":690,"height":389,"url":"https:\/\/www.notibras.com\/site\/wp-content\/uploads\/2015\/08\/1435345636.jpeg","type":"image\/jpeg"}],"author":"Reda\u00e7\u00e3o","twitter_card":"summary_large_image","twitter_creator":"@Notibras","twitter_site":"@Notibras","twitter_misc":{"Escrito por":"Reda\u00e7\u00e3o","Est. tempo de leitura":"1 minuto"},"schema":{"@context":"https:\/\/schema.org","@graph":[{"@type":"Article","@id":"https:\/\/www.notibras.com\/site\/faculdades-particulares-se-unem-em-defesa-de-saida-para-crise-politica-e-economica\/#article","isPartOf":{"@id":"https:\/\/www.notibras.com\/site\/faculdades-particulares-se-unem-em-defesa-de-saida-para-crise-politica-e-economica\/"},"author":{"name":"Reda\u00e7\u00e3o","@id":"https:\/\/www.notibras.com\/site\/#\/schema\/person\/36ab0979449956132d3e5b517ea76ac8"},"headline":"Faculdades se unem em defesa de sa\u00edda pac\u00edfica para crise pol\u00edtica e econ\u00f4mica","datePublished":"2015-08-19T21:35:12+00:00","dateModified":"2015-08-20T14:38:56+00:00","mainEntityOfPage":{"@id":"https:\/\/www.notibras.com\/site\/faculdades-particulares-se-unem-em-defesa-de-saida-para-crise-politica-e-economica\/"},"wordCount":296,"commentCount":0,"publisher":{"@id":"https:\/\/www.notibras.com\/site\/#organization"},"image":{"@id":"https:\/\/www.notibras.com\/site\/faculdades-particulares-se-unem-em-defesa-de-saida-para-crise-politica-e-economica\/#primaryimage"},"thumbnailUrl":"https:\/\/www.notibras.com\/site\/wp-content\/uploads\/2015\/08\/1435345636.jpeg","articleSection":["Brasil"],"inLanguage":"pt-BR","potentialAction":[{"@type":"CommentAction","name":"Comment","target":["https:\/\/www.notibras.com\/site\/faculdades-particulares-se-unem-em-defesa-de-saida-para-crise-politica-e-economica\/#respond"]}]},{"@type":"WebPage","@id":"https:\/\/www.notibras.com\/site\/faculdades-particulares-se-unem-em-defesa-de-saida-para-crise-politica-e-economica\/","url":"https:\/\/www.notibras.com\/site\/faculdades-particulares-se-unem-em-defesa-de-saida-para-crise-politica-e-economica\/","name":"Faculdades se unem em defesa de sa\u00edda pac\u00edfica para crise pol\u00edtica e econ\u00f4mica - Notibras","isPartOf":{"@id":"https:\/\/www.notibras.com\/site\/#website"},"primaryImageOfPage":{"@id":"https:\/\/www.notibras.com\/site\/faculdades-particulares-se-unem-em-defesa-de-saida-para-crise-politica-e-economica\/#primaryimage"},"image":{"@id":"https:\/\/www.notibras.com\/site\/faculdades-particulares-se-unem-em-defesa-de-saida-para-crise-politica-e-economica\/#primaryimage"},"thumbnailUrl":"https:\/\/www.notibras.com\/site\/wp-content\/uploads\/2015\/08\/1435345636.jpeg","datePublished":"2015-08-19T21:35:12+00:00","dateModified":"2015-08-20T14:38:56+00:00","breadcrumb":{"@id":"https:\/\/www.notibras.com\/site\/faculdades-particulares-se-unem-em-defesa-de-saida-para-crise-politica-e-economica\/#breadcrumb"},"inLanguage":"pt-BR","potentialAction":[{"@type":"ReadAction","target":["https:\/\/www.notibras.com\/site\/faculdades-particulares-se-unem-em-defesa-de-saida-para-crise-politica-e-economica\/"]}]},{"@type":"ImageObject","inLanguage":"pt-BR","@id":"https:\/\/www.notibras.com\/site\/faculdades-particulares-se-unem-em-defesa-de-saida-para-crise-politica-e-economica\/#primaryimage","url":"https:\/\/www.notibras.com\/site\/wp-content\/uploads\/2015\/08\/1435345636.jpeg","contentUrl":"https:\/\/www.notibras.com\/site\/wp-content\/uploads\/2015\/08\/1435345636.jpeg","width":690,"height":389},{"@type":"BreadcrumbList","@id":"https:\/\/www.notibras.com\/site\/faculdades-particulares-se-unem-em-defesa-de-saida-para-crise-politica-e-economica\/#breadcrumb","itemListElement":[{"@type":"ListItem","position":1,"name":"In\u00edcio","item":"https:\/\/www.notibras.com\/site\/"},{"@type":"ListItem","position":2,"name":"Faculdades se unem em defesa de sa\u00edda pac\u00edfica para crise pol\u00edtica e econ\u00f4mica"}]},{"@type":"WebSite","@id":"https:\/\/www.notibras.com\/site\/#website","url":"https:\/\/www.notibras.com\/site\/","name":"Notibras","description":"Not\u00edcias de Bras\u00edlia, do Brasil e do Mundo","publisher":{"@id":"https:\/\/www.notibras.com\/site\/#organization"},"potentialAction":[{"@type":"SearchAction","target":{"@type":"EntryPoint","urlTemplate":"https:\/\/www.notibras.com\/site\/?s={search_term_string}"},"query-input":{"@type":"PropertyValueSpecification","valueRequired":true,"valueName":"search_term_string"}}],"inLanguage":"pt-BR"},{"@type":"Organization","@id":"https:\/\/www.notibras.com\/site\/#organization","name":"Grupo Notibras de Comunica\u00e7\u00e3o","url":"https:\/\/www.notibras.com\/site\/","logo":{"@type":"ImageObject","inLanguage":"pt-BR","@id":"https:\/\/www.notibras.com\/site\/#\/schema\/logo\/image\/","url":"https:\/\/www.notibras.com\/site\/wp-content\/uploads\/2023\/01\/notibras23.png","contentUrl":"https:\/\/www.notibras.com\/site\/wp-content\/uploads\/2023\/01\/notibras23.png","width":350,"height":87,"caption":"Grupo Notibras de Comunica\u00e7\u00e3o"},"image":{"@id":"https:\/\/www.notibras.com\/site\/#\/schema\/logo\/image\/"},"sameAs":["https:\/\/www.facebook.com\/notibras\/","https:\/\/x.com\/Notibras","https:\/\/www.instagram.com\/notibras\/"]},{"@type":"Person","@id":"https:\/\/www.notibras.com\/site\/#\/schema\/person\/36ab0979449956132d3e5b517ea76ac8","name":"Reda\u00e7\u00e3o","image":{"@type":"ImageObject","inLanguage":"pt-BR","@id":"https:\/\/secure.gravatar.com\/avatar\/e0a867bdedb85fd243eadf09663511f96fc81e0720a4a42581f334ad4303aa6b?s=96&d=mm&r=g","url":"https:\/\/secure.gravatar.com\/avatar\/e0a867bdedb85fd243eadf09663511f96fc81e0720a4a42581f334ad4303aa6b?s=96&d=mm&r=g","contentUrl":"https:\/\/secure.gravatar.com\/avatar\/e0a867bdedb85fd243eadf09663511f96fc81e0720a4a42581f334ad4303aa6b?s=96&d=mm&r=g","caption":"Reda\u00e7\u00e3o"}}]}},"amp_enabled":true,"_links":{"self":[{"href":"https:\/\/www.notibras.com\/site\/wp-json\/wp\/v2\/posts\/63232","targetHints":{"allow":["GET"]}}],"collection":[{"href":"https:\/\/www.notibras.com\/site\/wp-json\/wp\/v2\/posts"}],"about":[{"href":"https:\/\/www.notibras.com\/site\/wp-json\/wp\/v2\/types\/post"}],"author":[{"embeddable":true,"href":"https:\/\/www.notibras.com\/site\/wp-json\/wp\/v2\/users\/2"}],"replies":[{"embeddable":true,"href":"https:\/\/www.notibras.com\/site\/wp-json\/wp\/v2\/comments?post=63232"}],"version-history":[{"count":2,"href":"https:\/\/www.notibras.com\/site\/wp-json\/wp\/v2\/posts\/63232\/revisions"}],"predecessor-version":[{"id":63235,"href":"https:\/\/www.notibras.com\/site\/wp-json\/wp\/v2\/posts\/63232\/revisions\/63235"}],"wp:featuredmedia":[{"embeddable":true,"href":"https:\/\/www.notibras.com\/site\/wp-json\/wp\/v2\/media\/63233"}],"wp:attachment":[{"href":"https:\/\/www.notibras.com\/site\/wp-json\/wp\/v2\/media?parent=63232"}],"wp:term":[{"taxonomy":"category","embeddable":true,"href":"https:\/\/www.notibras.com\/site\/wp-json\/wp\/v2\/categories?post=63232"},{"taxonomy":"post_tag","embeddable":true,"href":"https:\/\/www.notibras.com\/site\/wp-json\/wp\/v2\/tags?post=63232"}],"curies":[{"name":"wp","href":"https:\/\/api.w.org\/{rel}","templated":true}]}}