{"id":63304,"date":"2015-08-19T19:47:52","date_gmt":"2015-08-19T22:47:52","guid":{"rendered":"http:\/\/www.notibras.com\/site\/?p=63304"},"modified":"2015-08-20T17:16:57","modified_gmt":"2015-08-20T20:16:57","slug":"dilma-recebe-angela-merkel-de-olho-em-mais-negocios-entre-o-brasil-e-a-alemanha","status":"publish","type":"post","link":"https:\/\/www.notibras.com\/site\/dilma-recebe-angela-merkel-de-olho-em-mais-negocios-entre-o-brasil-e-a-alemanha\/","title":{"rendered":"Dilma recebe Angela Merkel de olho em mais neg\u00f3cios entre o Brasil e a Alemanha"},"content":{"rendered":"<p>A presidenta Dilma Rousseff recebeu a chanceler alem\u00e3 Angela Merkel\u00a0para jantar no\u00a0Pal\u00e1cio da Alvorada. Mais de 20 ministros e o vice-presidente Michel Temer participaram do encontro. Foi o primeiro compromisso da agenda, que prev\u00ea outras reuni\u00f5es entre Dilma e Angela Merkel e conversas separadas entre ministros dos dois pa\u00edses nesta quinta-feira, 20.<\/p>\n<p>De acordo com o ministro do Desenvolvimento, Ind\u00fastria e Com\u00e9rcio Exterior, Armando Monteiro Neto, presente no jantar, o \u201ctema central\u201d do encontro entre as mandat\u00e1rias \u00e9 a perspectiva de in\u00edcio das trocas comerciais que celebrar\u00e3o o acordo entre o Mercosul e a Uni\u00e3o Europeia. Mas outro tema de grande interesse entre ambos os pa\u00edses \u00e9 a possibilidade de investimentos alem\u00e3es no Brasil.<\/p>\n<p>\u201cH\u00e1 uma compreens\u00e3o de que a Alemanha pode ter grande interesse no plano de concess\u00f5es em infraestrutura que o Brasil est\u00e1 realizando. Identificamos algumas \u00e1reas, como ferrovias e portos, podem interessar a investidores e empresas alem\u00e3es\u201d, disse Monteiro. Para o ministro, a parceria entre os dois pa\u00edses e os programas de investimentos tendem a continuar, j\u00e1 que h\u00e1 um \u201cgrande interesse\u201d dos alem\u00e3es no mercado brasileiro.<\/p>\n<p>Antes do jantar,\u00a0representantes de grandes empresas brasileiras se reuniram com Dilma para trocar informa\u00e7\u00f5es sobre as prioridades do setor privado na agenda bilateral. Nesta quinta-feira (20), antes de Merkel ser recepcionada por Dilma no Pal\u00e1cio do Planalto, ser\u00e3o realizadas mais de 20 reuni\u00f5es setoriais de ministros brasileiros com seus hom\u00f3logos alem\u00e3es para discutirem a celebra\u00e7\u00e3o de pelo menos quinze acordos em \u00e1reas como inova\u00e7\u00e3o, pesquisa, minera\u00e7\u00e3o, marinha, educa\u00e7\u00e3o, sa\u00fade e seguran\u00e7a alimentar.<\/p>\n<p>Segundo Armando Monteiro, os empres\u00e1rios reconheceram que a Alemanha \u00e9 um \u201cparceiro estrat\u00e9gico\u201d do Brasil e que os dois pa\u00edses t\u00eam muito a trocar nos setores de inova\u00e7\u00e3o, ind\u00fastria e energia renov\u00e1vel. O pa\u00eds \u00e9 o principal parceiro comercial do Brasil na Europa e o quarto no mundo (atr\u00e1s apenas de China, Estados Unidos e Argentina), em um com\u00e9rcio bilateral que envolve mais de US$ 20 bilh\u00f5es. Cerca de 1600 empresas alem\u00e3s est\u00e3o instaladas em territ\u00f3rio brasileiras, algumas centen\u00e1rias, informou.<\/p>\n<p>O ministro reconhece que h\u00e1 um d\u00e9ficit no lado brasileiro, j\u00e1 que as importa\u00e7\u00f5es cont\u00eam bens de alto valor agregado, ao contr\u00e1rio do fluxo no sentido inverso: \u201cEsse d\u00e9ficit n\u00e3o \u00e9 em si mesmo um problema, porque o Brasil precisa dos bens que importa da Alemanha. Ela tem muita qualidade na produ\u00e7\u00e3o de importantes equipamentos. Portanto, pelo est\u00e1gio de desenvolvimento tecnol\u00f3gico da Alemanha, o Brasil vai ter a Alemanha como supridora desses bens. A nossa estrat\u00e9gia \u00e9 ver como podemos adicionar mais valor \u00e0s nossas exporta\u00e7\u00f5es\u201d.<\/p>\n<p><strong>Da Reda\u00e7\u00e3o com Paulo Victor Chagas &#8211; ABr<\/strong><\/p>\n","protected":false},"excerpt":{"rendered":"<p>A presidenta Dilma Rousseff recebeu a chanceler alem\u00e3 Angela Merkel\u00a0para jantar no\u00a0Pal\u00e1cio da Alvorada. Mais de 20 ministros e o vice-presidente Michel Temer participaram do encontro. Foi o primeiro compromisso da agenda, que prev\u00ea outras reuni\u00f5es entre Dilma e Angela Merkel e conversas separadas entre ministros dos dois pa\u00edses nesta quinta-feira, 20. De acordo com [&hellip;]<\/p>\n","protected":false},"author":2,"featured_media":63305,"comment_status":"open","ping_status":"closed","sticky":false,"template":"","format":"standard","meta":{"_acf_changed":false,"footnotes":""},"categories":[16],"tags":[],"class_list":["post-63304","post","type-post","status-publish","format-standard","has-post-thumbnail","hentry","category-brasil"],"acf":[],"yoast_head":"<!-- This site is optimized with the Yoast SEO plugin v27.2 - https:\/\/yoast.com\/product\/yoast-seo-wordpress\/ -->\n<title>Dilma recebe Angela Merkel de olho em mais neg\u00f3cios entre o Brasil e a Alemanha - Notibras<\/title>\n<meta name=\"robots\" content=\"index, follow, max-snippet:-1, max-image-preview:large, max-video-preview:-1\" \/>\n<link rel=\"canonical\" href=\"https:\/\/www.notibras.com\/site\/dilma-recebe-angela-merkel-de-olho-em-mais-negocios-entre-o-brasil-e-a-alemanha\/\" \/>\n<meta property=\"og:locale\" content=\"pt_BR\" \/>\n<meta property=\"og:type\" content=\"article\" \/>\n<meta property=\"og:title\" content=\"Dilma recebe Angela Merkel de olho em mais neg\u00f3cios entre o Brasil e a Alemanha - Notibras\" \/>\n<meta property=\"og:description\" content=\"A presidenta Dilma Rousseff recebeu a chanceler alem\u00e3 Angela Merkel\u00a0para jantar no\u00a0Pal\u00e1cio da Alvorada. Mais de 20 ministros e o vice-presidente Michel Temer participaram do encontro. Foi o primeiro compromisso da agenda, que prev\u00ea outras reuni\u00f5es entre Dilma e Angela Merkel e conversas separadas entre ministros dos dois pa\u00edses nesta quinta-feira, 20. De acordo com [&hellip;]\" \/>\n<meta property=\"og:url\" content=\"https:\/\/www.notibras.com\/site\/dilma-recebe-angela-merkel-de-olho-em-mais-negocios-entre-o-brasil-e-a-alemanha\/\" \/>\n<meta property=\"og:site_name\" content=\"Notibras\" \/>\n<meta property=\"article:publisher\" content=\"https:\/\/www.facebook.com\/notibras\/\" \/>\n<meta property=\"article:published_time\" content=\"2015-08-19T22:47:52+00:00\" \/>\n<meta property=\"article:modified_time\" content=\"2015-08-20T20:16:57+00:00\" \/>\n<meta property=\"og:image\" content=\"https:\/\/www.notibras.com\/site\/wp-content\/uploads\/2015\/08\/972381-19.08.2015_dsc_1799.jpg\" \/>\n\t<meta property=\"og:image:width\" content=\"580\" \/>\n\t<meta property=\"og:image:height\" content=\"388\" \/>\n\t<meta property=\"og:image:type\" content=\"image\/jpeg\" \/>\n<meta name=\"author\" content=\"Reda\u00e7\u00e3o\" \/>\n<meta name=\"twitter:card\" content=\"summary_large_image\" \/>\n<meta name=\"twitter:creator\" content=\"@Notibras\" \/>\n<meta name=\"twitter:site\" content=\"@Notibras\" \/>\n<meta name=\"twitter:label1\" content=\"Escrito por\" \/>\n\t<meta name=\"twitter:data1\" content=\"Reda\u00e7\u00e3o\" \/>\n\t<meta name=\"twitter:label2\" content=\"Est. tempo de leitura\" \/>\n\t<meta name=\"twitter:data2\" content=\"2 minutos\" \/>\n<script type=\"application\/ld+json\" class=\"yoast-schema-graph\">{\"@context\":\"https:\/\/schema.org\",\"@graph\":[{\"@type\":\"Article\",\"@id\":\"https:\/\/www.notibras.com\/site\/dilma-recebe-angela-merkel-de-olho-em-mais-negocios-entre-o-brasil-e-a-alemanha\/#article\",\"isPartOf\":{\"@id\":\"https:\/\/www.notibras.com\/site\/dilma-recebe-angela-merkel-de-olho-em-mais-negocios-entre-o-brasil-e-a-alemanha\/\"},\"author\":{\"name\":\"Reda\u00e7\u00e3o\",\"@id\":\"https:\/\/www.notibras.com\/site\/#\/schema\/person\/36ab0979449956132d3e5b517ea76ac8\"},\"headline\":\"Dilma recebe Angela Merkel de olho em mais neg\u00f3cios entre o Brasil e a Alemanha\",\"datePublished\":\"2015-08-19T22:47:52+00:00\",\"dateModified\":\"2015-08-20T20:16:57+00:00\",\"mainEntityOfPage\":{\"@id\":\"https:\/\/www.notibras.com\/site\/dilma-recebe-angela-merkel-de-olho-em-mais-negocios-entre-o-brasil-e-a-alemanha\/\"},\"wordCount\":488,\"commentCount\":0,\"publisher\":{\"@id\":\"https:\/\/www.notibras.com\/site\/#organization\"},\"image\":{\"@id\":\"https:\/\/www.notibras.com\/site\/dilma-recebe-angela-merkel-de-olho-em-mais-negocios-entre-o-brasil-e-a-alemanha\/#primaryimage\"},\"thumbnailUrl\":\"https:\/\/www.notibras.com\/site\/wp-content\/uploads\/2015\/08\/972381-19.08.2015_dsc_1799.jpg\",\"articleSection\":[\"Brasil\"],\"inLanguage\":\"pt-BR\",\"potentialAction\":[{\"@type\":\"CommentAction\",\"name\":\"Comment\",\"target\":[\"https:\/\/www.notibras.com\/site\/dilma-recebe-angela-merkel-de-olho-em-mais-negocios-entre-o-brasil-e-a-alemanha\/#respond\"]}]},{\"@type\":\"WebPage\",\"@id\":\"https:\/\/www.notibras.com\/site\/dilma-recebe-angela-merkel-de-olho-em-mais-negocios-entre-o-brasil-e-a-alemanha\/\",\"url\":\"https:\/\/www.notibras.com\/site\/dilma-recebe-angela-merkel-de-olho-em-mais-negocios-entre-o-brasil-e-a-alemanha\/\",\"name\":\"Dilma recebe Angela Merkel de olho em mais neg\u00f3cios entre o Brasil e a Alemanha - Notibras\",\"isPartOf\":{\"@id\":\"https:\/\/www.notibras.com\/site\/#website\"},\"primaryImageOfPage\":{\"@id\":\"https:\/\/www.notibras.com\/site\/dilma-recebe-angela-merkel-de-olho-em-mais-negocios-entre-o-brasil-e-a-alemanha\/#primaryimage\"},\"image\":{\"@id\":\"https:\/\/www.notibras.com\/site\/dilma-recebe-angela-merkel-de-olho-em-mais-negocios-entre-o-brasil-e-a-alemanha\/#primaryimage\"},\"thumbnailUrl\":\"https:\/\/www.notibras.com\/site\/wp-content\/uploads\/2015\/08\/972381-19.08.2015_dsc_1799.jpg\",\"datePublished\":\"2015-08-19T22:47:52+00:00\",\"dateModified\":\"2015-08-20T20:16:57+00:00\",\"breadcrumb\":{\"@id\":\"https:\/\/www.notibras.com\/site\/dilma-recebe-angela-merkel-de-olho-em-mais-negocios-entre-o-brasil-e-a-alemanha\/#breadcrumb\"},\"inLanguage\":\"pt-BR\",\"potentialAction\":[{\"@type\":\"ReadAction\",\"target\":[\"https:\/\/www.notibras.com\/site\/dilma-recebe-angela-merkel-de-olho-em-mais-negocios-entre-o-brasil-e-a-alemanha\/\"]}]},{\"@type\":\"ImageObject\",\"inLanguage\":\"pt-BR\",\"@id\":\"https:\/\/www.notibras.com\/site\/dilma-recebe-angela-merkel-de-olho-em-mais-negocios-entre-o-brasil-e-a-alemanha\/#primaryimage\",\"url\":\"https:\/\/www.notibras.com\/site\/wp-content\/uploads\/2015\/08\/972381-19.08.2015_dsc_1799.jpg\",\"contentUrl\":\"https:\/\/www.notibras.com\/site\/wp-content\/uploads\/2015\/08\/972381-19.08.2015_dsc_1799.jpg\",\"width\":580,\"height\":388},{\"@type\":\"BreadcrumbList\",\"@id\":\"https:\/\/www.notibras.com\/site\/dilma-recebe-angela-merkel-de-olho-em-mais-negocios-entre-o-brasil-e-a-alemanha\/#breadcrumb\",\"itemListElement\":[{\"@type\":\"ListItem\",\"position\":1,\"name\":\"In\u00edcio\",\"item\":\"https:\/\/www.notibras.com\/site\/\"},{\"@type\":\"ListItem\",\"position\":2,\"name\":\"Dilma recebe Angela Merkel de olho em mais neg\u00f3cios entre o Brasil e a Alemanha\"}]},{\"@type\":\"WebSite\",\"@id\":\"https:\/\/www.notibras.com\/site\/#website\",\"url\":\"https:\/\/www.notibras.com\/site\/\",\"name\":\"Notibras\",\"description\":\"Not\u00edcias de Bras\u00edlia, do Brasil e do Mundo\",\"publisher\":{\"@id\":\"https:\/\/www.notibras.com\/site\/#organization\"},\"potentialAction\":[{\"@type\":\"SearchAction\",\"target\":{\"@type\":\"EntryPoint\",\"urlTemplate\":\"https:\/\/www.notibras.com\/site\/?s={search_term_string}\"},\"query-input\":{\"@type\":\"PropertyValueSpecification\",\"valueRequired\":true,\"valueName\":\"search_term_string\"}}],\"inLanguage\":\"pt-BR\"},{\"@type\":\"Organization\",\"@id\":\"https:\/\/www.notibras.com\/site\/#organization\",\"name\":\"Grupo Notibras de Comunica\u00e7\u00e3o\",\"url\":\"https:\/\/www.notibras.com\/site\/\",\"logo\":{\"@type\":\"ImageObject\",\"inLanguage\":\"pt-BR\",\"@id\":\"https:\/\/www.notibras.com\/site\/#\/schema\/logo\/image\/\",\"url\":\"https:\/\/www.notibras.com\/site\/wp-content\/uploads\/2023\/01\/notibras23.png\",\"contentUrl\":\"https:\/\/www.notibras.com\/site\/wp-content\/uploads\/2023\/01\/notibras23.png\",\"width\":350,\"height\":87,\"caption\":\"Grupo Notibras de Comunica\u00e7\u00e3o\"},\"image\":{\"@id\":\"https:\/\/www.notibras.com\/site\/#\/schema\/logo\/image\/\"},\"sameAs\":[\"https:\/\/www.facebook.com\/notibras\/\",\"https:\/\/x.com\/Notibras\",\"https:\/\/www.instagram.com\/notibras\/\"]},{\"@type\":\"Person\",\"@id\":\"https:\/\/www.notibras.com\/site\/#\/schema\/person\/36ab0979449956132d3e5b517ea76ac8\",\"name\":\"Reda\u00e7\u00e3o\",\"image\":{\"@type\":\"ImageObject\",\"inLanguage\":\"pt-BR\",\"@id\":\"https:\/\/secure.gravatar.com\/avatar\/e0a867bdedb85fd243eadf09663511f96fc81e0720a4a42581f334ad4303aa6b?s=96&d=mm&r=g\",\"url\":\"https:\/\/secure.gravatar.com\/avatar\/e0a867bdedb85fd243eadf09663511f96fc81e0720a4a42581f334ad4303aa6b?s=96&d=mm&r=g\",\"contentUrl\":\"https:\/\/secure.gravatar.com\/avatar\/e0a867bdedb85fd243eadf09663511f96fc81e0720a4a42581f334ad4303aa6b?s=96&d=mm&r=g\",\"caption\":\"Reda\u00e7\u00e3o\"}}]}<\/script>\n<!-- \/ Yoast SEO plugin. -->","yoast_head_json":{"title":"Dilma recebe Angela Merkel de olho em mais neg\u00f3cios entre o Brasil e a Alemanha - Notibras","robots":{"index":"index","follow":"follow","max-snippet":"max-snippet:-1","max-image-preview":"max-image-preview:large","max-video-preview":"max-video-preview:-1"},"canonical":"https:\/\/www.notibras.com\/site\/dilma-recebe-angela-merkel-de-olho-em-mais-negocios-entre-o-brasil-e-a-alemanha\/","og_locale":"pt_BR","og_type":"article","og_title":"Dilma recebe Angela Merkel de olho em mais neg\u00f3cios entre o Brasil e a Alemanha - Notibras","og_description":"A presidenta Dilma Rousseff recebeu a chanceler alem\u00e3 Angela Merkel\u00a0para jantar no\u00a0Pal\u00e1cio da Alvorada. Mais de 20 ministros e o vice-presidente Michel Temer participaram do encontro. Foi o primeiro compromisso da agenda, que prev\u00ea outras reuni\u00f5es entre Dilma e Angela Merkel e conversas separadas entre ministros dos dois pa\u00edses nesta quinta-feira, 20. De acordo com [&hellip;]","og_url":"https:\/\/www.notibras.com\/site\/dilma-recebe-angela-merkel-de-olho-em-mais-negocios-entre-o-brasil-e-a-alemanha\/","og_site_name":"Notibras","article_publisher":"https:\/\/www.facebook.com\/notibras\/","article_published_time":"2015-08-19T22:47:52+00:00","article_modified_time":"2015-08-20T20:16:57+00:00","og_image":[{"width":580,"height":388,"url":"https:\/\/www.notibras.com\/site\/wp-content\/uploads\/2015\/08\/972381-19.08.2015_dsc_1799.jpg","type":"image\/jpeg"}],"author":"Reda\u00e7\u00e3o","twitter_card":"summary_large_image","twitter_creator":"@Notibras","twitter_site":"@Notibras","twitter_misc":{"Escrito por":"Reda\u00e7\u00e3o","Est. tempo de leitura":"2 minutos"},"schema":{"@context":"https:\/\/schema.org","@graph":[{"@type":"Article","@id":"https:\/\/www.notibras.com\/site\/dilma-recebe-angela-merkel-de-olho-em-mais-negocios-entre-o-brasil-e-a-alemanha\/#article","isPartOf":{"@id":"https:\/\/www.notibras.com\/site\/dilma-recebe-angela-merkel-de-olho-em-mais-negocios-entre-o-brasil-e-a-alemanha\/"},"author":{"name":"Reda\u00e7\u00e3o","@id":"https:\/\/www.notibras.com\/site\/#\/schema\/person\/36ab0979449956132d3e5b517ea76ac8"},"headline":"Dilma recebe Angela Merkel de olho em mais neg\u00f3cios entre o Brasil e a Alemanha","datePublished":"2015-08-19T22:47:52+00:00","dateModified":"2015-08-20T20:16:57+00:00","mainEntityOfPage":{"@id":"https:\/\/www.notibras.com\/site\/dilma-recebe-angela-merkel-de-olho-em-mais-negocios-entre-o-brasil-e-a-alemanha\/"},"wordCount":488,"commentCount":0,"publisher":{"@id":"https:\/\/www.notibras.com\/site\/#organization"},"image":{"@id":"https:\/\/www.notibras.com\/site\/dilma-recebe-angela-merkel-de-olho-em-mais-negocios-entre-o-brasil-e-a-alemanha\/#primaryimage"},"thumbnailUrl":"https:\/\/www.notibras.com\/site\/wp-content\/uploads\/2015\/08\/972381-19.08.2015_dsc_1799.jpg","articleSection":["Brasil"],"inLanguage":"pt-BR","potentialAction":[{"@type":"CommentAction","name":"Comment","target":["https:\/\/www.notibras.com\/site\/dilma-recebe-angela-merkel-de-olho-em-mais-negocios-entre-o-brasil-e-a-alemanha\/#respond"]}]},{"@type":"WebPage","@id":"https:\/\/www.notibras.com\/site\/dilma-recebe-angela-merkel-de-olho-em-mais-negocios-entre-o-brasil-e-a-alemanha\/","url":"https:\/\/www.notibras.com\/site\/dilma-recebe-angela-merkel-de-olho-em-mais-negocios-entre-o-brasil-e-a-alemanha\/","name":"Dilma recebe Angela Merkel de olho em mais neg\u00f3cios entre o Brasil e a Alemanha - Notibras","isPartOf":{"@id":"https:\/\/www.notibras.com\/site\/#website"},"primaryImageOfPage":{"@id":"https:\/\/www.notibras.com\/site\/dilma-recebe-angela-merkel-de-olho-em-mais-negocios-entre-o-brasil-e-a-alemanha\/#primaryimage"},"image":{"@id":"https:\/\/www.notibras.com\/site\/dilma-recebe-angela-merkel-de-olho-em-mais-negocios-entre-o-brasil-e-a-alemanha\/#primaryimage"},"thumbnailUrl":"https:\/\/www.notibras.com\/site\/wp-content\/uploads\/2015\/08\/972381-19.08.2015_dsc_1799.jpg","datePublished":"2015-08-19T22:47:52+00:00","dateModified":"2015-08-20T20:16:57+00:00","breadcrumb":{"@id":"https:\/\/www.notibras.com\/site\/dilma-recebe-angela-merkel-de-olho-em-mais-negocios-entre-o-brasil-e-a-alemanha\/#breadcrumb"},"inLanguage":"pt-BR","potentialAction":[{"@type":"ReadAction","target":["https:\/\/www.notibras.com\/site\/dilma-recebe-angela-merkel-de-olho-em-mais-negocios-entre-o-brasil-e-a-alemanha\/"]}]},{"@type":"ImageObject","inLanguage":"pt-BR","@id":"https:\/\/www.notibras.com\/site\/dilma-recebe-angela-merkel-de-olho-em-mais-negocios-entre-o-brasil-e-a-alemanha\/#primaryimage","url":"https:\/\/www.notibras.com\/site\/wp-content\/uploads\/2015\/08\/972381-19.08.2015_dsc_1799.jpg","contentUrl":"https:\/\/www.notibras.com\/site\/wp-content\/uploads\/2015\/08\/972381-19.08.2015_dsc_1799.jpg","width":580,"height":388},{"@type":"BreadcrumbList","@id":"https:\/\/www.notibras.com\/site\/dilma-recebe-angela-merkel-de-olho-em-mais-negocios-entre-o-brasil-e-a-alemanha\/#breadcrumb","itemListElement":[{"@type":"ListItem","position":1,"name":"In\u00edcio","item":"https:\/\/www.notibras.com\/site\/"},{"@type":"ListItem","position":2,"name":"Dilma recebe Angela Merkel de olho em mais neg\u00f3cios entre o Brasil e a Alemanha"}]},{"@type":"WebSite","@id":"https:\/\/www.notibras.com\/site\/#website","url":"https:\/\/www.notibras.com\/site\/","name":"Notibras","description":"Not\u00edcias de Bras\u00edlia, do Brasil e do Mundo","publisher":{"@id":"https:\/\/www.notibras.com\/site\/#organization"},"potentialAction":[{"@type":"SearchAction","target":{"@type":"EntryPoint","urlTemplate":"https:\/\/www.notibras.com\/site\/?s={search_term_string}"},"query-input":{"@type":"PropertyValueSpecification","valueRequired":true,"valueName":"search_term_string"}}],"inLanguage":"pt-BR"},{"@type":"Organization","@id":"https:\/\/www.notibras.com\/site\/#organization","name":"Grupo Notibras de Comunica\u00e7\u00e3o","url":"https:\/\/www.notibras.com\/site\/","logo":{"@type":"ImageObject","inLanguage":"pt-BR","@id":"https:\/\/www.notibras.com\/site\/#\/schema\/logo\/image\/","url":"https:\/\/www.notibras.com\/site\/wp-content\/uploads\/2023\/01\/notibras23.png","contentUrl":"https:\/\/www.notibras.com\/site\/wp-content\/uploads\/2023\/01\/notibras23.png","width":350,"height":87,"caption":"Grupo Notibras de Comunica\u00e7\u00e3o"},"image":{"@id":"https:\/\/www.notibras.com\/site\/#\/schema\/logo\/image\/"},"sameAs":["https:\/\/www.facebook.com\/notibras\/","https:\/\/x.com\/Notibras","https:\/\/www.instagram.com\/notibras\/"]},{"@type":"Person","@id":"https:\/\/www.notibras.com\/site\/#\/schema\/person\/36ab0979449956132d3e5b517ea76ac8","name":"Reda\u00e7\u00e3o","image":{"@type":"ImageObject","inLanguage":"pt-BR","@id":"https:\/\/secure.gravatar.com\/avatar\/e0a867bdedb85fd243eadf09663511f96fc81e0720a4a42581f334ad4303aa6b?s=96&d=mm&r=g","url":"https:\/\/secure.gravatar.com\/avatar\/e0a867bdedb85fd243eadf09663511f96fc81e0720a4a42581f334ad4303aa6b?s=96&d=mm&r=g","contentUrl":"https:\/\/secure.gravatar.com\/avatar\/e0a867bdedb85fd243eadf09663511f96fc81e0720a4a42581f334ad4303aa6b?s=96&d=mm&r=g","caption":"Reda\u00e7\u00e3o"}}]}},"amp_enabled":true,"_links":{"self":[{"href":"https:\/\/www.notibras.com\/site\/wp-json\/wp\/v2\/posts\/63304","targetHints":{"allow":["GET"]}}],"collection":[{"href":"https:\/\/www.notibras.com\/site\/wp-json\/wp\/v2\/posts"}],"about":[{"href":"https:\/\/www.notibras.com\/site\/wp-json\/wp\/v2\/types\/post"}],"author":[{"embeddable":true,"href":"https:\/\/www.notibras.com\/site\/wp-json\/wp\/v2\/users\/2"}],"replies":[{"embeddable":true,"href":"https:\/\/www.notibras.com\/site\/wp-json\/wp\/v2\/comments?post=63304"}],"version-history":[{"count":1,"href":"https:\/\/www.notibras.com\/site\/wp-json\/wp\/v2\/posts\/63304\/revisions"}],"predecessor-version":[{"id":63306,"href":"https:\/\/www.notibras.com\/site\/wp-json\/wp\/v2\/posts\/63304\/revisions\/63306"}],"wp:featuredmedia":[{"embeddable":true,"href":"https:\/\/www.notibras.com\/site\/wp-json\/wp\/v2\/media\/63305"}],"wp:attachment":[{"href":"https:\/\/www.notibras.com\/site\/wp-json\/wp\/v2\/media?parent=63304"}],"wp:term":[{"taxonomy":"category","embeddable":true,"href":"https:\/\/www.notibras.com\/site\/wp-json\/wp\/v2\/categories?post=63304"},{"taxonomy":"post_tag","embeddable":true,"href":"https:\/\/www.notibras.com\/site\/wp-json\/wp\/v2\/tags?post=63304"}],"curies":[{"name":"wp","href":"https:\/\/api.w.org\/{rel}","templated":true}]}}