{"id":63329,"date":"2015-08-20T05:34:47","date_gmt":"2015-08-20T08:34:47","guid":{"rendered":"http:\/\/www.notibras.com\/site\/?p=63329"},"modified":"2015-08-21T09:52:24","modified_gmt":"2015-08-21T12:52:24","slug":"momento-critico-do-pais-pede-coragem-e-nao-gestos-de-golpe","status":"publish","type":"post","link":"https:\/\/www.notibras.com\/site\/momento-critico-do-pais-pede-coragem-e-nao-gestos-de-golpe\/","title":{"rendered":"Momento cr\u00edtico do Pa\u00eds pede coragem, e n\u00e3o golpe de direita ou esquerda"},"content":{"rendered":"<p>A hist\u00f3ria do nosso pa\u00eds \u00e9 repleta de caminhos tortuosos com acentuada simbologia, como o fato de termos sido o ref\u00fagio da monarquia portuguesa escorra\u00e7ada do seu lar pela amea\u00e7a.<\/p>\n<p>E de amea\u00e7a em amea\u00e7a alcan\u00e7amos a duras penas o regime democr\u00e1tico. Muito pouco tempo para assimilarmos o real significado da liberdade irrestrita que nos atribui enorme responsabilidade. A liberdade de escolher nossos mandat\u00e1rios tem como consequ\u00eancia as normas que nos regem e os governos que nos dirigem.<\/p>\n<p>Se tudo caminha mal, existe uma sa\u00edda, a mesma de sempre: escolher melhor os pr\u00f3ximos. E nesse particular, os movimentos sociais ter\u00e3o papel fundamental.<\/p>\n<p>Mas, invariavelmente, al\u00e9m da frustra\u00e7\u00e3o, convivemos com a aus\u00eancia de transpar\u00eancia e o maltrato da coisa p\u00fablica. Se somos uma democracia, talvez n\u00e3o sejamos uma rep\u00fablica, diante do descalabro da corrup\u00e7\u00e3o que assaltou o Estado e deixou o cidad\u00e3o ref\u00e9m.<\/p>\n<p>E para piorar, nossa \u00faltima esperan\u00e7a, o Poder Judici\u00e1rio, \u00e9 atacado diuturnamente pelo pr\u00f3prio Estado, respons\u00e1vel por mais da metade do movimento de mais de 100 milh\u00f5es de processos judiciais que atravancam o funcionamento, prejudicando, assim, exatamente aquele que mais precisa da Justi\u00e7a.<\/p>\n<p>Al\u00e9m disso, no caso do Estado de S\u00e3o Paulo, respons\u00e1vel por mais de um quarto do movimento judici\u00e1rio do pa\u00eds, de ano e ano o Tribunal de Justi\u00e7a esmola para o Poder Executivo que controla o or\u00e7amento numa l\u00f3gica incompreens\u00edvel de administra\u00e7\u00e3o.<\/p>\n<p>Com todas as dificuldades, \u00e9 o Poder Judici\u00e1rio que garante nossa liberdade e pune dentro dos limites da lei.<\/p>\n<p>Nessa l\u00f3gica que garante o equil\u00edbrio entre os Poderes, para alcan\u00e7ar a verdadeira harmonia e independ\u00eancia entre si, talvez a mais nefasta atitude seja o descumprimento da lei, especialmente a nossa lei maior: a Constitui\u00e7\u00e3o. Sem a lei, n\u00e3o \u00e9 somente a democracia que desmoronar\u00e1.<\/p>\n<p>Por tudo isso, \u00e9 fundamental o equil\u00edbrio no trato das quest\u00f5es jur\u00eddicas que s\u00e3o a base para os desdobramentos sociais e pol\u00edticos. N\u00e3o nos enganemos com \u00edndices e pesquisas que s\u00e3o retratos do momento. Nossa vis\u00e3o deve alcan\u00e7ar mais longe, pois n\u00e3o estamos num jogo de um contra o outro, por mais que os protagonistas pol\u00edticos se esforcem na cena de batalha, na qual tudo tem carimbo na guerra contra a credibilidade.<\/p>\n<p>O fato \u00e9 que estamos perdendo, mais uma vez, valiosas oportunidades de avan\u00e7ar com as necess\u00e1rias reformas estruturais, bastando citar como exemplo as p\u00edfias altera\u00e7\u00f5es demonstradas pela C\u00e2mara dos Deputados numa chamada reforma pol\u00edtica. Era a chance de ouro de nos resgatar da crise de legitimidade na qual estamos mergulhados, como a institui\u00e7\u00e3o do &#8220;recall&#8221;, em que o pol\u00edtico eleito responde por suas promessas de campanha.<\/p>\n<p>N\u00e3o h\u00e1 tabu ou tema que n\u00e3o possa ser verdadeiramente debatido numa sociedade democr\u00e1tica.<\/p>\n<p>Somos todos a favor do Brasil e, evidentemente, n\u00e3o compactuamos com o il\u00edcito. O Instituto dos Advogados de S\u00e3o Paulo foi a primeira institui\u00e7\u00e3o jur\u00eddica a se manifestar publicamente enunciando que n\u00e3o existe cidad\u00e3o brasileiro acima da lei, sendo evidente que todas as investiga\u00e7\u00f5es devem ser conduzidas dentro da lei, sob pena de anula\u00e7\u00e3o, que tem um perverso duplo efeito de impunidade e les\u00e3o aos direitos fundamentais.<\/p>\n<p>Desde quando aquele navio aportou, n\u00e3o escolhemos adequadamente nossos caminhos, e a hist\u00f3ria, com o devido distanciamento dos fatos, nos conta e nos permite concluir que o caminho a ser percorrido \u00e9 o do respeito \u00e0 lei.<\/p>\n<p>Cabe ao Minist\u00e9rio P\u00fablico cumprir sua miss\u00e3o constitucional e ao Poder Judici\u00e1rio conduzir os processos em tempo razo\u00e1vel para benef\u00edcio da sociedade. Todos estamos indignados. O momento \u00e9 de coragem e de altivez. Sem golpe e sem corrup\u00e7\u00e3o, com independ\u00eancia e respeito \u00e0s nossas institui\u00e7\u00f5es.<\/p>\n<p><strong>Jos\u00e9 Hor\u00e1cio Halfeld Rezende Ribeiro<\/strong><\/p>\n","protected":false},"excerpt":{"rendered":"<p>A hist\u00f3ria do nosso pa\u00eds \u00e9 repleta de caminhos tortuosos com acentuada simbologia, como o fato de termos sido o ref\u00fagio da monarquia portuguesa escorra\u00e7ada do seu lar pela amea\u00e7a. E de amea\u00e7a em amea\u00e7a alcan\u00e7amos a duras penas o regime democr\u00e1tico. Muito pouco tempo para assimilarmos o real significado da liberdade irrestrita que nos [&hellip;]<\/p>\n","protected":false},"author":2,"featured_media":63330,"comment_status":"open","ping_status":"closed","sticky":false,"template":"","format":"standard","meta":{"_acf_changed":false,"footnotes":""},"categories":[25],"tags":[],"class_list":["post-63329","post","type-post","status-publish","format-standard","has-post-thumbnail","hentry","category-opina-ai"],"acf":[],"yoast_head":"<!-- This site is optimized with the Yoast SEO plugin v27.2 - https:\/\/yoast.com\/product\/yoast-seo-wordpress\/ -->\n<title>Momento cr\u00edtico do Pa\u00eds pede coragem, e n\u00e3o golpe de direita ou esquerda - Notibras<\/title>\n<meta name=\"robots\" content=\"index, follow, max-snippet:-1, max-image-preview:large, max-video-preview:-1\" \/>\n<link rel=\"canonical\" href=\"https:\/\/www.notibras.com\/site\/momento-critico-do-pais-pede-coragem-e-nao-gestos-de-golpe\/\" \/>\n<meta property=\"og:locale\" content=\"pt_BR\" \/>\n<meta property=\"og:type\" content=\"article\" \/>\n<meta property=\"og:title\" content=\"Momento cr\u00edtico do Pa\u00eds pede coragem, e n\u00e3o golpe de direita ou esquerda - Notibras\" \/>\n<meta property=\"og:description\" content=\"A hist\u00f3ria do nosso pa\u00eds \u00e9 repleta de caminhos tortuosos com acentuada simbologia, como o fato de termos sido o ref\u00fagio da monarquia portuguesa escorra\u00e7ada do seu lar pela amea\u00e7a. E de amea\u00e7a em amea\u00e7a alcan\u00e7amos a duras penas o regime democr\u00e1tico. Muito pouco tempo para assimilarmos o real significado da liberdade irrestrita que nos [&hellip;]\" \/>\n<meta property=\"og:url\" content=\"https:\/\/www.notibras.com\/site\/momento-critico-do-pais-pede-coragem-e-nao-gestos-de-golpe\/\" \/>\n<meta property=\"og:site_name\" content=\"Notibras\" \/>\n<meta property=\"article:publisher\" content=\"https:\/\/www.facebook.com\/notibras\/\" \/>\n<meta property=\"article:published_time\" content=\"2015-08-20T08:34:47+00:00\" \/>\n<meta property=\"article:modified_time\" content=\"2015-08-21T12:52:24+00:00\" \/>\n<meta property=\"og:image\" content=\"https:\/\/www.notibras.com\/site\/wp-content\/uploads\/2015\/08\/paulista2.jpg\" \/>\n\t<meta property=\"og:image:width\" content=\"600\" \/>\n\t<meta property=\"og:image:height\" content=\"399\" \/>\n\t<meta property=\"og:image:type\" content=\"image\/jpeg\" \/>\n<meta name=\"author\" content=\"Reda\u00e7\u00e3o\" \/>\n<meta name=\"twitter:card\" content=\"summary_large_image\" \/>\n<meta name=\"twitter:creator\" content=\"@Notibras\" \/>\n<meta name=\"twitter:site\" content=\"@Notibras\" \/>\n<meta name=\"twitter:label1\" content=\"Escrito por\" \/>\n\t<meta name=\"twitter:data1\" content=\"Reda\u00e7\u00e3o\" \/>\n\t<meta name=\"twitter:label2\" content=\"Est. tempo de leitura\" \/>\n\t<meta name=\"twitter:data2\" content=\"3 minutos\" \/>\n<script type=\"application\/ld+json\" class=\"yoast-schema-graph\">{\"@context\":\"https:\/\/schema.org\",\"@graph\":[{\"@type\":\"Article\",\"@id\":\"https:\/\/www.notibras.com\/site\/momento-critico-do-pais-pede-coragem-e-nao-gestos-de-golpe\/#article\",\"isPartOf\":{\"@id\":\"https:\/\/www.notibras.com\/site\/momento-critico-do-pais-pede-coragem-e-nao-gestos-de-golpe\/\"},\"author\":{\"name\":\"Reda\u00e7\u00e3o\",\"@id\":\"https:\/\/www.notibras.com\/site\/#\/schema\/person\/36ab0979449956132d3e5b517ea76ac8\"},\"headline\":\"Momento cr\u00edtico do Pa\u00eds pede coragem, e n\u00e3o golpe de direita ou esquerda\",\"datePublished\":\"2015-08-20T08:34:47+00:00\",\"dateModified\":\"2015-08-21T12:52:24+00:00\",\"mainEntityOfPage\":{\"@id\":\"https:\/\/www.notibras.com\/site\/momento-critico-do-pais-pede-coragem-e-nao-gestos-de-golpe\/\"},\"wordCount\":694,\"commentCount\":0,\"publisher\":{\"@id\":\"https:\/\/www.notibras.com\/site\/#organization\"},\"image\":{\"@id\":\"https:\/\/www.notibras.com\/site\/momento-critico-do-pais-pede-coragem-e-nao-gestos-de-golpe\/#primaryimage\"},\"thumbnailUrl\":\"https:\/\/www.notibras.com\/site\/wp-content\/uploads\/2015\/08\/paulista2.jpg\",\"articleSection\":[\"Opina a\u00ed\"],\"inLanguage\":\"pt-BR\",\"potentialAction\":[{\"@type\":\"CommentAction\",\"name\":\"Comment\",\"target\":[\"https:\/\/www.notibras.com\/site\/momento-critico-do-pais-pede-coragem-e-nao-gestos-de-golpe\/#respond\"]}]},{\"@type\":\"WebPage\",\"@id\":\"https:\/\/www.notibras.com\/site\/momento-critico-do-pais-pede-coragem-e-nao-gestos-de-golpe\/\",\"url\":\"https:\/\/www.notibras.com\/site\/momento-critico-do-pais-pede-coragem-e-nao-gestos-de-golpe\/\",\"name\":\"Momento cr\u00edtico do Pa\u00eds pede coragem, e n\u00e3o golpe de direita ou esquerda - Notibras\",\"isPartOf\":{\"@id\":\"https:\/\/www.notibras.com\/site\/#website\"},\"primaryImageOfPage\":{\"@id\":\"https:\/\/www.notibras.com\/site\/momento-critico-do-pais-pede-coragem-e-nao-gestos-de-golpe\/#primaryimage\"},\"image\":{\"@id\":\"https:\/\/www.notibras.com\/site\/momento-critico-do-pais-pede-coragem-e-nao-gestos-de-golpe\/#primaryimage\"},\"thumbnailUrl\":\"https:\/\/www.notibras.com\/site\/wp-content\/uploads\/2015\/08\/paulista2.jpg\",\"datePublished\":\"2015-08-20T08:34:47+00:00\",\"dateModified\":\"2015-08-21T12:52:24+00:00\",\"breadcrumb\":{\"@id\":\"https:\/\/www.notibras.com\/site\/momento-critico-do-pais-pede-coragem-e-nao-gestos-de-golpe\/#breadcrumb\"},\"inLanguage\":\"pt-BR\",\"potentialAction\":[{\"@type\":\"ReadAction\",\"target\":[\"https:\/\/www.notibras.com\/site\/momento-critico-do-pais-pede-coragem-e-nao-gestos-de-golpe\/\"]}]},{\"@type\":\"ImageObject\",\"inLanguage\":\"pt-BR\",\"@id\":\"https:\/\/www.notibras.com\/site\/momento-critico-do-pais-pede-coragem-e-nao-gestos-de-golpe\/#primaryimage\",\"url\":\"https:\/\/www.notibras.com\/site\/wp-content\/uploads\/2015\/08\/paulista2.jpg\",\"contentUrl\":\"https:\/\/www.notibras.com\/site\/wp-content\/uploads\/2015\/08\/paulista2.jpg\",\"width\":600,\"height\":399},{\"@type\":\"BreadcrumbList\",\"@id\":\"https:\/\/www.notibras.com\/site\/momento-critico-do-pais-pede-coragem-e-nao-gestos-de-golpe\/#breadcrumb\",\"itemListElement\":[{\"@type\":\"ListItem\",\"position\":1,\"name\":\"In\u00edcio\",\"item\":\"https:\/\/www.notibras.com\/site\/\"},{\"@type\":\"ListItem\",\"position\":2,\"name\":\"Momento cr\u00edtico do Pa\u00eds pede coragem, e n\u00e3o golpe de direita ou esquerda\"}]},{\"@type\":\"WebSite\",\"@id\":\"https:\/\/www.notibras.com\/site\/#website\",\"url\":\"https:\/\/www.notibras.com\/site\/\",\"name\":\"Notibras\",\"description\":\"Not\u00edcias de Bras\u00edlia, do Brasil e do Mundo\",\"publisher\":{\"@id\":\"https:\/\/www.notibras.com\/site\/#organization\"},\"potentialAction\":[{\"@type\":\"SearchAction\",\"target\":{\"@type\":\"EntryPoint\",\"urlTemplate\":\"https:\/\/www.notibras.com\/site\/?s={search_term_string}\"},\"query-input\":{\"@type\":\"PropertyValueSpecification\",\"valueRequired\":true,\"valueName\":\"search_term_string\"}}],\"inLanguage\":\"pt-BR\"},{\"@type\":\"Organization\",\"@id\":\"https:\/\/www.notibras.com\/site\/#organization\",\"name\":\"Grupo Notibras de Comunica\u00e7\u00e3o\",\"url\":\"https:\/\/www.notibras.com\/site\/\",\"logo\":{\"@type\":\"ImageObject\",\"inLanguage\":\"pt-BR\",\"@id\":\"https:\/\/www.notibras.com\/site\/#\/schema\/logo\/image\/\",\"url\":\"https:\/\/www.notibras.com\/site\/wp-content\/uploads\/2023\/01\/notibras23.png\",\"contentUrl\":\"https:\/\/www.notibras.com\/site\/wp-content\/uploads\/2023\/01\/notibras23.png\",\"width\":350,\"height\":87,\"caption\":\"Grupo Notibras de Comunica\u00e7\u00e3o\"},\"image\":{\"@id\":\"https:\/\/www.notibras.com\/site\/#\/schema\/logo\/image\/\"},\"sameAs\":[\"https:\/\/www.facebook.com\/notibras\/\",\"https:\/\/x.com\/Notibras\",\"https:\/\/www.instagram.com\/notibras\/\"]},{\"@type\":\"Person\",\"@id\":\"https:\/\/www.notibras.com\/site\/#\/schema\/person\/36ab0979449956132d3e5b517ea76ac8\",\"name\":\"Reda\u00e7\u00e3o\",\"image\":{\"@type\":\"ImageObject\",\"inLanguage\":\"pt-BR\",\"@id\":\"https:\/\/secure.gravatar.com\/avatar\/e0a867bdedb85fd243eadf09663511f96fc81e0720a4a42581f334ad4303aa6b?s=96&d=mm&r=g\",\"url\":\"https:\/\/secure.gravatar.com\/avatar\/e0a867bdedb85fd243eadf09663511f96fc81e0720a4a42581f334ad4303aa6b?s=96&d=mm&r=g\",\"contentUrl\":\"https:\/\/secure.gravatar.com\/avatar\/e0a867bdedb85fd243eadf09663511f96fc81e0720a4a42581f334ad4303aa6b?s=96&d=mm&r=g\",\"caption\":\"Reda\u00e7\u00e3o\"}}]}<\/script>\n<!-- \/ Yoast SEO plugin. -->","yoast_head_json":{"title":"Momento cr\u00edtico do Pa\u00eds pede coragem, e n\u00e3o golpe de direita ou esquerda - Notibras","robots":{"index":"index","follow":"follow","max-snippet":"max-snippet:-1","max-image-preview":"max-image-preview:large","max-video-preview":"max-video-preview:-1"},"canonical":"https:\/\/www.notibras.com\/site\/momento-critico-do-pais-pede-coragem-e-nao-gestos-de-golpe\/","og_locale":"pt_BR","og_type":"article","og_title":"Momento cr\u00edtico do Pa\u00eds pede coragem, e n\u00e3o golpe de direita ou esquerda - Notibras","og_description":"A hist\u00f3ria do nosso pa\u00eds \u00e9 repleta de caminhos tortuosos com acentuada simbologia, como o fato de termos sido o ref\u00fagio da monarquia portuguesa escorra\u00e7ada do seu lar pela amea\u00e7a. E de amea\u00e7a em amea\u00e7a alcan\u00e7amos a duras penas o regime democr\u00e1tico. Muito pouco tempo para assimilarmos o real significado da liberdade irrestrita que nos [&hellip;]","og_url":"https:\/\/www.notibras.com\/site\/momento-critico-do-pais-pede-coragem-e-nao-gestos-de-golpe\/","og_site_name":"Notibras","article_publisher":"https:\/\/www.facebook.com\/notibras\/","article_published_time":"2015-08-20T08:34:47+00:00","article_modified_time":"2015-08-21T12:52:24+00:00","og_image":[{"width":600,"height":399,"url":"https:\/\/www.notibras.com\/site\/wp-content\/uploads\/2015\/08\/paulista2.jpg","type":"image\/jpeg"}],"author":"Reda\u00e7\u00e3o","twitter_card":"summary_large_image","twitter_creator":"@Notibras","twitter_site":"@Notibras","twitter_misc":{"Escrito por":"Reda\u00e7\u00e3o","Est. tempo de leitura":"3 minutos"},"schema":{"@context":"https:\/\/schema.org","@graph":[{"@type":"Article","@id":"https:\/\/www.notibras.com\/site\/momento-critico-do-pais-pede-coragem-e-nao-gestos-de-golpe\/#article","isPartOf":{"@id":"https:\/\/www.notibras.com\/site\/momento-critico-do-pais-pede-coragem-e-nao-gestos-de-golpe\/"},"author":{"name":"Reda\u00e7\u00e3o","@id":"https:\/\/www.notibras.com\/site\/#\/schema\/person\/36ab0979449956132d3e5b517ea76ac8"},"headline":"Momento cr\u00edtico do Pa\u00eds pede coragem, e n\u00e3o golpe de direita ou esquerda","datePublished":"2015-08-20T08:34:47+00:00","dateModified":"2015-08-21T12:52:24+00:00","mainEntityOfPage":{"@id":"https:\/\/www.notibras.com\/site\/momento-critico-do-pais-pede-coragem-e-nao-gestos-de-golpe\/"},"wordCount":694,"commentCount":0,"publisher":{"@id":"https:\/\/www.notibras.com\/site\/#organization"},"image":{"@id":"https:\/\/www.notibras.com\/site\/momento-critico-do-pais-pede-coragem-e-nao-gestos-de-golpe\/#primaryimage"},"thumbnailUrl":"https:\/\/www.notibras.com\/site\/wp-content\/uploads\/2015\/08\/paulista2.jpg","articleSection":["Opina a\u00ed"],"inLanguage":"pt-BR","potentialAction":[{"@type":"CommentAction","name":"Comment","target":["https:\/\/www.notibras.com\/site\/momento-critico-do-pais-pede-coragem-e-nao-gestos-de-golpe\/#respond"]}]},{"@type":"WebPage","@id":"https:\/\/www.notibras.com\/site\/momento-critico-do-pais-pede-coragem-e-nao-gestos-de-golpe\/","url":"https:\/\/www.notibras.com\/site\/momento-critico-do-pais-pede-coragem-e-nao-gestos-de-golpe\/","name":"Momento cr\u00edtico do Pa\u00eds pede coragem, e n\u00e3o golpe de direita ou esquerda - Notibras","isPartOf":{"@id":"https:\/\/www.notibras.com\/site\/#website"},"primaryImageOfPage":{"@id":"https:\/\/www.notibras.com\/site\/momento-critico-do-pais-pede-coragem-e-nao-gestos-de-golpe\/#primaryimage"},"image":{"@id":"https:\/\/www.notibras.com\/site\/momento-critico-do-pais-pede-coragem-e-nao-gestos-de-golpe\/#primaryimage"},"thumbnailUrl":"https:\/\/www.notibras.com\/site\/wp-content\/uploads\/2015\/08\/paulista2.jpg","datePublished":"2015-08-20T08:34:47+00:00","dateModified":"2015-08-21T12:52:24+00:00","breadcrumb":{"@id":"https:\/\/www.notibras.com\/site\/momento-critico-do-pais-pede-coragem-e-nao-gestos-de-golpe\/#breadcrumb"},"inLanguage":"pt-BR","potentialAction":[{"@type":"ReadAction","target":["https:\/\/www.notibras.com\/site\/momento-critico-do-pais-pede-coragem-e-nao-gestos-de-golpe\/"]}]},{"@type":"ImageObject","inLanguage":"pt-BR","@id":"https:\/\/www.notibras.com\/site\/momento-critico-do-pais-pede-coragem-e-nao-gestos-de-golpe\/#primaryimage","url":"https:\/\/www.notibras.com\/site\/wp-content\/uploads\/2015\/08\/paulista2.jpg","contentUrl":"https:\/\/www.notibras.com\/site\/wp-content\/uploads\/2015\/08\/paulista2.jpg","width":600,"height":399},{"@type":"BreadcrumbList","@id":"https:\/\/www.notibras.com\/site\/momento-critico-do-pais-pede-coragem-e-nao-gestos-de-golpe\/#breadcrumb","itemListElement":[{"@type":"ListItem","position":1,"name":"In\u00edcio","item":"https:\/\/www.notibras.com\/site\/"},{"@type":"ListItem","position":2,"name":"Momento cr\u00edtico do Pa\u00eds pede coragem, e n\u00e3o golpe de direita ou esquerda"}]},{"@type":"WebSite","@id":"https:\/\/www.notibras.com\/site\/#website","url":"https:\/\/www.notibras.com\/site\/","name":"Notibras","description":"Not\u00edcias de Bras\u00edlia, do Brasil e do Mundo","publisher":{"@id":"https:\/\/www.notibras.com\/site\/#organization"},"potentialAction":[{"@type":"SearchAction","target":{"@type":"EntryPoint","urlTemplate":"https:\/\/www.notibras.com\/site\/?s={search_term_string}"},"query-input":{"@type":"PropertyValueSpecification","valueRequired":true,"valueName":"search_term_string"}}],"inLanguage":"pt-BR"},{"@type":"Organization","@id":"https:\/\/www.notibras.com\/site\/#organization","name":"Grupo Notibras de Comunica\u00e7\u00e3o","url":"https:\/\/www.notibras.com\/site\/","logo":{"@type":"ImageObject","inLanguage":"pt-BR","@id":"https:\/\/www.notibras.com\/site\/#\/schema\/logo\/image\/","url":"https:\/\/www.notibras.com\/site\/wp-content\/uploads\/2023\/01\/notibras23.png","contentUrl":"https:\/\/www.notibras.com\/site\/wp-content\/uploads\/2023\/01\/notibras23.png","width":350,"height":87,"caption":"Grupo Notibras de Comunica\u00e7\u00e3o"},"image":{"@id":"https:\/\/www.notibras.com\/site\/#\/schema\/logo\/image\/"},"sameAs":["https:\/\/www.facebook.com\/notibras\/","https:\/\/x.com\/Notibras","https:\/\/www.instagram.com\/notibras\/"]},{"@type":"Person","@id":"https:\/\/www.notibras.com\/site\/#\/schema\/person\/36ab0979449956132d3e5b517ea76ac8","name":"Reda\u00e7\u00e3o","image":{"@type":"ImageObject","inLanguage":"pt-BR","@id":"https:\/\/secure.gravatar.com\/avatar\/e0a867bdedb85fd243eadf09663511f96fc81e0720a4a42581f334ad4303aa6b?s=96&d=mm&r=g","url":"https:\/\/secure.gravatar.com\/avatar\/e0a867bdedb85fd243eadf09663511f96fc81e0720a4a42581f334ad4303aa6b?s=96&d=mm&r=g","contentUrl":"https:\/\/secure.gravatar.com\/avatar\/e0a867bdedb85fd243eadf09663511f96fc81e0720a4a42581f334ad4303aa6b?s=96&d=mm&r=g","caption":"Reda\u00e7\u00e3o"}}]}},"amp_enabled":true,"_links":{"self":[{"href":"https:\/\/www.notibras.com\/site\/wp-json\/wp\/v2\/posts\/63329","targetHints":{"allow":["GET"]}}],"collection":[{"href":"https:\/\/www.notibras.com\/site\/wp-json\/wp\/v2\/posts"}],"about":[{"href":"https:\/\/www.notibras.com\/site\/wp-json\/wp\/v2\/types\/post"}],"author":[{"embeddable":true,"href":"https:\/\/www.notibras.com\/site\/wp-json\/wp\/v2\/users\/2"}],"replies":[{"embeddable":true,"href":"https:\/\/www.notibras.com\/site\/wp-json\/wp\/v2\/comments?post=63329"}],"version-history":[{"count":3,"href":"https:\/\/www.notibras.com\/site\/wp-json\/wp\/v2\/posts\/63329\/revisions"}],"predecessor-version":[{"id":63565,"href":"https:\/\/www.notibras.com\/site\/wp-json\/wp\/v2\/posts\/63329\/revisions\/63565"}],"wp:featuredmedia":[{"embeddable":true,"href":"https:\/\/www.notibras.com\/site\/wp-json\/wp\/v2\/media\/63330"}],"wp:attachment":[{"href":"https:\/\/www.notibras.com\/site\/wp-json\/wp\/v2\/media?parent=63329"}],"wp:term":[{"taxonomy":"category","embeddable":true,"href":"https:\/\/www.notibras.com\/site\/wp-json\/wp\/v2\/categories?post=63329"},{"taxonomy":"post_tag","embeddable":true,"href":"https:\/\/www.notibras.com\/site\/wp-json\/wp\/v2\/tags?post=63329"}],"curies":[{"name":"wp","href":"https:\/\/api.w.org\/{rel}","templated":true}]}}