{"id":6345,"date":"2014-04-08T22:05:19","date_gmt":"2014-04-09T01:05:19","guid":{"rendered":"http:\/\/www.notibras.com\/site\/?p=6345"},"modified":"2014-04-09T00:05:41","modified_gmt":"2014-04-09T03:05:41","slug":"chega-de-boato-nao-sou-candidato-e-lula-em-defesa-da-reeleicao-de-dilma","status":"publish","type":"post","link":"https:\/\/www.notibras.com\/site\/chega-de-boato-nao-sou-candidato-e-lula-em-defesa-da-reeleicao-de-dilma\/","title":{"rendered":"&#8216;Chega de boato; n\u00e3o sou candidato&#8217; (\u00e9 Lula, em defesa da reelei\u00e7\u00e3o de Dilma)"},"content":{"rendered":"<p>ex-presidente Luiz In\u00e1cio Lula da Silva pediu o fim da &#8220;boataria&#8221; sobre sua poss\u00edvel candidatura \u00e0 presid\u00eancia da rep\u00fablica nas elei\u00e7\u00f5es deste ano. Em evento com blogueiros em S\u00e3o Paulo nesta ter\u00e7a-feira, Lula descartou a hip\u00f3tese de se lan\u00e7ar como candidato e endossou seu apoio a Dilma Rousseff.<\/p>\n<p>&#8220;N\u00e3o\u00a0sou\u00a0candidato.\u00a0Gostaria que voc\u00eas contribu\u00edssem para acabar com essa boataria. A Dilma \u00e9 a minha candidata&#8221;, afirmou o ex-mandat\u00e1rio antes do in\u00edcio de entrevista com os presentes no evento.<\/p>\n<p>&#8220;O que incomoda eles (<em>oposi\u00e7\u00e3o<\/em>)\u00a0\u00e9 saber que eu estou vivo, com muita vontade de brigar. Acho que j\u00e1 cumpri com minha tarefa de sil\u00eancio profundo, de deixar a Dilma governar. Estou a\u00ed, motivado e disposto a n\u00e3o baixar a cabe\u00e7a&#8221;, afirmou Lula. \u201cEu vou trabalhar para a gente eleger a Dilma. Se eu vou voltar no futuro, s\u00f3 deus sabe. Eu acho que j\u00e1 cumpri com minha parte.&#8221;<\/p>\n<p>Lula demonstrou desapontamento com a poss\u00edvel\u00a0candidatura do ex-aliado do PT, o governador de Pernambuco, Eduardo Campos (PSB).\u00a0\u201cNa hora em que rompe com o PT, n\u00e3o h\u00e1 sinal de ir para a esquerda, o sinal \u00e9 ir para a direita. Eu n\u00e3o compreendo\u201d, falou.<\/p>\n<p>Cr\u00edticas \u00e0 parte, o ex-mandat\u00e1rio lembrou a proximidade que mant\u00e9m com Campos. \u201cSou agradecido com tudo que ele contribuiu e ele deve ser muito agradecido a tudo que o meu governo contribuiu para o Estado de Pernambuco&#8221;, afirmou Lula.\u00a0&#8220;Espero que ele fa\u00e7a a campanha, se for fazer uma campanha de apresenta\u00e7\u00e3o, tudo bem. A Dilma precisa governar esse Pa\u00eds para que o Pa\u00eds n\u00e3o seja pego de sobressalto&#8221;.<\/p>\n","protected":false},"excerpt":{"rendered":"<p>ex-presidente Luiz In\u00e1cio Lula da Silva pediu o fim da &#8220;boataria&#8221; sobre sua poss\u00edvel candidatura \u00e0 presid\u00eancia da rep\u00fablica nas elei\u00e7\u00f5es deste ano. Em evento com blogueiros em S\u00e3o Paulo nesta ter\u00e7a-feira, Lula descartou a hip\u00f3tese de se lan\u00e7ar como candidato e endossou seu apoio a Dilma Rousseff. &#8220;N\u00e3o\u00a0sou\u00a0candidato.\u00a0Gostaria que voc\u00eas contribu\u00edssem para acabar com [&hellip;]<\/p>\n","protected":false},"author":2,"featured_media":6346,"comment_status":"open","ping_status":"closed","sticky":false,"template":"","format":"standard","meta":{"_acf_changed":false,"footnotes":""},"categories":[16],"tags":[],"class_list":["post-6345","post","type-post","status-publish","format-standard","has-post-thumbnail","hentry","category-brasil"],"acf":[],"yoast_head":"<!-- This site is optimized with the Yoast SEO plugin v27.2 - https:\/\/yoast.com\/product\/yoast-seo-wordpress\/ -->\n<title>&#039;Chega de boato; n\u00e3o sou candidato&#039; (\u00e9 Lula, em defesa da reelei\u00e7\u00e3o de Dilma) - Notibras<\/title>\n<meta name=\"robots\" content=\"index, follow, max-snippet:-1, max-image-preview:large, max-video-preview:-1\" \/>\n<link rel=\"canonical\" href=\"https:\/\/www.notibras.com\/site\/chega-de-boato-nao-sou-candidato-e-lula-em-defesa-da-reeleicao-de-dilma\/\" \/>\n<meta property=\"og:locale\" content=\"pt_BR\" \/>\n<meta property=\"og:type\" content=\"article\" \/>\n<meta property=\"og:title\" content=\"&#039;Chega de boato; n\u00e3o sou candidato&#039; (\u00e9 Lula, em defesa da reelei\u00e7\u00e3o de Dilma) - Notibras\" \/>\n<meta property=\"og:description\" content=\"ex-presidente Luiz In\u00e1cio Lula da Silva pediu o fim da &#8220;boataria&#8221; sobre sua poss\u00edvel candidatura \u00e0 presid\u00eancia da rep\u00fablica nas elei\u00e7\u00f5es deste ano. Em evento com blogueiros em S\u00e3o Paulo nesta ter\u00e7a-feira, Lula descartou a hip\u00f3tese de se lan\u00e7ar como candidato e endossou seu apoio a Dilma Rousseff. &#8220;N\u00e3o\u00a0sou\u00a0candidato.\u00a0Gostaria que voc\u00eas contribu\u00edssem para acabar com [&hellip;]\" \/>\n<meta property=\"og:url\" content=\"https:\/\/www.notibras.com\/site\/chega-de-boato-nao-sou-candidato-e-lula-em-defesa-da-reeleicao-de-dilma\/\" \/>\n<meta property=\"og:site_name\" content=\"Notibras\" \/>\n<meta property=\"article:publisher\" content=\"https:\/\/www.facebook.com\/notibras\/\" \/>\n<meta property=\"article:published_time\" content=\"2014-04-09T01:05:19+00:00\" \/>\n<meta property=\"article:modified_time\" content=\"2014-04-09T03:05:41+00:00\" \/>\n<meta property=\"og:image\" content=\"https:\/\/www.notibras.com\/site\/wp-content\/uploads\/2014\/04\/splulapapoblogueiros2institutolula.jpg\" \/>\n\t<meta property=\"og:image:width\" content=\"460\" \/>\n\t<meta property=\"og:image:height\" content=\"340\" \/>\n\t<meta property=\"og:image:type\" content=\"image\/jpeg\" \/>\n<meta name=\"author\" content=\"Reda\u00e7\u00e3o\" \/>\n<meta name=\"twitter:card\" content=\"summary_large_image\" \/>\n<meta name=\"twitter:creator\" content=\"@Notibras\" \/>\n<meta name=\"twitter:site\" content=\"@Notibras\" \/>\n<meta name=\"twitter:label1\" content=\"Escrito por\" \/>\n\t<meta name=\"twitter:data1\" content=\"Reda\u00e7\u00e3o\" \/>\n\t<meta name=\"twitter:label2\" content=\"Est. tempo de leitura\" \/>\n\t<meta name=\"twitter:data2\" content=\"1 minuto\" \/>\n<script type=\"application\/ld+json\" class=\"yoast-schema-graph\">{\"@context\":\"https:\/\/schema.org\",\"@graph\":[{\"@type\":\"Article\",\"@id\":\"https:\/\/www.notibras.com\/site\/chega-de-boato-nao-sou-candidato-e-lula-em-defesa-da-reeleicao-de-dilma\/#article\",\"isPartOf\":{\"@id\":\"https:\/\/www.notibras.com\/site\/chega-de-boato-nao-sou-candidato-e-lula-em-defesa-da-reeleicao-de-dilma\/\"},\"author\":{\"name\":\"Reda\u00e7\u00e3o\",\"@id\":\"https:\/\/www.notibras.com\/site\/#\/schema\/person\/36ab0979449956132d3e5b517ea76ac8\"},\"headline\":\"&#8216;Chega de boato; n\u00e3o sou candidato&#8217; (\u00e9 Lula, em defesa da reelei\u00e7\u00e3o de Dilma)\",\"datePublished\":\"2014-04-09T01:05:19+00:00\",\"dateModified\":\"2014-04-09T03:05:41+00:00\",\"mainEntityOfPage\":{\"@id\":\"https:\/\/www.notibras.com\/site\/chega-de-boato-nao-sou-candidato-e-lula-em-defesa-da-reeleicao-de-dilma\/\"},\"wordCount\":301,\"commentCount\":0,\"publisher\":{\"@id\":\"https:\/\/www.notibras.com\/site\/#organization\"},\"image\":{\"@id\":\"https:\/\/www.notibras.com\/site\/chega-de-boato-nao-sou-candidato-e-lula-em-defesa-da-reeleicao-de-dilma\/#primaryimage\"},\"thumbnailUrl\":\"https:\/\/www.notibras.com\/site\/wp-content\/uploads\/2014\/04\/splulapapoblogueiros2institutolula.jpg\",\"articleSection\":[\"Brasil\"],\"inLanguage\":\"pt-BR\",\"potentialAction\":[{\"@type\":\"CommentAction\",\"name\":\"Comment\",\"target\":[\"https:\/\/www.notibras.com\/site\/chega-de-boato-nao-sou-candidato-e-lula-em-defesa-da-reeleicao-de-dilma\/#respond\"]}]},{\"@type\":\"WebPage\",\"@id\":\"https:\/\/www.notibras.com\/site\/chega-de-boato-nao-sou-candidato-e-lula-em-defesa-da-reeleicao-de-dilma\/\",\"url\":\"https:\/\/www.notibras.com\/site\/chega-de-boato-nao-sou-candidato-e-lula-em-defesa-da-reeleicao-de-dilma\/\",\"name\":\"'Chega de boato; n\u00e3o sou candidato' (\u00e9 Lula, em defesa da reelei\u00e7\u00e3o de Dilma) - Notibras\",\"isPartOf\":{\"@id\":\"https:\/\/www.notibras.com\/site\/#website\"},\"primaryImageOfPage\":{\"@id\":\"https:\/\/www.notibras.com\/site\/chega-de-boato-nao-sou-candidato-e-lula-em-defesa-da-reeleicao-de-dilma\/#primaryimage\"},\"image\":{\"@id\":\"https:\/\/www.notibras.com\/site\/chega-de-boato-nao-sou-candidato-e-lula-em-defesa-da-reeleicao-de-dilma\/#primaryimage\"},\"thumbnailUrl\":\"https:\/\/www.notibras.com\/site\/wp-content\/uploads\/2014\/04\/splulapapoblogueiros2institutolula.jpg\",\"datePublished\":\"2014-04-09T01:05:19+00:00\",\"dateModified\":\"2014-04-09T03:05:41+00:00\",\"breadcrumb\":{\"@id\":\"https:\/\/www.notibras.com\/site\/chega-de-boato-nao-sou-candidato-e-lula-em-defesa-da-reeleicao-de-dilma\/#breadcrumb\"},\"inLanguage\":\"pt-BR\",\"potentialAction\":[{\"@type\":\"ReadAction\",\"target\":[\"https:\/\/www.notibras.com\/site\/chega-de-boato-nao-sou-candidato-e-lula-em-defesa-da-reeleicao-de-dilma\/\"]}]},{\"@type\":\"ImageObject\",\"inLanguage\":\"pt-BR\",\"@id\":\"https:\/\/www.notibras.com\/site\/chega-de-boato-nao-sou-candidato-e-lula-em-defesa-da-reeleicao-de-dilma\/#primaryimage\",\"url\":\"https:\/\/www.notibras.com\/site\/wp-content\/uploads\/2014\/04\/splulapapoblogueiros2institutolula.jpg\",\"contentUrl\":\"https:\/\/www.notibras.com\/site\/wp-content\/uploads\/2014\/04\/splulapapoblogueiros2institutolula.jpg\",\"width\":460,\"height\":340},{\"@type\":\"BreadcrumbList\",\"@id\":\"https:\/\/www.notibras.com\/site\/chega-de-boato-nao-sou-candidato-e-lula-em-defesa-da-reeleicao-de-dilma\/#breadcrumb\",\"itemListElement\":[{\"@type\":\"ListItem\",\"position\":1,\"name\":\"In\u00edcio\",\"item\":\"https:\/\/www.notibras.com\/site\/\"},{\"@type\":\"ListItem\",\"position\":2,\"name\":\"&#8216;Chega de boato; n\u00e3o sou candidato&#8217; (\u00e9 Lula, em defesa da reelei\u00e7\u00e3o de Dilma)\"}]},{\"@type\":\"WebSite\",\"@id\":\"https:\/\/www.notibras.com\/site\/#website\",\"url\":\"https:\/\/www.notibras.com\/site\/\",\"name\":\"Notibras\",\"description\":\"Not\u00edcias de Bras\u00edlia, do Brasil e do Mundo\",\"publisher\":{\"@id\":\"https:\/\/www.notibras.com\/site\/#organization\"},\"potentialAction\":[{\"@type\":\"SearchAction\",\"target\":{\"@type\":\"EntryPoint\",\"urlTemplate\":\"https:\/\/www.notibras.com\/site\/?s={search_term_string}\"},\"query-input\":{\"@type\":\"PropertyValueSpecification\",\"valueRequired\":true,\"valueName\":\"search_term_string\"}}],\"inLanguage\":\"pt-BR\"},{\"@type\":\"Organization\",\"@id\":\"https:\/\/www.notibras.com\/site\/#organization\",\"name\":\"Grupo Notibras de Comunica\u00e7\u00e3o\",\"url\":\"https:\/\/www.notibras.com\/site\/\",\"logo\":{\"@type\":\"ImageObject\",\"inLanguage\":\"pt-BR\",\"@id\":\"https:\/\/www.notibras.com\/site\/#\/schema\/logo\/image\/\",\"url\":\"https:\/\/www.notibras.com\/site\/wp-content\/uploads\/2023\/01\/notibras23.png\",\"contentUrl\":\"https:\/\/www.notibras.com\/site\/wp-content\/uploads\/2023\/01\/notibras23.png\",\"width\":350,\"height\":87,\"caption\":\"Grupo Notibras de Comunica\u00e7\u00e3o\"},\"image\":{\"@id\":\"https:\/\/www.notibras.com\/site\/#\/schema\/logo\/image\/\"},\"sameAs\":[\"https:\/\/www.facebook.com\/notibras\/\",\"https:\/\/x.com\/Notibras\",\"https:\/\/www.instagram.com\/notibras\/\"]},{\"@type\":\"Person\",\"@id\":\"https:\/\/www.notibras.com\/site\/#\/schema\/person\/36ab0979449956132d3e5b517ea76ac8\",\"name\":\"Reda\u00e7\u00e3o\",\"image\":{\"@type\":\"ImageObject\",\"inLanguage\":\"pt-BR\",\"@id\":\"https:\/\/secure.gravatar.com\/avatar\/e0a867bdedb85fd243eadf09663511f96fc81e0720a4a42581f334ad4303aa6b?s=96&d=mm&r=g\",\"url\":\"https:\/\/secure.gravatar.com\/avatar\/e0a867bdedb85fd243eadf09663511f96fc81e0720a4a42581f334ad4303aa6b?s=96&d=mm&r=g\",\"contentUrl\":\"https:\/\/secure.gravatar.com\/avatar\/e0a867bdedb85fd243eadf09663511f96fc81e0720a4a42581f334ad4303aa6b?s=96&d=mm&r=g\",\"caption\":\"Reda\u00e7\u00e3o\"}}]}<\/script>\n<!-- \/ Yoast SEO plugin. -->","yoast_head_json":{"title":"'Chega de boato; n\u00e3o sou candidato' (\u00e9 Lula, em defesa da reelei\u00e7\u00e3o de Dilma) - Notibras","robots":{"index":"index","follow":"follow","max-snippet":"max-snippet:-1","max-image-preview":"max-image-preview:large","max-video-preview":"max-video-preview:-1"},"canonical":"https:\/\/www.notibras.com\/site\/chega-de-boato-nao-sou-candidato-e-lula-em-defesa-da-reeleicao-de-dilma\/","og_locale":"pt_BR","og_type":"article","og_title":"'Chega de boato; n\u00e3o sou candidato' (\u00e9 Lula, em defesa da reelei\u00e7\u00e3o de Dilma) - Notibras","og_description":"ex-presidente Luiz In\u00e1cio Lula da Silva pediu o fim da &#8220;boataria&#8221; sobre sua poss\u00edvel candidatura \u00e0 presid\u00eancia da rep\u00fablica nas elei\u00e7\u00f5es deste ano. Em evento com blogueiros em S\u00e3o Paulo nesta ter\u00e7a-feira, Lula descartou a hip\u00f3tese de se lan\u00e7ar como candidato e endossou seu apoio a Dilma Rousseff. &#8220;N\u00e3o\u00a0sou\u00a0candidato.\u00a0Gostaria que voc\u00eas contribu\u00edssem para acabar com [&hellip;]","og_url":"https:\/\/www.notibras.com\/site\/chega-de-boato-nao-sou-candidato-e-lula-em-defesa-da-reeleicao-de-dilma\/","og_site_name":"Notibras","article_publisher":"https:\/\/www.facebook.com\/notibras\/","article_published_time":"2014-04-09T01:05:19+00:00","article_modified_time":"2014-04-09T03:05:41+00:00","og_image":[{"width":460,"height":340,"url":"https:\/\/www.notibras.com\/site\/wp-content\/uploads\/2014\/04\/splulapapoblogueiros2institutolula.jpg","type":"image\/jpeg"}],"author":"Reda\u00e7\u00e3o","twitter_card":"summary_large_image","twitter_creator":"@Notibras","twitter_site":"@Notibras","twitter_misc":{"Escrito por":"Reda\u00e7\u00e3o","Est. tempo de leitura":"1 minuto"},"schema":{"@context":"https:\/\/schema.org","@graph":[{"@type":"Article","@id":"https:\/\/www.notibras.com\/site\/chega-de-boato-nao-sou-candidato-e-lula-em-defesa-da-reeleicao-de-dilma\/#article","isPartOf":{"@id":"https:\/\/www.notibras.com\/site\/chega-de-boato-nao-sou-candidato-e-lula-em-defesa-da-reeleicao-de-dilma\/"},"author":{"name":"Reda\u00e7\u00e3o","@id":"https:\/\/www.notibras.com\/site\/#\/schema\/person\/36ab0979449956132d3e5b517ea76ac8"},"headline":"&#8216;Chega de boato; n\u00e3o sou candidato&#8217; (\u00e9 Lula, em defesa da reelei\u00e7\u00e3o de Dilma)","datePublished":"2014-04-09T01:05:19+00:00","dateModified":"2014-04-09T03:05:41+00:00","mainEntityOfPage":{"@id":"https:\/\/www.notibras.com\/site\/chega-de-boato-nao-sou-candidato-e-lula-em-defesa-da-reeleicao-de-dilma\/"},"wordCount":301,"commentCount":0,"publisher":{"@id":"https:\/\/www.notibras.com\/site\/#organization"},"image":{"@id":"https:\/\/www.notibras.com\/site\/chega-de-boato-nao-sou-candidato-e-lula-em-defesa-da-reeleicao-de-dilma\/#primaryimage"},"thumbnailUrl":"https:\/\/www.notibras.com\/site\/wp-content\/uploads\/2014\/04\/splulapapoblogueiros2institutolula.jpg","articleSection":["Brasil"],"inLanguage":"pt-BR","potentialAction":[{"@type":"CommentAction","name":"Comment","target":["https:\/\/www.notibras.com\/site\/chega-de-boato-nao-sou-candidato-e-lula-em-defesa-da-reeleicao-de-dilma\/#respond"]}]},{"@type":"WebPage","@id":"https:\/\/www.notibras.com\/site\/chega-de-boato-nao-sou-candidato-e-lula-em-defesa-da-reeleicao-de-dilma\/","url":"https:\/\/www.notibras.com\/site\/chega-de-boato-nao-sou-candidato-e-lula-em-defesa-da-reeleicao-de-dilma\/","name":"'Chega de boato; n\u00e3o sou candidato' (\u00e9 Lula, em defesa da reelei\u00e7\u00e3o de Dilma) - Notibras","isPartOf":{"@id":"https:\/\/www.notibras.com\/site\/#website"},"primaryImageOfPage":{"@id":"https:\/\/www.notibras.com\/site\/chega-de-boato-nao-sou-candidato-e-lula-em-defesa-da-reeleicao-de-dilma\/#primaryimage"},"image":{"@id":"https:\/\/www.notibras.com\/site\/chega-de-boato-nao-sou-candidato-e-lula-em-defesa-da-reeleicao-de-dilma\/#primaryimage"},"thumbnailUrl":"https:\/\/www.notibras.com\/site\/wp-content\/uploads\/2014\/04\/splulapapoblogueiros2institutolula.jpg","datePublished":"2014-04-09T01:05:19+00:00","dateModified":"2014-04-09T03:05:41+00:00","breadcrumb":{"@id":"https:\/\/www.notibras.com\/site\/chega-de-boato-nao-sou-candidato-e-lula-em-defesa-da-reeleicao-de-dilma\/#breadcrumb"},"inLanguage":"pt-BR","potentialAction":[{"@type":"ReadAction","target":["https:\/\/www.notibras.com\/site\/chega-de-boato-nao-sou-candidato-e-lula-em-defesa-da-reeleicao-de-dilma\/"]}]},{"@type":"ImageObject","inLanguage":"pt-BR","@id":"https:\/\/www.notibras.com\/site\/chega-de-boato-nao-sou-candidato-e-lula-em-defesa-da-reeleicao-de-dilma\/#primaryimage","url":"https:\/\/www.notibras.com\/site\/wp-content\/uploads\/2014\/04\/splulapapoblogueiros2institutolula.jpg","contentUrl":"https:\/\/www.notibras.com\/site\/wp-content\/uploads\/2014\/04\/splulapapoblogueiros2institutolula.jpg","width":460,"height":340},{"@type":"BreadcrumbList","@id":"https:\/\/www.notibras.com\/site\/chega-de-boato-nao-sou-candidato-e-lula-em-defesa-da-reeleicao-de-dilma\/#breadcrumb","itemListElement":[{"@type":"ListItem","position":1,"name":"In\u00edcio","item":"https:\/\/www.notibras.com\/site\/"},{"@type":"ListItem","position":2,"name":"&#8216;Chega de boato; n\u00e3o sou candidato&#8217; (\u00e9 Lula, em defesa da reelei\u00e7\u00e3o de Dilma)"}]},{"@type":"WebSite","@id":"https:\/\/www.notibras.com\/site\/#website","url":"https:\/\/www.notibras.com\/site\/","name":"Notibras","description":"Not\u00edcias de Bras\u00edlia, do Brasil e do Mundo","publisher":{"@id":"https:\/\/www.notibras.com\/site\/#organization"},"potentialAction":[{"@type":"SearchAction","target":{"@type":"EntryPoint","urlTemplate":"https:\/\/www.notibras.com\/site\/?s={search_term_string}"},"query-input":{"@type":"PropertyValueSpecification","valueRequired":true,"valueName":"search_term_string"}}],"inLanguage":"pt-BR"},{"@type":"Organization","@id":"https:\/\/www.notibras.com\/site\/#organization","name":"Grupo Notibras de Comunica\u00e7\u00e3o","url":"https:\/\/www.notibras.com\/site\/","logo":{"@type":"ImageObject","inLanguage":"pt-BR","@id":"https:\/\/www.notibras.com\/site\/#\/schema\/logo\/image\/","url":"https:\/\/www.notibras.com\/site\/wp-content\/uploads\/2023\/01\/notibras23.png","contentUrl":"https:\/\/www.notibras.com\/site\/wp-content\/uploads\/2023\/01\/notibras23.png","width":350,"height":87,"caption":"Grupo Notibras de Comunica\u00e7\u00e3o"},"image":{"@id":"https:\/\/www.notibras.com\/site\/#\/schema\/logo\/image\/"},"sameAs":["https:\/\/www.facebook.com\/notibras\/","https:\/\/x.com\/Notibras","https:\/\/www.instagram.com\/notibras\/"]},{"@type":"Person","@id":"https:\/\/www.notibras.com\/site\/#\/schema\/person\/36ab0979449956132d3e5b517ea76ac8","name":"Reda\u00e7\u00e3o","image":{"@type":"ImageObject","inLanguage":"pt-BR","@id":"https:\/\/secure.gravatar.com\/avatar\/e0a867bdedb85fd243eadf09663511f96fc81e0720a4a42581f334ad4303aa6b?s=96&d=mm&r=g","url":"https:\/\/secure.gravatar.com\/avatar\/e0a867bdedb85fd243eadf09663511f96fc81e0720a4a42581f334ad4303aa6b?s=96&d=mm&r=g","contentUrl":"https:\/\/secure.gravatar.com\/avatar\/e0a867bdedb85fd243eadf09663511f96fc81e0720a4a42581f334ad4303aa6b?s=96&d=mm&r=g","caption":"Reda\u00e7\u00e3o"}}]}},"amp_enabled":true,"_links":{"self":[{"href":"https:\/\/www.notibras.com\/site\/wp-json\/wp\/v2\/posts\/6345","targetHints":{"allow":["GET"]}}],"collection":[{"href":"https:\/\/www.notibras.com\/site\/wp-json\/wp\/v2\/posts"}],"about":[{"href":"https:\/\/www.notibras.com\/site\/wp-json\/wp\/v2\/types\/post"}],"author":[{"embeddable":true,"href":"https:\/\/www.notibras.com\/site\/wp-json\/wp\/v2\/users\/2"}],"replies":[{"embeddable":true,"href":"https:\/\/www.notibras.com\/site\/wp-json\/wp\/v2\/comments?post=6345"}],"version-history":[{"count":0,"href":"https:\/\/www.notibras.com\/site\/wp-json\/wp\/v2\/posts\/6345\/revisions"}],"wp:featuredmedia":[{"embeddable":true,"href":"https:\/\/www.notibras.com\/site\/wp-json\/wp\/v2\/media\/6346"}],"wp:attachment":[{"href":"https:\/\/www.notibras.com\/site\/wp-json\/wp\/v2\/media?parent=6345"}],"wp:term":[{"taxonomy":"category","embeddable":true,"href":"https:\/\/www.notibras.com\/site\/wp-json\/wp\/v2\/categories?post=6345"},{"taxonomy":"post_tag","embeddable":true,"href":"https:\/\/www.notibras.com\/site\/wp-json\/wp\/v2\/tags?post=6345"}],"curies":[{"name":"wp","href":"https:\/\/api.w.org\/{rel}","templated":true}]}}