{"id":63467,"date":"2015-08-20T17:05:59","date_gmt":"2015-08-20T20:05:59","guid":{"rendered":"http:\/\/www.notibras.com\/site\/?p=63467"},"modified":"2015-08-21T12:53:10","modified_gmt":"2015-08-21T15:53:10","slug":"denuncia-contra-cunha-e-fraca-estamos-aliviados-diz-picciani-lider-do-pmdb","status":"publish","type":"post","link":"https:\/\/www.notibras.com\/site\/denuncia-contra-cunha-e-fraca-estamos-aliviados-diz-picciani-lider-do-pmdb\/","title":{"rendered":"Den\u00fancia contra Cunha \u00e9 fraca; estamos aliviados, diz Leo Picciani, l\u00edder do PMDB"},"content":{"rendered":"<p>Aliado do presidente da C\u00e2mara Eduardo Cunha (PMDB-RJ), o deputado Leo Picciani (PMDB-RJ), l\u00edder da bancada peemedebista na Casa, est\u00e1 articulando com\u00a0os deputados da sigla uma mo\u00e7\u00e3o de apoio ao dirigente.<\/p>\n<p>Cunha foi denunciado pela Procuradoria Geral da Rep\u00fablica (PGR) pelos crimes de lavagem de dinheiro e corrup\u00e7\u00e3o, supostamente praticados dentro do esquema da Lava Jato.<\/p>\n<p>A nota defender\u00e1 que o presidente da C\u00e2mara tem direito \u00e0 &#8220;presun\u00e7\u00e3o de inoc\u00eancia&#8221;. O l\u00edder da bancada do PMDB reuniu-se com Cunha e outros aliados depois que a den\u00fancia foi oficializada. &#8220;Ele achou a den\u00fancia fraca e est\u00e1 aliviado&#8221;, contou Picciani na sa\u00edda da reuni\u00e3o.<\/p>\n","protected":false},"excerpt":{"rendered":"<p>Aliado do presidente da C\u00e2mara Eduardo Cunha (PMDB-RJ), o deputado Leo Picciani (PMDB-RJ), l\u00edder da bancada peemedebista na Casa, est\u00e1 articulando com\u00a0os deputados da sigla uma mo\u00e7\u00e3o de apoio ao dirigente. Cunha foi denunciado pela Procuradoria Geral da Rep\u00fablica (PGR) pelos crimes de lavagem de dinheiro e corrup\u00e7\u00e3o, supostamente praticados dentro do esquema da Lava [&hellip;]<\/p>\n","protected":false},"author":2,"featured_media":63468,"comment_status":"open","ping_status":"closed","sticky":false,"template":"","format":"standard","meta":{"_acf_changed":false,"footnotes":""},"categories":[16],"tags":[],"class_list":["post-63467","post","type-post","status-publish","format-standard","has-post-thumbnail","hentry","category-brasil"],"acf":[],"yoast_head":"<!-- This site is optimized with the Yoast SEO plugin v27.2 - https:\/\/yoast.com\/product\/yoast-seo-wordpress\/ -->\n<title>Den\u00fancia contra Cunha \u00e9 fraca; estamos aliviados, diz Leo Picciani, l\u00edder do PMDB - Notibras<\/title>\n<meta name=\"robots\" content=\"index, follow, max-snippet:-1, max-image-preview:large, max-video-preview:-1\" \/>\n<link rel=\"canonical\" href=\"https:\/\/www.notibras.com\/site\/denuncia-contra-cunha-e-fraca-estamos-aliviados-diz-picciani-lider-do-pmdb\/\" \/>\n<meta property=\"og:locale\" content=\"pt_BR\" \/>\n<meta property=\"og:type\" content=\"article\" \/>\n<meta property=\"og:title\" content=\"Den\u00fancia contra Cunha \u00e9 fraca; estamos aliviados, diz Leo Picciani, l\u00edder do PMDB - Notibras\" \/>\n<meta property=\"og:description\" content=\"Aliado do presidente da C\u00e2mara Eduardo Cunha (PMDB-RJ), o deputado Leo Picciani (PMDB-RJ), l\u00edder da bancada peemedebista na Casa, est\u00e1 articulando com\u00a0os deputados da sigla uma mo\u00e7\u00e3o de apoio ao dirigente. Cunha foi denunciado pela Procuradoria Geral da Rep\u00fablica (PGR) pelos crimes de lavagem de dinheiro e corrup\u00e7\u00e3o, supostamente praticados dentro do esquema da Lava [&hellip;]\" \/>\n<meta property=\"og:url\" content=\"https:\/\/www.notibras.com\/site\/denuncia-contra-cunha-e-fraca-estamos-aliviados-diz-picciani-lider-do-pmdb\/\" \/>\n<meta property=\"og:site_name\" content=\"Notibras\" \/>\n<meta property=\"article:publisher\" content=\"https:\/\/www.facebook.com\/notibras\/\" \/>\n<meta property=\"article:published_time\" content=\"2015-08-20T20:05:59+00:00\" \/>\n<meta property=\"article:modified_time\" content=\"2015-08-21T15:53:10+00:00\" \/>\n<meta property=\"og:image\" content=\"https:\/\/www.notibras.com\/site\/wp-content\/uploads\/2015\/08\/LP.jpg\" \/>\n\t<meta property=\"og:image:width\" content=\"620\" \/>\n\t<meta property=\"og:image:height\" content=\"406\" \/>\n\t<meta property=\"og:image:type\" content=\"image\/jpeg\" \/>\n<meta name=\"author\" content=\"Reda\u00e7\u00e3o\" \/>\n<meta name=\"twitter:card\" content=\"summary_large_image\" \/>\n<meta name=\"twitter:creator\" content=\"@Notibras\" \/>\n<meta name=\"twitter:site\" content=\"@Notibras\" \/>\n<meta name=\"twitter:label1\" content=\"Escrito por\" \/>\n\t<meta name=\"twitter:data1\" content=\"Reda\u00e7\u00e3o\" \/>\n\t<meta name=\"twitter:label2\" content=\"Est. tempo de leitura\" \/>\n\t<meta name=\"twitter:data2\" content=\"1 minuto\" \/>\n<script type=\"application\/ld+json\" class=\"yoast-schema-graph\">{\"@context\":\"https:\/\/schema.org\",\"@graph\":[{\"@type\":\"Article\",\"@id\":\"https:\/\/www.notibras.com\/site\/denuncia-contra-cunha-e-fraca-estamos-aliviados-diz-picciani-lider-do-pmdb\/#article\",\"isPartOf\":{\"@id\":\"https:\/\/www.notibras.com\/site\/denuncia-contra-cunha-e-fraca-estamos-aliviados-diz-picciani-lider-do-pmdb\/\"},\"author\":{\"name\":\"Reda\u00e7\u00e3o\",\"@id\":\"https:\/\/www.notibras.com\/site\/#\/schema\/person\/36ab0979449956132d3e5b517ea76ac8\"},\"headline\":\"Den\u00fancia contra Cunha \u00e9 fraca; estamos aliviados, diz Leo Picciani, l\u00edder do PMDB\",\"datePublished\":\"2015-08-20T20:05:59+00:00\",\"dateModified\":\"2015-08-21T15:53:10+00:00\",\"mainEntityOfPage\":{\"@id\":\"https:\/\/www.notibras.com\/site\/denuncia-contra-cunha-e-fraca-estamos-aliviados-diz-picciani-lider-do-pmdb\/\"},\"wordCount\":129,\"commentCount\":0,\"publisher\":{\"@id\":\"https:\/\/www.notibras.com\/site\/#organization\"},\"image\":{\"@id\":\"https:\/\/www.notibras.com\/site\/denuncia-contra-cunha-e-fraca-estamos-aliviados-diz-picciani-lider-do-pmdb\/#primaryimage\"},\"thumbnailUrl\":\"https:\/\/www.notibras.com\/site\/wp-content\/uploads\/2015\/08\/LP.jpg\",\"articleSection\":[\"Brasil\"],\"inLanguage\":\"pt-BR\",\"potentialAction\":[{\"@type\":\"CommentAction\",\"name\":\"Comment\",\"target\":[\"https:\/\/www.notibras.com\/site\/denuncia-contra-cunha-e-fraca-estamos-aliviados-diz-picciani-lider-do-pmdb\/#respond\"]}]},{\"@type\":\"WebPage\",\"@id\":\"https:\/\/www.notibras.com\/site\/denuncia-contra-cunha-e-fraca-estamos-aliviados-diz-picciani-lider-do-pmdb\/\",\"url\":\"https:\/\/www.notibras.com\/site\/denuncia-contra-cunha-e-fraca-estamos-aliviados-diz-picciani-lider-do-pmdb\/\",\"name\":\"Den\u00fancia contra Cunha \u00e9 fraca; estamos aliviados, diz Leo Picciani, l\u00edder do PMDB - Notibras\",\"isPartOf\":{\"@id\":\"https:\/\/www.notibras.com\/site\/#website\"},\"primaryImageOfPage\":{\"@id\":\"https:\/\/www.notibras.com\/site\/denuncia-contra-cunha-e-fraca-estamos-aliviados-diz-picciani-lider-do-pmdb\/#primaryimage\"},\"image\":{\"@id\":\"https:\/\/www.notibras.com\/site\/denuncia-contra-cunha-e-fraca-estamos-aliviados-diz-picciani-lider-do-pmdb\/#primaryimage\"},\"thumbnailUrl\":\"https:\/\/www.notibras.com\/site\/wp-content\/uploads\/2015\/08\/LP.jpg\",\"datePublished\":\"2015-08-20T20:05:59+00:00\",\"dateModified\":\"2015-08-21T15:53:10+00:00\",\"breadcrumb\":{\"@id\":\"https:\/\/www.notibras.com\/site\/denuncia-contra-cunha-e-fraca-estamos-aliviados-diz-picciani-lider-do-pmdb\/#breadcrumb\"},\"inLanguage\":\"pt-BR\",\"potentialAction\":[{\"@type\":\"ReadAction\",\"target\":[\"https:\/\/www.notibras.com\/site\/denuncia-contra-cunha-e-fraca-estamos-aliviados-diz-picciani-lider-do-pmdb\/\"]}]},{\"@type\":\"ImageObject\",\"inLanguage\":\"pt-BR\",\"@id\":\"https:\/\/www.notibras.com\/site\/denuncia-contra-cunha-e-fraca-estamos-aliviados-diz-picciani-lider-do-pmdb\/#primaryimage\",\"url\":\"https:\/\/www.notibras.com\/site\/wp-content\/uploads\/2015\/08\/LP.jpg\",\"contentUrl\":\"https:\/\/www.notibras.com\/site\/wp-content\/uploads\/2015\/08\/LP.jpg\",\"width\":620,\"height\":406},{\"@type\":\"BreadcrumbList\",\"@id\":\"https:\/\/www.notibras.com\/site\/denuncia-contra-cunha-e-fraca-estamos-aliviados-diz-picciani-lider-do-pmdb\/#breadcrumb\",\"itemListElement\":[{\"@type\":\"ListItem\",\"position\":1,\"name\":\"In\u00edcio\",\"item\":\"https:\/\/www.notibras.com\/site\/\"},{\"@type\":\"ListItem\",\"position\":2,\"name\":\"Den\u00fancia contra Cunha \u00e9 fraca; estamos aliviados, diz Leo Picciani, l\u00edder do PMDB\"}]},{\"@type\":\"WebSite\",\"@id\":\"https:\/\/www.notibras.com\/site\/#website\",\"url\":\"https:\/\/www.notibras.com\/site\/\",\"name\":\"Notibras\",\"description\":\"Not\u00edcias de Bras\u00edlia, do Brasil e do Mundo\",\"publisher\":{\"@id\":\"https:\/\/www.notibras.com\/site\/#organization\"},\"potentialAction\":[{\"@type\":\"SearchAction\",\"target\":{\"@type\":\"EntryPoint\",\"urlTemplate\":\"https:\/\/www.notibras.com\/site\/?s={search_term_string}\"},\"query-input\":{\"@type\":\"PropertyValueSpecification\",\"valueRequired\":true,\"valueName\":\"search_term_string\"}}],\"inLanguage\":\"pt-BR\"},{\"@type\":\"Organization\",\"@id\":\"https:\/\/www.notibras.com\/site\/#organization\",\"name\":\"Grupo Notibras de Comunica\u00e7\u00e3o\",\"url\":\"https:\/\/www.notibras.com\/site\/\",\"logo\":{\"@type\":\"ImageObject\",\"inLanguage\":\"pt-BR\",\"@id\":\"https:\/\/www.notibras.com\/site\/#\/schema\/logo\/image\/\",\"url\":\"https:\/\/www.notibras.com\/site\/wp-content\/uploads\/2023\/01\/notibras23.png\",\"contentUrl\":\"https:\/\/www.notibras.com\/site\/wp-content\/uploads\/2023\/01\/notibras23.png\",\"width\":350,\"height\":87,\"caption\":\"Grupo Notibras de Comunica\u00e7\u00e3o\"},\"image\":{\"@id\":\"https:\/\/www.notibras.com\/site\/#\/schema\/logo\/image\/\"},\"sameAs\":[\"https:\/\/www.facebook.com\/notibras\/\",\"https:\/\/x.com\/Notibras\",\"https:\/\/www.instagram.com\/notibras\/\"]},{\"@type\":\"Person\",\"@id\":\"https:\/\/www.notibras.com\/site\/#\/schema\/person\/36ab0979449956132d3e5b517ea76ac8\",\"name\":\"Reda\u00e7\u00e3o\",\"image\":{\"@type\":\"ImageObject\",\"inLanguage\":\"pt-BR\",\"@id\":\"https:\/\/secure.gravatar.com\/avatar\/e0a867bdedb85fd243eadf09663511f96fc81e0720a4a42581f334ad4303aa6b?s=96&d=mm&r=g\",\"url\":\"https:\/\/secure.gravatar.com\/avatar\/e0a867bdedb85fd243eadf09663511f96fc81e0720a4a42581f334ad4303aa6b?s=96&d=mm&r=g\",\"contentUrl\":\"https:\/\/secure.gravatar.com\/avatar\/e0a867bdedb85fd243eadf09663511f96fc81e0720a4a42581f334ad4303aa6b?s=96&d=mm&r=g\",\"caption\":\"Reda\u00e7\u00e3o\"}}]}<\/script>\n<!-- \/ Yoast SEO plugin. -->","yoast_head_json":{"title":"Den\u00fancia contra Cunha \u00e9 fraca; estamos aliviados, diz Leo Picciani, l\u00edder do PMDB - Notibras","robots":{"index":"index","follow":"follow","max-snippet":"max-snippet:-1","max-image-preview":"max-image-preview:large","max-video-preview":"max-video-preview:-1"},"canonical":"https:\/\/www.notibras.com\/site\/denuncia-contra-cunha-e-fraca-estamos-aliviados-diz-picciani-lider-do-pmdb\/","og_locale":"pt_BR","og_type":"article","og_title":"Den\u00fancia contra Cunha \u00e9 fraca; estamos aliviados, diz Leo Picciani, l\u00edder do PMDB - Notibras","og_description":"Aliado do presidente da C\u00e2mara Eduardo Cunha (PMDB-RJ), o deputado Leo Picciani (PMDB-RJ), l\u00edder da bancada peemedebista na Casa, est\u00e1 articulando com\u00a0os deputados da sigla uma mo\u00e7\u00e3o de apoio ao dirigente. Cunha foi denunciado pela Procuradoria Geral da Rep\u00fablica (PGR) pelos crimes de lavagem de dinheiro e corrup\u00e7\u00e3o, supostamente praticados dentro do esquema da Lava [&hellip;]","og_url":"https:\/\/www.notibras.com\/site\/denuncia-contra-cunha-e-fraca-estamos-aliviados-diz-picciani-lider-do-pmdb\/","og_site_name":"Notibras","article_publisher":"https:\/\/www.facebook.com\/notibras\/","article_published_time":"2015-08-20T20:05:59+00:00","article_modified_time":"2015-08-21T15:53:10+00:00","og_image":[{"width":620,"height":406,"url":"https:\/\/www.notibras.com\/site\/wp-content\/uploads\/2015\/08\/LP.jpg","type":"image\/jpeg"}],"author":"Reda\u00e7\u00e3o","twitter_card":"summary_large_image","twitter_creator":"@Notibras","twitter_site":"@Notibras","twitter_misc":{"Escrito por":"Reda\u00e7\u00e3o","Est. tempo de leitura":"1 minuto"},"schema":{"@context":"https:\/\/schema.org","@graph":[{"@type":"Article","@id":"https:\/\/www.notibras.com\/site\/denuncia-contra-cunha-e-fraca-estamos-aliviados-diz-picciani-lider-do-pmdb\/#article","isPartOf":{"@id":"https:\/\/www.notibras.com\/site\/denuncia-contra-cunha-e-fraca-estamos-aliviados-diz-picciani-lider-do-pmdb\/"},"author":{"name":"Reda\u00e7\u00e3o","@id":"https:\/\/www.notibras.com\/site\/#\/schema\/person\/36ab0979449956132d3e5b517ea76ac8"},"headline":"Den\u00fancia contra Cunha \u00e9 fraca; estamos aliviados, diz Leo Picciani, l\u00edder do PMDB","datePublished":"2015-08-20T20:05:59+00:00","dateModified":"2015-08-21T15:53:10+00:00","mainEntityOfPage":{"@id":"https:\/\/www.notibras.com\/site\/denuncia-contra-cunha-e-fraca-estamos-aliviados-diz-picciani-lider-do-pmdb\/"},"wordCount":129,"commentCount":0,"publisher":{"@id":"https:\/\/www.notibras.com\/site\/#organization"},"image":{"@id":"https:\/\/www.notibras.com\/site\/denuncia-contra-cunha-e-fraca-estamos-aliviados-diz-picciani-lider-do-pmdb\/#primaryimage"},"thumbnailUrl":"https:\/\/www.notibras.com\/site\/wp-content\/uploads\/2015\/08\/LP.jpg","articleSection":["Brasil"],"inLanguage":"pt-BR","potentialAction":[{"@type":"CommentAction","name":"Comment","target":["https:\/\/www.notibras.com\/site\/denuncia-contra-cunha-e-fraca-estamos-aliviados-diz-picciani-lider-do-pmdb\/#respond"]}]},{"@type":"WebPage","@id":"https:\/\/www.notibras.com\/site\/denuncia-contra-cunha-e-fraca-estamos-aliviados-diz-picciani-lider-do-pmdb\/","url":"https:\/\/www.notibras.com\/site\/denuncia-contra-cunha-e-fraca-estamos-aliviados-diz-picciani-lider-do-pmdb\/","name":"Den\u00fancia contra Cunha \u00e9 fraca; estamos aliviados, diz Leo Picciani, l\u00edder do PMDB - Notibras","isPartOf":{"@id":"https:\/\/www.notibras.com\/site\/#website"},"primaryImageOfPage":{"@id":"https:\/\/www.notibras.com\/site\/denuncia-contra-cunha-e-fraca-estamos-aliviados-diz-picciani-lider-do-pmdb\/#primaryimage"},"image":{"@id":"https:\/\/www.notibras.com\/site\/denuncia-contra-cunha-e-fraca-estamos-aliviados-diz-picciani-lider-do-pmdb\/#primaryimage"},"thumbnailUrl":"https:\/\/www.notibras.com\/site\/wp-content\/uploads\/2015\/08\/LP.jpg","datePublished":"2015-08-20T20:05:59+00:00","dateModified":"2015-08-21T15:53:10+00:00","breadcrumb":{"@id":"https:\/\/www.notibras.com\/site\/denuncia-contra-cunha-e-fraca-estamos-aliviados-diz-picciani-lider-do-pmdb\/#breadcrumb"},"inLanguage":"pt-BR","potentialAction":[{"@type":"ReadAction","target":["https:\/\/www.notibras.com\/site\/denuncia-contra-cunha-e-fraca-estamos-aliviados-diz-picciani-lider-do-pmdb\/"]}]},{"@type":"ImageObject","inLanguage":"pt-BR","@id":"https:\/\/www.notibras.com\/site\/denuncia-contra-cunha-e-fraca-estamos-aliviados-diz-picciani-lider-do-pmdb\/#primaryimage","url":"https:\/\/www.notibras.com\/site\/wp-content\/uploads\/2015\/08\/LP.jpg","contentUrl":"https:\/\/www.notibras.com\/site\/wp-content\/uploads\/2015\/08\/LP.jpg","width":620,"height":406},{"@type":"BreadcrumbList","@id":"https:\/\/www.notibras.com\/site\/denuncia-contra-cunha-e-fraca-estamos-aliviados-diz-picciani-lider-do-pmdb\/#breadcrumb","itemListElement":[{"@type":"ListItem","position":1,"name":"In\u00edcio","item":"https:\/\/www.notibras.com\/site\/"},{"@type":"ListItem","position":2,"name":"Den\u00fancia contra Cunha \u00e9 fraca; estamos aliviados, diz Leo Picciani, l\u00edder do PMDB"}]},{"@type":"WebSite","@id":"https:\/\/www.notibras.com\/site\/#website","url":"https:\/\/www.notibras.com\/site\/","name":"Notibras","description":"Not\u00edcias de Bras\u00edlia, do Brasil e do Mundo","publisher":{"@id":"https:\/\/www.notibras.com\/site\/#organization"},"potentialAction":[{"@type":"SearchAction","target":{"@type":"EntryPoint","urlTemplate":"https:\/\/www.notibras.com\/site\/?s={search_term_string}"},"query-input":{"@type":"PropertyValueSpecification","valueRequired":true,"valueName":"search_term_string"}}],"inLanguage":"pt-BR"},{"@type":"Organization","@id":"https:\/\/www.notibras.com\/site\/#organization","name":"Grupo Notibras de Comunica\u00e7\u00e3o","url":"https:\/\/www.notibras.com\/site\/","logo":{"@type":"ImageObject","inLanguage":"pt-BR","@id":"https:\/\/www.notibras.com\/site\/#\/schema\/logo\/image\/","url":"https:\/\/www.notibras.com\/site\/wp-content\/uploads\/2023\/01\/notibras23.png","contentUrl":"https:\/\/www.notibras.com\/site\/wp-content\/uploads\/2023\/01\/notibras23.png","width":350,"height":87,"caption":"Grupo Notibras de Comunica\u00e7\u00e3o"},"image":{"@id":"https:\/\/www.notibras.com\/site\/#\/schema\/logo\/image\/"},"sameAs":["https:\/\/www.facebook.com\/notibras\/","https:\/\/x.com\/Notibras","https:\/\/www.instagram.com\/notibras\/"]},{"@type":"Person","@id":"https:\/\/www.notibras.com\/site\/#\/schema\/person\/36ab0979449956132d3e5b517ea76ac8","name":"Reda\u00e7\u00e3o","image":{"@type":"ImageObject","inLanguage":"pt-BR","@id":"https:\/\/secure.gravatar.com\/avatar\/e0a867bdedb85fd243eadf09663511f96fc81e0720a4a42581f334ad4303aa6b?s=96&d=mm&r=g","url":"https:\/\/secure.gravatar.com\/avatar\/e0a867bdedb85fd243eadf09663511f96fc81e0720a4a42581f334ad4303aa6b?s=96&d=mm&r=g","contentUrl":"https:\/\/secure.gravatar.com\/avatar\/e0a867bdedb85fd243eadf09663511f96fc81e0720a4a42581f334ad4303aa6b?s=96&d=mm&r=g","caption":"Reda\u00e7\u00e3o"}}]}},"amp_enabled":true,"_links":{"self":[{"href":"https:\/\/www.notibras.com\/site\/wp-json\/wp\/v2\/posts\/63467","targetHints":{"allow":["GET"]}}],"collection":[{"href":"https:\/\/www.notibras.com\/site\/wp-json\/wp\/v2\/posts"}],"about":[{"href":"https:\/\/www.notibras.com\/site\/wp-json\/wp\/v2\/types\/post"}],"author":[{"embeddable":true,"href":"https:\/\/www.notibras.com\/site\/wp-json\/wp\/v2\/users\/2"}],"replies":[{"embeddable":true,"href":"https:\/\/www.notibras.com\/site\/wp-json\/wp\/v2\/comments?post=63467"}],"version-history":[{"count":2,"href":"https:\/\/www.notibras.com\/site\/wp-json\/wp\/v2\/posts\/63467\/revisions"}],"predecessor-version":[{"id":63471,"href":"https:\/\/www.notibras.com\/site\/wp-json\/wp\/v2\/posts\/63467\/revisions\/63471"}],"wp:featuredmedia":[{"embeddable":true,"href":"https:\/\/www.notibras.com\/site\/wp-json\/wp\/v2\/media\/63468"}],"wp:attachment":[{"href":"https:\/\/www.notibras.com\/site\/wp-json\/wp\/v2\/media?parent=63467"}],"wp:term":[{"taxonomy":"category","embeddable":true,"href":"https:\/\/www.notibras.com\/site\/wp-json\/wp\/v2\/categories?post=63467"},{"taxonomy":"post_tag","embeddable":true,"href":"https:\/\/www.notibras.com\/site\/wp-json\/wp\/v2\/tags?post=63467"}],"curies":[{"name":"wp","href":"https:\/\/api.w.org\/{rel}","templated":true}]}}