{"id":63475,"date":"2015-08-20T20:15:59","date_gmt":"2015-08-20T23:15:59","guid":{"rendered":"http:\/\/www.notibras.com\/site\/?p=63475"},"modified":"2015-08-21T12:51:25","modified_gmt":"2015-08-21T15:51:25","slug":"comissao-de-orcamento-pede-ao-tcu-analise-de-decretos-que-liberaram-recursos","status":"publish","type":"post","link":"https:\/\/www.notibras.com\/site\/comissao-de-orcamento-pede-ao-tcu-analise-de-decretos-que-liberaram-recursos\/","title":{"rendered":"Comiss\u00e3o de Or\u00e7amento pede ao TCU an\u00e1lise de decretos de Dilma para liberar recursos"},"content":{"rendered":"<p>A Comiss\u00e3o Mista de Or\u00e7amento (CMO) vai pedir ao Tribunal de Contas da Uni\u00e3o (TCU) a an\u00e1lise de decretos da presidenta Dilma Rousseff que autorizaram, no final do ano passado, a libera\u00e7\u00e3o de recursos quando o governo j\u00e1 havia dito que n\u00e3o conseguiria cumprir a meta de super\u00e1vit prim\u00e1rio.<\/p>\n<p>Os deputados aprovaram um requerimento para que o TCU aprecie, dentro da an\u00e1lise que vem fazendo das contas presidenciais do ano passado, 10 decretos presidenciais que autorizaram as novas despesas. A Lei de Diretrizes Or\u00e7ament\u00e1rias (LDO) s\u00f3 autoriza a abertura de cr\u00e9ditos para novas despesas se eles forem compat\u00edveis com a obten\u00e7\u00e3o da meta de resultado prim\u00e1rio prevista na LDO.<\/p>\n<p>Um dos autores do requerimento, o deputado Pauderney Avelino (DEM-AM) argumentou que a inten\u00e7\u00e3o \u00e9 provar \u201ca possibilidade de ter havido infra\u00e7\u00e3o a dispositivo da lei or\u00e7ament\u00e1ria de 2014, o que poderia abrir caminho para um eventual processo contra a presidenta por crime de responsabilidade, por infringir a lei or\u00e7ament\u00e1ria.<\/p>\n<p>Os decretos autorizaram despesas no valor de R$ 18,4 bilh\u00f5es. Os recursos vieram em parte da emiss\u00e3o de t\u00edtulos p\u00fablicos e do super\u00e1vit financeiro. No mesmo per\u00edodo, o Congresso Nacional aprovou um projeto do Executivo alterando para R$ 10 bilh\u00f5es a meta de super\u00e1vit prim\u00e1rio de 2014, inicialmente fixada em R$ 116 bilh\u00f5es.<\/p>\n<p><strong>Luciano Nascimento &#8211; ABr<\/strong><\/p>\n","protected":false},"excerpt":{"rendered":"<p>A Comiss\u00e3o Mista de Or\u00e7amento (CMO) vai pedir ao Tribunal de Contas da Uni\u00e3o (TCU) a an\u00e1lise de decretos da presidenta Dilma Rousseff que autorizaram, no final do ano passado, a libera\u00e7\u00e3o de recursos quando o governo j\u00e1 havia dito que n\u00e3o conseguiria cumprir a meta de super\u00e1vit prim\u00e1rio. Os deputados aprovaram um requerimento para [&hellip;]<\/p>\n","protected":false},"author":2,"featured_media":63476,"comment_status":"open","ping_status":"closed","sticky":false,"template":"","format":"standard","meta":{"_acf_changed":false,"footnotes":""},"categories":[16],"tags":[],"class_list":["post-63475","post","type-post","status-publish","format-standard","has-post-thumbnail","hentry","category-brasil"],"acf":[],"yoast_head":"<!-- This site is optimized with the Yoast SEO plugin v27.2 - https:\/\/yoast.com\/product\/yoast-seo-wordpress\/ -->\n<title>Comiss\u00e3o de Or\u00e7amento pede ao TCU an\u00e1lise de decretos de Dilma para liberar recursos - Notibras<\/title>\n<meta name=\"robots\" content=\"index, follow, max-snippet:-1, max-image-preview:large, max-video-preview:-1\" \/>\n<link rel=\"canonical\" href=\"https:\/\/www.notibras.com\/site\/comissao-de-orcamento-pede-ao-tcu-analise-de-decretos-que-liberaram-recursos\/\" \/>\n<meta property=\"og:locale\" content=\"pt_BR\" \/>\n<meta property=\"og:type\" content=\"article\" \/>\n<meta property=\"og:title\" content=\"Comiss\u00e3o de Or\u00e7amento pede ao TCU an\u00e1lise de decretos de Dilma para liberar recursos - Notibras\" \/>\n<meta property=\"og:description\" content=\"A Comiss\u00e3o Mista de Or\u00e7amento (CMO) vai pedir ao Tribunal de Contas da Uni\u00e3o (TCU) a an\u00e1lise de decretos da presidenta Dilma Rousseff que autorizaram, no final do ano passado, a libera\u00e7\u00e3o de recursos quando o governo j\u00e1 havia dito que n\u00e3o conseguiria cumprir a meta de super\u00e1vit prim\u00e1rio. Os deputados aprovaram um requerimento para [&hellip;]\" \/>\n<meta property=\"og:url\" content=\"https:\/\/www.notibras.com\/site\/comissao-de-orcamento-pede-ao-tcu-analise-de-decretos-que-liberaram-recursos\/\" \/>\n<meta property=\"og:site_name\" content=\"Notibras\" \/>\n<meta property=\"article:publisher\" content=\"https:\/\/www.facebook.com\/notibras\/\" \/>\n<meta property=\"article:published_time\" content=\"2015-08-20T23:15:59+00:00\" \/>\n<meta property=\"article:modified_time\" content=\"2015-08-21T15:51:25+00:00\" \/>\n<meta property=\"og:image\" content=\"https:\/\/www.notibras.com\/site\/wp-content\/uploads\/2015\/08\/pauder.jpg\" \/>\n\t<meta property=\"og:image:width\" content=\"630\" \/>\n\t<meta property=\"og:image:height\" content=\"420\" \/>\n\t<meta property=\"og:image:type\" content=\"image\/jpeg\" \/>\n<meta name=\"author\" content=\"Reda\u00e7\u00e3o\" \/>\n<meta name=\"twitter:card\" content=\"summary_large_image\" \/>\n<meta name=\"twitter:creator\" content=\"@Notibras\" \/>\n<meta name=\"twitter:site\" content=\"@Notibras\" \/>\n<meta name=\"twitter:label1\" content=\"Escrito por\" \/>\n\t<meta name=\"twitter:data1\" content=\"Reda\u00e7\u00e3o\" \/>\n\t<meta name=\"twitter:label2\" content=\"Est. tempo de leitura\" \/>\n\t<meta name=\"twitter:data2\" content=\"1 minuto\" \/>\n<script type=\"application\/ld+json\" class=\"yoast-schema-graph\">{\"@context\":\"https:\/\/schema.org\",\"@graph\":[{\"@type\":\"Article\",\"@id\":\"https:\/\/www.notibras.com\/site\/comissao-de-orcamento-pede-ao-tcu-analise-de-decretos-que-liberaram-recursos\/#article\",\"isPartOf\":{\"@id\":\"https:\/\/www.notibras.com\/site\/comissao-de-orcamento-pede-ao-tcu-analise-de-decretos-que-liberaram-recursos\/\"},\"author\":{\"name\":\"Reda\u00e7\u00e3o\",\"@id\":\"https:\/\/www.notibras.com\/site\/#\/schema\/person\/36ab0979449956132d3e5b517ea76ac8\"},\"headline\":\"Comiss\u00e3o de Or\u00e7amento pede ao TCU an\u00e1lise de decretos de Dilma para liberar recursos\",\"datePublished\":\"2015-08-20T23:15:59+00:00\",\"dateModified\":\"2015-08-21T15:51:25+00:00\",\"mainEntityOfPage\":{\"@id\":\"https:\/\/www.notibras.com\/site\/comissao-de-orcamento-pede-ao-tcu-analise-de-decretos-que-liberaram-recursos\/\"},\"wordCount\":257,\"commentCount\":0,\"publisher\":{\"@id\":\"https:\/\/www.notibras.com\/site\/#organization\"},\"image\":{\"@id\":\"https:\/\/www.notibras.com\/site\/comissao-de-orcamento-pede-ao-tcu-analise-de-decretos-que-liberaram-recursos\/#primaryimage\"},\"thumbnailUrl\":\"https:\/\/www.notibras.com\/site\/wp-content\/uploads\/2015\/08\/pauder.jpg\",\"articleSection\":[\"Brasil\"],\"inLanguage\":\"pt-BR\",\"potentialAction\":[{\"@type\":\"CommentAction\",\"name\":\"Comment\",\"target\":[\"https:\/\/www.notibras.com\/site\/comissao-de-orcamento-pede-ao-tcu-analise-de-decretos-que-liberaram-recursos\/#respond\"]}]},{\"@type\":\"WebPage\",\"@id\":\"https:\/\/www.notibras.com\/site\/comissao-de-orcamento-pede-ao-tcu-analise-de-decretos-que-liberaram-recursos\/\",\"url\":\"https:\/\/www.notibras.com\/site\/comissao-de-orcamento-pede-ao-tcu-analise-de-decretos-que-liberaram-recursos\/\",\"name\":\"Comiss\u00e3o de Or\u00e7amento pede ao TCU an\u00e1lise de decretos de Dilma para liberar recursos - Notibras\",\"isPartOf\":{\"@id\":\"https:\/\/www.notibras.com\/site\/#website\"},\"primaryImageOfPage\":{\"@id\":\"https:\/\/www.notibras.com\/site\/comissao-de-orcamento-pede-ao-tcu-analise-de-decretos-que-liberaram-recursos\/#primaryimage\"},\"image\":{\"@id\":\"https:\/\/www.notibras.com\/site\/comissao-de-orcamento-pede-ao-tcu-analise-de-decretos-que-liberaram-recursos\/#primaryimage\"},\"thumbnailUrl\":\"https:\/\/www.notibras.com\/site\/wp-content\/uploads\/2015\/08\/pauder.jpg\",\"datePublished\":\"2015-08-20T23:15:59+00:00\",\"dateModified\":\"2015-08-21T15:51:25+00:00\",\"breadcrumb\":{\"@id\":\"https:\/\/www.notibras.com\/site\/comissao-de-orcamento-pede-ao-tcu-analise-de-decretos-que-liberaram-recursos\/#breadcrumb\"},\"inLanguage\":\"pt-BR\",\"potentialAction\":[{\"@type\":\"ReadAction\",\"target\":[\"https:\/\/www.notibras.com\/site\/comissao-de-orcamento-pede-ao-tcu-analise-de-decretos-que-liberaram-recursos\/\"]}]},{\"@type\":\"ImageObject\",\"inLanguage\":\"pt-BR\",\"@id\":\"https:\/\/www.notibras.com\/site\/comissao-de-orcamento-pede-ao-tcu-analise-de-decretos-que-liberaram-recursos\/#primaryimage\",\"url\":\"https:\/\/www.notibras.com\/site\/wp-content\/uploads\/2015\/08\/pauder.jpg\",\"contentUrl\":\"https:\/\/www.notibras.com\/site\/wp-content\/uploads\/2015\/08\/pauder.jpg\",\"width\":630,\"height\":420},{\"@type\":\"BreadcrumbList\",\"@id\":\"https:\/\/www.notibras.com\/site\/comissao-de-orcamento-pede-ao-tcu-analise-de-decretos-que-liberaram-recursos\/#breadcrumb\",\"itemListElement\":[{\"@type\":\"ListItem\",\"position\":1,\"name\":\"In\u00edcio\",\"item\":\"https:\/\/www.notibras.com\/site\/\"},{\"@type\":\"ListItem\",\"position\":2,\"name\":\"Comiss\u00e3o de Or\u00e7amento pede ao TCU an\u00e1lise de decretos de Dilma para liberar recursos\"}]},{\"@type\":\"WebSite\",\"@id\":\"https:\/\/www.notibras.com\/site\/#website\",\"url\":\"https:\/\/www.notibras.com\/site\/\",\"name\":\"Notibras\",\"description\":\"Not\u00edcias de Bras\u00edlia, do Brasil e do Mundo\",\"publisher\":{\"@id\":\"https:\/\/www.notibras.com\/site\/#organization\"},\"potentialAction\":[{\"@type\":\"SearchAction\",\"target\":{\"@type\":\"EntryPoint\",\"urlTemplate\":\"https:\/\/www.notibras.com\/site\/?s={search_term_string}\"},\"query-input\":{\"@type\":\"PropertyValueSpecification\",\"valueRequired\":true,\"valueName\":\"search_term_string\"}}],\"inLanguage\":\"pt-BR\"},{\"@type\":\"Organization\",\"@id\":\"https:\/\/www.notibras.com\/site\/#organization\",\"name\":\"Grupo Notibras de Comunica\u00e7\u00e3o\",\"url\":\"https:\/\/www.notibras.com\/site\/\",\"logo\":{\"@type\":\"ImageObject\",\"inLanguage\":\"pt-BR\",\"@id\":\"https:\/\/www.notibras.com\/site\/#\/schema\/logo\/image\/\",\"url\":\"https:\/\/www.notibras.com\/site\/wp-content\/uploads\/2023\/01\/notibras23.png\",\"contentUrl\":\"https:\/\/www.notibras.com\/site\/wp-content\/uploads\/2023\/01\/notibras23.png\",\"width\":350,\"height\":87,\"caption\":\"Grupo Notibras de Comunica\u00e7\u00e3o\"},\"image\":{\"@id\":\"https:\/\/www.notibras.com\/site\/#\/schema\/logo\/image\/\"},\"sameAs\":[\"https:\/\/www.facebook.com\/notibras\/\",\"https:\/\/x.com\/Notibras\",\"https:\/\/www.instagram.com\/notibras\/\"]},{\"@type\":\"Person\",\"@id\":\"https:\/\/www.notibras.com\/site\/#\/schema\/person\/36ab0979449956132d3e5b517ea76ac8\",\"name\":\"Reda\u00e7\u00e3o\",\"image\":{\"@type\":\"ImageObject\",\"inLanguage\":\"pt-BR\",\"@id\":\"https:\/\/secure.gravatar.com\/avatar\/e0a867bdedb85fd243eadf09663511f96fc81e0720a4a42581f334ad4303aa6b?s=96&d=mm&r=g\",\"url\":\"https:\/\/secure.gravatar.com\/avatar\/e0a867bdedb85fd243eadf09663511f96fc81e0720a4a42581f334ad4303aa6b?s=96&d=mm&r=g\",\"contentUrl\":\"https:\/\/secure.gravatar.com\/avatar\/e0a867bdedb85fd243eadf09663511f96fc81e0720a4a42581f334ad4303aa6b?s=96&d=mm&r=g\",\"caption\":\"Reda\u00e7\u00e3o\"}}]}<\/script>\n<!-- \/ Yoast SEO plugin. -->","yoast_head_json":{"title":"Comiss\u00e3o de Or\u00e7amento pede ao TCU an\u00e1lise de decretos de Dilma para liberar recursos - Notibras","robots":{"index":"index","follow":"follow","max-snippet":"max-snippet:-1","max-image-preview":"max-image-preview:large","max-video-preview":"max-video-preview:-1"},"canonical":"https:\/\/www.notibras.com\/site\/comissao-de-orcamento-pede-ao-tcu-analise-de-decretos-que-liberaram-recursos\/","og_locale":"pt_BR","og_type":"article","og_title":"Comiss\u00e3o de Or\u00e7amento pede ao TCU an\u00e1lise de decretos de Dilma para liberar recursos - Notibras","og_description":"A Comiss\u00e3o Mista de Or\u00e7amento (CMO) vai pedir ao Tribunal de Contas da Uni\u00e3o (TCU) a an\u00e1lise de decretos da presidenta Dilma Rousseff que autorizaram, no final do ano passado, a libera\u00e7\u00e3o de recursos quando o governo j\u00e1 havia dito que n\u00e3o conseguiria cumprir a meta de super\u00e1vit prim\u00e1rio. Os deputados aprovaram um requerimento para [&hellip;]","og_url":"https:\/\/www.notibras.com\/site\/comissao-de-orcamento-pede-ao-tcu-analise-de-decretos-que-liberaram-recursos\/","og_site_name":"Notibras","article_publisher":"https:\/\/www.facebook.com\/notibras\/","article_published_time":"2015-08-20T23:15:59+00:00","article_modified_time":"2015-08-21T15:51:25+00:00","og_image":[{"width":630,"height":420,"url":"https:\/\/www.notibras.com\/site\/wp-content\/uploads\/2015\/08\/pauder.jpg","type":"image\/jpeg"}],"author":"Reda\u00e7\u00e3o","twitter_card":"summary_large_image","twitter_creator":"@Notibras","twitter_site":"@Notibras","twitter_misc":{"Escrito por":"Reda\u00e7\u00e3o","Est. tempo de leitura":"1 minuto"},"schema":{"@context":"https:\/\/schema.org","@graph":[{"@type":"Article","@id":"https:\/\/www.notibras.com\/site\/comissao-de-orcamento-pede-ao-tcu-analise-de-decretos-que-liberaram-recursos\/#article","isPartOf":{"@id":"https:\/\/www.notibras.com\/site\/comissao-de-orcamento-pede-ao-tcu-analise-de-decretos-que-liberaram-recursos\/"},"author":{"name":"Reda\u00e7\u00e3o","@id":"https:\/\/www.notibras.com\/site\/#\/schema\/person\/36ab0979449956132d3e5b517ea76ac8"},"headline":"Comiss\u00e3o de Or\u00e7amento pede ao TCU an\u00e1lise de decretos de Dilma para liberar recursos","datePublished":"2015-08-20T23:15:59+00:00","dateModified":"2015-08-21T15:51:25+00:00","mainEntityOfPage":{"@id":"https:\/\/www.notibras.com\/site\/comissao-de-orcamento-pede-ao-tcu-analise-de-decretos-que-liberaram-recursos\/"},"wordCount":257,"commentCount":0,"publisher":{"@id":"https:\/\/www.notibras.com\/site\/#organization"},"image":{"@id":"https:\/\/www.notibras.com\/site\/comissao-de-orcamento-pede-ao-tcu-analise-de-decretos-que-liberaram-recursos\/#primaryimage"},"thumbnailUrl":"https:\/\/www.notibras.com\/site\/wp-content\/uploads\/2015\/08\/pauder.jpg","articleSection":["Brasil"],"inLanguage":"pt-BR","potentialAction":[{"@type":"CommentAction","name":"Comment","target":["https:\/\/www.notibras.com\/site\/comissao-de-orcamento-pede-ao-tcu-analise-de-decretos-que-liberaram-recursos\/#respond"]}]},{"@type":"WebPage","@id":"https:\/\/www.notibras.com\/site\/comissao-de-orcamento-pede-ao-tcu-analise-de-decretos-que-liberaram-recursos\/","url":"https:\/\/www.notibras.com\/site\/comissao-de-orcamento-pede-ao-tcu-analise-de-decretos-que-liberaram-recursos\/","name":"Comiss\u00e3o de Or\u00e7amento pede ao TCU an\u00e1lise de decretos de Dilma para liberar recursos - Notibras","isPartOf":{"@id":"https:\/\/www.notibras.com\/site\/#website"},"primaryImageOfPage":{"@id":"https:\/\/www.notibras.com\/site\/comissao-de-orcamento-pede-ao-tcu-analise-de-decretos-que-liberaram-recursos\/#primaryimage"},"image":{"@id":"https:\/\/www.notibras.com\/site\/comissao-de-orcamento-pede-ao-tcu-analise-de-decretos-que-liberaram-recursos\/#primaryimage"},"thumbnailUrl":"https:\/\/www.notibras.com\/site\/wp-content\/uploads\/2015\/08\/pauder.jpg","datePublished":"2015-08-20T23:15:59+00:00","dateModified":"2015-08-21T15:51:25+00:00","breadcrumb":{"@id":"https:\/\/www.notibras.com\/site\/comissao-de-orcamento-pede-ao-tcu-analise-de-decretos-que-liberaram-recursos\/#breadcrumb"},"inLanguage":"pt-BR","potentialAction":[{"@type":"ReadAction","target":["https:\/\/www.notibras.com\/site\/comissao-de-orcamento-pede-ao-tcu-analise-de-decretos-que-liberaram-recursos\/"]}]},{"@type":"ImageObject","inLanguage":"pt-BR","@id":"https:\/\/www.notibras.com\/site\/comissao-de-orcamento-pede-ao-tcu-analise-de-decretos-que-liberaram-recursos\/#primaryimage","url":"https:\/\/www.notibras.com\/site\/wp-content\/uploads\/2015\/08\/pauder.jpg","contentUrl":"https:\/\/www.notibras.com\/site\/wp-content\/uploads\/2015\/08\/pauder.jpg","width":630,"height":420},{"@type":"BreadcrumbList","@id":"https:\/\/www.notibras.com\/site\/comissao-de-orcamento-pede-ao-tcu-analise-de-decretos-que-liberaram-recursos\/#breadcrumb","itemListElement":[{"@type":"ListItem","position":1,"name":"In\u00edcio","item":"https:\/\/www.notibras.com\/site\/"},{"@type":"ListItem","position":2,"name":"Comiss\u00e3o de Or\u00e7amento pede ao TCU an\u00e1lise de decretos de Dilma para liberar recursos"}]},{"@type":"WebSite","@id":"https:\/\/www.notibras.com\/site\/#website","url":"https:\/\/www.notibras.com\/site\/","name":"Notibras","description":"Not\u00edcias de Bras\u00edlia, do Brasil e do Mundo","publisher":{"@id":"https:\/\/www.notibras.com\/site\/#organization"},"potentialAction":[{"@type":"SearchAction","target":{"@type":"EntryPoint","urlTemplate":"https:\/\/www.notibras.com\/site\/?s={search_term_string}"},"query-input":{"@type":"PropertyValueSpecification","valueRequired":true,"valueName":"search_term_string"}}],"inLanguage":"pt-BR"},{"@type":"Organization","@id":"https:\/\/www.notibras.com\/site\/#organization","name":"Grupo Notibras de Comunica\u00e7\u00e3o","url":"https:\/\/www.notibras.com\/site\/","logo":{"@type":"ImageObject","inLanguage":"pt-BR","@id":"https:\/\/www.notibras.com\/site\/#\/schema\/logo\/image\/","url":"https:\/\/www.notibras.com\/site\/wp-content\/uploads\/2023\/01\/notibras23.png","contentUrl":"https:\/\/www.notibras.com\/site\/wp-content\/uploads\/2023\/01\/notibras23.png","width":350,"height":87,"caption":"Grupo Notibras de Comunica\u00e7\u00e3o"},"image":{"@id":"https:\/\/www.notibras.com\/site\/#\/schema\/logo\/image\/"},"sameAs":["https:\/\/www.facebook.com\/notibras\/","https:\/\/x.com\/Notibras","https:\/\/www.instagram.com\/notibras\/"]},{"@type":"Person","@id":"https:\/\/www.notibras.com\/site\/#\/schema\/person\/36ab0979449956132d3e5b517ea76ac8","name":"Reda\u00e7\u00e3o","image":{"@type":"ImageObject","inLanguage":"pt-BR","@id":"https:\/\/secure.gravatar.com\/avatar\/e0a867bdedb85fd243eadf09663511f96fc81e0720a4a42581f334ad4303aa6b?s=96&d=mm&r=g","url":"https:\/\/secure.gravatar.com\/avatar\/e0a867bdedb85fd243eadf09663511f96fc81e0720a4a42581f334ad4303aa6b?s=96&d=mm&r=g","contentUrl":"https:\/\/secure.gravatar.com\/avatar\/e0a867bdedb85fd243eadf09663511f96fc81e0720a4a42581f334ad4303aa6b?s=96&d=mm&r=g","caption":"Reda\u00e7\u00e3o"}}]}},"amp_enabled":true,"_links":{"self":[{"href":"https:\/\/www.notibras.com\/site\/wp-json\/wp\/v2\/posts\/63475","targetHints":{"allow":["GET"]}}],"collection":[{"href":"https:\/\/www.notibras.com\/site\/wp-json\/wp\/v2\/posts"}],"about":[{"href":"https:\/\/www.notibras.com\/site\/wp-json\/wp\/v2\/types\/post"}],"author":[{"embeddable":true,"href":"https:\/\/www.notibras.com\/site\/wp-json\/wp\/v2\/users\/2"}],"replies":[{"embeddable":true,"href":"https:\/\/www.notibras.com\/site\/wp-json\/wp\/v2\/comments?post=63475"}],"version-history":[{"count":5,"href":"https:\/\/www.notibras.com\/site\/wp-json\/wp\/v2\/posts\/63475\/revisions"}],"predecessor-version":[{"id":63674,"href":"https:\/\/www.notibras.com\/site\/wp-json\/wp\/v2\/posts\/63475\/revisions\/63674"}],"wp:featuredmedia":[{"embeddable":true,"href":"https:\/\/www.notibras.com\/site\/wp-json\/wp\/v2\/media\/63476"}],"wp:attachment":[{"href":"https:\/\/www.notibras.com\/site\/wp-json\/wp\/v2\/media?parent=63475"}],"wp:term":[{"taxonomy":"category","embeddable":true,"href":"https:\/\/www.notibras.com\/site\/wp-json\/wp\/v2\/categories?post=63475"},{"taxonomy":"post_tag","embeddable":true,"href":"https:\/\/www.notibras.com\/site\/wp-json\/wp\/v2\/tags?post=63475"}],"curies":[{"name":"wp","href":"https:\/\/api.w.org\/{rel}","templated":true}]}}