{"id":63480,"date":"2015-08-20T19:52:10","date_gmt":"2015-08-20T22:52:10","guid":{"rendered":"http:\/\/www.notibras.com\/site\/?p=63480"},"modified":"2015-08-21T12:37:47","modified_gmt":"2015-08-21T15:37:47","slug":"brasil-e-alemanha-firmam-acordo-de-cooperacao-em-equipamentos-militares","status":"publish","type":"post","link":"https:\/\/www.notibras.com\/site\/brasil-e-alemanha-firmam-acordo-de-cooperacao-em-equipamentos-militares\/","title":{"rendered":"Brasil e Alemanha firmam acordo de coopera\u00e7\u00e3o em equipamentos militares"},"content":{"rendered":"<p>O ministro da Defesa, Jaques Wagner, e o vice-ministro de Defesa da Alemanha, Ralf Brauksiepe, prestaram\u00a0declara\u00e7\u00e3o conjunta nesta quinta, 20, sobre coopera\u00e7\u00e3o entre os dois pa\u00edses em miss\u00f5es de paz e no desenvolvimento de tecnologias de defesa. Segundo Wagner, a reuni\u00e3o n\u00e3o resultou em nenhum novo projeto, mas criou condi\u00e7\u00f5es para que isso ocorra no futuro.<\/p>\n<p>Os acordos fazem parte da visita da chanceler alem\u00e3 Angela Merkel, ao Brasil. Ela foi homenageada pela presidente Dilma Rousseff com almo\u00e7o no Pal\u00e1cio do Itamaraty.<\/p>\n<p>\u201cEles [os alem\u00e3es] t\u00eam um processo de acordo conosco no desenvolvimento de lan\u00e7adores de microssat\u00e9lites. Hoje, abrimos a possibilidade tamb\u00e9m na \u00e1rea de manuten\u00e7\u00e3o de submarinos e de desenvolvimento de tanques, porque j\u00e1 usamos os alem\u00e3es. Firmamos a posi\u00e7\u00e3o de n\u00e3o ser somente compradores, mas de desenvolver produtos em conjunto onde haja transfer\u00eancia de tecnologias\u201d, afirmou Wagner.<\/p>\n<p>De acordo com o ministro, o detalhamento dos produtos e a troca de tecnologias s\u00e3o bastante demorados. Os prazos para concretiza\u00e7\u00e3o de um neg\u00f3cio chegam a tr\u00eas anos.<\/p>\n<p>Os ministros tamb\u00e9m concordaram com a import\u00e2ncia de desenvolver coopera\u00e7\u00f5es em miss\u00f5es de paz das Na\u00e7\u00f5es Unidas. Jaques Wagner citou a Unifil, a miss\u00e3o de paz no L\u00edbano, em conjunto entre Brasil e Alemanha, com comando brasileiro.<\/p>\n<p>O ministro brasileiro tamb\u00e9m destacou a promulga\u00e7\u00e3o do chamado acordo-quatro de coopera\u00e7\u00e3o na \u00e1rea de defesa. \u201c\u00c9 um acordo guarda-chuva, que permite o incremento do relacionamento na \u00e1rea de defesa\u201d, disse. O acordo foi publicado ontem (19) no <em>Di\u00e1rio Oficial da Uni\u00e3o<\/em>.<\/p>\n<p>Segundo o Minist\u00e9rio da Defesa, o acordo abre espa\u00e7o para atua\u00e7\u00e3o, por exemplo, em assuntos relacionados \u00e0 pol\u00edtica de defesa, treinamento e opera\u00e7\u00f5es militares, pesquisa e desenvolvimento, aquisi\u00e7\u00e3o de produtos, servi\u00e7os de defesa e apoio log\u00edstico, al\u00e9m de assessoramento em equipamentos de defesa, compartilhamento de conhecimentos e experi\u00eancias nas \u00e1reas de ci\u00eancia e tecnologia e interc\u00e2mbio de informa\u00e7\u00f5es relacionadas a assuntos de seguran\u00e7a internacional.<\/p>\n<p>O documento permite tamb\u00e9m o compartilhamento de experi\u00eancias sobre quest\u00f5es relacionadas \u00e0 preven\u00e7\u00e3o de conflitos internacionais e a opera\u00e7\u00f5es de gerenciamento de crises.<\/p>\n","protected":false},"excerpt":{"rendered":"<p>O ministro da Defesa, Jaques Wagner, e o vice-ministro de Defesa da Alemanha, Ralf Brauksiepe, prestaram\u00a0declara\u00e7\u00e3o conjunta nesta quinta, 20, sobre coopera\u00e7\u00e3o entre os dois pa\u00edses em miss\u00f5es de paz e no desenvolvimento de tecnologias de defesa. Segundo Wagner, a reuni\u00e3o n\u00e3o resultou em nenhum novo projeto, mas criou condi\u00e7\u00f5es para que isso ocorra no [&hellip;]<\/p>\n","protected":false},"author":2,"featured_media":63481,"comment_status":"open","ping_status":"closed","sticky":false,"template":"","format":"standard","meta":{"_acf_changed":false,"footnotes":""},"categories":[16],"tags":[],"class_list":["post-63480","post","type-post","status-publish","format-standard","has-post-thumbnail","hentry","category-brasil"],"acf":[],"yoast_head":"<!-- This site is optimized with the Yoast SEO plugin v27.2 - https:\/\/yoast.com\/product\/yoast-seo-wordpress\/ -->\n<title>Brasil e Alemanha firmam acordo de coopera\u00e7\u00e3o em equipamentos militares - Notibras<\/title>\n<meta name=\"robots\" content=\"index, follow, max-snippet:-1, max-image-preview:large, max-video-preview:-1\" \/>\n<link rel=\"canonical\" href=\"https:\/\/www.notibras.com\/site\/brasil-e-alemanha-firmam-acordo-de-cooperacao-em-equipamentos-militares\/\" \/>\n<meta property=\"og:locale\" content=\"pt_BR\" \/>\n<meta property=\"og:type\" content=\"article\" \/>\n<meta property=\"og:title\" content=\"Brasil e Alemanha firmam acordo de coopera\u00e7\u00e3o em equipamentos militares - Notibras\" \/>\n<meta property=\"og:description\" content=\"O ministro da Defesa, Jaques Wagner, e o vice-ministro de Defesa da Alemanha, Ralf Brauksiepe, prestaram\u00a0declara\u00e7\u00e3o conjunta nesta quinta, 20, sobre coopera\u00e7\u00e3o entre os dois pa\u00edses em miss\u00f5es de paz e no desenvolvimento de tecnologias de defesa. Segundo Wagner, a reuni\u00e3o n\u00e3o resultou em nenhum novo projeto, mas criou condi\u00e7\u00f5es para que isso ocorra no [&hellip;]\" \/>\n<meta property=\"og:url\" content=\"https:\/\/www.notibras.com\/site\/brasil-e-alemanha-firmam-acordo-de-cooperacao-em-equipamentos-militares\/\" \/>\n<meta property=\"og:site_name\" content=\"Notibras\" \/>\n<meta property=\"article:publisher\" content=\"https:\/\/www.facebook.com\/notibras\/\" \/>\n<meta property=\"article:published_time\" content=\"2015-08-20T22:52:10+00:00\" \/>\n<meta property=\"article:modified_time\" content=\"2015-08-21T15:37:47+00:00\" \/>\n<meta property=\"og:image\" content=\"https:\/\/www.notibras.com\/site\/wp-content\/uploads\/2015\/08\/972452-20.08.2015__wdo1150.jpg\" \/>\n\t<meta property=\"og:image:width\" content=\"1082\" \/>\n\t<meta property=\"og:image:height\" content=\"720\" \/>\n\t<meta property=\"og:image:type\" content=\"image\/jpeg\" \/>\n<meta name=\"author\" content=\"Reda\u00e7\u00e3o\" \/>\n<meta name=\"twitter:card\" content=\"summary_large_image\" \/>\n<meta name=\"twitter:creator\" content=\"@Notibras\" \/>\n<meta name=\"twitter:site\" content=\"@Notibras\" \/>\n<meta name=\"twitter:label1\" content=\"Escrito por\" \/>\n\t<meta name=\"twitter:data1\" content=\"Reda\u00e7\u00e3o\" \/>\n\t<meta name=\"twitter:label2\" content=\"Est. tempo de leitura\" \/>\n\t<meta name=\"twitter:data2\" content=\"2 minutos\" \/>\n<script type=\"application\/ld+json\" class=\"yoast-schema-graph\">{\"@context\":\"https:\/\/schema.org\",\"@graph\":[{\"@type\":\"Article\",\"@id\":\"https:\/\/www.notibras.com\/site\/brasil-e-alemanha-firmam-acordo-de-cooperacao-em-equipamentos-militares\/#article\",\"isPartOf\":{\"@id\":\"https:\/\/www.notibras.com\/site\/brasil-e-alemanha-firmam-acordo-de-cooperacao-em-equipamentos-militares\/\"},\"author\":{\"name\":\"Reda\u00e7\u00e3o\",\"@id\":\"https:\/\/www.notibras.com\/site\/#\/schema\/person\/36ab0979449956132d3e5b517ea76ac8\"},\"headline\":\"Brasil e Alemanha firmam acordo de coopera\u00e7\u00e3o em equipamentos militares\",\"datePublished\":\"2015-08-20T22:52:10+00:00\",\"dateModified\":\"2015-08-21T15:37:47+00:00\",\"mainEntityOfPage\":{\"@id\":\"https:\/\/www.notibras.com\/site\/brasil-e-alemanha-firmam-acordo-de-cooperacao-em-equipamentos-militares\/\"},\"wordCount\":394,\"commentCount\":0,\"publisher\":{\"@id\":\"https:\/\/www.notibras.com\/site\/#organization\"},\"image\":{\"@id\":\"https:\/\/www.notibras.com\/site\/brasil-e-alemanha-firmam-acordo-de-cooperacao-em-equipamentos-militares\/#primaryimage\"},\"thumbnailUrl\":\"https:\/\/www.notibras.com\/site\/wp-content\/uploads\/2015\/08\/972452-20.08.2015__wdo1150.jpg\",\"articleSection\":[\"Brasil\"],\"inLanguage\":\"pt-BR\",\"potentialAction\":[{\"@type\":\"CommentAction\",\"name\":\"Comment\",\"target\":[\"https:\/\/www.notibras.com\/site\/brasil-e-alemanha-firmam-acordo-de-cooperacao-em-equipamentos-militares\/#respond\"]}]},{\"@type\":\"WebPage\",\"@id\":\"https:\/\/www.notibras.com\/site\/brasil-e-alemanha-firmam-acordo-de-cooperacao-em-equipamentos-militares\/\",\"url\":\"https:\/\/www.notibras.com\/site\/brasil-e-alemanha-firmam-acordo-de-cooperacao-em-equipamentos-militares\/\",\"name\":\"Brasil e Alemanha firmam acordo de coopera\u00e7\u00e3o em equipamentos militares - Notibras\",\"isPartOf\":{\"@id\":\"https:\/\/www.notibras.com\/site\/#website\"},\"primaryImageOfPage\":{\"@id\":\"https:\/\/www.notibras.com\/site\/brasil-e-alemanha-firmam-acordo-de-cooperacao-em-equipamentos-militares\/#primaryimage\"},\"image\":{\"@id\":\"https:\/\/www.notibras.com\/site\/brasil-e-alemanha-firmam-acordo-de-cooperacao-em-equipamentos-militares\/#primaryimage\"},\"thumbnailUrl\":\"https:\/\/www.notibras.com\/site\/wp-content\/uploads\/2015\/08\/972452-20.08.2015__wdo1150.jpg\",\"datePublished\":\"2015-08-20T22:52:10+00:00\",\"dateModified\":\"2015-08-21T15:37:47+00:00\",\"breadcrumb\":{\"@id\":\"https:\/\/www.notibras.com\/site\/brasil-e-alemanha-firmam-acordo-de-cooperacao-em-equipamentos-militares\/#breadcrumb\"},\"inLanguage\":\"pt-BR\",\"potentialAction\":[{\"@type\":\"ReadAction\",\"target\":[\"https:\/\/www.notibras.com\/site\/brasil-e-alemanha-firmam-acordo-de-cooperacao-em-equipamentos-militares\/\"]}]},{\"@type\":\"ImageObject\",\"inLanguage\":\"pt-BR\",\"@id\":\"https:\/\/www.notibras.com\/site\/brasil-e-alemanha-firmam-acordo-de-cooperacao-em-equipamentos-militares\/#primaryimage\",\"url\":\"https:\/\/www.notibras.com\/site\/wp-content\/uploads\/2015\/08\/972452-20.08.2015__wdo1150.jpg\",\"contentUrl\":\"https:\/\/www.notibras.com\/site\/wp-content\/uploads\/2015\/08\/972452-20.08.2015__wdo1150.jpg\",\"width\":1082,\"height\":720},{\"@type\":\"BreadcrumbList\",\"@id\":\"https:\/\/www.notibras.com\/site\/brasil-e-alemanha-firmam-acordo-de-cooperacao-em-equipamentos-militares\/#breadcrumb\",\"itemListElement\":[{\"@type\":\"ListItem\",\"position\":1,\"name\":\"In\u00edcio\",\"item\":\"https:\/\/www.notibras.com\/site\/\"},{\"@type\":\"ListItem\",\"position\":2,\"name\":\"Brasil e Alemanha firmam acordo de coopera\u00e7\u00e3o em equipamentos militares\"}]},{\"@type\":\"WebSite\",\"@id\":\"https:\/\/www.notibras.com\/site\/#website\",\"url\":\"https:\/\/www.notibras.com\/site\/\",\"name\":\"Notibras\",\"description\":\"Not\u00edcias de Bras\u00edlia, do Brasil e do Mundo\",\"publisher\":{\"@id\":\"https:\/\/www.notibras.com\/site\/#organization\"},\"potentialAction\":[{\"@type\":\"SearchAction\",\"target\":{\"@type\":\"EntryPoint\",\"urlTemplate\":\"https:\/\/www.notibras.com\/site\/?s={search_term_string}\"},\"query-input\":{\"@type\":\"PropertyValueSpecification\",\"valueRequired\":true,\"valueName\":\"search_term_string\"}}],\"inLanguage\":\"pt-BR\"},{\"@type\":\"Organization\",\"@id\":\"https:\/\/www.notibras.com\/site\/#organization\",\"name\":\"Grupo Notibras de Comunica\u00e7\u00e3o\",\"url\":\"https:\/\/www.notibras.com\/site\/\",\"logo\":{\"@type\":\"ImageObject\",\"inLanguage\":\"pt-BR\",\"@id\":\"https:\/\/www.notibras.com\/site\/#\/schema\/logo\/image\/\",\"url\":\"https:\/\/www.notibras.com\/site\/wp-content\/uploads\/2023\/01\/notibras23.png\",\"contentUrl\":\"https:\/\/www.notibras.com\/site\/wp-content\/uploads\/2023\/01\/notibras23.png\",\"width\":350,\"height\":87,\"caption\":\"Grupo Notibras de Comunica\u00e7\u00e3o\"},\"image\":{\"@id\":\"https:\/\/www.notibras.com\/site\/#\/schema\/logo\/image\/\"},\"sameAs\":[\"https:\/\/www.facebook.com\/notibras\/\",\"https:\/\/x.com\/Notibras\",\"https:\/\/www.instagram.com\/notibras\/\"]},{\"@type\":\"Person\",\"@id\":\"https:\/\/www.notibras.com\/site\/#\/schema\/person\/36ab0979449956132d3e5b517ea76ac8\",\"name\":\"Reda\u00e7\u00e3o\",\"image\":{\"@type\":\"ImageObject\",\"inLanguage\":\"pt-BR\",\"@id\":\"https:\/\/secure.gravatar.com\/avatar\/e0a867bdedb85fd243eadf09663511f96fc81e0720a4a42581f334ad4303aa6b?s=96&d=mm&r=g\",\"url\":\"https:\/\/secure.gravatar.com\/avatar\/e0a867bdedb85fd243eadf09663511f96fc81e0720a4a42581f334ad4303aa6b?s=96&d=mm&r=g\",\"contentUrl\":\"https:\/\/secure.gravatar.com\/avatar\/e0a867bdedb85fd243eadf09663511f96fc81e0720a4a42581f334ad4303aa6b?s=96&d=mm&r=g\",\"caption\":\"Reda\u00e7\u00e3o\"}}]}<\/script>\n<!-- \/ Yoast SEO plugin. -->","yoast_head_json":{"title":"Brasil e Alemanha firmam acordo de coopera\u00e7\u00e3o em equipamentos militares - Notibras","robots":{"index":"index","follow":"follow","max-snippet":"max-snippet:-1","max-image-preview":"max-image-preview:large","max-video-preview":"max-video-preview:-1"},"canonical":"https:\/\/www.notibras.com\/site\/brasil-e-alemanha-firmam-acordo-de-cooperacao-em-equipamentos-militares\/","og_locale":"pt_BR","og_type":"article","og_title":"Brasil e Alemanha firmam acordo de coopera\u00e7\u00e3o em equipamentos militares - Notibras","og_description":"O ministro da Defesa, Jaques Wagner, e o vice-ministro de Defesa da Alemanha, Ralf Brauksiepe, prestaram\u00a0declara\u00e7\u00e3o conjunta nesta quinta, 20, sobre coopera\u00e7\u00e3o entre os dois pa\u00edses em miss\u00f5es de paz e no desenvolvimento de tecnologias de defesa. Segundo Wagner, a reuni\u00e3o n\u00e3o resultou em nenhum novo projeto, mas criou condi\u00e7\u00f5es para que isso ocorra no [&hellip;]","og_url":"https:\/\/www.notibras.com\/site\/brasil-e-alemanha-firmam-acordo-de-cooperacao-em-equipamentos-militares\/","og_site_name":"Notibras","article_publisher":"https:\/\/www.facebook.com\/notibras\/","article_published_time":"2015-08-20T22:52:10+00:00","article_modified_time":"2015-08-21T15:37:47+00:00","og_image":[{"width":1082,"height":720,"url":"https:\/\/www.notibras.com\/site\/wp-content\/uploads\/2015\/08\/972452-20.08.2015__wdo1150.jpg","type":"image\/jpeg"}],"author":"Reda\u00e7\u00e3o","twitter_card":"summary_large_image","twitter_creator":"@Notibras","twitter_site":"@Notibras","twitter_misc":{"Escrito por":"Reda\u00e7\u00e3o","Est. tempo de leitura":"2 minutos"},"schema":{"@context":"https:\/\/schema.org","@graph":[{"@type":"Article","@id":"https:\/\/www.notibras.com\/site\/brasil-e-alemanha-firmam-acordo-de-cooperacao-em-equipamentos-militares\/#article","isPartOf":{"@id":"https:\/\/www.notibras.com\/site\/brasil-e-alemanha-firmam-acordo-de-cooperacao-em-equipamentos-militares\/"},"author":{"name":"Reda\u00e7\u00e3o","@id":"https:\/\/www.notibras.com\/site\/#\/schema\/person\/36ab0979449956132d3e5b517ea76ac8"},"headline":"Brasil e Alemanha firmam acordo de coopera\u00e7\u00e3o em equipamentos militares","datePublished":"2015-08-20T22:52:10+00:00","dateModified":"2015-08-21T15:37:47+00:00","mainEntityOfPage":{"@id":"https:\/\/www.notibras.com\/site\/brasil-e-alemanha-firmam-acordo-de-cooperacao-em-equipamentos-militares\/"},"wordCount":394,"commentCount":0,"publisher":{"@id":"https:\/\/www.notibras.com\/site\/#organization"},"image":{"@id":"https:\/\/www.notibras.com\/site\/brasil-e-alemanha-firmam-acordo-de-cooperacao-em-equipamentos-militares\/#primaryimage"},"thumbnailUrl":"https:\/\/www.notibras.com\/site\/wp-content\/uploads\/2015\/08\/972452-20.08.2015__wdo1150.jpg","articleSection":["Brasil"],"inLanguage":"pt-BR","potentialAction":[{"@type":"CommentAction","name":"Comment","target":["https:\/\/www.notibras.com\/site\/brasil-e-alemanha-firmam-acordo-de-cooperacao-em-equipamentos-militares\/#respond"]}]},{"@type":"WebPage","@id":"https:\/\/www.notibras.com\/site\/brasil-e-alemanha-firmam-acordo-de-cooperacao-em-equipamentos-militares\/","url":"https:\/\/www.notibras.com\/site\/brasil-e-alemanha-firmam-acordo-de-cooperacao-em-equipamentos-militares\/","name":"Brasil e Alemanha firmam acordo de coopera\u00e7\u00e3o em equipamentos militares - Notibras","isPartOf":{"@id":"https:\/\/www.notibras.com\/site\/#website"},"primaryImageOfPage":{"@id":"https:\/\/www.notibras.com\/site\/brasil-e-alemanha-firmam-acordo-de-cooperacao-em-equipamentos-militares\/#primaryimage"},"image":{"@id":"https:\/\/www.notibras.com\/site\/brasil-e-alemanha-firmam-acordo-de-cooperacao-em-equipamentos-militares\/#primaryimage"},"thumbnailUrl":"https:\/\/www.notibras.com\/site\/wp-content\/uploads\/2015\/08\/972452-20.08.2015__wdo1150.jpg","datePublished":"2015-08-20T22:52:10+00:00","dateModified":"2015-08-21T15:37:47+00:00","breadcrumb":{"@id":"https:\/\/www.notibras.com\/site\/brasil-e-alemanha-firmam-acordo-de-cooperacao-em-equipamentos-militares\/#breadcrumb"},"inLanguage":"pt-BR","potentialAction":[{"@type":"ReadAction","target":["https:\/\/www.notibras.com\/site\/brasil-e-alemanha-firmam-acordo-de-cooperacao-em-equipamentos-militares\/"]}]},{"@type":"ImageObject","inLanguage":"pt-BR","@id":"https:\/\/www.notibras.com\/site\/brasil-e-alemanha-firmam-acordo-de-cooperacao-em-equipamentos-militares\/#primaryimage","url":"https:\/\/www.notibras.com\/site\/wp-content\/uploads\/2015\/08\/972452-20.08.2015__wdo1150.jpg","contentUrl":"https:\/\/www.notibras.com\/site\/wp-content\/uploads\/2015\/08\/972452-20.08.2015__wdo1150.jpg","width":1082,"height":720},{"@type":"BreadcrumbList","@id":"https:\/\/www.notibras.com\/site\/brasil-e-alemanha-firmam-acordo-de-cooperacao-em-equipamentos-militares\/#breadcrumb","itemListElement":[{"@type":"ListItem","position":1,"name":"In\u00edcio","item":"https:\/\/www.notibras.com\/site\/"},{"@type":"ListItem","position":2,"name":"Brasil e Alemanha firmam acordo de coopera\u00e7\u00e3o em equipamentos militares"}]},{"@type":"WebSite","@id":"https:\/\/www.notibras.com\/site\/#website","url":"https:\/\/www.notibras.com\/site\/","name":"Notibras","description":"Not\u00edcias de Bras\u00edlia, do Brasil e do Mundo","publisher":{"@id":"https:\/\/www.notibras.com\/site\/#organization"},"potentialAction":[{"@type":"SearchAction","target":{"@type":"EntryPoint","urlTemplate":"https:\/\/www.notibras.com\/site\/?s={search_term_string}"},"query-input":{"@type":"PropertyValueSpecification","valueRequired":true,"valueName":"search_term_string"}}],"inLanguage":"pt-BR"},{"@type":"Organization","@id":"https:\/\/www.notibras.com\/site\/#organization","name":"Grupo Notibras de Comunica\u00e7\u00e3o","url":"https:\/\/www.notibras.com\/site\/","logo":{"@type":"ImageObject","inLanguage":"pt-BR","@id":"https:\/\/www.notibras.com\/site\/#\/schema\/logo\/image\/","url":"https:\/\/www.notibras.com\/site\/wp-content\/uploads\/2023\/01\/notibras23.png","contentUrl":"https:\/\/www.notibras.com\/site\/wp-content\/uploads\/2023\/01\/notibras23.png","width":350,"height":87,"caption":"Grupo Notibras de Comunica\u00e7\u00e3o"},"image":{"@id":"https:\/\/www.notibras.com\/site\/#\/schema\/logo\/image\/"},"sameAs":["https:\/\/www.facebook.com\/notibras\/","https:\/\/x.com\/Notibras","https:\/\/www.instagram.com\/notibras\/"]},{"@type":"Person","@id":"https:\/\/www.notibras.com\/site\/#\/schema\/person\/36ab0979449956132d3e5b517ea76ac8","name":"Reda\u00e7\u00e3o","image":{"@type":"ImageObject","inLanguage":"pt-BR","@id":"https:\/\/secure.gravatar.com\/avatar\/e0a867bdedb85fd243eadf09663511f96fc81e0720a4a42581f334ad4303aa6b?s=96&d=mm&r=g","url":"https:\/\/secure.gravatar.com\/avatar\/e0a867bdedb85fd243eadf09663511f96fc81e0720a4a42581f334ad4303aa6b?s=96&d=mm&r=g","contentUrl":"https:\/\/secure.gravatar.com\/avatar\/e0a867bdedb85fd243eadf09663511f96fc81e0720a4a42581f334ad4303aa6b?s=96&d=mm&r=g","caption":"Reda\u00e7\u00e3o"}}]}},"amp_enabled":true,"_links":{"self":[{"href":"https:\/\/www.notibras.com\/site\/wp-json\/wp\/v2\/posts\/63480","targetHints":{"allow":["GET"]}}],"collection":[{"href":"https:\/\/www.notibras.com\/site\/wp-json\/wp\/v2\/posts"}],"about":[{"href":"https:\/\/www.notibras.com\/site\/wp-json\/wp\/v2\/types\/post"}],"author":[{"embeddable":true,"href":"https:\/\/www.notibras.com\/site\/wp-json\/wp\/v2\/users\/2"}],"replies":[{"embeddable":true,"href":"https:\/\/www.notibras.com\/site\/wp-json\/wp\/v2\/comments?post=63480"}],"version-history":[{"count":2,"href":"https:\/\/www.notibras.com\/site\/wp-json\/wp\/v2\/posts\/63480\/revisions"}],"predecessor-version":[{"id":63483,"href":"https:\/\/www.notibras.com\/site\/wp-json\/wp\/v2\/posts\/63480\/revisions\/63483"}],"wp:featuredmedia":[{"embeddable":true,"href":"https:\/\/www.notibras.com\/site\/wp-json\/wp\/v2\/media\/63481"}],"wp:attachment":[{"href":"https:\/\/www.notibras.com\/site\/wp-json\/wp\/v2\/media?parent=63480"}],"wp:term":[{"taxonomy":"category","embeddable":true,"href":"https:\/\/www.notibras.com\/site\/wp-json\/wp\/v2\/categories?post=63480"},{"taxonomy":"post_tag","embeddable":true,"href":"https:\/\/www.notibras.com\/site\/wp-json\/wp\/v2\/tags?post=63480"}],"curies":[{"name":"wp","href":"https:\/\/api.w.org\/{rel}","templated":true}]}}