{"id":63496,"date":"2015-08-20T18:30:55","date_gmt":"2015-08-20T21:30:55","guid":{"rendered":"http:\/\/www.notibras.com\/site\/?p=63496"},"modified":"2015-08-20T21:34:54","modified_gmt":"2015-08-21T00:34:54","slug":"padrinho-de-menino-de-2-anos-morto-e-jogado-em-areal-diz-que-morte-foi-uma-fatalidade","status":"publish","type":"post","link":"https:\/\/www.notibras.com\/site\/padrinho-de-menino-de-2-anos-morto-e-jogado-em-areal-diz-que-morte-foi-uma-fatalidade\/","title":{"rendered":"Padrinho de menino de 2 anos morto e jogado em areal diz que a morte foi uma fatalidade"},"content":{"rendered":"<p>O corpo do menino de dois anos achado em areal do bairro de Itapu\u00e3, em Salvador, estava dentro de um cooler, segundo informa\u00e7\u00f5es da pol\u00edcia nesta quinta-feira (20). Rafael Pinheiro, de 28 anos, padrinho do garoto, suspeito de ocultar o corpo do menino, foi apresentado na sede da pol\u00edcia, no bairro da Piedade, na capital baiana.<\/p>\n<p>A apresenta\u00e7\u00e3o do suspeito foi conduzida pela delegada Helo\u00edsa Sim\u00f5es, da Delegacia de Homic\u00eddios e Prote\u00e7\u00e3o \u00e0 Pessoa (DHPP), e Ant\u00f4nio Carlos Magalh\u00e3es Santos, delegado titular da 12\u00aa DP de Itapu\u00e3. \u00c0 pol\u00edcia, Rafael Pinheiro contou que a crian\u00e7a teria passado mal na noite de quinta-feira (13), ap\u00f3s ingerir leite de soja. O suspeito relatou que tentou reanimar a crian\u00e7a, mas ela n\u00e3o resistiu.<\/p>\n<p>O suspeito, conforme a pol\u00edcia, conheceu a m\u00e3e da crian\u00e7a h\u00e1 um m\u00eas. Ele afirma que ficou sensibilizado com a falta de condi\u00e7\u00f5es financeiras e de estrutura da m\u00e3e em criar a crian\u00e7a e se ofereceu para cuidar. &#8220;Foi um acidente&#8221;, afirmou Rafael.<\/p>\n<p>Segundo a pol\u00edcia, ele e Fabiana de Carvalho, m\u00e3e do garoto, s\u00e3o usu\u00e1rios de drogas. Rafael foi preso em flagrante e ir\u00e1 responder por homic\u00eddio doloso ou culposo &#8211; a depender do resultado do laudo &#8211; e por oculta\u00e7\u00e3o de cad\u00e1ver.<\/p>\n<p>A m\u00e3e da crian\u00e7a tamb\u00e9m ser\u00e1 indiciada por neglig\u00eancia, pois deixou a crian\u00e7a sob responsabilidade de outra pessoa. J\u00e1 a m\u00e3e do suspeito pode responder por ter induzido a pol\u00edcia ao erro. As investiga\u00e7\u00f5es continuam, segundo informou o delegado ACM.<\/p>\n","protected":false},"excerpt":{"rendered":"<p>O corpo do menino de dois anos achado em areal do bairro de Itapu\u00e3, em Salvador, estava dentro de um cooler, segundo informa\u00e7\u00f5es da pol\u00edcia nesta quinta-feira (20). Rafael Pinheiro, de 28 anos, padrinho do garoto, suspeito de ocultar o corpo do menino, foi apresentado na sede da pol\u00edcia, no bairro da Piedade, na capital [&hellip;]<\/p>\n","protected":false},"author":2,"featured_media":63497,"comment_status":"open","ping_status":"closed","sticky":false,"template":"","format":"standard","meta":{"_acf_changed":false,"footnotes":""},"categories":[16],"tags":[],"class_list":["post-63496","post","type-post","status-publish","format-standard","has-post-thumbnail","hentry","category-brasil"],"acf":[],"yoast_head":"<!-- This site is optimized with the Yoast SEO plugin v27.2 - https:\/\/yoast.com\/product\/yoast-seo-wordpress\/ -->\n<title>Padrinho de menino de 2 anos morto e jogado em areal diz que a morte foi uma fatalidade - Notibras<\/title>\n<meta name=\"robots\" content=\"index, follow, max-snippet:-1, max-image-preview:large, max-video-preview:-1\" \/>\n<link rel=\"canonical\" href=\"https:\/\/www.notibras.com\/site\/padrinho-de-menino-de-2-anos-morto-e-jogado-em-areal-diz-que-morte-foi-uma-fatalidade\/\" \/>\n<meta property=\"og:locale\" content=\"pt_BR\" \/>\n<meta property=\"og:type\" content=\"article\" \/>\n<meta property=\"og:title\" content=\"Padrinho de menino de 2 anos morto e jogado em areal diz que a morte foi uma fatalidade - Notibras\" \/>\n<meta property=\"og:description\" content=\"O corpo do menino de dois anos achado em areal do bairro de Itapu\u00e3, em Salvador, estava dentro de um cooler, segundo informa\u00e7\u00f5es da pol\u00edcia nesta quinta-feira (20). Rafael Pinheiro, de 28 anos, padrinho do garoto, suspeito de ocultar o corpo do menino, foi apresentado na sede da pol\u00edcia, no bairro da Piedade, na capital [&hellip;]\" \/>\n<meta property=\"og:url\" content=\"https:\/\/www.notibras.com\/site\/padrinho-de-menino-de-2-anos-morto-e-jogado-em-areal-diz-que-morte-foi-uma-fatalidade\/\" \/>\n<meta property=\"og:site_name\" content=\"Notibras\" \/>\n<meta property=\"article:publisher\" content=\"https:\/\/www.facebook.com\/notibras\/\" \/>\n<meta property=\"article:published_time\" content=\"2015-08-20T21:30:55+00:00\" \/>\n<meta property=\"article:modified_time\" content=\"2015-08-21T00:34:54+00:00\" \/>\n<meta property=\"og:image\" content=\"https:\/\/www.notibras.com\/site\/wp-content\/uploads\/2015\/08\/padrinho_prisao_ok.jpg\" \/>\n\t<meta property=\"og:image:width\" content=\"620\" \/>\n\t<meta property=\"og:image:height\" content=\"465\" \/>\n\t<meta property=\"og:image:type\" content=\"image\/jpeg\" \/>\n<meta name=\"author\" content=\"Reda\u00e7\u00e3o\" \/>\n<meta name=\"twitter:card\" content=\"summary_large_image\" \/>\n<meta name=\"twitter:creator\" content=\"@Notibras\" \/>\n<meta name=\"twitter:site\" content=\"@Notibras\" \/>\n<meta name=\"twitter:label1\" content=\"Escrito por\" \/>\n\t<meta name=\"twitter:data1\" content=\"Reda\u00e7\u00e3o\" \/>\n\t<meta name=\"twitter:label2\" content=\"Est. tempo de leitura\" \/>\n\t<meta name=\"twitter:data2\" content=\"1 minuto\" \/>\n<script type=\"application\/ld+json\" class=\"yoast-schema-graph\">{\"@context\":\"https:\/\/schema.org\",\"@graph\":[{\"@type\":\"Article\",\"@id\":\"https:\/\/www.notibras.com\/site\/padrinho-de-menino-de-2-anos-morto-e-jogado-em-areal-diz-que-morte-foi-uma-fatalidade\/#article\",\"isPartOf\":{\"@id\":\"https:\/\/www.notibras.com\/site\/padrinho-de-menino-de-2-anos-morto-e-jogado-em-areal-diz-que-morte-foi-uma-fatalidade\/\"},\"author\":{\"name\":\"Reda\u00e7\u00e3o\",\"@id\":\"https:\/\/www.notibras.com\/site\/#\/schema\/person\/36ab0979449956132d3e5b517ea76ac8\"},\"headline\":\"Padrinho de menino de 2 anos morto e jogado em areal diz que a morte foi uma fatalidade\",\"datePublished\":\"2015-08-20T21:30:55+00:00\",\"dateModified\":\"2015-08-21T00:34:54+00:00\",\"mainEntityOfPage\":{\"@id\":\"https:\/\/www.notibras.com\/site\/padrinho-de-menino-de-2-anos-morto-e-jogado-em-areal-diz-que-morte-foi-uma-fatalidade\/\"},\"wordCount\":292,\"commentCount\":0,\"publisher\":{\"@id\":\"https:\/\/www.notibras.com\/site\/#organization\"},\"image\":{\"@id\":\"https:\/\/www.notibras.com\/site\/padrinho-de-menino-de-2-anos-morto-e-jogado-em-areal-diz-que-morte-foi-uma-fatalidade\/#primaryimage\"},\"thumbnailUrl\":\"https:\/\/www.notibras.com\/site\/wp-content\/uploads\/2015\/08\/padrinho_prisao_ok.jpg\",\"articleSection\":[\"Brasil\"],\"inLanguage\":\"pt-BR\",\"potentialAction\":[{\"@type\":\"CommentAction\",\"name\":\"Comment\",\"target\":[\"https:\/\/www.notibras.com\/site\/padrinho-de-menino-de-2-anos-morto-e-jogado-em-areal-diz-que-morte-foi-uma-fatalidade\/#respond\"]}]},{\"@type\":\"WebPage\",\"@id\":\"https:\/\/www.notibras.com\/site\/padrinho-de-menino-de-2-anos-morto-e-jogado-em-areal-diz-que-morte-foi-uma-fatalidade\/\",\"url\":\"https:\/\/www.notibras.com\/site\/padrinho-de-menino-de-2-anos-morto-e-jogado-em-areal-diz-que-morte-foi-uma-fatalidade\/\",\"name\":\"Padrinho de menino de 2 anos morto e jogado em areal diz que a morte foi uma fatalidade - Notibras\",\"isPartOf\":{\"@id\":\"https:\/\/www.notibras.com\/site\/#website\"},\"primaryImageOfPage\":{\"@id\":\"https:\/\/www.notibras.com\/site\/padrinho-de-menino-de-2-anos-morto-e-jogado-em-areal-diz-que-morte-foi-uma-fatalidade\/#primaryimage\"},\"image\":{\"@id\":\"https:\/\/www.notibras.com\/site\/padrinho-de-menino-de-2-anos-morto-e-jogado-em-areal-diz-que-morte-foi-uma-fatalidade\/#primaryimage\"},\"thumbnailUrl\":\"https:\/\/www.notibras.com\/site\/wp-content\/uploads\/2015\/08\/padrinho_prisao_ok.jpg\",\"datePublished\":\"2015-08-20T21:30:55+00:00\",\"dateModified\":\"2015-08-21T00:34:54+00:00\",\"breadcrumb\":{\"@id\":\"https:\/\/www.notibras.com\/site\/padrinho-de-menino-de-2-anos-morto-e-jogado-em-areal-diz-que-morte-foi-uma-fatalidade\/#breadcrumb\"},\"inLanguage\":\"pt-BR\",\"potentialAction\":[{\"@type\":\"ReadAction\",\"target\":[\"https:\/\/www.notibras.com\/site\/padrinho-de-menino-de-2-anos-morto-e-jogado-em-areal-diz-que-morte-foi-uma-fatalidade\/\"]}]},{\"@type\":\"ImageObject\",\"inLanguage\":\"pt-BR\",\"@id\":\"https:\/\/www.notibras.com\/site\/padrinho-de-menino-de-2-anos-morto-e-jogado-em-areal-diz-que-morte-foi-uma-fatalidade\/#primaryimage\",\"url\":\"https:\/\/www.notibras.com\/site\/wp-content\/uploads\/2015\/08\/padrinho_prisao_ok.jpg\",\"contentUrl\":\"https:\/\/www.notibras.com\/site\/wp-content\/uploads\/2015\/08\/padrinho_prisao_ok.jpg\",\"width\":620,\"height\":465},{\"@type\":\"BreadcrumbList\",\"@id\":\"https:\/\/www.notibras.com\/site\/padrinho-de-menino-de-2-anos-morto-e-jogado-em-areal-diz-que-morte-foi-uma-fatalidade\/#breadcrumb\",\"itemListElement\":[{\"@type\":\"ListItem\",\"position\":1,\"name\":\"In\u00edcio\",\"item\":\"https:\/\/www.notibras.com\/site\/\"},{\"@type\":\"ListItem\",\"position\":2,\"name\":\"Padrinho de menino de 2 anos morto e jogado em areal diz que a morte foi uma fatalidade\"}]},{\"@type\":\"WebSite\",\"@id\":\"https:\/\/www.notibras.com\/site\/#website\",\"url\":\"https:\/\/www.notibras.com\/site\/\",\"name\":\"Notibras\",\"description\":\"Not\u00edcias de Bras\u00edlia, do Brasil e do Mundo\",\"publisher\":{\"@id\":\"https:\/\/www.notibras.com\/site\/#organization\"},\"potentialAction\":[{\"@type\":\"SearchAction\",\"target\":{\"@type\":\"EntryPoint\",\"urlTemplate\":\"https:\/\/www.notibras.com\/site\/?s={search_term_string}\"},\"query-input\":{\"@type\":\"PropertyValueSpecification\",\"valueRequired\":true,\"valueName\":\"search_term_string\"}}],\"inLanguage\":\"pt-BR\"},{\"@type\":\"Organization\",\"@id\":\"https:\/\/www.notibras.com\/site\/#organization\",\"name\":\"Grupo Notibras de Comunica\u00e7\u00e3o\",\"url\":\"https:\/\/www.notibras.com\/site\/\",\"logo\":{\"@type\":\"ImageObject\",\"inLanguage\":\"pt-BR\",\"@id\":\"https:\/\/www.notibras.com\/site\/#\/schema\/logo\/image\/\",\"url\":\"https:\/\/www.notibras.com\/site\/wp-content\/uploads\/2023\/01\/notibras23.png\",\"contentUrl\":\"https:\/\/www.notibras.com\/site\/wp-content\/uploads\/2023\/01\/notibras23.png\",\"width\":350,\"height\":87,\"caption\":\"Grupo Notibras de Comunica\u00e7\u00e3o\"},\"image\":{\"@id\":\"https:\/\/www.notibras.com\/site\/#\/schema\/logo\/image\/\"},\"sameAs\":[\"https:\/\/www.facebook.com\/notibras\/\",\"https:\/\/x.com\/Notibras\",\"https:\/\/www.instagram.com\/notibras\/\"]},{\"@type\":\"Person\",\"@id\":\"https:\/\/www.notibras.com\/site\/#\/schema\/person\/36ab0979449956132d3e5b517ea76ac8\",\"name\":\"Reda\u00e7\u00e3o\",\"image\":{\"@type\":\"ImageObject\",\"inLanguage\":\"pt-BR\",\"@id\":\"https:\/\/secure.gravatar.com\/avatar\/e0a867bdedb85fd243eadf09663511f96fc81e0720a4a42581f334ad4303aa6b?s=96&d=mm&r=g\",\"url\":\"https:\/\/secure.gravatar.com\/avatar\/e0a867bdedb85fd243eadf09663511f96fc81e0720a4a42581f334ad4303aa6b?s=96&d=mm&r=g\",\"contentUrl\":\"https:\/\/secure.gravatar.com\/avatar\/e0a867bdedb85fd243eadf09663511f96fc81e0720a4a42581f334ad4303aa6b?s=96&d=mm&r=g\",\"caption\":\"Reda\u00e7\u00e3o\"}}]}<\/script>\n<!-- \/ Yoast SEO plugin. -->","yoast_head_json":{"title":"Padrinho de menino de 2 anos morto e jogado em areal diz que a morte foi uma fatalidade - Notibras","robots":{"index":"index","follow":"follow","max-snippet":"max-snippet:-1","max-image-preview":"max-image-preview:large","max-video-preview":"max-video-preview:-1"},"canonical":"https:\/\/www.notibras.com\/site\/padrinho-de-menino-de-2-anos-morto-e-jogado-em-areal-diz-que-morte-foi-uma-fatalidade\/","og_locale":"pt_BR","og_type":"article","og_title":"Padrinho de menino de 2 anos morto e jogado em areal diz que a morte foi uma fatalidade - Notibras","og_description":"O corpo do menino de dois anos achado em areal do bairro de Itapu\u00e3, em Salvador, estava dentro de um cooler, segundo informa\u00e7\u00f5es da pol\u00edcia nesta quinta-feira (20). Rafael Pinheiro, de 28 anos, padrinho do garoto, suspeito de ocultar o corpo do menino, foi apresentado na sede da pol\u00edcia, no bairro da Piedade, na capital [&hellip;]","og_url":"https:\/\/www.notibras.com\/site\/padrinho-de-menino-de-2-anos-morto-e-jogado-em-areal-diz-que-morte-foi-uma-fatalidade\/","og_site_name":"Notibras","article_publisher":"https:\/\/www.facebook.com\/notibras\/","article_published_time":"2015-08-20T21:30:55+00:00","article_modified_time":"2015-08-21T00:34:54+00:00","og_image":[{"width":620,"height":465,"url":"https:\/\/www.notibras.com\/site\/wp-content\/uploads\/2015\/08\/padrinho_prisao_ok.jpg","type":"image\/jpeg"}],"author":"Reda\u00e7\u00e3o","twitter_card":"summary_large_image","twitter_creator":"@Notibras","twitter_site":"@Notibras","twitter_misc":{"Escrito por":"Reda\u00e7\u00e3o","Est. tempo de leitura":"1 minuto"},"schema":{"@context":"https:\/\/schema.org","@graph":[{"@type":"Article","@id":"https:\/\/www.notibras.com\/site\/padrinho-de-menino-de-2-anos-morto-e-jogado-em-areal-diz-que-morte-foi-uma-fatalidade\/#article","isPartOf":{"@id":"https:\/\/www.notibras.com\/site\/padrinho-de-menino-de-2-anos-morto-e-jogado-em-areal-diz-que-morte-foi-uma-fatalidade\/"},"author":{"name":"Reda\u00e7\u00e3o","@id":"https:\/\/www.notibras.com\/site\/#\/schema\/person\/36ab0979449956132d3e5b517ea76ac8"},"headline":"Padrinho de menino de 2 anos morto e jogado em areal diz que a morte foi uma fatalidade","datePublished":"2015-08-20T21:30:55+00:00","dateModified":"2015-08-21T00:34:54+00:00","mainEntityOfPage":{"@id":"https:\/\/www.notibras.com\/site\/padrinho-de-menino-de-2-anos-morto-e-jogado-em-areal-diz-que-morte-foi-uma-fatalidade\/"},"wordCount":292,"commentCount":0,"publisher":{"@id":"https:\/\/www.notibras.com\/site\/#organization"},"image":{"@id":"https:\/\/www.notibras.com\/site\/padrinho-de-menino-de-2-anos-morto-e-jogado-em-areal-diz-que-morte-foi-uma-fatalidade\/#primaryimage"},"thumbnailUrl":"https:\/\/www.notibras.com\/site\/wp-content\/uploads\/2015\/08\/padrinho_prisao_ok.jpg","articleSection":["Brasil"],"inLanguage":"pt-BR","potentialAction":[{"@type":"CommentAction","name":"Comment","target":["https:\/\/www.notibras.com\/site\/padrinho-de-menino-de-2-anos-morto-e-jogado-em-areal-diz-que-morte-foi-uma-fatalidade\/#respond"]}]},{"@type":"WebPage","@id":"https:\/\/www.notibras.com\/site\/padrinho-de-menino-de-2-anos-morto-e-jogado-em-areal-diz-que-morte-foi-uma-fatalidade\/","url":"https:\/\/www.notibras.com\/site\/padrinho-de-menino-de-2-anos-morto-e-jogado-em-areal-diz-que-morte-foi-uma-fatalidade\/","name":"Padrinho de menino de 2 anos morto e jogado em areal diz que a morte foi uma fatalidade - Notibras","isPartOf":{"@id":"https:\/\/www.notibras.com\/site\/#website"},"primaryImageOfPage":{"@id":"https:\/\/www.notibras.com\/site\/padrinho-de-menino-de-2-anos-morto-e-jogado-em-areal-diz-que-morte-foi-uma-fatalidade\/#primaryimage"},"image":{"@id":"https:\/\/www.notibras.com\/site\/padrinho-de-menino-de-2-anos-morto-e-jogado-em-areal-diz-que-morte-foi-uma-fatalidade\/#primaryimage"},"thumbnailUrl":"https:\/\/www.notibras.com\/site\/wp-content\/uploads\/2015\/08\/padrinho_prisao_ok.jpg","datePublished":"2015-08-20T21:30:55+00:00","dateModified":"2015-08-21T00:34:54+00:00","breadcrumb":{"@id":"https:\/\/www.notibras.com\/site\/padrinho-de-menino-de-2-anos-morto-e-jogado-em-areal-diz-que-morte-foi-uma-fatalidade\/#breadcrumb"},"inLanguage":"pt-BR","potentialAction":[{"@type":"ReadAction","target":["https:\/\/www.notibras.com\/site\/padrinho-de-menino-de-2-anos-morto-e-jogado-em-areal-diz-que-morte-foi-uma-fatalidade\/"]}]},{"@type":"ImageObject","inLanguage":"pt-BR","@id":"https:\/\/www.notibras.com\/site\/padrinho-de-menino-de-2-anos-morto-e-jogado-em-areal-diz-que-morte-foi-uma-fatalidade\/#primaryimage","url":"https:\/\/www.notibras.com\/site\/wp-content\/uploads\/2015\/08\/padrinho_prisao_ok.jpg","contentUrl":"https:\/\/www.notibras.com\/site\/wp-content\/uploads\/2015\/08\/padrinho_prisao_ok.jpg","width":620,"height":465},{"@type":"BreadcrumbList","@id":"https:\/\/www.notibras.com\/site\/padrinho-de-menino-de-2-anos-morto-e-jogado-em-areal-diz-que-morte-foi-uma-fatalidade\/#breadcrumb","itemListElement":[{"@type":"ListItem","position":1,"name":"In\u00edcio","item":"https:\/\/www.notibras.com\/site\/"},{"@type":"ListItem","position":2,"name":"Padrinho de menino de 2 anos morto e jogado em areal diz que a morte foi uma fatalidade"}]},{"@type":"WebSite","@id":"https:\/\/www.notibras.com\/site\/#website","url":"https:\/\/www.notibras.com\/site\/","name":"Notibras","description":"Not\u00edcias de Bras\u00edlia, do Brasil e do Mundo","publisher":{"@id":"https:\/\/www.notibras.com\/site\/#organization"},"potentialAction":[{"@type":"SearchAction","target":{"@type":"EntryPoint","urlTemplate":"https:\/\/www.notibras.com\/site\/?s={search_term_string}"},"query-input":{"@type":"PropertyValueSpecification","valueRequired":true,"valueName":"search_term_string"}}],"inLanguage":"pt-BR"},{"@type":"Organization","@id":"https:\/\/www.notibras.com\/site\/#organization","name":"Grupo Notibras de Comunica\u00e7\u00e3o","url":"https:\/\/www.notibras.com\/site\/","logo":{"@type":"ImageObject","inLanguage":"pt-BR","@id":"https:\/\/www.notibras.com\/site\/#\/schema\/logo\/image\/","url":"https:\/\/www.notibras.com\/site\/wp-content\/uploads\/2023\/01\/notibras23.png","contentUrl":"https:\/\/www.notibras.com\/site\/wp-content\/uploads\/2023\/01\/notibras23.png","width":350,"height":87,"caption":"Grupo Notibras de Comunica\u00e7\u00e3o"},"image":{"@id":"https:\/\/www.notibras.com\/site\/#\/schema\/logo\/image\/"},"sameAs":["https:\/\/www.facebook.com\/notibras\/","https:\/\/x.com\/Notibras","https:\/\/www.instagram.com\/notibras\/"]},{"@type":"Person","@id":"https:\/\/www.notibras.com\/site\/#\/schema\/person\/36ab0979449956132d3e5b517ea76ac8","name":"Reda\u00e7\u00e3o","image":{"@type":"ImageObject","inLanguage":"pt-BR","@id":"https:\/\/secure.gravatar.com\/avatar\/e0a867bdedb85fd243eadf09663511f96fc81e0720a4a42581f334ad4303aa6b?s=96&d=mm&r=g","url":"https:\/\/secure.gravatar.com\/avatar\/e0a867bdedb85fd243eadf09663511f96fc81e0720a4a42581f334ad4303aa6b?s=96&d=mm&r=g","contentUrl":"https:\/\/secure.gravatar.com\/avatar\/e0a867bdedb85fd243eadf09663511f96fc81e0720a4a42581f334ad4303aa6b?s=96&d=mm&r=g","caption":"Reda\u00e7\u00e3o"}}]}},"amp_enabled":true,"_links":{"self":[{"href":"https:\/\/www.notibras.com\/site\/wp-json\/wp\/v2\/posts\/63496","targetHints":{"allow":["GET"]}}],"collection":[{"href":"https:\/\/www.notibras.com\/site\/wp-json\/wp\/v2\/posts"}],"about":[{"href":"https:\/\/www.notibras.com\/site\/wp-json\/wp\/v2\/types\/post"}],"author":[{"embeddable":true,"href":"https:\/\/www.notibras.com\/site\/wp-json\/wp\/v2\/users\/2"}],"replies":[{"embeddable":true,"href":"https:\/\/www.notibras.com\/site\/wp-json\/wp\/v2\/comments?post=63496"}],"version-history":[{"count":2,"href":"https:\/\/www.notibras.com\/site\/wp-json\/wp\/v2\/posts\/63496\/revisions"}],"predecessor-version":[{"id":63499,"href":"https:\/\/www.notibras.com\/site\/wp-json\/wp\/v2\/posts\/63496\/revisions\/63499"}],"wp:featuredmedia":[{"embeddable":true,"href":"https:\/\/www.notibras.com\/site\/wp-json\/wp\/v2\/media\/63497"}],"wp:attachment":[{"href":"https:\/\/www.notibras.com\/site\/wp-json\/wp\/v2\/media?parent=63496"}],"wp:term":[{"taxonomy":"category","embeddable":true,"href":"https:\/\/www.notibras.com\/site\/wp-json\/wp\/v2\/categories?post=63496"},{"taxonomy":"post_tag","embeddable":true,"href":"https:\/\/www.notibras.com\/site\/wp-json\/wp\/v2\/tags?post=63496"}],"curies":[{"name":"wp","href":"https:\/\/api.w.org\/{rel}","templated":true}]}}