{"id":63500,"date":"2015-08-20T21:45:11","date_gmt":"2015-08-21T00:45:11","guid":{"rendered":"http:\/\/www.notibras.com\/site\/?p=63500"},"modified":"2015-08-21T09:50:15","modified_gmt":"2015-08-21T12:50:15","slug":"adeus-corrupcao-ate-quando-catilina-abusaras-da-nossa-paciencia","status":"publish","type":"post","link":"https:\/\/www.notibras.com\/site\/adeus-corrupcao-ate-quando-catilina-abusaras-da-nossa-paciencia\/","title":{"rendered":"Corrup\u00e7\u00e3o. At\u00e9 quando Catilina vai abusar da paci\u00eancia do povo?"},"content":{"rendered":"<p>Os recentes esc\u00e2ndalos dos pol\u00edticos de Bras\u00edlia confirmam o que h\u00e1 tempo a gente vem pregando por livros e artigos: \u00e9 suma ingenuidade esperar o bom uso do dinheiro p\u00fablico pelos atuais detentores do poder, no \u00e2mbito federal, estadual ou municipal.<\/p>\n<p>Os governos que se sucederam, ao longo de cinco s\u00e9culos (col\u00f4nia, monarquia, ditadura militar, falsas democracias de direita ou de esquerda), foram sempre marcados pela corrup\u00e7\u00e3o e pela impunidade, pouco se importando em fazer as reformas estruturais capazes de construir uma cidadania de verdade.<\/p>\n<p>Recentemente, \u00e0 ditadura pelas armas sucedera a ditadura pelo voto popular. O voto de cabresto \u00e9 a nega\u00e7\u00e3o do pr\u00f3prio princ\u00edpio democr\u00e1tico por causar um verdadeiro mercado: ir\u00e1 vencer quem tiver mais dinheiro ou, estando j\u00e1 no poder, oferecer mais regalias e colocar melhor a m\u00e1quina do Estado a servi\u00e7o da propaganda eleitoral. At\u00e9 quando os homens de bem t\u00eam que suportar tamanha safadeza? No Senado da Roma antiga, pergunta semelhante o c\u00f4nsul aristocrata M.T. C\u00edcero fazia ao colega do partido democr\u00e1tico, que promovia convuls\u00e3o social:<\/p>\n<p>\u201cUsque tantum, Catilina, abutere patientia nostra?\u201d\u00a0(At\u00e9 quando, Catilina, abusar\u00e1s da nossa paci\u00eancia?).<\/p>\n<p>A recorda\u00e7\u00e3o do passado nos deveria servir para verificar como a hist\u00f3ria se repete. Infelizmente, a evolu\u00e7\u00e3o do c\u00e9rebro humano \u00e9 muito lenta: levamos milh\u00f5es de anos para nos diferenciar dos primatas e ainda agora continuamos praticando a lei da selva: o mais forte ou mais experto leva vantagem sobre o pobre ou menos esclarecido. \u00c9 t\u00e3o dif\u00edcil perceber que a causa primeira de nossos males sociais n\u00e3o est\u00e1 no homem, mas no sistema em vigor? Se o pol\u00edtico n\u00e3o entrar no esquema da roubalheira, n\u00e3o ter\u00e1 os meios necess\u00e1rios para se manter no poder. Se n\u00e3o for corrupto, ser\u00e1 obrigado a ser conivente ou omisso.<\/p>\n<p>Que diferen\u00e7a faz escolhermos como Presidente da Rep\u00fablica um soci\u00f3logo ou um torneiro mec\u00e2nico, um militar ou um civil, um homem ou uma mulher, se qualquer um deles, para governar, precisar\u00e1 barganhar o apoio de deputados e senadores que vendem seus votos em troca de benef\u00edcios? Adianta mudar o maestro se a orquestra permanecer a mesma? Estaremos sempre gritando no deserto se n\u00e3o conseguirmos cortar o mal pela raiz. A falha est\u00e1 na pr\u00f3pria Carta Magna vigente, redigida por pol\u00edticos que legiferaram em causa pr\u00f3pria, salvaguardando seus privil\u00e9gios e imunidades, institucionalizando a corrup\u00e7\u00e3o nos escal\u00f5es governamentais. E qualquer forma de injusti\u00e7a cria revolta, corroendo o princ\u00edpio fundamental da democracia, que \u00e9 a igualdade de todos perante a lei, cada um sendo remunerado conforme o m\u00e9rito.<\/p>\n<p>Faz-se, ent\u00e3o, necess\u00e1ria uma nova Constitui\u00e7\u00e3o, elaborada n\u00e3o pelos pol\u00edticos no poder, como aconteceu em 1988, mas pelas for\u00e7as vivas da Na\u00e7\u00e3o. Os Constituintes n\u00e3o deveriam ser deputados ou senadores, mas representantes das v\u00e1rias categorias da sociedade (advogados, professores, estudantes, sindicalistas, livres profissionais, artistas, soci\u00f3logos, cientistas), que jurariam nunca ocupar cargos p\u00fablicos eletivos ou executivos. O projeto constitucional seria submetido \u00e0 aprecia\u00e7\u00e3o de todos os cidad\u00e3os, via Internet e outros meios de m\u00eddia interativa, para acolher sugest\u00f5es. Sua reda\u00e7\u00e3o final seria objeto de aprova\u00e7\u00e3o popular via Referendum ou Plebiscito.<\/p>\n<p>Talvez seja uma utopia, mas precisamos lutar para isso acontecer, pois reformas sociais substanciais s\u00f3 podem ser realizadas a partir de uma nova estrutura pol\u00edtica que garanta, ao mesmo tempo, governabilidade e altern\u00e2ncia no poder. O modelo de governo a ser implantado poderia ser o atualmente adotado pelas melhores democracias europ\u00e9ias e de cultura escandinava ou anglo-sax\u00f4nica: Bipartidarismo com Parlamentarismo, candidatos escolhidos pelas bases partid\u00e1rias (elei\u00e7\u00f5es prim\u00e1rias), campanha eleitoral financiada exclusivamente com dinheiro p\u00fablico. Antes de uma reforma pol\u00edtica para valer, qualquer tipo de elei\u00e7\u00e3o deveria ser considerado suspeito pelo abuso do poder econ\u00f4mico ou estatal. Cabe aos brasileiros que t\u00eam consci\u00eancia c\u00edvica iniciar uma campanha p\u00fablica para exigir tal reforma com urg\u00eancia, amea\u00e7ando a desobedi\u00eancia civil pela absten\u00e7\u00e3o de votar em qualquer pol\u00edtico filiado aos atuais partidos.<\/p>\n<p><strong>Salvatore D&#8217; Onofrio &#8211;\u00a0<\/strong><strong>Doutor pela USP e Professor Titular pela UNESP<\/strong><\/p>\n","protected":false},"excerpt":{"rendered":"<p>Os recentes esc\u00e2ndalos dos pol\u00edticos de Bras\u00edlia confirmam o que h\u00e1 tempo a gente vem pregando por livros e artigos: \u00e9 suma ingenuidade esperar o bom uso do dinheiro p\u00fablico pelos atuais detentores do poder, no \u00e2mbito federal, estadual ou municipal. Os governos que se sucederam, ao longo de cinco s\u00e9culos (col\u00f4nia, monarquia, ditadura militar, [&hellip;]<\/p>\n","protected":false},"author":2,"featured_media":63501,"comment_status":"open","ping_status":"closed","sticky":false,"template":"","format":"standard","meta":{"_acf_changed":false,"footnotes":""},"categories":[25],"tags":[],"class_list":["post-63500","post","type-post","status-publish","format-standard","has-post-thumbnail","hentry","category-opina-ai"],"acf":[],"yoast_head":"<!-- This site is optimized with the Yoast SEO plugin v27.2 - https:\/\/yoast.com\/product\/yoast-seo-wordpress\/ -->\n<title>Corrup\u00e7\u00e3o. At\u00e9 quando Catilina vai abusar da paci\u00eancia do povo? - Notibras<\/title>\n<meta name=\"robots\" content=\"index, follow, max-snippet:-1, max-image-preview:large, max-video-preview:-1\" \/>\n<link rel=\"canonical\" href=\"https:\/\/www.notibras.com\/site\/adeus-corrupcao-ate-quando-catilina-abusaras-da-nossa-paciencia\/\" \/>\n<meta property=\"og:locale\" content=\"pt_BR\" \/>\n<meta property=\"og:type\" content=\"article\" \/>\n<meta property=\"og:title\" content=\"Corrup\u00e7\u00e3o. At\u00e9 quando Catilina vai abusar da paci\u00eancia do povo? - Notibras\" \/>\n<meta property=\"og:description\" content=\"Os recentes esc\u00e2ndalos dos pol\u00edticos de Bras\u00edlia confirmam o que h\u00e1 tempo a gente vem pregando por livros e artigos: \u00e9 suma ingenuidade esperar o bom uso do dinheiro p\u00fablico pelos atuais detentores do poder, no \u00e2mbito federal, estadual ou municipal. Os governos que se sucederam, ao longo de cinco s\u00e9culos (col\u00f4nia, monarquia, ditadura militar, [&hellip;]\" \/>\n<meta property=\"og:url\" content=\"https:\/\/www.notibras.com\/site\/adeus-corrupcao-ate-quando-catilina-abusaras-da-nossa-paciencia\/\" \/>\n<meta property=\"og:site_name\" content=\"Notibras\" \/>\n<meta property=\"article:publisher\" content=\"https:\/\/www.facebook.com\/notibras\/\" \/>\n<meta property=\"article:published_time\" content=\"2015-08-21T00:45:11+00:00\" \/>\n<meta property=\"article:modified_time\" content=\"2015-08-21T12:50:15+00:00\" \/>\n<meta property=\"og:image\" content=\"https:\/\/www.notibras.com\/site\/wp-content\/uploads\/2015\/08\/A-POLITICA-CORRUP\u00c7\u00c3O.jpg\" \/>\n\t<meta property=\"og:image:width\" content=\"700\" \/>\n\t<meta property=\"og:image:height\" content=\"448\" \/>\n\t<meta property=\"og:image:type\" content=\"image\/jpeg\" \/>\n<meta name=\"author\" content=\"Reda\u00e7\u00e3o\" \/>\n<meta name=\"twitter:card\" content=\"summary_large_image\" \/>\n<meta name=\"twitter:creator\" content=\"@Notibras\" \/>\n<meta name=\"twitter:site\" content=\"@Notibras\" \/>\n<meta name=\"twitter:label1\" content=\"Escrito por\" \/>\n\t<meta name=\"twitter:data1\" content=\"Reda\u00e7\u00e3o\" \/>\n\t<meta name=\"twitter:label2\" content=\"Est. tempo de leitura\" \/>\n\t<meta name=\"twitter:data2\" content=\"4 minutos\" \/>\n<script type=\"application\/ld+json\" class=\"yoast-schema-graph\">{\"@context\":\"https:\/\/schema.org\",\"@graph\":[{\"@type\":\"Article\",\"@id\":\"https:\/\/www.notibras.com\/site\/adeus-corrupcao-ate-quando-catilina-abusaras-da-nossa-paciencia\/#article\",\"isPartOf\":{\"@id\":\"https:\/\/www.notibras.com\/site\/adeus-corrupcao-ate-quando-catilina-abusaras-da-nossa-paciencia\/\"},\"author\":{\"name\":\"Reda\u00e7\u00e3o\",\"@id\":\"https:\/\/www.notibras.com\/site\/#\/schema\/person\/36ab0979449956132d3e5b517ea76ac8\"},\"headline\":\"Corrup\u00e7\u00e3o. At\u00e9 quando Catilina vai abusar da paci\u00eancia do povo?\",\"datePublished\":\"2015-08-21T00:45:11+00:00\",\"dateModified\":\"2015-08-21T12:50:15+00:00\",\"mainEntityOfPage\":{\"@id\":\"https:\/\/www.notibras.com\/site\/adeus-corrupcao-ate-quando-catilina-abusaras-da-nossa-paciencia\/\"},\"wordCount\":734,\"commentCount\":0,\"publisher\":{\"@id\":\"https:\/\/www.notibras.com\/site\/#organization\"},\"image\":{\"@id\":\"https:\/\/www.notibras.com\/site\/adeus-corrupcao-ate-quando-catilina-abusaras-da-nossa-paciencia\/#primaryimage\"},\"thumbnailUrl\":\"https:\/\/www.notibras.com\/site\/wp-content\/uploads\/2015\/08\/A-POLITICA-CORRUP\u00c7\u00c3O.jpg\",\"articleSection\":[\"Opina a\u00ed\"],\"inLanguage\":\"pt-BR\",\"potentialAction\":[{\"@type\":\"CommentAction\",\"name\":\"Comment\",\"target\":[\"https:\/\/www.notibras.com\/site\/adeus-corrupcao-ate-quando-catilina-abusaras-da-nossa-paciencia\/#respond\"]}]},{\"@type\":\"WebPage\",\"@id\":\"https:\/\/www.notibras.com\/site\/adeus-corrupcao-ate-quando-catilina-abusaras-da-nossa-paciencia\/\",\"url\":\"https:\/\/www.notibras.com\/site\/adeus-corrupcao-ate-quando-catilina-abusaras-da-nossa-paciencia\/\",\"name\":\"Corrup\u00e7\u00e3o. At\u00e9 quando Catilina vai abusar da paci\u00eancia do povo? - Notibras\",\"isPartOf\":{\"@id\":\"https:\/\/www.notibras.com\/site\/#website\"},\"primaryImageOfPage\":{\"@id\":\"https:\/\/www.notibras.com\/site\/adeus-corrupcao-ate-quando-catilina-abusaras-da-nossa-paciencia\/#primaryimage\"},\"image\":{\"@id\":\"https:\/\/www.notibras.com\/site\/adeus-corrupcao-ate-quando-catilina-abusaras-da-nossa-paciencia\/#primaryimage\"},\"thumbnailUrl\":\"https:\/\/www.notibras.com\/site\/wp-content\/uploads\/2015\/08\/A-POLITICA-CORRUP\u00c7\u00c3O.jpg\",\"datePublished\":\"2015-08-21T00:45:11+00:00\",\"dateModified\":\"2015-08-21T12:50:15+00:00\",\"breadcrumb\":{\"@id\":\"https:\/\/www.notibras.com\/site\/adeus-corrupcao-ate-quando-catilina-abusaras-da-nossa-paciencia\/#breadcrumb\"},\"inLanguage\":\"pt-BR\",\"potentialAction\":[{\"@type\":\"ReadAction\",\"target\":[\"https:\/\/www.notibras.com\/site\/adeus-corrupcao-ate-quando-catilina-abusaras-da-nossa-paciencia\/\"]}]},{\"@type\":\"ImageObject\",\"inLanguage\":\"pt-BR\",\"@id\":\"https:\/\/www.notibras.com\/site\/adeus-corrupcao-ate-quando-catilina-abusaras-da-nossa-paciencia\/#primaryimage\",\"url\":\"https:\/\/www.notibras.com\/site\/wp-content\/uploads\/2015\/08\/A-POLITICA-CORRUP\u00c7\u00c3O.jpg\",\"contentUrl\":\"https:\/\/www.notibras.com\/site\/wp-content\/uploads\/2015\/08\/A-POLITICA-CORRUP\u00c7\u00c3O.jpg\",\"width\":700,\"height\":448},{\"@type\":\"BreadcrumbList\",\"@id\":\"https:\/\/www.notibras.com\/site\/adeus-corrupcao-ate-quando-catilina-abusaras-da-nossa-paciencia\/#breadcrumb\",\"itemListElement\":[{\"@type\":\"ListItem\",\"position\":1,\"name\":\"In\u00edcio\",\"item\":\"https:\/\/www.notibras.com\/site\/\"},{\"@type\":\"ListItem\",\"position\":2,\"name\":\"Corrup\u00e7\u00e3o. At\u00e9 quando Catilina vai abusar da paci\u00eancia do povo?\"}]},{\"@type\":\"WebSite\",\"@id\":\"https:\/\/www.notibras.com\/site\/#website\",\"url\":\"https:\/\/www.notibras.com\/site\/\",\"name\":\"Notibras\",\"description\":\"Not\u00edcias de Bras\u00edlia, do Brasil e do Mundo\",\"publisher\":{\"@id\":\"https:\/\/www.notibras.com\/site\/#organization\"},\"potentialAction\":[{\"@type\":\"SearchAction\",\"target\":{\"@type\":\"EntryPoint\",\"urlTemplate\":\"https:\/\/www.notibras.com\/site\/?s={search_term_string}\"},\"query-input\":{\"@type\":\"PropertyValueSpecification\",\"valueRequired\":true,\"valueName\":\"search_term_string\"}}],\"inLanguage\":\"pt-BR\"},{\"@type\":\"Organization\",\"@id\":\"https:\/\/www.notibras.com\/site\/#organization\",\"name\":\"Grupo Notibras de Comunica\u00e7\u00e3o\",\"url\":\"https:\/\/www.notibras.com\/site\/\",\"logo\":{\"@type\":\"ImageObject\",\"inLanguage\":\"pt-BR\",\"@id\":\"https:\/\/www.notibras.com\/site\/#\/schema\/logo\/image\/\",\"url\":\"https:\/\/www.notibras.com\/site\/wp-content\/uploads\/2023\/01\/notibras23.png\",\"contentUrl\":\"https:\/\/www.notibras.com\/site\/wp-content\/uploads\/2023\/01\/notibras23.png\",\"width\":350,\"height\":87,\"caption\":\"Grupo Notibras de Comunica\u00e7\u00e3o\"},\"image\":{\"@id\":\"https:\/\/www.notibras.com\/site\/#\/schema\/logo\/image\/\"},\"sameAs\":[\"https:\/\/www.facebook.com\/notibras\/\",\"https:\/\/x.com\/Notibras\",\"https:\/\/www.instagram.com\/notibras\/\"]},{\"@type\":\"Person\",\"@id\":\"https:\/\/www.notibras.com\/site\/#\/schema\/person\/36ab0979449956132d3e5b517ea76ac8\",\"name\":\"Reda\u00e7\u00e3o\",\"image\":{\"@type\":\"ImageObject\",\"inLanguage\":\"pt-BR\",\"@id\":\"https:\/\/secure.gravatar.com\/avatar\/e0a867bdedb85fd243eadf09663511f96fc81e0720a4a42581f334ad4303aa6b?s=96&d=mm&r=g\",\"url\":\"https:\/\/secure.gravatar.com\/avatar\/e0a867bdedb85fd243eadf09663511f96fc81e0720a4a42581f334ad4303aa6b?s=96&d=mm&r=g\",\"contentUrl\":\"https:\/\/secure.gravatar.com\/avatar\/e0a867bdedb85fd243eadf09663511f96fc81e0720a4a42581f334ad4303aa6b?s=96&d=mm&r=g\",\"caption\":\"Reda\u00e7\u00e3o\"}}]}<\/script>\n<!-- \/ Yoast SEO plugin. -->","yoast_head_json":{"title":"Corrup\u00e7\u00e3o. At\u00e9 quando Catilina vai abusar da paci\u00eancia do povo? - Notibras","robots":{"index":"index","follow":"follow","max-snippet":"max-snippet:-1","max-image-preview":"max-image-preview:large","max-video-preview":"max-video-preview:-1"},"canonical":"https:\/\/www.notibras.com\/site\/adeus-corrupcao-ate-quando-catilina-abusaras-da-nossa-paciencia\/","og_locale":"pt_BR","og_type":"article","og_title":"Corrup\u00e7\u00e3o. At\u00e9 quando Catilina vai abusar da paci\u00eancia do povo? - Notibras","og_description":"Os recentes esc\u00e2ndalos dos pol\u00edticos de Bras\u00edlia confirmam o que h\u00e1 tempo a gente vem pregando por livros e artigos: \u00e9 suma ingenuidade esperar o bom uso do dinheiro p\u00fablico pelos atuais detentores do poder, no \u00e2mbito federal, estadual ou municipal. Os governos que se sucederam, ao longo de cinco s\u00e9culos (col\u00f4nia, monarquia, ditadura militar, [&hellip;]","og_url":"https:\/\/www.notibras.com\/site\/adeus-corrupcao-ate-quando-catilina-abusaras-da-nossa-paciencia\/","og_site_name":"Notibras","article_publisher":"https:\/\/www.facebook.com\/notibras\/","article_published_time":"2015-08-21T00:45:11+00:00","article_modified_time":"2015-08-21T12:50:15+00:00","og_image":[{"width":700,"height":448,"url":"https:\/\/www.notibras.com\/site\/wp-content\/uploads\/2015\/08\/A-POLITICA-CORRUP\u00c7\u00c3O.jpg","type":"image\/jpeg"}],"author":"Reda\u00e7\u00e3o","twitter_card":"summary_large_image","twitter_creator":"@Notibras","twitter_site":"@Notibras","twitter_misc":{"Escrito por":"Reda\u00e7\u00e3o","Est. tempo de leitura":"4 minutos"},"schema":{"@context":"https:\/\/schema.org","@graph":[{"@type":"Article","@id":"https:\/\/www.notibras.com\/site\/adeus-corrupcao-ate-quando-catilina-abusaras-da-nossa-paciencia\/#article","isPartOf":{"@id":"https:\/\/www.notibras.com\/site\/adeus-corrupcao-ate-quando-catilina-abusaras-da-nossa-paciencia\/"},"author":{"name":"Reda\u00e7\u00e3o","@id":"https:\/\/www.notibras.com\/site\/#\/schema\/person\/36ab0979449956132d3e5b517ea76ac8"},"headline":"Corrup\u00e7\u00e3o. At\u00e9 quando Catilina vai abusar da paci\u00eancia do povo?","datePublished":"2015-08-21T00:45:11+00:00","dateModified":"2015-08-21T12:50:15+00:00","mainEntityOfPage":{"@id":"https:\/\/www.notibras.com\/site\/adeus-corrupcao-ate-quando-catilina-abusaras-da-nossa-paciencia\/"},"wordCount":734,"commentCount":0,"publisher":{"@id":"https:\/\/www.notibras.com\/site\/#organization"},"image":{"@id":"https:\/\/www.notibras.com\/site\/adeus-corrupcao-ate-quando-catilina-abusaras-da-nossa-paciencia\/#primaryimage"},"thumbnailUrl":"https:\/\/www.notibras.com\/site\/wp-content\/uploads\/2015\/08\/A-POLITICA-CORRUP\u00c7\u00c3O.jpg","articleSection":["Opina a\u00ed"],"inLanguage":"pt-BR","potentialAction":[{"@type":"CommentAction","name":"Comment","target":["https:\/\/www.notibras.com\/site\/adeus-corrupcao-ate-quando-catilina-abusaras-da-nossa-paciencia\/#respond"]}]},{"@type":"WebPage","@id":"https:\/\/www.notibras.com\/site\/adeus-corrupcao-ate-quando-catilina-abusaras-da-nossa-paciencia\/","url":"https:\/\/www.notibras.com\/site\/adeus-corrupcao-ate-quando-catilina-abusaras-da-nossa-paciencia\/","name":"Corrup\u00e7\u00e3o. At\u00e9 quando Catilina vai abusar da paci\u00eancia do povo? - Notibras","isPartOf":{"@id":"https:\/\/www.notibras.com\/site\/#website"},"primaryImageOfPage":{"@id":"https:\/\/www.notibras.com\/site\/adeus-corrupcao-ate-quando-catilina-abusaras-da-nossa-paciencia\/#primaryimage"},"image":{"@id":"https:\/\/www.notibras.com\/site\/adeus-corrupcao-ate-quando-catilina-abusaras-da-nossa-paciencia\/#primaryimage"},"thumbnailUrl":"https:\/\/www.notibras.com\/site\/wp-content\/uploads\/2015\/08\/A-POLITICA-CORRUP\u00c7\u00c3O.jpg","datePublished":"2015-08-21T00:45:11+00:00","dateModified":"2015-08-21T12:50:15+00:00","breadcrumb":{"@id":"https:\/\/www.notibras.com\/site\/adeus-corrupcao-ate-quando-catilina-abusaras-da-nossa-paciencia\/#breadcrumb"},"inLanguage":"pt-BR","potentialAction":[{"@type":"ReadAction","target":["https:\/\/www.notibras.com\/site\/adeus-corrupcao-ate-quando-catilina-abusaras-da-nossa-paciencia\/"]}]},{"@type":"ImageObject","inLanguage":"pt-BR","@id":"https:\/\/www.notibras.com\/site\/adeus-corrupcao-ate-quando-catilina-abusaras-da-nossa-paciencia\/#primaryimage","url":"https:\/\/www.notibras.com\/site\/wp-content\/uploads\/2015\/08\/A-POLITICA-CORRUP\u00c7\u00c3O.jpg","contentUrl":"https:\/\/www.notibras.com\/site\/wp-content\/uploads\/2015\/08\/A-POLITICA-CORRUP\u00c7\u00c3O.jpg","width":700,"height":448},{"@type":"BreadcrumbList","@id":"https:\/\/www.notibras.com\/site\/adeus-corrupcao-ate-quando-catilina-abusaras-da-nossa-paciencia\/#breadcrumb","itemListElement":[{"@type":"ListItem","position":1,"name":"In\u00edcio","item":"https:\/\/www.notibras.com\/site\/"},{"@type":"ListItem","position":2,"name":"Corrup\u00e7\u00e3o. At\u00e9 quando Catilina vai abusar da paci\u00eancia do povo?"}]},{"@type":"WebSite","@id":"https:\/\/www.notibras.com\/site\/#website","url":"https:\/\/www.notibras.com\/site\/","name":"Notibras","description":"Not\u00edcias de Bras\u00edlia, do Brasil e do Mundo","publisher":{"@id":"https:\/\/www.notibras.com\/site\/#organization"},"potentialAction":[{"@type":"SearchAction","target":{"@type":"EntryPoint","urlTemplate":"https:\/\/www.notibras.com\/site\/?s={search_term_string}"},"query-input":{"@type":"PropertyValueSpecification","valueRequired":true,"valueName":"search_term_string"}}],"inLanguage":"pt-BR"},{"@type":"Organization","@id":"https:\/\/www.notibras.com\/site\/#organization","name":"Grupo Notibras de Comunica\u00e7\u00e3o","url":"https:\/\/www.notibras.com\/site\/","logo":{"@type":"ImageObject","inLanguage":"pt-BR","@id":"https:\/\/www.notibras.com\/site\/#\/schema\/logo\/image\/","url":"https:\/\/www.notibras.com\/site\/wp-content\/uploads\/2023\/01\/notibras23.png","contentUrl":"https:\/\/www.notibras.com\/site\/wp-content\/uploads\/2023\/01\/notibras23.png","width":350,"height":87,"caption":"Grupo Notibras de Comunica\u00e7\u00e3o"},"image":{"@id":"https:\/\/www.notibras.com\/site\/#\/schema\/logo\/image\/"},"sameAs":["https:\/\/www.facebook.com\/notibras\/","https:\/\/x.com\/Notibras","https:\/\/www.instagram.com\/notibras\/"]},{"@type":"Person","@id":"https:\/\/www.notibras.com\/site\/#\/schema\/person\/36ab0979449956132d3e5b517ea76ac8","name":"Reda\u00e7\u00e3o","image":{"@type":"ImageObject","inLanguage":"pt-BR","@id":"https:\/\/secure.gravatar.com\/avatar\/e0a867bdedb85fd243eadf09663511f96fc81e0720a4a42581f334ad4303aa6b?s=96&d=mm&r=g","url":"https:\/\/secure.gravatar.com\/avatar\/e0a867bdedb85fd243eadf09663511f96fc81e0720a4a42581f334ad4303aa6b?s=96&d=mm&r=g","contentUrl":"https:\/\/secure.gravatar.com\/avatar\/e0a867bdedb85fd243eadf09663511f96fc81e0720a4a42581f334ad4303aa6b?s=96&d=mm&r=g","caption":"Reda\u00e7\u00e3o"}}]}},"amp_enabled":true,"_links":{"self":[{"href":"https:\/\/www.notibras.com\/site\/wp-json\/wp\/v2\/posts\/63500","targetHints":{"allow":["GET"]}}],"collection":[{"href":"https:\/\/www.notibras.com\/site\/wp-json\/wp\/v2\/posts"}],"about":[{"href":"https:\/\/www.notibras.com\/site\/wp-json\/wp\/v2\/types\/post"}],"author":[{"embeddable":true,"href":"https:\/\/www.notibras.com\/site\/wp-json\/wp\/v2\/users\/2"}],"replies":[{"embeddable":true,"href":"https:\/\/www.notibras.com\/site\/wp-json\/wp\/v2\/comments?post=63500"}],"version-history":[{"count":7,"href":"https:\/\/www.notibras.com\/site\/wp-json\/wp\/v2\/posts\/63500\/revisions"}],"predecessor-version":[{"id":63562,"href":"https:\/\/www.notibras.com\/site\/wp-json\/wp\/v2\/posts\/63500\/revisions\/63562"}],"wp:featuredmedia":[{"embeddable":true,"href":"https:\/\/www.notibras.com\/site\/wp-json\/wp\/v2\/media\/63501"}],"wp:attachment":[{"href":"https:\/\/www.notibras.com\/site\/wp-json\/wp\/v2\/media?parent=63500"}],"wp:term":[{"taxonomy":"category","embeddable":true,"href":"https:\/\/www.notibras.com\/site\/wp-json\/wp\/v2\/categories?post=63500"},{"taxonomy":"post_tag","embeddable":true,"href":"https:\/\/www.notibras.com\/site\/wp-json\/wp\/v2\/tags?post=63500"}],"curies":[{"name":"wp","href":"https:\/\/api.w.org\/{rel}","templated":true}]}}