{"id":63518,"date":"2015-08-20T16:57:04","date_gmt":"2015-08-20T19:57:04","guid":{"rendered":"http:\/\/www.notibras.com\/site\/?p=63518"},"modified":"2015-08-20T23:04:51","modified_gmt":"2015-08-21T02:04:51","slug":"oswaldo-de-oliveira-volta-ao-flamengo-para-resgatar-confianca-do-time-e-da-torcida","status":"publish","type":"post","link":"https:\/\/www.notibras.com\/site\/oswaldo-de-oliveira-volta-ao-flamengo-para-resgatar-confianca-do-time-e-da-torcida\/","title":{"rendered":"Oswaldo de Oliveira volta ao Flamengo para resgatar a confian\u00e7a do time e torcida"},"content":{"rendered":"<p>Poucas horas ap\u00f3s Cristov\u00e3o Borges deixar o Flamengo, Oswaldo de Oliveira foi anunciado e apresentado como novo t\u00e9cnico, nesta quinta-feira, no Ninho do Urubu. O contrato vai\u00a0at\u00e9 o fim de 2016. Ele chega \u00e0 G\u00e1vea, nesta segunda passagem, com o auxiliar Luiz Alberto e o preparador f\u00edsico Ricardo Henriques.<\/p>\n<p>Na primeira entrevista como novo treinador do clube, Oswaldo destacou que sempre quis voltar e projetou o que far\u00e1 na sequ\u00eancia da temporada.<\/p>\n<p>&#8211; Tenho a honra e o prazer de substituir um grande profissional num clube que sempre tive vontade de voltar a trabalhar. Quando um n\u00e3o quer, dois n\u00e3o brigam. No caso, os dois queriam. A partir do momento que eu soube que o Flamengo tinha o cargo livre e a pretens\u00e3o de me contratar, as coisas foram facilitadas. Eu moro aqui perto, demorei nem 10 minutos para chegar, afirmou.<\/p>\n<p>Ele se disse at\u00f4nito com a volta ao Fla. &#8220;Ainda estou meio at\u00f4nico, aconteceu tudo muito r\u00e1pido. Nem tive tempo de preparar a minha conversa com os jogadores. Falei o que abordamos naturalmente, ainda estou tomando ci\u00eancia das coisas. Eu quero conseguir fazer o Flamengo vitorioso, uma equipe forte e competitiva&#8221;, frisou.<\/p>\n<p>O t\u00e9cnico comandou o primeiro treino e conversou com os jogadores nesta quinta-feira. O primeiro treinamento mais espec\u00edfico deve ser feito na tarde desta sexta-feira, no Ninho do Urubu. A estreia de Oswaldo de Oliveira ser\u00e1 no domingo, diante do S\u00e3o Paulo, no Maracan\u00e3<\/p>\n","protected":false},"excerpt":{"rendered":"<p>Poucas horas ap\u00f3s Cristov\u00e3o Borges deixar o Flamengo, Oswaldo de Oliveira foi anunciado e apresentado como novo t\u00e9cnico, nesta quinta-feira, no Ninho do Urubu. O contrato vai\u00a0at\u00e9 o fim de 2016. Ele chega \u00e0 G\u00e1vea, nesta segunda passagem, com o auxiliar Luiz Alberto e o preparador f\u00edsico Ricardo Henriques. Na primeira entrevista como novo treinador [&hellip;]<\/p>\n","protected":false},"author":2,"featured_media":63519,"comment_status":"open","ping_status":"closed","sticky":false,"template":"","format":"standard","meta":{"_acf_changed":false,"footnotes":""},"categories":[29],"tags":[],"class_list":["post-63518","post","type-post","status-publish","format-standard","has-post-thumbnail","hentry","category-futebol"],"acf":[],"yoast_head":"<!-- This site is optimized with the Yoast SEO plugin v27.2 - https:\/\/yoast.com\/product\/yoast-seo-wordpress\/ -->\n<title>Oswaldo de Oliveira volta ao Flamengo para resgatar a confian\u00e7a do time e torcida - Notibras<\/title>\n<meta name=\"robots\" content=\"index, follow, max-snippet:-1, max-image-preview:large, max-video-preview:-1\" \/>\n<link rel=\"canonical\" href=\"https:\/\/www.notibras.com\/site\/oswaldo-de-oliveira-volta-ao-flamengo-para-resgatar-confianca-do-time-e-da-torcida\/\" \/>\n<meta property=\"og:locale\" content=\"pt_BR\" \/>\n<meta property=\"og:type\" content=\"article\" \/>\n<meta property=\"og:title\" content=\"Oswaldo de Oliveira volta ao Flamengo para resgatar a confian\u00e7a do time e torcida - Notibras\" \/>\n<meta property=\"og:description\" content=\"Poucas horas ap\u00f3s Cristov\u00e3o Borges deixar o Flamengo, Oswaldo de Oliveira foi anunciado e apresentado como novo t\u00e9cnico, nesta quinta-feira, no Ninho do Urubu. O contrato vai\u00a0at\u00e9 o fim de 2016. Ele chega \u00e0 G\u00e1vea, nesta segunda passagem, com o auxiliar Luiz Alberto e o preparador f\u00edsico Ricardo Henriques. Na primeira entrevista como novo treinador [&hellip;]\" \/>\n<meta property=\"og:url\" content=\"https:\/\/www.notibras.com\/site\/oswaldo-de-oliveira-volta-ao-flamengo-para-resgatar-confianca-do-time-e-da-torcida\/\" \/>\n<meta property=\"og:site_name\" content=\"Notibras\" \/>\n<meta property=\"article:publisher\" content=\"https:\/\/www.facebook.com\/notibras\/\" \/>\n<meta property=\"article:published_time\" content=\"2015-08-20T19:57:04+00:00\" \/>\n<meta property=\"article:modified_time\" content=\"2015-08-21T02:04:51+00:00\" \/>\n<meta property=\"og:image\" content=\"https:\/\/www.notibras.com\/site\/wp-content\/uploads\/2015\/08\/Oswaldo-Oliveira-Flamengo-Paulo-SergioLANCEPress_LANIMA20150820_0212_53.jpg\" \/>\n\t<meta property=\"og:image:width\" content=\"646\" \/>\n\t<meta property=\"og:image:height\" content=\"430\" \/>\n\t<meta property=\"og:image:type\" content=\"image\/jpeg\" \/>\n<meta name=\"author\" content=\"Reda\u00e7\u00e3o\" \/>\n<meta name=\"twitter:card\" content=\"summary_large_image\" \/>\n<meta name=\"twitter:creator\" content=\"@Notibras\" \/>\n<meta name=\"twitter:site\" content=\"@Notibras\" \/>\n<meta name=\"twitter:label1\" content=\"Escrito por\" \/>\n\t<meta name=\"twitter:data1\" content=\"Reda\u00e7\u00e3o\" \/>\n\t<meta name=\"twitter:label2\" content=\"Est. tempo de leitura\" \/>\n\t<meta name=\"twitter:data2\" content=\"1 minuto\" \/>\n<script type=\"application\/ld+json\" class=\"yoast-schema-graph\">{\"@context\":\"https:\/\/schema.org\",\"@graph\":[{\"@type\":\"Article\",\"@id\":\"https:\/\/www.notibras.com\/site\/oswaldo-de-oliveira-volta-ao-flamengo-para-resgatar-confianca-do-time-e-da-torcida\/#article\",\"isPartOf\":{\"@id\":\"https:\/\/www.notibras.com\/site\/oswaldo-de-oliveira-volta-ao-flamengo-para-resgatar-confianca-do-time-e-da-torcida\/\"},\"author\":{\"name\":\"Reda\u00e7\u00e3o\",\"@id\":\"https:\/\/www.notibras.com\/site\/#\/schema\/person\/36ab0979449956132d3e5b517ea76ac8\"},\"headline\":\"Oswaldo de Oliveira volta ao Flamengo para resgatar a confian\u00e7a do time e torcida\",\"datePublished\":\"2015-08-20T19:57:04+00:00\",\"dateModified\":\"2015-08-21T02:04:51+00:00\",\"mainEntityOfPage\":{\"@id\":\"https:\/\/www.notibras.com\/site\/oswaldo-de-oliveira-volta-ao-flamengo-para-resgatar-confianca-do-time-e-da-torcida\/\"},\"wordCount\":266,\"commentCount\":0,\"publisher\":{\"@id\":\"https:\/\/www.notibras.com\/site\/#organization\"},\"image\":{\"@id\":\"https:\/\/www.notibras.com\/site\/oswaldo-de-oliveira-volta-ao-flamengo-para-resgatar-confianca-do-time-e-da-torcida\/#primaryimage\"},\"thumbnailUrl\":\"https:\/\/www.notibras.com\/site\/wp-content\/uploads\/2015\/08\/Oswaldo-Oliveira-Flamengo-Paulo-SergioLANCEPress_LANIMA20150820_0212_53.jpg\",\"articleSection\":[\"Futebol\"],\"inLanguage\":\"pt-BR\",\"potentialAction\":[{\"@type\":\"CommentAction\",\"name\":\"Comment\",\"target\":[\"https:\/\/www.notibras.com\/site\/oswaldo-de-oliveira-volta-ao-flamengo-para-resgatar-confianca-do-time-e-da-torcida\/#respond\"]}]},{\"@type\":\"WebPage\",\"@id\":\"https:\/\/www.notibras.com\/site\/oswaldo-de-oliveira-volta-ao-flamengo-para-resgatar-confianca-do-time-e-da-torcida\/\",\"url\":\"https:\/\/www.notibras.com\/site\/oswaldo-de-oliveira-volta-ao-flamengo-para-resgatar-confianca-do-time-e-da-torcida\/\",\"name\":\"Oswaldo de Oliveira volta ao Flamengo para resgatar a confian\u00e7a do time e torcida - Notibras\",\"isPartOf\":{\"@id\":\"https:\/\/www.notibras.com\/site\/#website\"},\"primaryImageOfPage\":{\"@id\":\"https:\/\/www.notibras.com\/site\/oswaldo-de-oliveira-volta-ao-flamengo-para-resgatar-confianca-do-time-e-da-torcida\/#primaryimage\"},\"image\":{\"@id\":\"https:\/\/www.notibras.com\/site\/oswaldo-de-oliveira-volta-ao-flamengo-para-resgatar-confianca-do-time-e-da-torcida\/#primaryimage\"},\"thumbnailUrl\":\"https:\/\/www.notibras.com\/site\/wp-content\/uploads\/2015\/08\/Oswaldo-Oliveira-Flamengo-Paulo-SergioLANCEPress_LANIMA20150820_0212_53.jpg\",\"datePublished\":\"2015-08-20T19:57:04+00:00\",\"dateModified\":\"2015-08-21T02:04:51+00:00\",\"breadcrumb\":{\"@id\":\"https:\/\/www.notibras.com\/site\/oswaldo-de-oliveira-volta-ao-flamengo-para-resgatar-confianca-do-time-e-da-torcida\/#breadcrumb\"},\"inLanguage\":\"pt-BR\",\"potentialAction\":[{\"@type\":\"ReadAction\",\"target\":[\"https:\/\/www.notibras.com\/site\/oswaldo-de-oliveira-volta-ao-flamengo-para-resgatar-confianca-do-time-e-da-torcida\/\"]}]},{\"@type\":\"ImageObject\",\"inLanguage\":\"pt-BR\",\"@id\":\"https:\/\/www.notibras.com\/site\/oswaldo-de-oliveira-volta-ao-flamengo-para-resgatar-confianca-do-time-e-da-torcida\/#primaryimage\",\"url\":\"https:\/\/www.notibras.com\/site\/wp-content\/uploads\/2015\/08\/Oswaldo-Oliveira-Flamengo-Paulo-SergioLANCEPress_LANIMA20150820_0212_53.jpg\",\"contentUrl\":\"https:\/\/www.notibras.com\/site\/wp-content\/uploads\/2015\/08\/Oswaldo-Oliveira-Flamengo-Paulo-SergioLANCEPress_LANIMA20150820_0212_53.jpg\",\"width\":646,\"height\":430},{\"@type\":\"BreadcrumbList\",\"@id\":\"https:\/\/www.notibras.com\/site\/oswaldo-de-oliveira-volta-ao-flamengo-para-resgatar-confianca-do-time-e-da-torcida\/#breadcrumb\",\"itemListElement\":[{\"@type\":\"ListItem\",\"position\":1,\"name\":\"In\u00edcio\",\"item\":\"https:\/\/www.notibras.com\/site\/\"},{\"@type\":\"ListItem\",\"position\":2,\"name\":\"Oswaldo de Oliveira volta ao Flamengo para resgatar a confian\u00e7a do time e torcida\"}]},{\"@type\":\"WebSite\",\"@id\":\"https:\/\/www.notibras.com\/site\/#website\",\"url\":\"https:\/\/www.notibras.com\/site\/\",\"name\":\"Notibras\",\"description\":\"Not\u00edcias de Bras\u00edlia, do Brasil e do Mundo\",\"publisher\":{\"@id\":\"https:\/\/www.notibras.com\/site\/#organization\"},\"potentialAction\":[{\"@type\":\"SearchAction\",\"target\":{\"@type\":\"EntryPoint\",\"urlTemplate\":\"https:\/\/www.notibras.com\/site\/?s={search_term_string}\"},\"query-input\":{\"@type\":\"PropertyValueSpecification\",\"valueRequired\":true,\"valueName\":\"search_term_string\"}}],\"inLanguage\":\"pt-BR\"},{\"@type\":\"Organization\",\"@id\":\"https:\/\/www.notibras.com\/site\/#organization\",\"name\":\"Grupo Notibras de Comunica\u00e7\u00e3o\",\"url\":\"https:\/\/www.notibras.com\/site\/\",\"logo\":{\"@type\":\"ImageObject\",\"inLanguage\":\"pt-BR\",\"@id\":\"https:\/\/www.notibras.com\/site\/#\/schema\/logo\/image\/\",\"url\":\"https:\/\/www.notibras.com\/site\/wp-content\/uploads\/2023\/01\/notibras23.png\",\"contentUrl\":\"https:\/\/www.notibras.com\/site\/wp-content\/uploads\/2023\/01\/notibras23.png\",\"width\":350,\"height\":87,\"caption\":\"Grupo Notibras de Comunica\u00e7\u00e3o\"},\"image\":{\"@id\":\"https:\/\/www.notibras.com\/site\/#\/schema\/logo\/image\/\"},\"sameAs\":[\"https:\/\/www.facebook.com\/notibras\/\",\"https:\/\/x.com\/Notibras\",\"https:\/\/www.instagram.com\/notibras\/\"]},{\"@type\":\"Person\",\"@id\":\"https:\/\/www.notibras.com\/site\/#\/schema\/person\/36ab0979449956132d3e5b517ea76ac8\",\"name\":\"Reda\u00e7\u00e3o\",\"image\":{\"@type\":\"ImageObject\",\"inLanguage\":\"pt-BR\",\"@id\":\"https:\/\/secure.gravatar.com\/avatar\/e0a867bdedb85fd243eadf09663511f96fc81e0720a4a42581f334ad4303aa6b?s=96&d=mm&r=g\",\"url\":\"https:\/\/secure.gravatar.com\/avatar\/e0a867bdedb85fd243eadf09663511f96fc81e0720a4a42581f334ad4303aa6b?s=96&d=mm&r=g\",\"contentUrl\":\"https:\/\/secure.gravatar.com\/avatar\/e0a867bdedb85fd243eadf09663511f96fc81e0720a4a42581f334ad4303aa6b?s=96&d=mm&r=g\",\"caption\":\"Reda\u00e7\u00e3o\"}}]}<\/script>\n<!-- \/ Yoast SEO plugin. -->","yoast_head_json":{"title":"Oswaldo de Oliveira volta ao Flamengo para resgatar a confian\u00e7a do time e torcida - Notibras","robots":{"index":"index","follow":"follow","max-snippet":"max-snippet:-1","max-image-preview":"max-image-preview:large","max-video-preview":"max-video-preview:-1"},"canonical":"https:\/\/www.notibras.com\/site\/oswaldo-de-oliveira-volta-ao-flamengo-para-resgatar-confianca-do-time-e-da-torcida\/","og_locale":"pt_BR","og_type":"article","og_title":"Oswaldo de Oliveira volta ao Flamengo para resgatar a confian\u00e7a do time e torcida - Notibras","og_description":"Poucas horas ap\u00f3s Cristov\u00e3o Borges deixar o Flamengo, Oswaldo de Oliveira foi anunciado e apresentado como novo t\u00e9cnico, nesta quinta-feira, no Ninho do Urubu. O contrato vai\u00a0at\u00e9 o fim de 2016. Ele chega \u00e0 G\u00e1vea, nesta segunda passagem, com o auxiliar Luiz Alberto e o preparador f\u00edsico Ricardo Henriques. Na primeira entrevista como novo treinador [&hellip;]","og_url":"https:\/\/www.notibras.com\/site\/oswaldo-de-oliveira-volta-ao-flamengo-para-resgatar-confianca-do-time-e-da-torcida\/","og_site_name":"Notibras","article_publisher":"https:\/\/www.facebook.com\/notibras\/","article_published_time":"2015-08-20T19:57:04+00:00","article_modified_time":"2015-08-21T02:04:51+00:00","og_image":[{"width":646,"height":430,"url":"https:\/\/www.notibras.com\/site\/wp-content\/uploads\/2015\/08\/Oswaldo-Oliveira-Flamengo-Paulo-SergioLANCEPress_LANIMA20150820_0212_53.jpg","type":"image\/jpeg"}],"author":"Reda\u00e7\u00e3o","twitter_card":"summary_large_image","twitter_creator":"@Notibras","twitter_site":"@Notibras","twitter_misc":{"Escrito por":"Reda\u00e7\u00e3o","Est. tempo de leitura":"1 minuto"},"schema":{"@context":"https:\/\/schema.org","@graph":[{"@type":"Article","@id":"https:\/\/www.notibras.com\/site\/oswaldo-de-oliveira-volta-ao-flamengo-para-resgatar-confianca-do-time-e-da-torcida\/#article","isPartOf":{"@id":"https:\/\/www.notibras.com\/site\/oswaldo-de-oliveira-volta-ao-flamengo-para-resgatar-confianca-do-time-e-da-torcida\/"},"author":{"name":"Reda\u00e7\u00e3o","@id":"https:\/\/www.notibras.com\/site\/#\/schema\/person\/36ab0979449956132d3e5b517ea76ac8"},"headline":"Oswaldo de Oliveira volta ao Flamengo para resgatar a confian\u00e7a do time e torcida","datePublished":"2015-08-20T19:57:04+00:00","dateModified":"2015-08-21T02:04:51+00:00","mainEntityOfPage":{"@id":"https:\/\/www.notibras.com\/site\/oswaldo-de-oliveira-volta-ao-flamengo-para-resgatar-confianca-do-time-e-da-torcida\/"},"wordCount":266,"commentCount":0,"publisher":{"@id":"https:\/\/www.notibras.com\/site\/#organization"},"image":{"@id":"https:\/\/www.notibras.com\/site\/oswaldo-de-oliveira-volta-ao-flamengo-para-resgatar-confianca-do-time-e-da-torcida\/#primaryimage"},"thumbnailUrl":"https:\/\/www.notibras.com\/site\/wp-content\/uploads\/2015\/08\/Oswaldo-Oliveira-Flamengo-Paulo-SergioLANCEPress_LANIMA20150820_0212_53.jpg","articleSection":["Futebol"],"inLanguage":"pt-BR","potentialAction":[{"@type":"CommentAction","name":"Comment","target":["https:\/\/www.notibras.com\/site\/oswaldo-de-oliveira-volta-ao-flamengo-para-resgatar-confianca-do-time-e-da-torcida\/#respond"]}]},{"@type":"WebPage","@id":"https:\/\/www.notibras.com\/site\/oswaldo-de-oliveira-volta-ao-flamengo-para-resgatar-confianca-do-time-e-da-torcida\/","url":"https:\/\/www.notibras.com\/site\/oswaldo-de-oliveira-volta-ao-flamengo-para-resgatar-confianca-do-time-e-da-torcida\/","name":"Oswaldo de Oliveira volta ao Flamengo para resgatar a confian\u00e7a do time e torcida - Notibras","isPartOf":{"@id":"https:\/\/www.notibras.com\/site\/#website"},"primaryImageOfPage":{"@id":"https:\/\/www.notibras.com\/site\/oswaldo-de-oliveira-volta-ao-flamengo-para-resgatar-confianca-do-time-e-da-torcida\/#primaryimage"},"image":{"@id":"https:\/\/www.notibras.com\/site\/oswaldo-de-oliveira-volta-ao-flamengo-para-resgatar-confianca-do-time-e-da-torcida\/#primaryimage"},"thumbnailUrl":"https:\/\/www.notibras.com\/site\/wp-content\/uploads\/2015\/08\/Oswaldo-Oliveira-Flamengo-Paulo-SergioLANCEPress_LANIMA20150820_0212_53.jpg","datePublished":"2015-08-20T19:57:04+00:00","dateModified":"2015-08-21T02:04:51+00:00","breadcrumb":{"@id":"https:\/\/www.notibras.com\/site\/oswaldo-de-oliveira-volta-ao-flamengo-para-resgatar-confianca-do-time-e-da-torcida\/#breadcrumb"},"inLanguage":"pt-BR","potentialAction":[{"@type":"ReadAction","target":["https:\/\/www.notibras.com\/site\/oswaldo-de-oliveira-volta-ao-flamengo-para-resgatar-confianca-do-time-e-da-torcida\/"]}]},{"@type":"ImageObject","inLanguage":"pt-BR","@id":"https:\/\/www.notibras.com\/site\/oswaldo-de-oliveira-volta-ao-flamengo-para-resgatar-confianca-do-time-e-da-torcida\/#primaryimage","url":"https:\/\/www.notibras.com\/site\/wp-content\/uploads\/2015\/08\/Oswaldo-Oliveira-Flamengo-Paulo-SergioLANCEPress_LANIMA20150820_0212_53.jpg","contentUrl":"https:\/\/www.notibras.com\/site\/wp-content\/uploads\/2015\/08\/Oswaldo-Oliveira-Flamengo-Paulo-SergioLANCEPress_LANIMA20150820_0212_53.jpg","width":646,"height":430},{"@type":"BreadcrumbList","@id":"https:\/\/www.notibras.com\/site\/oswaldo-de-oliveira-volta-ao-flamengo-para-resgatar-confianca-do-time-e-da-torcida\/#breadcrumb","itemListElement":[{"@type":"ListItem","position":1,"name":"In\u00edcio","item":"https:\/\/www.notibras.com\/site\/"},{"@type":"ListItem","position":2,"name":"Oswaldo de Oliveira volta ao Flamengo para resgatar a confian\u00e7a do time e torcida"}]},{"@type":"WebSite","@id":"https:\/\/www.notibras.com\/site\/#website","url":"https:\/\/www.notibras.com\/site\/","name":"Notibras","description":"Not\u00edcias de Bras\u00edlia, do Brasil e do Mundo","publisher":{"@id":"https:\/\/www.notibras.com\/site\/#organization"},"potentialAction":[{"@type":"SearchAction","target":{"@type":"EntryPoint","urlTemplate":"https:\/\/www.notibras.com\/site\/?s={search_term_string}"},"query-input":{"@type":"PropertyValueSpecification","valueRequired":true,"valueName":"search_term_string"}}],"inLanguage":"pt-BR"},{"@type":"Organization","@id":"https:\/\/www.notibras.com\/site\/#organization","name":"Grupo Notibras de Comunica\u00e7\u00e3o","url":"https:\/\/www.notibras.com\/site\/","logo":{"@type":"ImageObject","inLanguage":"pt-BR","@id":"https:\/\/www.notibras.com\/site\/#\/schema\/logo\/image\/","url":"https:\/\/www.notibras.com\/site\/wp-content\/uploads\/2023\/01\/notibras23.png","contentUrl":"https:\/\/www.notibras.com\/site\/wp-content\/uploads\/2023\/01\/notibras23.png","width":350,"height":87,"caption":"Grupo Notibras de Comunica\u00e7\u00e3o"},"image":{"@id":"https:\/\/www.notibras.com\/site\/#\/schema\/logo\/image\/"},"sameAs":["https:\/\/www.facebook.com\/notibras\/","https:\/\/x.com\/Notibras","https:\/\/www.instagram.com\/notibras\/"]},{"@type":"Person","@id":"https:\/\/www.notibras.com\/site\/#\/schema\/person\/36ab0979449956132d3e5b517ea76ac8","name":"Reda\u00e7\u00e3o","image":{"@type":"ImageObject","inLanguage":"pt-BR","@id":"https:\/\/secure.gravatar.com\/avatar\/e0a867bdedb85fd243eadf09663511f96fc81e0720a4a42581f334ad4303aa6b?s=96&d=mm&r=g","url":"https:\/\/secure.gravatar.com\/avatar\/e0a867bdedb85fd243eadf09663511f96fc81e0720a4a42581f334ad4303aa6b?s=96&d=mm&r=g","contentUrl":"https:\/\/secure.gravatar.com\/avatar\/e0a867bdedb85fd243eadf09663511f96fc81e0720a4a42581f334ad4303aa6b?s=96&d=mm&r=g","caption":"Reda\u00e7\u00e3o"}}]}},"amp_enabled":true,"_links":{"self":[{"href":"https:\/\/www.notibras.com\/site\/wp-json\/wp\/v2\/posts\/63518","targetHints":{"allow":["GET"]}}],"collection":[{"href":"https:\/\/www.notibras.com\/site\/wp-json\/wp\/v2\/posts"}],"about":[{"href":"https:\/\/www.notibras.com\/site\/wp-json\/wp\/v2\/types\/post"}],"author":[{"embeddable":true,"href":"https:\/\/www.notibras.com\/site\/wp-json\/wp\/v2\/users\/2"}],"replies":[{"embeddable":true,"href":"https:\/\/www.notibras.com\/site\/wp-json\/wp\/v2\/comments?post=63518"}],"version-history":[{"count":3,"href":"https:\/\/www.notibras.com\/site\/wp-json\/wp\/v2\/posts\/63518\/revisions"}],"predecessor-version":[{"id":63522,"href":"https:\/\/www.notibras.com\/site\/wp-json\/wp\/v2\/posts\/63518\/revisions\/63522"}],"wp:featuredmedia":[{"embeddable":true,"href":"https:\/\/www.notibras.com\/site\/wp-json\/wp\/v2\/media\/63519"}],"wp:attachment":[{"href":"https:\/\/www.notibras.com\/site\/wp-json\/wp\/v2\/media?parent=63518"}],"wp:term":[{"taxonomy":"category","embeddable":true,"href":"https:\/\/www.notibras.com\/site\/wp-json\/wp\/v2\/categories?post=63518"},{"taxonomy":"post_tag","embeddable":true,"href":"https:\/\/www.notibras.com\/site\/wp-json\/wp\/v2\/tags?post=63518"}],"curies":[{"name":"wp","href":"https:\/\/api.w.org\/{rel}","templated":true}]}}