{"id":63529,"date":"2015-08-20T23:42:30","date_gmt":"2015-08-21T02:42:30","guid":{"rendered":"http:\/\/www.notibras.com\/site\/?p=63529"},"modified":"2015-08-21T11:19:48","modified_gmt":"2015-08-21T14:19:48","slug":"petistas-reunem-apenas-73-mil-pessoas-em-todo-o-pais-em-ato-pro-dilma","status":"publish","type":"post","link":"https:\/\/www.notibras.com\/site\/petistas-reunem-apenas-73-mil-pessoas-em-todo-o-pais-em-ato-pro-dilma\/","title":{"rendered":"Petistas re\u00fanem apenas 73 mil pessoas em todo o Pa\u00eds durante os atos em defesa de Dilma"},"content":{"rendered":"<p>Brasileiros foram \u00e0s ruas nesta quinta-feira (20) em 25 estados e no Distrito Federal com atos de apoio ao governo Dilma Rousseff. Os protestos s\u00e3o uma rea\u00e7\u00e3o organizada por partidos e entidades civis \u00e0s manifesta\u00e7\u00f5es de domingo (16), que pediram o impeachment da presidente.<\/p>\n<p>No total, foram registrados atos em 39 cidades, com 73 mil participantes, segundo a PM, e 190 mil, segundo organizadores.<\/p>\n<p>Ocorreram manifesta\u00e7\u00f5es em AL, AM, AP, BA, CE, ES, GO, MA, MG, MS, MT, PA, PB, PE, PI, PR, RJ, RN, RO, RR, RS, SC, SE, SP e TO e no DF. Os manifestantes tamb\u00e9m criticavam o presidente da C\u00e2mara dos Deputados, Eduardo Cunha, e o ajuste fiscal.<\/p>\n<p>S\u00e3o Paulo teve o maior n\u00famero de manifestantes, tanto pelas contas da PM (40 mil) quanto dos organizadores (75 mil). O protesto teve concentra\u00e7\u00e3o no Largo da Batata, na Zona Oeste, e seguiu at\u00e9 a Avenida Paulista durante a noite.<\/p>\n<p>No Rio de Janeiro, uma passeata saiu da Candel\u00e1ria com destino a Cinel\u00e2ndia, onde um palco foi montado para apresenta\u00e7\u00f5es ap\u00f3s o ato. Segundo a organiza\u00e7\u00e3o, foram 25 mil pessoas. A PM n\u00e3o fez uma estimativa de p\u00fablico.<\/p>\n","protected":false},"excerpt":{"rendered":"<p>Brasileiros foram \u00e0s ruas nesta quinta-feira (20) em 25 estados e no Distrito Federal com atos de apoio ao governo Dilma Rousseff. Os protestos s\u00e3o uma rea\u00e7\u00e3o organizada por partidos e entidades civis \u00e0s manifesta\u00e7\u00f5es de domingo (16), que pediram o impeachment da presidente. No total, foram registrados atos em 39 cidades, com 73 mil [&hellip;]<\/p>\n","protected":false},"author":2,"featured_media":63530,"comment_status":"open","ping_status":"closed","sticky":false,"template":"","format":"standard","meta":{"_acf_changed":false,"footnotes":""},"categories":[16],"tags":[],"class_list":["post-63529","post","type-post","status-publish","format-standard","has-post-thumbnail","hentry","category-brasil"],"acf":[],"yoast_head":"<!-- This site is optimized with the Yoast SEO plugin v27.2 - https:\/\/yoast.com\/product\/yoast-seo-wordpress\/ -->\n<title>Petistas re\u00fanem apenas 73 mil pessoas em todo o Pa\u00eds durante os atos em defesa de Dilma - Notibras<\/title>\n<meta name=\"robots\" content=\"index, follow, max-snippet:-1, max-image-preview:large, max-video-preview:-1\" \/>\n<link rel=\"canonical\" href=\"https:\/\/www.notibras.com\/site\/petistas-reunem-apenas-73-mil-pessoas-em-todo-o-pais-em-ato-pro-dilma\/\" \/>\n<meta property=\"og:locale\" content=\"pt_BR\" \/>\n<meta property=\"og:type\" content=\"article\" \/>\n<meta property=\"og:title\" content=\"Petistas re\u00fanem apenas 73 mil pessoas em todo o Pa\u00eds durante os atos em defesa de Dilma - Notibras\" \/>\n<meta property=\"og:description\" content=\"Brasileiros foram \u00e0s ruas nesta quinta-feira (20) em 25 estados e no Distrito Federal com atos de apoio ao governo Dilma Rousseff. Os protestos s\u00e3o uma rea\u00e7\u00e3o organizada por partidos e entidades civis \u00e0s manifesta\u00e7\u00f5es de domingo (16), que pediram o impeachment da presidente. No total, foram registrados atos em 39 cidades, com 73 mil [&hellip;]\" \/>\n<meta property=\"og:url\" content=\"https:\/\/www.notibras.com\/site\/petistas-reunem-apenas-73-mil-pessoas-em-todo-o-pais-em-ato-pro-dilma\/\" \/>\n<meta property=\"og:site_name\" content=\"Notibras\" \/>\n<meta property=\"article:publisher\" content=\"https:\/\/www.facebook.com\/notibras\/\" \/>\n<meta property=\"article:published_time\" content=\"2015-08-21T02:42:30+00:00\" \/>\n<meta property=\"article:modified_time\" content=\"2015-08-21T14:19:48+00:00\" \/>\n<meta property=\"og:image\" content=\"https:\/\/www.notibras.com\/site\/wp-content\/uploads\/2015\/08\/protesto-sp2.jpg\" \/>\n\t<meta property=\"og:image:width\" content=\"620\" \/>\n\t<meta property=\"og:image:height\" content=\"465\" \/>\n\t<meta property=\"og:image:type\" content=\"image\/jpeg\" \/>\n<meta name=\"author\" content=\"Reda\u00e7\u00e3o\" \/>\n<meta name=\"twitter:card\" content=\"summary_large_image\" \/>\n<meta name=\"twitter:creator\" content=\"@Notibras\" \/>\n<meta name=\"twitter:site\" content=\"@Notibras\" \/>\n<meta name=\"twitter:label1\" content=\"Escrito por\" \/>\n\t<meta name=\"twitter:data1\" content=\"Reda\u00e7\u00e3o\" \/>\n\t<meta name=\"twitter:label2\" content=\"Est. tempo de leitura\" \/>\n\t<meta name=\"twitter:data2\" content=\"1 minuto\" \/>\n<script type=\"application\/ld+json\" class=\"yoast-schema-graph\">{\"@context\":\"https:\/\/schema.org\",\"@graph\":[{\"@type\":\"Article\",\"@id\":\"https:\/\/www.notibras.com\/site\/petistas-reunem-apenas-73-mil-pessoas-em-todo-o-pais-em-ato-pro-dilma\/#article\",\"isPartOf\":{\"@id\":\"https:\/\/www.notibras.com\/site\/petistas-reunem-apenas-73-mil-pessoas-em-todo-o-pais-em-ato-pro-dilma\/\"},\"author\":{\"name\":\"Reda\u00e7\u00e3o\",\"@id\":\"https:\/\/www.notibras.com\/site\/#\/schema\/person\/36ab0979449956132d3e5b517ea76ac8\"},\"headline\":\"Petistas re\u00fanem apenas 73 mil pessoas em todo o Pa\u00eds durante os atos em defesa de Dilma\",\"datePublished\":\"2015-08-21T02:42:30+00:00\",\"dateModified\":\"2015-08-21T14:19:48+00:00\",\"mainEntityOfPage\":{\"@id\":\"https:\/\/www.notibras.com\/site\/petistas-reunem-apenas-73-mil-pessoas-em-todo-o-pais-em-ato-pro-dilma\/\"},\"wordCount\":215,\"commentCount\":0,\"publisher\":{\"@id\":\"https:\/\/www.notibras.com\/site\/#organization\"},\"image\":{\"@id\":\"https:\/\/www.notibras.com\/site\/petistas-reunem-apenas-73-mil-pessoas-em-todo-o-pais-em-ato-pro-dilma\/#primaryimage\"},\"thumbnailUrl\":\"https:\/\/www.notibras.com\/site\/wp-content\/uploads\/2015\/08\/protesto-sp2.jpg\",\"articleSection\":[\"Brasil\"],\"inLanguage\":\"pt-BR\",\"potentialAction\":[{\"@type\":\"CommentAction\",\"name\":\"Comment\",\"target\":[\"https:\/\/www.notibras.com\/site\/petistas-reunem-apenas-73-mil-pessoas-em-todo-o-pais-em-ato-pro-dilma\/#respond\"]}]},{\"@type\":\"WebPage\",\"@id\":\"https:\/\/www.notibras.com\/site\/petistas-reunem-apenas-73-mil-pessoas-em-todo-o-pais-em-ato-pro-dilma\/\",\"url\":\"https:\/\/www.notibras.com\/site\/petistas-reunem-apenas-73-mil-pessoas-em-todo-o-pais-em-ato-pro-dilma\/\",\"name\":\"Petistas re\u00fanem apenas 73 mil pessoas em todo o Pa\u00eds durante os atos em defesa de Dilma - Notibras\",\"isPartOf\":{\"@id\":\"https:\/\/www.notibras.com\/site\/#website\"},\"primaryImageOfPage\":{\"@id\":\"https:\/\/www.notibras.com\/site\/petistas-reunem-apenas-73-mil-pessoas-em-todo-o-pais-em-ato-pro-dilma\/#primaryimage\"},\"image\":{\"@id\":\"https:\/\/www.notibras.com\/site\/petistas-reunem-apenas-73-mil-pessoas-em-todo-o-pais-em-ato-pro-dilma\/#primaryimage\"},\"thumbnailUrl\":\"https:\/\/www.notibras.com\/site\/wp-content\/uploads\/2015\/08\/protesto-sp2.jpg\",\"datePublished\":\"2015-08-21T02:42:30+00:00\",\"dateModified\":\"2015-08-21T14:19:48+00:00\",\"breadcrumb\":{\"@id\":\"https:\/\/www.notibras.com\/site\/petistas-reunem-apenas-73-mil-pessoas-em-todo-o-pais-em-ato-pro-dilma\/#breadcrumb\"},\"inLanguage\":\"pt-BR\",\"potentialAction\":[{\"@type\":\"ReadAction\",\"target\":[\"https:\/\/www.notibras.com\/site\/petistas-reunem-apenas-73-mil-pessoas-em-todo-o-pais-em-ato-pro-dilma\/\"]}]},{\"@type\":\"ImageObject\",\"inLanguage\":\"pt-BR\",\"@id\":\"https:\/\/www.notibras.com\/site\/petistas-reunem-apenas-73-mil-pessoas-em-todo-o-pais-em-ato-pro-dilma\/#primaryimage\",\"url\":\"https:\/\/www.notibras.com\/site\/wp-content\/uploads\/2015\/08\/protesto-sp2.jpg\",\"contentUrl\":\"https:\/\/www.notibras.com\/site\/wp-content\/uploads\/2015\/08\/protesto-sp2.jpg\",\"width\":620,\"height\":465},{\"@type\":\"BreadcrumbList\",\"@id\":\"https:\/\/www.notibras.com\/site\/petistas-reunem-apenas-73-mil-pessoas-em-todo-o-pais-em-ato-pro-dilma\/#breadcrumb\",\"itemListElement\":[{\"@type\":\"ListItem\",\"position\":1,\"name\":\"In\u00edcio\",\"item\":\"https:\/\/www.notibras.com\/site\/\"},{\"@type\":\"ListItem\",\"position\":2,\"name\":\"Petistas re\u00fanem apenas 73 mil pessoas em todo o Pa\u00eds durante os atos em defesa de Dilma\"}]},{\"@type\":\"WebSite\",\"@id\":\"https:\/\/www.notibras.com\/site\/#website\",\"url\":\"https:\/\/www.notibras.com\/site\/\",\"name\":\"Notibras\",\"description\":\"Not\u00edcias de Bras\u00edlia, do Brasil e do Mundo\",\"publisher\":{\"@id\":\"https:\/\/www.notibras.com\/site\/#organization\"},\"potentialAction\":[{\"@type\":\"SearchAction\",\"target\":{\"@type\":\"EntryPoint\",\"urlTemplate\":\"https:\/\/www.notibras.com\/site\/?s={search_term_string}\"},\"query-input\":{\"@type\":\"PropertyValueSpecification\",\"valueRequired\":true,\"valueName\":\"search_term_string\"}}],\"inLanguage\":\"pt-BR\"},{\"@type\":\"Organization\",\"@id\":\"https:\/\/www.notibras.com\/site\/#organization\",\"name\":\"Grupo Notibras de Comunica\u00e7\u00e3o\",\"url\":\"https:\/\/www.notibras.com\/site\/\",\"logo\":{\"@type\":\"ImageObject\",\"inLanguage\":\"pt-BR\",\"@id\":\"https:\/\/www.notibras.com\/site\/#\/schema\/logo\/image\/\",\"url\":\"https:\/\/www.notibras.com\/site\/wp-content\/uploads\/2023\/01\/notibras23.png\",\"contentUrl\":\"https:\/\/www.notibras.com\/site\/wp-content\/uploads\/2023\/01\/notibras23.png\",\"width\":350,\"height\":87,\"caption\":\"Grupo Notibras de Comunica\u00e7\u00e3o\"},\"image\":{\"@id\":\"https:\/\/www.notibras.com\/site\/#\/schema\/logo\/image\/\"},\"sameAs\":[\"https:\/\/www.facebook.com\/notibras\/\",\"https:\/\/x.com\/Notibras\",\"https:\/\/www.instagram.com\/notibras\/\"]},{\"@type\":\"Person\",\"@id\":\"https:\/\/www.notibras.com\/site\/#\/schema\/person\/36ab0979449956132d3e5b517ea76ac8\",\"name\":\"Reda\u00e7\u00e3o\",\"image\":{\"@type\":\"ImageObject\",\"inLanguage\":\"pt-BR\",\"@id\":\"https:\/\/secure.gravatar.com\/avatar\/e0a867bdedb85fd243eadf09663511f96fc81e0720a4a42581f334ad4303aa6b?s=96&d=mm&r=g\",\"url\":\"https:\/\/secure.gravatar.com\/avatar\/e0a867bdedb85fd243eadf09663511f96fc81e0720a4a42581f334ad4303aa6b?s=96&d=mm&r=g\",\"contentUrl\":\"https:\/\/secure.gravatar.com\/avatar\/e0a867bdedb85fd243eadf09663511f96fc81e0720a4a42581f334ad4303aa6b?s=96&d=mm&r=g\",\"caption\":\"Reda\u00e7\u00e3o\"}}]}<\/script>\n<!-- \/ Yoast SEO plugin. -->","yoast_head_json":{"title":"Petistas re\u00fanem apenas 73 mil pessoas em todo o Pa\u00eds durante os atos em defesa de Dilma - Notibras","robots":{"index":"index","follow":"follow","max-snippet":"max-snippet:-1","max-image-preview":"max-image-preview:large","max-video-preview":"max-video-preview:-1"},"canonical":"https:\/\/www.notibras.com\/site\/petistas-reunem-apenas-73-mil-pessoas-em-todo-o-pais-em-ato-pro-dilma\/","og_locale":"pt_BR","og_type":"article","og_title":"Petistas re\u00fanem apenas 73 mil pessoas em todo o Pa\u00eds durante os atos em defesa de Dilma - Notibras","og_description":"Brasileiros foram \u00e0s ruas nesta quinta-feira (20) em 25 estados e no Distrito Federal com atos de apoio ao governo Dilma Rousseff. Os protestos s\u00e3o uma rea\u00e7\u00e3o organizada por partidos e entidades civis \u00e0s manifesta\u00e7\u00f5es de domingo (16), que pediram o impeachment da presidente. No total, foram registrados atos em 39 cidades, com 73 mil [&hellip;]","og_url":"https:\/\/www.notibras.com\/site\/petistas-reunem-apenas-73-mil-pessoas-em-todo-o-pais-em-ato-pro-dilma\/","og_site_name":"Notibras","article_publisher":"https:\/\/www.facebook.com\/notibras\/","article_published_time":"2015-08-21T02:42:30+00:00","article_modified_time":"2015-08-21T14:19:48+00:00","og_image":[{"width":620,"height":465,"url":"https:\/\/www.notibras.com\/site\/wp-content\/uploads\/2015\/08\/protesto-sp2.jpg","type":"image\/jpeg"}],"author":"Reda\u00e7\u00e3o","twitter_card":"summary_large_image","twitter_creator":"@Notibras","twitter_site":"@Notibras","twitter_misc":{"Escrito por":"Reda\u00e7\u00e3o","Est. tempo de leitura":"1 minuto"},"schema":{"@context":"https:\/\/schema.org","@graph":[{"@type":"Article","@id":"https:\/\/www.notibras.com\/site\/petistas-reunem-apenas-73-mil-pessoas-em-todo-o-pais-em-ato-pro-dilma\/#article","isPartOf":{"@id":"https:\/\/www.notibras.com\/site\/petistas-reunem-apenas-73-mil-pessoas-em-todo-o-pais-em-ato-pro-dilma\/"},"author":{"name":"Reda\u00e7\u00e3o","@id":"https:\/\/www.notibras.com\/site\/#\/schema\/person\/36ab0979449956132d3e5b517ea76ac8"},"headline":"Petistas re\u00fanem apenas 73 mil pessoas em todo o Pa\u00eds durante os atos em defesa de Dilma","datePublished":"2015-08-21T02:42:30+00:00","dateModified":"2015-08-21T14:19:48+00:00","mainEntityOfPage":{"@id":"https:\/\/www.notibras.com\/site\/petistas-reunem-apenas-73-mil-pessoas-em-todo-o-pais-em-ato-pro-dilma\/"},"wordCount":215,"commentCount":0,"publisher":{"@id":"https:\/\/www.notibras.com\/site\/#organization"},"image":{"@id":"https:\/\/www.notibras.com\/site\/petistas-reunem-apenas-73-mil-pessoas-em-todo-o-pais-em-ato-pro-dilma\/#primaryimage"},"thumbnailUrl":"https:\/\/www.notibras.com\/site\/wp-content\/uploads\/2015\/08\/protesto-sp2.jpg","articleSection":["Brasil"],"inLanguage":"pt-BR","potentialAction":[{"@type":"CommentAction","name":"Comment","target":["https:\/\/www.notibras.com\/site\/petistas-reunem-apenas-73-mil-pessoas-em-todo-o-pais-em-ato-pro-dilma\/#respond"]}]},{"@type":"WebPage","@id":"https:\/\/www.notibras.com\/site\/petistas-reunem-apenas-73-mil-pessoas-em-todo-o-pais-em-ato-pro-dilma\/","url":"https:\/\/www.notibras.com\/site\/petistas-reunem-apenas-73-mil-pessoas-em-todo-o-pais-em-ato-pro-dilma\/","name":"Petistas re\u00fanem apenas 73 mil pessoas em todo o Pa\u00eds durante os atos em defesa de Dilma - Notibras","isPartOf":{"@id":"https:\/\/www.notibras.com\/site\/#website"},"primaryImageOfPage":{"@id":"https:\/\/www.notibras.com\/site\/petistas-reunem-apenas-73-mil-pessoas-em-todo-o-pais-em-ato-pro-dilma\/#primaryimage"},"image":{"@id":"https:\/\/www.notibras.com\/site\/petistas-reunem-apenas-73-mil-pessoas-em-todo-o-pais-em-ato-pro-dilma\/#primaryimage"},"thumbnailUrl":"https:\/\/www.notibras.com\/site\/wp-content\/uploads\/2015\/08\/protesto-sp2.jpg","datePublished":"2015-08-21T02:42:30+00:00","dateModified":"2015-08-21T14:19:48+00:00","breadcrumb":{"@id":"https:\/\/www.notibras.com\/site\/petistas-reunem-apenas-73-mil-pessoas-em-todo-o-pais-em-ato-pro-dilma\/#breadcrumb"},"inLanguage":"pt-BR","potentialAction":[{"@type":"ReadAction","target":["https:\/\/www.notibras.com\/site\/petistas-reunem-apenas-73-mil-pessoas-em-todo-o-pais-em-ato-pro-dilma\/"]}]},{"@type":"ImageObject","inLanguage":"pt-BR","@id":"https:\/\/www.notibras.com\/site\/petistas-reunem-apenas-73-mil-pessoas-em-todo-o-pais-em-ato-pro-dilma\/#primaryimage","url":"https:\/\/www.notibras.com\/site\/wp-content\/uploads\/2015\/08\/protesto-sp2.jpg","contentUrl":"https:\/\/www.notibras.com\/site\/wp-content\/uploads\/2015\/08\/protesto-sp2.jpg","width":620,"height":465},{"@type":"BreadcrumbList","@id":"https:\/\/www.notibras.com\/site\/petistas-reunem-apenas-73-mil-pessoas-em-todo-o-pais-em-ato-pro-dilma\/#breadcrumb","itemListElement":[{"@type":"ListItem","position":1,"name":"In\u00edcio","item":"https:\/\/www.notibras.com\/site\/"},{"@type":"ListItem","position":2,"name":"Petistas re\u00fanem apenas 73 mil pessoas em todo o Pa\u00eds durante os atos em defesa de Dilma"}]},{"@type":"WebSite","@id":"https:\/\/www.notibras.com\/site\/#website","url":"https:\/\/www.notibras.com\/site\/","name":"Notibras","description":"Not\u00edcias de Bras\u00edlia, do Brasil e do Mundo","publisher":{"@id":"https:\/\/www.notibras.com\/site\/#organization"},"potentialAction":[{"@type":"SearchAction","target":{"@type":"EntryPoint","urlTemplate":"https:\/\/www.notibras.com\/site\/?s={search_term_string}"},"query-input":{"@type":"PropertyValueSpecification","valueRequired":true,"valueName":"search_term_string"}}],"inLanguage":"pt-BR"},{"@type":"Organization","@id":"https:\/\/www.notibras.com\/site\/#organization","name":"Grupo Notibras de Comunica\u00e7\u00e3o","url":"https:\/\/www.notibras.com\/site\/","logo":{"@type":"ImageObject","inLanguage":"pt-BR","@id":"https:\/\/www.notibras.com\/site\/#\/schema\/logo\/image\/","url":"https:\/\/www.notibras.com\/site\/wp-content\/uploads\/2023\/01\/notibras23.png","contentUrl":"https:\/\/www.notibras.com\/site\/wp-content\/uploads\/2023\/01\/notibras23.png","width":350,"height":87,"caption":"Grupo Notibras de Comunica\u00e7\u00e3o"},"image":{"@id":"https:\/\/www.notibras.com\/site\/#\/schema\/logo\/image\/"},"sameAs":["https:\/\/www.facebook.com\/notibras\/","https:\/\/x.com\/Notibras","https:\/\/www.instagram.com\/notibras\/"]},{"@type":"Person","@id":"https:\/\/www.notibras.com\/site\/#\/schema\/person\/36ab0979449956132d3e5b517ea76ac8","name":"Reda\u00e7\u00e3o","image":{"@type":"ImageObject","inLanguage":"pt-BR","@id":"https:\/\/secure.gravatar.com\/avatar\/e0a867bdedb85fd243eadf09663511f96fc81e0720a4a42581f334ad4303aa6b?s=96&d=mm&r=g","url":"https:\/\/secure.gravatar.com\/avatar\/e0a867bdedb85fd243eadf09663511f96fc81e0720a4a42581f334ad4303aa6b?s=96&d=mm&r=g","contentUrl":"https:\/\/secure.gravatar.com\/avatar\/e0a867bdedb85fd243eadf09663511f96fc81e0720a4a42581f334ad4303aa6b?s=96&d=mm&r=g","caption":"Reda\u00e7\u00e3o"}}]}},"amp_enabled":true,"_links":{"self":[{"href":"https:\/\/www.notibras.com\/site\/wp-json\/wp\/v2\/posts\/63529","targetHints":{"allow":["GET"]}}],"collection":[{"href":"https:\/\/www.notibras.com\/site\/wp-json\/wp\/v2\/posts"}],"about":[{"href":"https:\/\/www.notibras.com\/site\/wp-json\/wp\/v2\/types\/post"}],"author":[{"embeddable":true,"href":"https:\/\/www.notibras.com\/site\/wp-json\/wp\/v2\/users\/2"}],"replies":[{"embeddable":true,"href":"https:\/\/www.notibras.com\/site\/wp-json\/wp\/v2\/comments?post=63529"}],"version-history":[{"count":5,"href":"https:\/\/www.notibras.com\/site\/wp-json\/wp\/v2\/posts\/63529\/revisions"}],"predecessor-version":[{"id":63618,"href":"https:\/\/www.notibras.com\/site\/wp-json\/wp\/v2\/posts\/63529\/revisions\/63618"}],"wp:featuredmedia":[{"embeddable":true,"href":"https:\/\/www.notibras.com\/site\/wp-json\/wp\/v2\/media\/63530"}],"wp:attachment":[{"href":"https:\/\/www.notibras.com\/site\/wp-json\/wp\/v2\/media?parent=63529"}],"wp:term":[{"taxonomy":"category","embeddable":true,"href":"https:\/\/www.notibras.com\/site\/wp-json\/wp\/v2\/categories?post=63529"},{"taxonomy":"post_tag","embeddable":true,"href":"https:\/\/www.notibras.com\/site\/wp-json\/wp\/v2\/tags?post=63529"}],"curies":[{"name":"wp","href":"https:\/\/api.w.org\/{rel}","templated":true}]}}