{"id":63595,"date":"2015-08-21T10:57:47","date_gmt":"2015-08-21T13:57:47","guid":{"rendered":"http:\/\/www.notibras.com\/site\/?p=63595"},"modified":"2015-08-21T11:00:08","modified_gmt":"2015-08-21T14:00:08","slug":"idoso-brasileiro-acima-dos-60-precisa-de-ajuda-para-comer-tomar-banho-e-vestir-se","status":"publish","type":"post","link":"https:\/\/www.notibras.com\/site\/idoso-brasileiro-acima-dos-60-precisa-de-ajuda-para-comer-tomar-banho-e-vestir-se\/","title":{"rendered":"Idoso brasileiro acima dos 60 precisa de ajuda para comer, tomar banho e at\u00e9 se vestir"},"content":{"rendered":"<p>Cerca de 6,8% das pessoas com 60 anos ou mais de idade tinham algum tipo de limita\u00e7\u00e3o funcional, como comer, tomar banho, vestir-se ou ir ao banheiro. A pesquisa tamb\u00e9m verificou que 84% desse grupo, que representava cerca de 13% da popula\u00e7\u00e3o brasileira no per\u00edodo estudado, precisavam de ajuda para realizar tarefas. E 10,9% n\u00e3o tinham ajuda.<\/p>\n<p>Os dados fazem parte da Pesquisa Nacional de Sa\u00fade, divulgada nesta sexta\u00a0(21), pelo Instituto Brasileiro de Geografia e Estat\u00edstica (IBGE).<\/p>\n<p>Quase 18% dos que recebiam ajuda pagavam pelos cuidados e quase 79% recebiam cuidados de parentes. No grupo que tinha 75 anos ou mais, 15,6% tinham alguma limita\u00e7\u00e3o funcional.<\/p>\n<p>O estudo tamb\u00e9m investigou limita\u00e7\u00f5es para exercer atividades que chamaram de instrumentais da vida di\u00e1ria, como fazer compras, cuidar do pr\u00f3prio dinheiro, tomar medicamentos e utilizar meios de transporte. Foi constatado que 17,3% das pessoas com 60 anos ou mais tinham limita\u00e7\u00e3o funcional para exercer essas atividades, sendo a maioria de mulheres. A Regi\u00e3o Nordeste apresentou a maior propor\u00e7\u00e3o nesse indicador, 22%.<\/p>\n<p>Segundo a pesquisa, quanto maior o n\u00edvel de instru\u00e7\u00e3o menor \u00e9 a propor\u00e7\u00e3o de pessoas com algum tipo de limita\u00e7\u00e3o. Quase 28% dos idosos sem instru\u00e7\u00e3o tinham limita\u00e7\u00e3o funcional para atividades instrumentais. No grupo com ensino fundamental incompleto, o percentual dos que tinham limita\u00e7\u00e3o funcional era quase 16%. O percentual dos que tinham o fundamental completo ou mais anos de estudo era 7,9%.<\/p>\n<p>Em 2013, somente 24,4% das pessoas com 60 anos ou mais participavam de atividades sociais organizadas, como clubes, grupos comunit\u00e1rios ou religiosos. A Regi\u00e3o Nordeste registrou a menor propor\u00e7\u00e3o desse indicador (21%). As mulheres participavam mais dessas atividades (28,1%) do que os homens (19,8%).<\/p>\n<p><strong>Fl\u00e1via Vilella &#8211; ABr<\/strong><\/p>\n","protected":false},"excerpt":{"rendered":"<p>Cerca de 6,8% das pessoas com 60 anos ou mais de idade tinham algum tipo de limita\u00e7\u00e3o funcional, como comer, tomar banho, vestir-se ou ir ao banheiro. A pesquisa tamb\u00e9m verificou que 84% desse grupo, que representava cerca de 13% da popula\u00e7\u00e3o brasileira no per\u00edodo estudado, precisavam de ajuda para realizar tarefas. E 10,9% n\u00e3o [&hellip;]<\/p>\n","protected":false},"author":2,"featured_media":63596,"comment_status":"open","ping_status":"closed","sticky":false,"template":"","format":"standard","meta":{"_acf_changed":false,"footnotes":""},"categories":[16],"tags":[],"class_list":["post-63595","post","type-post","status-publish","format-standard","has-post-thumbnail","hentry","category-brasil"],"acf":[],"yoast_head":"<!-- This site is optimized with the Yoast SEO plugin v27.2 - https:\/\/yoast.com\/product\/yoast-seo-wordpress\/ -->\n<title>Idoso brasileiro acima dos 60 precisa de ajuda para comer, tomar banho e at\u00e9 se vestir - Notibras<\/title>\n<meta name=\"robots\" content=\"index, follow, max-snippet:-1, max-image-preview:large, max-video-preview:-1\" \/>\n<link rel=\"canonical\" href=\"https:\/\/www.notibras.com\/site\/idoso-brasileiro-acima-dos-60-precisa-de-ajuda-para-comer-tomar-banho-e-vestir-se\/\" \/>\n<meta property=\"og:locale\" content=\"pt_BR\" \/>\n<meta property=\"og:type\" content=\"article\" \/>\n<meta property=\"og:title\" content=\"Idoso brasileiro acima dos 60 precisa de ajuda para comer, tomar banho e at\u00e9 se vestir - Notibras\" \/>\n<meta property=\"og:description\" content=\"Cerca de 6,8% das pessoas com 60 anos ou mais de idade tinham algum tipo de limita\u00e7\u00e3o funcional, como comer, tomar banho, vestir-se ou ir ao banheiro. A pesquisa tamb\u00e9m verificou que 84% desse grupo, que representava cerca de 13% da popula\u00e7\u00e3o brasileira no per\u00edodo estudado, precisavam de ajuda para realizar tarefas. E 10,9% n\u00e3o [&hellip;]\" \/>\n<meta property=\"og:url\" content=\"https:\/\/www.notibras.com\/site\/idoso-brasileiro-acima-dos-60-precisa-de-ajuda-para-comer-tomar-banho-e-vestir-se\/\" \/>\n<meta property=\"og:site_name\" content=\"Notibras\" \/>\n<meta property=\"article:publisher\" content=\"https:\/\/www.facebook.com\/notibras\/\" \/>\n<meta property=\"article:published_time\" content=\"2015-08-21T13:57:47+00:00\" \/>\n<meta property=\"article:modified_time\" content=\"2015-08-21T14:00:08+00:00\" \/>\n<meta property=\"og:image\" content=\"https:\/\/www.notibras.com\/site\/wp-content\/uploads\/2015\/08\/natal_lar_sao_jose_0478.jpg\" \/>\n\t<meta property=\"og:image:width\" content=\"580\" \/>\n\t<meta property=\"og:image:height\" content=\"388\" \/>\n\t<meta property=\"og:image:type\" content=\"image\/jpeg\" \/>\n<meta name=\"author\" content=\"Reda\u00e7\u00e3o\" \/>\n<meta name=\"twitter:card\" content=\"summary_large_image\" \/>\n<meta name=\"twitter:creator\" content=\"@Notibras\" \/>\n<meta name=\"twitter:site\" content=\"@Notibras\" \/>\n<meta name=\"twitter:label1\" content=\"Escrito por\" \/>\n\t<meta name=\"twitter:data1\" content=\"Reda\u00e7\u00e3o\" \/>\n\t<meta name=\"twitter:label2\" content=\"Est. tempo de leitura\" \/>\n\t<meta name=\"twitter:data2\" content=\"1 minuto\" \/>\n<script type=\"application\/ld+json\" class=\"yoast-schema-graph\">{\"@context\":\"https:\/\/schema.org\",\"@graph\":[{\"@type\":\"Article\",\"@id\":\"https:\/\/www.notibras.com\/site\/idoso-brasileiro-acima-dos-60-precisa-de-ajuda-para-comer-tomar-banho-e-vestir-se\/#article\",\"isPartOf\":{\"@id\":\"https:\/\/www.notibras.com\/site\/idoso-brasileiro-acima-dos-60-precisa-de-ajuda-para-comer-tomar-banho-e-vestir-se\/\"},\"author\":{\"name\":\"Reda\u00e7\u00e3o\",\"@id\":\"https:\/\/www.notibras.com\/site\/#\/schema\/person\/36ab0979449956132d3e5b517ea76ac8\"},\"headline\":\"Idoso brasileiro acima dos 60 precisa de ajuda para comer, tomar banho e at\u00e9 se vestir\",\"datePublished\":\"2015-08-21T13:57:47+00:00\",\"dateModified\":\"2015-08-21T14:00:08+00:00\",\"mainEntityOfPage\":{\"@id\":\"https:\/\/www.notibras.com\/site\/idoso-brasileiro-acima-dos-60-precisa-de-ajuda-para-comer-tomar-banho-e-vestir-se\/\"},\"wordCount\":298,\"commentCount\":0,\"publisher\":{\"@id\":\"https:\/\/www.notibras.com\/site\/#organization\"},\"image\":{\"@id\":\"https:\/\/www.notibras.com\/site\/idoso-brasileiro-acima-dos-60-precisa-de-ajuda-para-comer-tomar-banho-e-vestir-se\/#primaryimage\"},\"thumbnailUrl\":\"https:\/\/www.notibras.com\/site\/wp-content\/uploads\/2015\/08\/natal_lar_sao_jose_0478.jpg\",\"articleSection\":[\"Brasil\"],\"inLanguage\":\"pt-BR\",\"potentialAction\":[{\"@type\":\"CommentAction\",\"name\":\"Comment\",\"target\":[\"https:\/\/www.notibras.com\/site\/idoso-brasileiro-acima-dos-60-precisa-de-ajuda-para-comer-tomar-banho-e-vestir-se\/#respond\"]}]},{\"@type\":\"WebPage\",\"@id\":\"https:\/\/www.notibras.com\/site\/idoso-brasileiro-acima-dos-60-precisa-de-ajuda-para-comer-tomar-banho-e-vestir-se\/\",\"url\":\"https:\/\/www.notibras.com\/site\/idoso-brasileiro-acima-dos-60-precisa-de-ajuda-para-comer-tomar-banho-e-vestir-se\/\",\"name\":\"Idoso brasileiro acima dos 60 precisa de ajuda para comer, tomar banho e at\u00e9 se vestir - Notibras\",\"isPartOf\":{\"@id\":\"https:\/\/www.notibras.com\/site\/#website\"},\"primaryImageOfPage\":{\"@id\":\"https:\/\/www.notibras.com\/site\/idoso-brasileiro-acima-dos-60-precisa-de-ajuda-para-comer-tomar-banho-e-vestir-se\/#primaryimage\"},\"image\":{\"@id\":\"https:\/\/www.notibras.com\/site\/idoso-brasileiro-acima-dos-60-precisa-de-ajuda-para-comer-tomar-banho-e-vestir-se\/#primaryimage\"},\"thumbnailUrl\":\"https:\/\/www.notibras.com\/site\/wp-content\/uploads\/2015\/08\/natal_lar_sao_jose_0478.jpg\",\"datePublished\":\"2015-08-21T13:57:47+00:00\",\"dateModified\":\"2015-08-21T14:00:08+00:00\",\"breadcrumb\":{\"@id\":\"https:\/\/www.notibras.com\/site\/idoso-brasileiro-acima-dos-60-precisa-de-ajuda-para-comer-tomar-banho-e-vestir-se\/#breadcrumb\"},\"inLanguage\":\"pt-BR\",\"potentialAction\":[{\"@type\":\"ReadAction\",\"target\":[\"https:\/\/www.notibras.com\/site\/idoso-brasileiro-acima-dos-60-precisa-de-ajuda-para-comer-tomar-banho-e-vestir-se\/\"]}]},{\"@type\":\"ImageObject\",\"inLanguage\":\"pt-BR\",\"@id\":\"https:\/\/www.notibras.com\/site\/idoso-brasileiro-acima-dos-60-precisa-de-ajuda-para-comer-tomar-banho-e-vestir-se\/#primaryimage\",\"url\":\"https:\/\/www.notibras.com\/site\/wp-content\/uploads\/2015\/08\/natal_lar_sao_jose_0478.jpg\",\"contentUrl\":\"https:\/\/www.notibras.com\/site\/wp-content\/uploads\/2015\/08\/natal_lar_sao_jose_0478.jpg\",\"width\":580,\"height\":388},{\"@type\":\"BreadcrumbList\",\"@id\":\"https:\/\/www.notibras.com\/site\/idoso-brasileiro-acima-dos-60-precisa-de-ajuda-para-comer-tomar-banho-e-vestir-se\/#breadcrumb\",\"itemListElement\":[{\"@type\":\"ListItem\",\"position\":1,\"name\":\"In\u00edcio\",\"item\":\"https:\/\/www.notibras.com\/site\/\"},{\"@type\":\"ListItem\",\"position\":2,\"name\":\"Idoso brasileiro acima dos 60 precisa de ajuda para comer, tomar banho e at\u00e9 se vestir\"}]},{\"@type\":\"WebSite\",\"@id\":\"https:\/\/www.notibras.com\/site\/#website\",\"url\":\"https:\/\/www.notibras.com\/site\/\",\"name\":\"Notibras\",\"description\":\"Not\u00edcias de Bras\u00edlia, do Brasil e do Mundo\",\"publisher\":{\"@id\":\"https:\/\/www.notibras.com\/site\/#organization\"},\"potentialAction\":[{\"@type\":\"SearchAction\",\"target\":{\"@type\":\"EntryPoint\",\"urlTemplate\":\"https:\/\/www.notibras.com\/site\/?s={search_term_string}\"},\"query-input\":{\"@type\":\"PropertyValueSpecification\",\"valueRequired\":true,\"valueName\":\"search_term_string\"}}],\"inLanguage\":\"pt-BR\"},{\"@type\":\"Organization\",\"@id\":\"https:\/\/www.notibras.com\/site\/#organization\",\"name\":\"Grupo Notibras de Comunica\u00e7\u00e3o\",\"url\":\"https:\/\/www.notibras.com\/site\/\",\"logo\":{\"@type\":\"ImageObject\",\"inLanguage\":\"pt-BR\",\"@id\":\"https:\/\/www.notibras.com\/site\/#\/schema\/logo\/image\/\",\"url\":\"https:\/\/www.notibras.com\/site\/wp-content\/uploads\/2023\/01\/notibras23.png\",\"contentUrl\":\"https:\/\/www.notibras.com\/site\/wp-content\/uploads\/2023\/01\/notibras23.png\",\"width\":350,\"height\":87,\"caption\":\"Grupo Notibras de Comunica\u00e7\u00e3o\"},\"image\":{\"@id\":\"https:\/\/www.notibras.com\/site\/#\/schema\/logo\/image\/\"},\"sameAs\":[\"https:\/\/www.facebook.com\/notibras\/\",\"https:\/\/x.com\/Notibras\",\"https:\/\/www.instagram.com\/notibras\/\"]},{\"@type\":\"Person\",\"@id\":\"https:\/\/www.notibras.com\/site\/#\/schema\/person\/36ab0979449956132d3e5b517ea76ac8\",\"name\":\"Reda\u00e7\u00e3o\",\"image\":{\"@type\":\"ImageObject\",\"inLanguage\":\"pt-BR\",\"@id\":\"https:\/\/secure.gravatar.com\/avatar\/e0a867bdedb85fd243eadf09663511f96fc81e0720a4a42581f334ad4303aa6b?s=96&d=mm&r=g\",\"url\":\"https:\/\/secure.gravatar.com\/avatar\/e0a867bdedb85fd243eadf09663511f96fc81e0720a4a42581f334ad4303aa6b?s=96&d=mm&r=g\",\"contentUrl\":\"https:\/\/secure.gravatar.com\/avatar\/e0a867bdedb85fd243eadf09663511f96fc81e0720a4a42581f334ad4303aa6b?s=96&d=mm&r=g\",\"caption\":\"Reda\u00e7\u00e3o\"}}]}<\/script>\n<!-- \/ Yoast SEO plugin. -->","yoast_head_json":{"title":"Idoso brasileiro acima dos 60 precisa de ajuda para comer, tomar banho e at\u00e9 se vestir - Notibras","robots":{"index":"index","follow":"follow","max-snippet":"max-snippet:-1","max-image-preview":"max-image-preview:large","max-video-preview":"max-video-preview:-1"},"canonical":"https:\/\/www.notibras.com\/site\/idoso-brasileiro-acima-dos-60-precisa-de-ajuda-para-comer-tomar-banho-e-vestir-se\/","og_locale":"pt_BR","og_type":"article","og_title":"Idoso brasileiro acima dos 60 precisa de ajuda para comer, tomar banho e at\u00e9 se vestir - Notibras","og_description":"Cerca de 6,8% das pessoas com 60 anos ou mais de idade tinham algum tipo de limita\u00e7\u00e3o funcional, como comer, tomar banho, vestir-se ou ir ao banheiro. A pesquisa tamb\u00e9m verificou que 84% desse grupo, que representava cerca de 13% da popula\u00e7\u00e3o brasileira no per\u00edodo estudado, precisavam de ajuda para realizar tarefas. E 10,9% n\u00e3o [&hellip;]","og_url":"https:\/\/www.notibras.com\/site\/idoso-brasileiro-acima-dos-60-precisa-de-ajuda-para-comer-tomar-banho-e-vestir-se\/","og_site_name":"Notibras","article_publisher":"https:\/\/www.facebook.com\/notibras\/","article_published_time":"2015-08-21T13:57:47+00:00","article_modified_time":"2015-08-21T14:00:08+00:00","og_image":[{"width":580,"height":388,"url":"https:\/\/www.notibras.com\/site\/wp-content\/uploads\/2015\/08\/natal_lar_sao_jose_0478.jpg","type":"image\/jpeg"}],"author":"Reda\u00e7\u00e3o","twitter_card":"summary_large_image","twitter_creator":"@Notibras","twitter_site":"@Notibras","twitter_misc":{"Escrito por":"Reda\u00e7\u00e3o","Est. tempo de leitura":"1 minuto"},"schema":{"@context":"https:\/\/schema.org","@graph":[{"@type":"Article","@id":"https:\/\/www.notibras.com\/site\/idoso-brasileiro-acima-dos-60-precisa-de-ajuda-para-comer-tomar-banho-e-vestir-se\/#article","isPartOf":{"@id":"https:\/\/www.notibras.com\/site\/idoso-brasileiro-acima-dos-60-precisa-de-ajuda-para-comer-tomar-banho-e-vestir-se\/"},"author":{"name":"Reda\u00e7\u00e3o","@id":"https:\/\/www.notibras.com\/site\/#\/schema\/person\/36ab0979449956132d3e5b517ea76ac8"},"headline":"Idoso brasileiro acima dos 60 precisa de ajuda para comer, tomar banho e at\u00e9 se vestir","datePublished":"2015-08-21T13:57:47+00:00","dateModified":"2015-08-21T14:00:08+00:00","mainEntityOfPage":{"@id":"https:\/\/www.notibras.com\/site\/idoso-brasileiro-acima-dos-60-precisa-de-ajuda-para-comer-tomar-banho-e-vestir-se\/"},"wordCount":298,"commentCount":0,"publisher":{"@id":"https:\/\/www.notibras.com\/site\/#organization"},"image":{"@id":"https:\/\/www.notibras.com\/site\/idoso-brasileiro-acima-dos-60-precisa-de-ajuda-para-comer-tomar-banho-e-vestir-se\/#primaryimage"},"thumbnailUrl":"https:\/\/www.notibras.com\/site\/wp-content\/uploads\/2015\/08\/natal_lar_sao_jose_0478.jpg","articleSection":["Brasil"],"inLanguage":"pt-BR","potentialAction":[{"@type":"CommentAction","name":"Comment","target":["https:\/\/www.notibras.com\/site\/idoso-brasileiro-acima-dos-60-precisa-de-ajuda-para-comer-tomar-banho-e-vestir-se\/#respond"]}]},{"@type":"WebPage","@id":"https:\/\/www.notibras.com\/site\/idoso-brasileiro-acima-dos-60-precisa-de-ajuda-para-comer-tomar-banho-e-vestir-se\/","url":"https:\/\/www.notibras.com\/site\/idoso-brasileiro-acima-dos-60-precisa-de-ajuda-para-comer-tomar-banho-e-vestir-se\/","name":"Idoso brasileiro acima dos 60 precisa de ajuda para comer, tomar banho e at\u00e9 se vestir - Notibras","isPartOf":{"@id":"https:\/\/www.notibras.com\/site\/#website"},"primaryImageOfPage":{"@id":"https:\/\/www.notibras.com\/site\/idoso-brasileiro-acima-dos-60-precisa-de-ajuda-para-comer-tomar-banho-e-vestir-se\/#primaryimage"},"image":{"@id":"https:\/\/www.notibras.com\/site\/idoso-brasileiro-acima-dos-60-precisa-de-ajuda-para-comer-tomar-banho-e-vestir-se\/#primaryimage"},"thumbnailUrl":"https:\/\/www.notibras.com\/site\/wp-content\/uploads\/2015\/08\/natal_lar_sao_jose_0478.jpg","datePublished":"2015-08-21T13:57:47+00:00","dateModified":"2015-08-21T14:00:08+00:00","breadcrumb":{"@id":"https:\/\/www.notibras.com\/site\/idoso-brasileiro-acima-dos-60-precisa-de-ajuda-para-comer-tomar-banho-e-vestir-se\/#breadcrumb"},"inLanguage":"pt-BR","potentialAction":[{"@type":"ReadAction","target":["https:\/\/www.notibras.com\/site\/idoso-brasileiro-acima-dos-60-precisa-de-ajuda-para-comer-tomar-banho-e-vestir-se\/"]}]},{"@type":"ImageObject","inLanguage":"pt-BR","@id":"https:\/\/www.notibras.com\/site\/idoso-brasileiro-acima-dos-60-precisa-de-ajuda-para-comer-tomar-banho-e-vestir-se\/#primaryimage","url":"https:\/\/www.notibras.com\/site\/wp-content\/uploads\/2015\/08\/natal_lar_sao_jose_0478.jpg","contentUrl":"https:\/\/www.notibras.com\/site\/wp-content\/uploads\/2015\/08\/natal_lar_sao_jose_0478.jpg","width":580,"height":388},{"@type":"BreadcrumbList","@id":"https:\/\/www.notibras.com\/site\/idoso-brasileiro-acima-dos-60-precisa-de-ajuda-para-comer-tomar-banho-e-vestir-se\/#breadcrumb","itemListElement":[{"@type":"ListItem","position":1,"name":"In\u00edcio","item":"https:\/\/www.notibras.com\/site\/"},{"@type":"ListItem","position":2,"name":"Idoso brasileiro acima dos 60 precisa de ajuda para comer, tomar banho e at\u00e9 se vestir"}]},{"@type":"WebSite","@id":"https:\/\/www.notibras.com\/site\/#website","url":"https:\/\/www.notibras.com\/site\/","name":"Notibras","description":"Not\u00edcias de Bras\u00edlia, do Brasil e do Mundo","publisher":{"@id":"https:\/\/www.notibras.com\/site\/#organization"},"potentialAction":[{"@type":"SearchAction","target":{"@type":"EntryPoint","urlTemplate":"https:\/\/www.notibras.com\/site\/?s={search_term_string}"},"query-input":{"@type":"PropertyValueSpecification","valueRequired":true,"valueName":"search_term_string"}}],"inLanguage":"pt-BR"},{"@type":"Organization","@id":"https:\/\/www.notibras.com\/site\/#organization","name":"Grupo Notibras de Comunica\u00e7\u00e3o","url":"https:\/\/www.notibras.com\/site\/","logo":{"@type":"ImageObject","inLanguage":"pt-BR","@id":"https:\/\/www.notibras.com\/site\/#\/schema\/logo\/image\/","url":"https:\/\/www.notibras.com\/site\/wp-content\/uploads\/2023\/01\/notibras23.png","contentUrl":"https:\/\/www.notibras.com\/site\/wp-content\/uploads\/2023\/01\/notibras23.png","width":350,"height":87,"caption":"Grupo Notibras de Comunica\u00e7\u00e3o"},"image":{"@id":"https:\/\/www.notibras.com\/site\/#\/schema\/logo\/image\/"},"sameAs":["https:\/\/www.facebook.com\/notibras\/","https:\/\/x.com\/Notibras","https:\/\/www.instagram.com\/notibras\/"]},{"@type":"Person","@id":"https:\/\/www.notibras.com\/site\/#\/schema\/person\/36ab0979449956132d3e5b517ea76ac8","name":"Reda\u00e7\u00e3o","image":{"@type":"ImageObject","inLanguage":"pt-BR","@id":"https:\/\/secure.gravatar.com\/avatar\/e0a867bdedb85fd243eadf09663511f96fc81e0720a4a42581f334ad4303aa6b?s=96&d=mm&r=g","url":"https:\/\/secure.gravatar.com\/avatar\/e0a867bdedb85fd243eadf09663511f96fc81e0720a4a42581f334ad4303aa6b?s=96&d=mm&r=g","contentUrl":"https:\/\/secure.gravatar.com\/avatar\/e0a867bdedb85fd243eadf09663511f96fc81e0720a4a42581f334ad4303aa6b?s=96&d=mm&r=g","caption":"Reda\u00e7\u00e3o"}}]}},"amp_enabled":true,"_links":{"self":[{"href":"https:\/\/www.notibras.com\/site\/wp-json\/wp\/v2\/posts\/63595","targetHints":{"allow":["GET"]}}],"collection":[{"href":"https:\/\/www.notibras.com\/site\/wp-json\/wp\/v2\/posts"}],"about":[{"href":"https:\/\/www.notibras.com\/site\/wp-json\/wp\/v2\/types\/post"}],"author":[{"embeddable":true,"href":"https:\/\/www.notibras.com\/site\/wp-json\/wp\/v2\/users\/2"}],"replies":[{"embeddable":true,"href":"https:\/\/www.notibras.com\/site\/wp-json\/wp\/v2\/comments?post=63595"}],"version-history":[{"count":4,"href":"https:\/\/www.notibras.com\/site\/wp-json\/wp\/v2\/posts\/63595\/revisions"}],"predecessor-version":[{"id":63600,"href":"https:\/\/www.notibras.com\/site\/wp-json\/wp\/v2\/posts\/63595\/revisions\/63600"}],"wp:featuredmedia":[{"embeddable":true,"href":"https:\/\/www.notibras.com\/site\/wp-json\/wp\/v2\/media\/63596"}],"wp:attachment":[{"href":"https:\/\/www.notibras.com\/site\/wp-json\/wp\/v2\/media?parent=63595"}],"wp:term":[{"taxonomy":"category","embeddable":true,"href":"https:\/\/www.notibras.com\/site\/wp-json\/wp\/v2\/categories?post=63595"},{"taxonomy":"post_tag","embeddable":true,"href":"https:\/\/www.notibras.com\/site\/wp-json\/wp\/v2\/tags?post=63595"}],"curies":[{"name":"wp","href":"https:\/\/api.w.org\/{rel}","templated":true}]}}