{"id":6367,"date":"2014-04-09T08:52:57","date_gmt":"2014-04-09T11:52:57","guid":{"rendered":"http:\/\/www.notibras.com\/site\/?p=6367"},"modified":"2014-04-09T13:21:08","modified_gmt":"2014-04-09T16:21:08","slug":"face-do-casal-vira-faca-de-dois-gumes-gera-desconfianca-e-a-traicao-reina","status":"publish","type":"post","link":"https:\/\/www.notibras.com\/site\/face-do-casal-vira-faca-de-dois-gumes-gera-desconfianca-e-a-traicao-reina\/","title":{"rendered":"Face do casal vira faca de dois gumes e reina a desconfian\u00e7a"},"content":{"rendered":"<p>Em um mundo que valoriza cada vez mais a individualidade, os perfis de casal no Facebook e outras redes sociais costumam chamar a aten\u00e7\u00e3o. Mais do que exaltar o amor, no entanto, afirma reportagem do Uol assinada por Helo\u00edsa Noronha, fazer uma p\u00e1gina a dois revela muito mais do que o par que a mant\u00e9m sup\u00f5e.<\/p>\n<p>A rep\u00f3rter ouviu internautas e especialistas de rela\u00e7\u00f5es. Veja o texto:<\/p>\n<p>Em primeiro lugar, \u00e9 prov\u00e1vel que a harmonia exibida nas fotos e nas mensagens n\u00e3o seja t\u00e3o exuberante e verdadeira fora do mundo virtual. &#8220;Pode ser uma exposi\u00e7\u00e3o de felicidade, do tipo &#8216;vejam que casal lindo n\u00f3s formamos&#8217;, que nem sempre \u00e9 real. Se fosse, talvez n\u00e3o precisassem expor tanto&#8221;, diz a psicoterapeuta Carmen Cerqueira Cesar.<\/p>\n<p>A psic\u00f3loga Raquel Fernandes Marques, da Cl\u00ednica Anime, de S\u00e3o Paulo (SP), concorda: &#8220;Ter a necessidade de mostrar para os outros o quanto voc\u00ea est\u00e1 feliz com seu parceiro s\u00f3 serve para demonstrar inseguran\u00e7a e baixa autoestima&#8221;, afirma a especialista.<\/p>\n<p>Provar ao mundo o quanto s\u00e3o unidos e apaixonados tamb\u00e9m \u00e9, na maior parte das vezes, uma tentativa de blindar a rela\u00e7\u00e3o contra antigos relacionamentos e poss\u00edveis pretendentes \u2013em alguns casos, at\u00e9 de provocar ci\u00fames. A inten\u00e7\u00e3o, expl\u00edcita ou n\u00e3o, \u00e9 saber com quem o outro conversa ou se relaciona virtualmente, um controle que n\u00e3o passa de ilus\u00e3o.<\/p>\n<p>&#8220;Muitas pessoas cultivam a fantasia de que saber com quem o parceiro se relaciona inclui a certeza de ter um relacionamento longo. Querem que o amor seja, tamb\u00e9m, o melhor amigo. E n\u00e3o \u00e9, definitivamente&#8221;, diz a terapeuta sexual Carla Zeglio, diretora do Inpasex (Instituto Paulista de Sexualidade).<\/p>\n<p>Ela explica que mesmo que o discurso do casal seja &#8220;um nunca deve ter segredos para o outro&#8221;, na pr\u00e1tica, n\u00e3o \u00e9 assim que funciona. Escolhas e necessidades s\u00e3o individuais, assim como determinadas informa\u00e7\u00f5es que s\u00f3 dizem respeito \u00e0 pessoa.<\/p>\n<p>&#8220;Para mim, quando um par decide criar um perfil conjunto \u00e9 porque est\u00e1 em crise, tentando controlar um ao outro&#8221;, fala Carla. J\u00e1 Carmen sugere avaliar se existe um perigo verdadeiro, interno ou externo, para a rela\u00e7\u00e3o, e se a cria\u00e7\u00e3o da p\u00e1gina \u00e9 uma forma de evit\u00e1-lo.<\/p>\n<p>Manter tenta\u00e7\u00f5es como &#8220;ex&#8221; e paqueras \u00e0 dist\u00e2ncia via Facebook de casal tamb\u00e9m s\u00f3 funciona na teoria. Se algu\u00e9m quiser encontrar um amor do passado na vida real, quem pode impedir? \u00c9 imaturidade achar que o perfil a dois evita uma trai\u00e7\u00e3o. Limitar a express\u00e3o da individualidade dessa forma pode acabar provocando o efeito contr\u00e1rio ao desejado.<\/p>\n<p>&#8220;Casais que fazem tudo juntos, inclusive seus perfis em redes sociais, s\u00e3o mais suscet\u00edveis a se sentir sufocados, podem enjoar um do outro com mais facilidade e acabar o relacionamento mais cedo do que o esperado. Afinal, nem h\u00e1 espa\u00e7o para sentir saudades. E \u00e9 bem cansativo&#8221;, declara Raquel.<br \/>\nPara o psicoterapeuta e sex\u00f3logo Ricardo Desid\u00e9rio, ainda existem outras quest\u00f5es a ponderar. A primeira pergunta importante \u00e9: de quem foi a ideia de manter um perfil a dois em uma rede social? Ambos concordam com ela ou um foi convencido a acatar a vontade do outro?<\/p>\n<p>&#8220;Outro ponto fundamental \u00e9 entender qual o objetivo do casal com isso e como esse perfil ser\u00e1 administrado. Os acessos ser\u00e3o compartilhados ou somente um dos dois ter\u00e1 acesso? Caso seja um s\u00f3, qual a necessidade de criar um Facebook de casal? Ser\u00e1 que o casal, por mais tempo que passe junto, precisa dividir o mesmo espa\u00e7o numa rede social?&#8221;, questiona Ricardo.<\/p>\n<p>Nem sempre os dois podem concordar sobre o teor das postagens, e h\u00e1 o risco de novos conflitos surgirem a partir da\u00ed. Isso sem contar a dificuldade dos amigos escreverem ou responderem: com qual dos dois estar\u00e3o falando?<\/p>\n<p>Para Carmen Cerqueira Cesar, pode, sim, existir uma identidade virtual de casal positiva atrav\u00e9s de uma p\u00e1gina com coisas que os dois compartilhem e curtam juntos.<\/p>\n<p>&#8220;Cada casal n\u00e3o deixa de ser um tipo de associa\u00e7\u00e3o. Mas n\u00e3o deixa de ser arriscado. Um pode n\u00e3o gostar do que o outro posta, implicar com o que os outros escrevem&#8230; O casal deve estar muito afinado para isso, precisa se dar muito bem&#8221;, explica. E ambos divulgar a vida a dois sem parecerem possessivos, de modo natural.<\/p>\n<p>Outras vantagens s\u00e3o os casos espec\u00edficos como, por exemplo, uma p\u00e1gina dedicada aos preparativos do casamento, a qual somente convidados t\u00eam acesso. &#8220;Tamb\u00e9m \u00e9 uma forma positiva fazer um Facebook a dois para expor fotos dos filhos e n\u00e3o a vida do casal&#8221;, fala Raquel.<\/p>\n<p>Fotos de perfil ou de capa ao lado do parceiro s\u00e3o uma forma interessante de celebrar o amor sem parecer uma pessoa ciumenta ou controladora. Mesmo assim, merece uma reflex\u00e3o.<\/p>\n<p>&#8220;Expor um momento especial vivido pelo casal \u00e9 at\u00e9 interessante, desde que ambos estejam de acordo com essa exposi\u00e7\u00e3o. O importante, antes de qualquer post, \u00e9 que o momento revelado na foto seja o mesmo vivenciado pelo casal em seu dia a dia. De nada adianta exibir uma imagem que n\u00e3o condiz com a realidade vivida por eles&#8221;, fala Ricardo Desid\u00e9rio.<\/p>\n","protected":false},"excerpt":{"rendered":"<p>Em um mundo que valoriza cada vez mais a individualidade, os perfis de casal no Facebook e outras redes sociais costumam chamar a aten\u00e7\u00e3o. Mais do que exaltar o amor, no entanto, afirma reportagem do Uol assinada por Helo\u00edsa Noronha, fazer uma p\u00e1gina a dois revela muito mais do que o par que a mant\u00e9m [&hellip;]<\/p>\n","protected":false},"author":2,"featured_media":6368,"comment_status":"open","ping_status":"closed","sticky":false,"template":"","format":"standard","meta":{"_acf_changed":false,"footnotes":""},"categories":[16],"tags":[],"class_list":["post-6367","post","type-post","status-publish","format-standard","has-post-thumbnail","hentry","category-brasil"],"acf":[],"yoast_head":"<!-- This site is optimized with the Yoast SEO plugin v27.2 - https:\/\/yoast.com\/product\/yoast-seo-wordpress\/ -->\n<title>Face do casal vira faca de dois gumes e reina a desconfian\u00e7a - Notibras<\/title>\n<meta name=\"robots\" content=\"index, follow, max-snippet:-1, max-image-preview:large, max-video-preview:-1\" \/>\n<link rel=\"canonical\" href=\"https:\/\/www.notibras.com\/site\/face-do-casal-vira-faca-de-dois-gumes-gera-desconfianca-e-a-traicao-reina\/\" \/>\n<meta property=\"og:locale\" content=\"pt_BR\" \/>\n<meta property=\"og:type\" content=\"article\" \/>\n<meta property=\"og:title\" content=\"Face do casal vira faca de dois gumes e reina a desconfian\u00e7a - Notibras\" \/>\n<meta property=\"og:description\" content=\"Em um mundo que valoriza cada vez mais a individualidade, os perfis de casal no Facebook e outras redes sociais costumam chamar a aten\u00e7\u00e3o. Mais do que exaltar o amor, no entanto, afirma reportagem do Uol assinada por Helo\u00edsa Noronha, fazer uma p\u00e1gina a dois revela muito mais do que o par que a mant\u00e9m [&hellip;]\" \/>\n<meta property=\"og:url\" content=\"https:\/\/www.notibras.com\/site\/face-do-casal-vira-faca-de-dois-gumes-gera-desconfianca-e-a-traicao-reina\/\" \/>\n<meta property=\"og:site_name\" content=\"Notibras\" \/>\n<meta property=\"article:publisher\" content=\"https:\/\/www.facebook.com\/notibras\/\" \/>\n<meta property=\"article:published_time\" content=\"2014-04-09T11:52:57+00:00\" \/>\n<meta property=\"article:modified_time\" content=\"2014-04-09T16:21:08+00:00\" \/>\n<meta property=\"og:image\" content=\"https:\/\/www.notibras.com\/site\/wp-content\/uploads\/2014\/04\/face.jpg\" \/>\n\t<meta property=\"og:image:width\" content=\"900\" \/>\n\t<meta property=\"og:image:height\" content=\"627\" \/>\n\t<meta property=\"og:image:type\" content=\"image\/jpeg\" \/>\n<meta name=\"author\" content=\"Reda\u00e7\u00e3o\" \/>\n<meta name=\"twitter:card\" content=\"summary_large_image\" \/>\n<meta name=\"twitter:creator\" content=\"@Notibras\" \/>\n<meta name=\"twitter:site\" content=\"@Notibras\" \/>\n<meta name=\"twitter:label1\" content=\"Escrito por\" \/>\n\t<meta name=\"twitter:data1\" content=\"Reda\u00e7\u00e3o\" \/>\n\t<meta name=\"twitter:label2\" content=\"Est. tempo de leitura\" \/>\n\t<meta name=\"twitter:data2\" content=\"4 minutos\" \/>\n<script type=\"application\/ld+json\" class=\"yoast-schema-graph\">{\"@context\":\"https:\/\/schema.org\",\"@graph\":[{\"@type\":\"Article\",\"@id\":\"https:\/\/www.notibras.com\/site\/face-do-casal-vira-faca-de-dois-gumes-gera-desconfianca-e-a-traicao-reina\/#article\",\"isPartOf\":{\"@id\":\"https:\/\/www.notibras.com\/site\/face-do-casal-vira-faca-de-dois-gumes-gera-desconfianca-e-a-traicao-reina\/\"},\"author\":{\"name\":\"Reda\u00e7\u00e3o\",\"@id\":\"https:\/\/www.notibras.com\/site\/#\/schema\/person\/36ab0979449956132d3e5b517ea76ac8\"},\"headline\":\"Face do casal vira faca de dois gumes e reina a desconfian\u00e7a\",\"datePublished\":\"2014-04-09T11:52:57+00:00\",\"dateModified\":\"2014-04-09T16:21:08+00:00\",\"mainEntityOfPage\":{\"@id\":\"https:\/\/www.notibras.com\/site\/face-do-casal-vira-faca-de-dois-gumes-gera-desconfianca-e-a-traicao-reina\/\"},\"wordCount\":897,\"commentCount\":0,\"publisher\":{\"@id\":\"https:\/\/www.notibras.com\/site\/#organization\"},\"image\":{\"@id\":\"https:\/\/www.notibras.com\/site\/face-do-casal-vira-faca-de-dois-gumes-gera-desconfianca-e-a-traicao-reina\/#primaryimage\"},\"thumbnailUrl\":\"https:\/\/www.notibras.com\/site\/wp-content\/uploads\/2014\/04\/face.jpg\",\"articleSection\":[\"Brasil\"],\"inLanguage\":\"pt-BR\",\"potentialAction\":[{\"@type\":\"CommentAction\",\"name\":\"Comment\",\"target\":[\"https:\/\/www.notibras.com\/site\/face-do-casal-vira-faca-de-dois-gumes-gera-desconfianca-e-a-traicao-reina\/#respond\"]}]},{\"@type\":\"WebPage\",\"@id\":\"https:\/\/www.notibras.com\/site\/face-do-casal-vira-faca-de-dois-gumes-gera-desconfianca-e-a-traicao-reina\/\",\"url\":\"https:\/\/www.notibras.com\/site\/face-do-casal-vira-faca-de-dois-gumes-gera-desconfianca-e-a-traicao-reina\/\",\"name\":\"Face do casal vira faca de dois gumes e reina a desconfian\u00e7a - Notibras\",\"isPartOf\":{\"@id\":\"https:\/\/www.notibras.com\/site\/#website\"},\"primaryImageOfPage\":{\"@id\":\"https:\/\/www.notibras.com\/site\/face-do-casal-vira-faca-de-dois-gumes-gera-desconfianca-e-a-traicao-reina\/#primaryimage\"},\"image\":{\"@id\":\"https:\/\/www.notibras.com\/site\/face-do-casal-vira-faca-de-dois-gumes-gera-desconfianca-e-a-traicao-reina\/#primaryimage\"},\"thumbnailUrl\":\"https:\/\/www.notibras.com\/site\/wp-content\/uploads\/2014\/04\/face.jpg\",\"datePublished\":\"2014-04-09T11:52:57+00:00\",\"dateModified\":\"2014-04-09T16:21:08+00:00\",\"breadcrumb\":{\"@id\":\"https:\/\/www.notibras.com\/site\/face-do-casal-vira-faca-de-dois-gumes-gera-desconfianca-e-a-traicao-reina\/#breadcrumb\"},\"inLanguage\":\"pt-BR\",\"potentialAction\":[{\"@type\":\"ReadAction\",\"target\":[\"https:\/\/www.notibras.com\/site\/face-do-casal-vira-faca-de-dois-gumes-gera-desconfianca-e-a-traicao-reina\/\"]}]},{\"@type\":\"ImageObject\",\"inLanguage\":\"pt-BR\",\"@id\":\"https:\/\/www.notibras.com\/site\/face-do-casal-vira-faca-de-dois-gumes-gera-desconfianca-e-a-traicao-reina\/#primaryimage\",\"url\":\"https:\/\/www.notibras.com\/site\/wp-content\/uploads\/2014\/04\/face.jpg\",\"contentUrl\":\"https:\/\/www.notibras.com\/site\/wp-content\/uploads\/2014\/04\/face.jpg\",\"width\":900,\"height\":627},{\"@type\":\"BreadcrumbList\",\"@id\":\"https:\/\/www.notibras.com\/site\/face-do-casal-vira-faca-de-dois-gumes-gera-desconfianca-e-a-traicao-reina\/#breadcrumb\",\"itemListElement\":[{\"@type\":\"ListItem\",\"position\":1,\"name\":\"In\u00edcio\",\"item\":\"https:\/\/www.notibras.com\/site\/\"},{\"@type\":\"ListItem\",\"position\":2,\"name\":\"Face do casal vira faca de dois gumes e reina a desconfian\u00e7a\"}]},{\"@type\":\"WebSite\",\"@id\":\"https:\/\/www.notibras.com\/site\/#website\",\"url\":\"https:\/\/www.notibras.com\/site\/\",\"name\":\"Notibras\",\"description\":\"Not\u00edcias de Bras\u00edlia, do Brasil e do Mundo\",\"publisher\":{\"@id\":\"https:\/\/www.notibras.com\/site\/#organization\"},\"potentialAction\":[{\"@type\":\"SearchAction\",\"target\":{\"@type\":\"EntryPoint\",\"urlTemplate\":\"https:\/\/www.notibras.com\/site\/?s={search_term_string}\"},\"query-input\":{\"@type\":\"PropertyValueSpecification\",\"valueRequired\":true,\"valueName\":\"search_term_string\"}}],\"inLanguage\":\"pt-BR\"},{\"@type\":\"Organization\",\"@id\":\"https:\/\/www.notibras.com\/site\/#organization\",\"name\":\"Grupo Notibras de Comunica\u00e7\u00e3o\",\"url\":\"https:\/\/www.notibras.com\/site\/\",\"logo\":{\"@type\":\"ImageObject\",\"inLanguage\":\"pt-BR\",\"@id\":\"https:\/\/www.notibras.com\/site\/#\/schema\/logo\/image\/\",\"url\":\"https:\/\/www.notibras.com\/site\/wp-content\/uploads\/2023\/01\/notibras23.png\",\"contentUrl\":\"https:\/\/www.notibras.com\/site\/wp-content\/uploads\/2023\/01\/notibras23.png\",\"width\":350,\"height\":87,\"caption\":\"Grupo Notibras de Comunica\u00e7\u00e3o\"},\"image\":{\"@id\":\"https:\/\/www.notibras.com\/site\/#\/schema\/logo\/image\/\"},\"sameAs\":[\"https:\/\/www.facebook.com\/notibras\/\",\"https:\/\/x.com\/Notibras\",\"https:\/\/www.instagram.com\/notibras\/\"]},{\"@type\":\"Person\",\"@id\":\"https:\/\/www.notibras.com\/site\/#\/schema\/person\/36ab0979449956132d3e5b517ea76ac8\",\"name\":\"Reda\u00e7\u00e3o\",\"image\":{\"@type\":\"ImageObject\",\"inLanguage\":\"pt-BR\",\"@id\":\"https:\/\/secure.gravatar.com\/avatar\/e0a867bdedb85fd243eadf09663511f96fc81e0720a4a42581f334ad4303aa6b?s=96&d=mm&r=g\",\"url\":\"https:\/\/secure.gravatar.com\/avatar\/e0a867bdedb85fd243eadf09663511f96fc81e0720a4a42581f334ad4303aa6b?s=96&d=mm&r=g\",\"contentUrl\":\"https:\/\/secure.gravatar.com\/avatar\/e0a867bdedb85fd243eadf09663511f96fc81e0720a4a42581f334ad4303aa6b?s=96&d=mm&r=g\",\"caption\":\"Reda\u00e7\u00e3o\"}}]}<\/script>\n<!-- \/ Yoast SEO plugin. -->","yoast_head_json":{"title":"Face do casal vira faca de dois gumes e reina a desconfian\u00e7a - Notibras","robots":{"index":"index","follow":"follow","max-snippet":"max-snippet:-1","max-image-preview":"max-image-preview:large","max-video-preview":"max-video-preview:-1"},"canonical":"https:\/\/www.notibras.com\/site\/face-do-casal-vira-faca-de-dois-gumes-gera-desconfianca-e-a-traicao-reina\/","og_locale":"pt_BR","og_type":"article","og_title":"Face do casal vira faca de dois gumes e reina a desconfian\u00e7a - Notibras","og_description":"Em um mundo que valoriza cada vez mais a individualidade, os perfis de casal no Facebook e outras redes sociais costumam chamar a aten\u00e7\u00e3o. Mais do que exaltar o amor, no entanto, afirma reportagem do Uol assinada por Helo\u00edsa Noronha, fazer uma p\u00e1gina a dois revela muito mais do que o par que a mant\u00e9m [&hellip;]","og_url":"https:\/\/www.notibras.com\/site\/face-do-casal-vira-faca-de-dois-gumes-gera-desconfianca-e-a-traicao-reina\/","og_site_name":"Notibras","article_publisher":"https:\/\/www.facebook.com\/notibras\/","article_published_time":"2014-04-09T11:52:57+00:00","article_modified_time":"2014-04-09T16:21:08+00:00","og_image":[{"width":900,"height":627,"url":"https:\/\/www.notibras.com\/site\/wp-content\/uploads\/2014\/04\/face.jpg","type":"image\/jpeg"}],"author":"Reda\u00e7\u00e3o","twitter_card":"summary_large_image","twitter_creator":"@Notibras","twitter_site":"@Notibras","twitter_misc":{"Escrito por":"Reda\u00e7\u00e3o","Est. tempo de leitura":"4 minutos"},"schema":{"@context":"https:\/\/schema.org","@graph":[{"@type":"Article","@id":"https:\/\/www.notibras.com\/site\/face-do-casal-vira-faca-de-dois-gumes-gera-desconfianca-e-a-traicao-reina\/#article","isPartOf":{"@id":"https:\/\/www.notibras.com\/site\/face-do-casal-vira-faca-de-dois-gumes-gera-desconfianca-e-a-traicao-reina\/"},"author":{"name":"Reda\u00e7\u00e3o","@id":"https:\/\/www.notibras.com\/site\/#\/schema\/person\/36ab0979449956132d3e5b517ea76ac8"},"headline":"Face do casal vira faca de dois gumes e reina a desconfian\u00e7a","datePublished":"2014-04-09T11:52:57+00:00","dateModified":"2014-04-09T16:21:08+00:00","mainEntityOfPage":{"@id":"https:\/\/www.notibras.com\/site\/face-do-casal-vira-faca-de-dois-gumes-gera-desconfianca-e-a-traicao-reina\/"},"wordCount":897,"commentCount":0,"publisher":{"@id":"https:\/\/www.notibras.com\/site\/#organization"},"image":{"@id":"https:\/\/www.notibras.com\/site\/face-do-casal-vira-faca-de-dois-gumes-gera-desconfianca-e-a-traicao-reina\/#primaryimage"},"thumbnailUrl":"https:\/\/www.notibras.com\/site\/wp-content\/uploads\/2014\/04\/face.jpg","articleSection":["Brasil"],"inLanguage":"pt-BR","potentialAction":[{"@type":"CommentAction","name":"Comment","target":["https:\/\/www.notibras.com\/site\/face-do-casal-vira-faca-de-dois-gumes-gera-desconfianca-e-a-traicao-reina\/#respond"]}]},{"@type":"WebPage","@id":"https:\/\/www.notibras.com\/site\/face-do-casal-vira-faca-de-dois-gumes-gera-desconfianca-e-a-traicao-reina\/","url":"https:\/\/www.notibras.com\/site\/face-do-casal-vira-faca-de-dois-gumes-gera-desconfianca-e-a-traicao-reina\/","name":"Face do casal vira faca de dois gumes e reina a desconfian\u00e7a - Notibras","isPartOf":{"@id":"https:\/\/www.notibras.com\/site\/#website"},"primaryImageOfPage":{"@id":"https:\/\/www.notibras.com\/site\/face-do-casal-vira-faca-de-dois-gumes-gera-desconfianca-e-a-traicao-reina\/#primaryimage"},"image":{"@id":"https:\/\/www.notibras.com\/site\/face-do-casal-vira-faca-de-dois-gumes-gera-desconfianca-e-a-traicao-reina\/#primaryimage"},"thumbnailUrl":"https:\/\/www.notibras.com\/site\/wp-content\/uploads\/2014\/04\/face.jpg","datePublished":"2014-04-09T11:52:57+00:00","dateModified":"2014-04-09T16:21:08+00:00","breadcrumb":{"@id":"https:\/\/www.notibras.com\/site\/face-do-casal-vira-faca-de-dois-gumes-gera-desconfianca-e-a-traicao-reina\/#breadcrumb"},"inLanguage":"pt-BR","potentialAction":[{"@type":"ReadAction","target":["https:\/\/www.notibras.com\/site\/face-do-casal-vira-faca-de-dois-gumes-gera-desconfianca-e-a-traicao-reina\/"]}]},{"@type":"ImageObject","inLanguage":"pt-BR","@id":"https:\/\/www.notibras.com\/site\/face-do-casal-vira-faca-de-dois-gumes-gera-desconfianca-e-a-traicao-reina\/#primaryimage","url":"https:\/\/www.notibras.com\/site\/wp-content\/uploads\/2014\/04\/face.jpg","contentUrl":"https:\/\/www.notibras.com\/site\/wp-content\/uploads\/2014\/04\/face.jpg","width":900,"height":627},{"@type":"BreadcrumbList","@id":"https:\/\/www.notibras.com\/site\/face-do-casal-vira-faca-de-dois-gumes-gera-desconfianca-e-a-traicao-reina\/#breadcrumb","itemListElement":[{"@type":"ListItem","position":1,"name":"In\u00edcio","item":"https:\/\/www.notibras.com\/site\/"},{"@type":"ListItem","position":2,"name":"Face do casal vira faca de dois gumes e reina a desconfian\u00e7a"}]},{"@type":"WebSite","@id":"https:\/\/www.notibras.com\/site\/#website","url":"https:\/\/www.notibras.com\/site\/","name":"Notibras","description":"Not\u00edcias de Bras\u00edlia, do Brasil e do Mundo","publisher":{"@id":"https:\/\/www.notibras.com\/site\/#organization"},"potentialAction":[{"@type":"SearchAction","target":{"@type":"EntryPoint","urlTemplate":"https:\/\/www.notibras.com\/site\/?s={search_term_string}"},"query-input":{"@type":"PropertyValueSpecification","valueRequired":true,"valueName":"search_term_string"}}],"inLanguage":"pt-BR"},{"@type":"Organization","@id":"https:\/\/www.notibras.com\/site\/#organization","name":"Grupo Notibras de Comunica\u00e7\u00e3o","url":"https:\/\/www.notibras.com\/site\/","logo":{"@type":"ImageObject","inLanguage":"pt-BR","@id":"https:\/\/www.notibras.com\/site\/#\/schema\/logo\/image\/","url":"https:\/\/www.notibras.com\/site\/wp-content\/uploads\/2023\/01\/notibras23.png","contentUrl":"https:\/\/www.notibras.com\/site\/wp-content\/uploads\/2023\/01\/notibras23.png","width":350,"height":87,"caption":"Grupo Notibras de Comunica\u00e7\u00e3o"},"image":{"@id":"https:\/\/www.notibras.com\/site\/#\/schema\/logo\/image\/"},"sameAs":["https:\/\/www.facebook.com\/notibras\/","https:\/\/x.com\/Notibras","https:\/\/www.instagram.com\/notibras\/"]},{"@type":"Person","@id":"https:\/\/www.notibras.com\/site\/#\/schema\/person\/36ab0979449956132d3e5b517ea76ac8","name":"Reda\u00e7\u00e3o","image":{"@type":"ImageObject","inLanguage":"pt-BR","@id":"https:\/\/secure.gravatar.com\/avatar\/e0a867bdedb85fd243eadf09663511f96fc81e0720a4a42581f334ad4303aa6b?s=96&d=mm&r=g","url":"https:\/\/secure.gravatar.com\/avatar\/e0a867bdedb85fd243eadf09663511f96fc81e0720a4a42581f334ad4303aa6b?s=96&d=mm&r=g","contentUrl":"https:\/\/secure.gravatar.com\/avatar\/e0a867bdedb85fd243eadf09663511f96fc81e0720a4a42581f334ad4303aa6b?s=96&d=mm&r=g","caption":"Reda\u00e7\u00e3o"}}]}},"amp_enabled":true,"_links":{"self":[{"href":"https:\/\/www.notibras.com\/site\/wp-json\/wp\/v2\/posts\/6367","targetHints":{"allow":["GET"]}}],"collection":[{"href":"https:\/\/www.notibras.com\/site\/wp-json\/wp\/v2\/posts"}],"about":[{"href":"https:\/\/www.notibras.com\/site\/wp-json\/wp\/v2\/types\/post"}],"author":[{"embeddable":true,"href":"https:\/\/www.notibras.com\/site\/wp-json\/wp\/v2\/users\/2"}],"replies":[{"embeddable":true,"href":"https:\/\/www.notibras.com\/site\/wp-json\/wp\/v2\/comments?post=6367"}],"version-history":[{"count":0,"href":"https:\/\/www.notibras.com\/site\/wp-json\/wp\/v2\/posts\/6367\/revisions"}],"wp:featuredmedia":[{"embeddable":true,"href":"https:\/\/www.notibras.com\/site\/wp-json\/wp\/v2\/media\/6368"}],"wp:attachment":[{"href":"https:\/\/www.notibras.com\/site\/wp-json\/wp\/v2\/media?parent=6367"}],"wp:term":[{"taxonomy":"category","embeddable":true,"href":"https:\/\/www.notibras.com\/site\/wp-json\/wp\/v2\/categories?post=6367"},{"taxonomy":"post_tag","embeddable":true,"href":"https:\/\/www.notibras.com\/site\/wp-json\/wp\/v2\/tags?post=6367"}],"curies":[{"name":"wp","href":"https:\/\/api.w.org\/{rel}","templated":true}]}}