{"id":63670,"date":"2015-08-21T09:46:17","date_gmt":"2015-08-21T12:46:17","guid":{"rendered":"http:\/\/www.notibras.com\/site\/?p=63670"},"modified":"2015-08-21T19:44:34","modified_gmt":"2015-08-21T22:44:34","slug":"ex-assessor-palaciano-e-condenado-por-mudar-perfis-de-jornalistas-na-internet","status":"publish","type":"post","link":"https:\/\/www.notibras.com\/site\/ex-assessor-palaciano-e-condenado-por-mudar-perfis-de-jornalistas-na-internet\/","title":{"rendered":"Ex-assessor palaciano \u00e9 condenado por mudar perfis de jornalistas na internet"},"content":{"rendered":"<p>O ex-chefe da assessoria parlamentar do Minist\u00e9rio do Planejamento Luiz Alberto Marques Vieira Filho ter\u00e1 de prestar servi\u00e7os \u00e0 comunidade no Hospital Regional da Asa Sul durante dez meses. A aplica\u00e7\u00e3o da medida \u00e9 resultado de uma queixa-crime dos jornalistas Miriam Leit\u00e3o e Carlos Alberto Sardenberg, do Grupo Globo, depois que Vieira Filho alterou indevidamente, de dentro do Pal\u00e1cio do Planalto, o perfil dos dois jornalistas no Wikip\u00e9dia.<\/p>\n<p>De acordo com a senten\u00e7a, ser\u00e3o 200 horas de presta\u00e7\u00e3o de servi\u00e7o no centro hospitalar a partir de 26 de agosto. As a\u00e7\u00f5es c\u00edveis ajuizadas por Sardenberg e Miriam Leit\u00e3o contra o funcion\u00e1rio p\u00fablico continuam a correr na Justi\u00e7a.<\/p>\n<p>Em 8 de agosto de 2014 o jornal \u201cO Globo\u201d publicou reportagem mostrando que um computador conectado \u00e0 rede do Pal\u00e1cio do Planalto modificou os perfis dos jornalistas na Wikip\u00e9dia para incluir cr\u00edticas aos profissionais. Os dois s\u00e3o colunistas e comentaristas da TV Globo, do jornal &#8220;O Globo&#8221; e da r\u00e1dio CBN.<\/p>\n<p>Diante do epis\u00f3dio, inicialmente o governo afirmou que era \u201cimposs\u00edvel\u201d identificar os respons\u00e1veis pelas cr\u00edticas. Depois, a presidente Dilma Rousseff determinou a abertura de uma sindic\u00e2ncia para tentar identificar os respons\u00e1veis pela edi\u00e7\u00e3o. O resultado foi divulgado em 11 de setembro de 2014. Segundo o governo, na \u00e9poca em que ocorreram as modifica\u00e7\u00f5es nos perfis dos dois jornalistas, Vieira Filho exercia cargo de assessor da Secretaria de Rela\u00e7\u00f5es Institucionais.<\/p>\n<p>O Executivo informou que durante as investiga\u00e7\u00f5es o servidor assumiu a autoria das altera\u00e7\u00f5es e pediu exonera\u00e7\u00e3o do cargo de chefia que exercia no Planejamento. Na \u00e9poca, o governo afirmou que Vieira Filho seria alvo de um processo administrativo disciplinar (PAD) mesmo ap\u00f3s a exonera\u00e7\u00e3o.<\/p>\n<p>A Wikip\u00e9dia \u00e9 uma enciclop\u00e9dia virtual e gratuita alimentada por colabora\u00e7\u00f5es de usu\u00e1rios da internet. Atualmente, o site mantido pela Funda\u00e7\u00e3o Wikimedia possui mais de 30 milh\u00f5es de artigos, dos quais cerca de 834 mil na l\u00edngua portuguesa.<\/p>\n<p>Qualquer pessoa pode alterar o conte\u00fado desses artigos. O registro de edi\u00e7\u00f5es \u00e9 armazenado na Wikip\u00e9dia a partir do endere\u00e7o de IP do dispositivo respons\u00e1vel pela mudan\u00e7a, que nada mais \u00e9 do que um n\u00famero de identifica\u00e7\u00e3o atribu\u00eddo a cada aparelho conectado \u00e0 internet.<\/p>\n","protected":false},"excerpt":{"rendered":"<p>O ex-chefe da assessoria parlamentar do Minist\u00e9rio do Planejamento Luiz Alberto Marques Vieira Filho ter\u00e1 de prestar servi\u00e7os \u00e0 comunidade no Hospital Regional da Asa Sul durante dez meses. A aplica\u00e7\u00e3o da medida \u00e9 resultado de uma queixa-crime dos jornalistas Miriam Leit\u00e3o e Carlos Alberto Sardenberg, do Grupo Globo, depois que Vieira Filho alterou indevidamente, [&hellip;]<\/p>\n","protected":false},"author":2,"featured_media":63671,"comment_status":"open","ping_status":"closed","sticky":false,"template":"","format":"standard","meta":{"_acf_changed":false,"footnotes":""},"categories":[16],"tags":[],"class_list":["post-63670","post","type-post","status-publish","format-standard","has-post-thumbnail","hentry","category-brasil"],"acf":[],"yoast_head":"<!-- This site is optimized with the Yoast SEO plugin v27.2 - https:\/\/yoast.com\/product\/yoast-seo-wordpress\/ -->\n<title>Ex-assessor palaciano \u00e9 condenado por mudar perfis de jornalistas na internet - Notibras<\/title>\n<meta name=\"robots\" content=\"index, follow, max-snippet:-1, max-image-preview:large, max-video-preview:-1\" \/>\n<link rel=\"canonical\" href=\"https:\/\/www.notibras.com\/site\/ex-assessor-palaciano-e-condenado-por-mudar-perfis-de-jornalistas-na-internet\/\" \/>\n<meta property=\"og:locale\" content=\"pt_BR\" \/>\n<meta property=\"og:type\" content=\"article\" \/>\n<meta property=\"og:title\" content=\"Ex-assessor palaciano \u00e9 condenado por mudar perfis de jornalistas na internet - Notibras\" \/>\n<meta property=\"og:description\" content=\"O ex-chefe da assessoria parlamentar do Minist\u00e9rio do Planejamento Luiz Alberto Marques Vieira Filho ter\u00e1 de prestar servi\u00e7os \u00e0 comunidade no Hospital Regional da Asa Sul durante dez meses. A aplica\u00e7\u00e3o da medida \u00e9 resultado de uma queixa-crime dos jornalistas Miriam Leit\u00e3o e Carlos Alberto Sardenberg, do Grupo Globo, depois que Vieira Filho alterou indevidamente, [&hellip;]\" \/>\n<meta property=\"og:url\" content=\"https:\/\/www.notibras.com\/site\/ex-assessor-palaciano-e-condenado-por-mudar-perfis-de-jornalistas-na-internet\/\" \/>\n<meta property=\"og:site_name\" content=\"Notibras\" \/>\n<meta property=\"article:publisher\" content=\"https:\/\/www.facebook.com\/notibras\/\" \/>\n<meta property=\"article:published_time\" content=\"2015-08-21T12:46:17+00:00\" \/>\n<meta property=\"article:modified_time\" content=\"2015-08-21T22:44:34+00:00\" \/>\n<meta property=\"og:image\" content=\"https:\/\/www.notibras.com\/site\/wp-content\/uploads\/2015\/08\/RTEmagicC_d5ea2cb0a9.jpg.jpg\" \/>\n\t<meta property=\"og:image:width\" content=\"620\" \/>\n\t<meta property=\"og:image:height\" content=\"451\" \/>\n\t<meta property=\"og:image:type\" content=\"image\/jpeg\" \/>\n<meta name=\"author\" content=\"Reda\u00e7\u00e3o\" \/>\n<meta name=\"twitter:card\" content=\"summary_large_image\" \/>\n<meta name=\"twitter:creator\" content=\"@Notibras\" \/>\n<meta name=\"twitter:site\" content=\"@Notibras\" \/>\n<meta name=\"twitter:label1\" content=\"Escrito por\" \/>\n\t<meta name=\"twitter:data1\" content=\"Reda\u00e7\u00e3o\" \/>\n\t<meta name=\"twitter:label2\" content=\"Est. tempo de leitura\" \/>\n\t<meta name=\"twitter:data2\" content=\"2 minutos\" \/>\n<script type=\"application\/ld+json\" class=\"yoast-schema-graph\">{\"@context\":\"https:\/\/schema.org\",\"@graph\":[{\"@type\":\"Article\",\"@id\":\"https:\/\/www.notibras.com\/site\/ex-assessor-palaciano-e-condenado-por-mudar-perfis-de-jornalistas-na-internet\/#article\",\"isPartOf\":{\"@id\":\"https:\/\/www.notibras.com\/site\/ex-assessor-palaciano-e-condenado-por-mudar-perfis-de-jornalistas-na-internet\/\"},\"author\":{\"name\":\"Reda\u00e7\u00e3o\",\"@id\":\"https:\/\/www.notibras.com\/site\/#\/schema\/person\/36ab0979449956132d3e5b517ea76ac8\"},\"headline\":\"Ex-assessor palaciano \u00e9 condenado por mudar perfis de jornalistas na internet\",\"datePublished\":\"2015-08-21T12:46:17+00:00\",\"dateModified\":\"2015-08-21T22:44:34+00:00\",\"mainEntityOfPage\":{\"@id\":\"https:\/\/www.notibras.com\/site\/ex-assessor-palaciano-e-condenado-por-mudar-perfis-de-jornalistas-na-internet\/\"},\"wordCount\":401,\"commentCount\":0,\"publisher\":{\"@id\":\"https:\/\/www.notibras.com\/site\/#organization\"},\"image\":{\"@id\":\"https:\/\/www.notibras.com\/site\/ex-assessor-palaciano-e-condenado-por-mudar-perfis-de-jornalistas-na-internet\/#primaryimage\"},\"thumbnailUrl\":\"https:\/\/www.notibras.com\/site\/wp-content\/uploads\/2015\/08\/RTEmagicC_d5ea2cb0a9.jpg.jpg\",\"articleSection\":[\"Brasil\"],\"inLanguage\":\"pt-BR\",\"potentialAction\":[{\"@type\":\"CommentAction\",\"name\":\"Comment\",\"target\":[\"https:\/\/www.notibras.com\/site\/ex-assessor-palaciano-e-condenado-por-mudar-perfis-de-jornalistas-na-internet\/#respond\"]}]},{\"@type\":\"WebPage\",\"@id\":\"https:\/\/www.notibras.com\/site\/ex-assessor-palaciano-e-condenado-por-mudar-perfis-de-jornalistas-na-internet\/\",\"url\":\"https:\/\/www.notibras.com\/site\/ex-assessor-palaciano-e-condenado-por-mudar-perfis-de-jornalistas-na-internet\/\",\"name\":\"Ex-assessor palaciano \u00e9 condenado por mudar perfis de jornalistas na internet - Notibras\",\"isPartOf\":{\"@id\":\"https:\/\/www.notibras.com\/site\/#website\"},\"primaryImageOfPage\":{\"@id\":\"https:\/\/www.notibras.com\/site\/ex-assessor-palaciano-e-condenado-por-mudar-perfis-de-jornalistas-na-internet\/#primaryimage\"},\"image\":{\"@id\":\"https:\/\/www.notibras.com\/site\/ex-assessor-palaciano-e-condenado-por-mudar-perfis-de-jornalistas-na-internet\/#primaryimage\"},\"thumbnailUrl\":\"https:\/\/www.notibras.com\/site\/wp-content\/uploads\/2015\/08\/RTEmagicC_d5ea2cb0a9.jpg.jpg\",\"datePublished\":\"2015-08-21T12:46:17+00:00\",\"dateModified\":\"2015-08-21T22:44:34+00:00\",\"breadcrumb\":{\"@id\":\"https:\/\/www.notibras.com\/site\/ex-assessor-palaciano-e-condenado-por-mudar-perfis-de-jornalistas-na-internet\/#breadcrumb\"},\"inLanguage\":\"pt-BR\",\"potentialAction\":[{\"@type\":\"ReadAction\",\"target\":[\"https:\/\/www.notibras.com\/site\/ex-assessor-palaciano-e-condenado-por-mudar-perfis-de-jornalistas-na-internet\/\"]}]},{\"@type\":\"ImageObject\",\"inLanguage\":\"pt-BR\",\"@id\":\"https:\/\/www.notibras.com\/site\/ex-assessor-palaciano-e-condenado-por-mudar-perfis-de-jornalistas-na-internet\/#primaryimage\",\"url\":\"https:\/\/www.notibras.com\/site\/wp-content\/uploads\/2015\/08\/RTEmagicC_d5ea2cb0a9.jpg.jpg\",\"contentUrl\":\"https:\/\/www.notibras.com\/site\/wp-content\/uploads\/2015\/08\/RTEmagicC_d5ea2cb0a9.jpg.jpg\",\"width\":620,\"height\":451},{\"@type\":\"BreadcrumbList\",\"@id\":\"https:\/\/www.notibras.com\/site\/ex-assessor-palaciano-e-condenado-por-mudar-perfis-de-jornalistas-na-internet\/#breadcrumb\",\"itemListElement\":[{\"@type\":\"ListItem\",\"position\":1,\"name\":\"In\u00edcio\",\"item\":\"https:\/\/www.notibras.com\/site\/\"},{\"@type\":\"ListItem\",\"position\":2,\"name\":\"Ex-assessor palaciano \u00e9 condenado por mudar perfis de jornalistas na internet\"}]},{\"@type\":\"WebSite\",\"@id\":\"https:\/\/www.notibras.com\/site\/#website\",\"url\":\"https:\/\/www.notibras.com\/site\/\",\"name\":\"Notibras\",\"description\":\"Not\u00edcias de Bras\u00edlia, do Brasil e do Mundo\",\"publisher\":{\"@id\":\"https:\/\/www.notibras.com\/site\/#organization\"},\"potentialAction\":[{\"@type\":\"SearchAction\",\"target\":{\"@type\":\"EntryPoint\",\"urlTemplate\":\"https:\/\/www.notibras.com\/site\/?s={search_term_string}\"},\"query-input\":{\"@type\":\"PropertyValueSpecification\",\"valueRequired\":true,\"valueName\":\"search_term_string\"}}],\"inLanguage\":\"pt-BR\"},{\"@type\":\"Organization\",\"@id\":\"https:\/\/www.notibras.com\/site\/#organization\",\"name\":\"Grupo Notibras de Comunica\u00e7\u00e3o\",\"url\":\"https:\/\/www.notibras.com\/site\/\",\"logo\":{\"@type\":\"ImageObject\",\"inLanguage\":\"pt-BR\",\"@id\":\"https:\/\/www.notibras.com\/site\/#\/schema\/logo\/image\/\",\"url\":\"https:\/\/www.notibras.com\/site\/wp-content\/uploads\/2023\/01\/notibras23.png\",\"contentUrl\":\"https:\/\/www.notibras.com\/site\/wp-content\/uploads\/2023\/01\/notibras23.png\",\"width\":350,\"height\":87,\"caption\":\"Grupo Notibras de Comunica\u00e7\u00e3o\"},\"image\":{\"@id\":\"https:\/\/www.notibras.com\/site\/#\/schema\/logo\/image\/\"},\"sameAs\":[\"https:\/\/www.facebook.com\/notibras\/\",\"https:\/\/x.com\/Notibras\",\"https:\/\/www.instagram.com\/notibras\/\"]},{\"@type\":\"Person\",\"@id\":\"https:\/\/www.notibras.com\/site\/#\/schema\/person\/36ab0979449956132d3e5b517ea76ac8\",\"name\":\"Reda\u00e7\u00e3o\",\"image\":{\"@type\":\"ImageObject\",\"inLanguage\":\"pt-BR\",\"@id\":\"https:\/\/secure.gravatar.com\/avatar\/e0a867bdedb85fd243eadf09663511f96fc81e0720a4a42581f334ad4303aa6b?s=96&d=mm&r=g\",\"url\":\"https:\/\/secure.gravatar.com\/avatar\/e0a867bdedb85fd243eadf09663511f96fc81e0720a4a42581f334ad4303aa6b?s=96&d=mm&r=g\",\"contentUrl\":\"https:\/\/secure.gravatar.com\/avatar\/e0a867bdedb85fd243eadf09663511f96fc81e0720a4a42581f334ad4303aa6b?s=96&d=mm&r=g\",\"caption\":\"Reda\u00e7\u00e3o\"}}]}<\/script>\n<!-- \/ Yoast SEO plugin. -->","yoast_head_json":{"title":"Ex-assessor palaciano \u00e9 condenado por mudar perfis de jornalistas na internet - Notibras","robots":{"index":"index","follow":"follow","max-snippet":"max-snippet:-1","max-image-preview":"max-image-preview:large","max-video-preview":"max-video-preview:-1"},"canonical":"https:\/\/www.notibras.com\/site\/ex-assessor-palaciano-e-condenado-por-mudar-perfis-de-jornalistas-na-internet\/","og_locale":"pt_BR","og_type":"article","og_title":"Ex-assessor palaciano \u00e9 condenado por mudar perfis de jornalistas na internet - Notibras","og_description":"O ex-chefe da assessoria parlamentar do Minist\u00e9rio do Planejamento Luiz Alberto Marques Vieira Filho ter\u00e1 de prestar servi\u00e7os \u00e0 comunidade no Hospital Regional da Asa Sul durante dez meses. A aplica\u00e7\u00e3o da medida \u00e9 resultado de uma queixa-crime dos jornalistas Miriam Leit\u00e3o e Carlos Alberto Sardenberg, do Grupo Globo, depois que Vieira Filho alterou indevidamente, [&hellip;]","og_url":"https:\/\/www.notibras.com\/site\/ex-assessor-palaciano-e-condenado-por-mudar-perfis-de-jornalistas-na-internet\/","og_site_name":"Notibras","article_publisher":"https:\/\/www.facebook.com\/notibras\/","article_published_time":"2015-08-21T12:46:17+00:00","article_modified_time":"2015-08-21T22:44:34+00:00","og_image":[{"width":620,"height":451,"url":"https:\/\/www.notibras.com\/site\/wp-content\/uploads\/2015\/08\/RTEmagicC_d5ea2cb0a9.jpg.jpg","type":"image\/jpeg"}],"author":"Reda\u00e7\u00e3o","twitter_card":"summary_large_image","twitter_creator":"@Notibras","twitter_site":"@Notibras","twitter_misc":{"Escrito por":"Reda\u00e7\u00e3o","Est. tempo de leitura":"2 minutos"},"schema":{"@context":"https:\/\/schema.org","@graph":[{"@type":"Article","@id":"https:\/\/www.notibras.com\/site\/ex-assessor-palaciano-e-condenado-por-mudar-perfis-de-jornalistas-na-internet\/#article","isPartOf":{"@id":"https:\/\/www.notibras.com\/site\/ex-assessor-palaciano-e-condenado-por-mudar-perfis-de-jornalistas-na-internet\/"},"author":{"name":"Reda\u00e7\u00e3o","@id":"https:\/\/www.notibras.com\/site\/#\/schema\/person\/36ab0979449956132d3e5b517ea76ac8"},"headline":"Ex-assessor palaciano \u00e9 condenado por mudar perfis de jornalistas na internet","datePublished":"2015-08-21T12:46:17+00:00","dateModified":"2015-08-21T22:44:34+00:00","mainEntityOfPage":{"@id":"https:\/\/www.notibras.com\/site\/ex-assessor-palaciano-e-condenado-por-mudar-perfis-de-jornalistas-na-internet\/"},"wordCount":401,"commentCount":0,"publisher":{"@id":"https:\/\/www.notibras.com\/site\/#organization"},"image":{"@id":"https:\/\/www.notibras.com\/site\/ex-assessor-palaciano-e-condenado-por-mudar-perfis-de-jornalistas-na-internet\/#primaryimage"},"thumbnailUrl":"https:\/\/www.notibras.com\/site\/wp-content\/uploads\/2015\/08\/RTEmagicC_d5ea2cb0a9.jpg.jpg","articleSection":["Brasil"],"inLanguage":"pt-BR","potentialAction":[{"@type":"CommentAction","name":"Comment","target":["https:\/\/www.notibras.com\/site\/ex-assessor-palaciano-e-condenado-por-mudar-perfis-de-jornalistas-na-internet\/#respond"]}]},{"@type":"WebPage","@id":"https:\/\/www.notibras.com\/site\/ex-assessor-palaciano-e-condenado-por-mudar-perfis-de-jornalistas-na-internet\/","url":"https:\/\/www.notibras.com\/site\/ex-assessor-palaciano-e-condenado-por-mudar-perfis-de-jornalistas-na-internet\/","name":"Ex-assessor palaciano \u00e9 condenado por mudar perfis de jornalistas na internet - Notibras","isPartOf":{"@id":"https:\/\/www.notibras.com\/site\/#website"},"primaryImageOfPage":{"@id":"https:\/\/www.notibras.com\/site\/ex-assessor-palaciano-e-condenado-por-mudar-perfis-de-jornalistas-na-internet\/#primaryimage"},"image":{"@id":"https:\/\/www.notibras.com\/site\/ex-assessor-palaciano-e-condenado-por-mudar-perfis-de-jornalistas-na-internet\/#primaryimage"},"thumbnailUrl":"https:\/\/www.notibras.com\/site\/wp-content\/uploads\/2015\/08\/RTEmagicC_d5ea2cb0a9.jpg.jpg","datePublished":"2015-08-21T12:46:17+00:00","dateModified":"2015-08-21T22:44:34+00:00","breadcrumb":{"@id":"https:\/\/www.notibras.com\/site\/ex-assessor-palaciano-e-condenado-por-mudar-perfis-de-jornalistas-na-internet\/#breadcrumb"},"inLanguage":"pt-BR","potentialAction":[{"@type":"ReadAction","target":["https:\/\/www.notibras.com\/site\/ex-assessor-palaciano-e-condenado-por-mudar-perfis-de-jornalistas-na-internet\/"]}]},{"@type":"ImageObject","inLanguage":"pt-BR","@id":"https:\/\/www.notibras.com\/site\/ex-assessor-palaciano-e-condenado-por-mudar-perfis-de-jornalistas-na-internet\/#primaryimage","url":"https:\/\/www.notibras.com\/site\/wp-content\/uploads\/2015\/08\/RTEmagicC_d5ea2cb0a9.jpg.jpg","contentUrl":"https:\/\/www.notibras.com\/site\/wp-content\/uploads\/2015\/08\/RTEmagicC_d5ea2cb0a9.jpg.jpg","width":620,"height":451},{"@type":"BreadcrumbList","@id":"https:\/\/www.notibras.com\/site\/ex-assessor-palaciano-e-condenado-por-mudar-perfis-de-jornalistas-na-internet\/#breadcrumb","itemListElement":[{"@type":"ListItem","position":1,"name":"In\u00edcio","item":"https:\/\/www.notibras.com\/site\/"},{"@type":"ListItem","position":2,"name":"Ex-assessor palaciano \u00e9 condenado por mudar perfis de jornalistas na internet"}]},{"@type":"WebSite","@id":"https:\/\/www.notibras.com\/site\/#website","url":"https:\/\/www.notibras.com\/site\/","name":"Notibras","description":"Not\u00edcias de Bras\u00edlia, do Brasil e do Mundo","publisher":{"@id":"https:\/\/www.notibras.com\/site\/#organization"},"potentialAction":[{"@type":"SearchAction","target":{"@type":"EntryPoint","urlTemplate":"https:\/\/www.notibras.com\/site\/?s={search_term_string}"},"query-input":{"@type":"PropertyValueSpecification","valueRequired":true,"valueName":"search_term_string"}}],"inLanguage":"pt-BR"},{"@type":"Organization","@id":"https:\/\/www.notibras.com\/site\/#organization","name":"Grupo Notibras de Comunica\u00e7\u00e3o","url":"https:\/\/www.notibras.com\/site\/","logo":{"@type":"ImageObject","inLanguage":"pt-BR","@id":"https:\/\/www.notibras.com\/site\/#\/schema\/logo\/image\/","url":"https:\/\/www.notibras.com\/site\/wp-content\/uploads\/2023\/01\/notibras23.png","contentUrl":"https:\/\/www.notibras.com\/site\/wp-content\/uploads\/2023\/01\/notibras23.png","width":350,"height":87,"caption":"Grupo Notibras de Comunica\u00e7\u00e3o"},"image":{"@id":"https:\/\/www.notibras.com\/site\/#\/schema\/logo\/image\/"},"sameAs":["https:\/\/www.facebook.com\/notibras\/","https:\/\/x.com\/Notibras","https:\/\/www.instagram.com\/notibras\/"]},{"@type":"Person","@id":"https:\/\/www.notibras.com\/site\/#\/schema\/person\/36ab0979449956132d3e5b517ea76ac8","name":"Reda\u00e7\u00e3o","image":{"@type":"ImageObject","inLanguage":"pt-BR","@id":"https:\/\/secure.gravatar.com\/avatar\/e0a867bdedb85fd243eadf09663511f96fc81e0720a4a42581f334ad4303aa6b?s=96&d=mm&r=g","url":"https:\/\/secure.gravatar.com\/avatar\/e0a867bdedb85fd243eadf09663511f96fc81e0720a4a42581f334ad4303aa6b?s=96&d=mm&r=g","contentUrl":"https:\/\/secure.gravatar.com\/avatar\/e0a867bdedb85fd243eadf09663511f96fc81e0720a4a42581f334ad4303aa6b?s=96&d=mm&r=g","caption":"Reda\u00e7\u00e3o"}}]}},"amp_enabled":true,"_links":{"self":[{"href":"https:\/\/www.notibras.com\/site\/wp-json\/wp\/v2\/posts\/63670","targetHints":{"allow":["GET"]}}],"collection":[{"href":"https:\/\/www.notibras.com\/site\/wp-json\/wp\/v2\/posts"}],"about":[{"href":"https:\/\/www.notibras.com\/site\/wp-json\/wp\/v2\/types\/post"}],"author":[{"embeddable":true,"href":"https:\/\/www.notibras.com\/site\/wp-json\/wp\/v2\/users\/2"}],"replies":[{"embeddable":true,"href":"https:\/\/www.notibras.com\/site\/wp-json\/wp\/v2\/comments?post=63670"}],"version-history":[{"count":1,"href":"https:\/\/www.notibras.com\/site\/wp-json\/wp\/v2\/posts\/63670\/revisions"}],"predecessor-version":[{"id":63672,"href":"https:\/\/www.notibras.com\/site\/wp-json\/wp\/v2\/posts\/63670\/revisions\/63672"}],"wp:featuredmedia":[{"embeddable":true,"href":"https:\/\/www.notibras.com\/site\/wp-json\/wp\/v2\/media\/63671"}],"wp:attachment":[{"href":"https:\/\/www.notibras.com\/site\/wp-json\/wp\/v2\/media?parent=63670"}],"wp:term":[{"taxonomy":"category","embeddable":true,"href":"https:\/\/www.notibras.com\/site\/wp-json\/wp\/v2\/categories?post=63670"},{"taxonomy":"post_tag","embeddable":true,"href":"https:\/\/www.notibras.com\/site\/wp-json\/wp\/v2\/tags?post=63670"}],"curies":[{"name":"wp","href":"https:\/\/api.w.org\/{rel}","templated":true}]}}