{"id":63684,"date":"2015-08-21T16:02:22","date_gmt":"2015-08-21T19:02:22","guid":{"rendered":"http:\/\/www.notibras.com\/site\/?p=63684"},"modified":"2015-08-21T16:03:08","modified_gmt":"2015-08-21T19:03:08","slug":"maluf-condenado-a-indenizar-prefeitura-de-sao-paulo-em-128-milhoes-de-reais","status":"publish","type":"post","link":"https:\/\/www.notibras.com\/site\/maluf-condenado-a-indenizar-prefeitura-de-sao-paulo-em-128-milhoes-de-reais\/","title":{"rendered":"Maluf condenado a indenizar prefeitura de S\u00e3o Paulo em 128 mi por uso de imagem"},"content":{"rendered":"<p>Deputado federal e ex-prefeito de S\u00e3o Paulo, Paulo Maluf ter\u00e1 de pagar indeniza\u00e7\u00e3o de R$ 128,6 milh\u00f5es \u00e0 prefeitura por ter usado um s\u00edmbolo de sua campanha eleitoral como marca oficial da cidade durante seu mandato na prefeitura (1993-1996). A decis\u00e3o \u00e9 do juiz Fausto Jos\u00e9 Martins Seabra, da 3\u00aa Vara de Fazenda P\u00fablica.<\/p>\n<p>Maluf foi condenado por improbidade administrativa neste caso em 2006, ap\u00f3s uma a\u00e7\u00e3o popular. A Justi\u00e7a considerou que ele fez promo\u00e7\u00e3o pessoal com recursos p\u00fablicos, ao adotar como s\u00edmbolo da administra\u00e7\u00e3o municipal o desenho de um trevo de quatro folhas formado por quatro cora\u00e7\u00f5es.<\/p>\n<p>Foi o mesmo s\u00edmbolo que ele utilizou em sua campanha eleitoral em 1992, quando elegeu-se prefeito. Todos os recursos de Maluf foram negados e a discuss\u00e3o agora era somente sobre os crit\u00e9rios de c\u00e1lculo da indeniza\u00e7\u00e3o. A assessoria de Maluf disse que seus advogados v\u00e3o recorrer da decis\u00e3o a inst\u00e2ncias superiores.<\/p>\n<p>Por meio de nota, a prefeitura de S\u00e3o Paulo disse que vai adotar \u201cas medidas necess\u00e1rias para identificar bens do ex-prefeito que possam ser bloqueados para garantir o pagamento da indeniza\u00e7\u00e3o\u201d.<\/p>\n<p><strong>Elaine Patricia Cruz &#8211; ABr<\/strong><\/p>\n","protected":false},"excerpt":{"rendered":"<p>Deputado federal e ex-prefeito de S\u00e3o Paulo, Paulo Maluf ter\u00e1 de pagar indeniza\u00e7\u00e3o de R$ 128,6 milh\u00f5es \u00e0 prefeitura por ter usado um s\u00edmbolo de sua campanha eleitoral como marca oficial da cidade durante seu mandato na prefeitura (1993-1996). A decis\u00e3o \u00e9 do juiz Fausto Jos\u00e9 Martins Seabra, da 3\u00aa Vara de Fazenda P\u00fablica. Maluf [&hellip;]<\/p>\n","protected":false},"author":2,"featured_media":63685,"comment_status":"open","ping_status":"closed","sticky":false,"template":"","format":"standard","meta":{"_acf_changed":false,"footnotes":""},"categories":[16],"tags":[],"class_list":["post-63684","post","type-post","status-publish","format-standard","has-post-thumbnail","hentry","category-brasil"],"acf":[],"yoast_head":"<!-- This site is optimized with the Yoast SEO plugin v27.2 - https:\/\/yoast.com\/product\/yoast-seo-wordpress\/ -->\n<title>Maluf condenado a indenizar prefeitura de S\u00e3o Paulo em 128 mi por uso de imagem - Notibras<\/title>\n<meta name=\"robots\" content=\"index, follow, max-snippet:-1, max-image-preview:large, max-video-preview:-1\" \/>\n<link rel=\"canonical\" href=\"https:\/\/www.notibras.com\/site\/maluf-condenado-a-indenizar-prefeitura-de-sao-paulo-em-128-milhoes-de-reais\/\" \/>\n<meta property=\"og:locale\" content=\"pt_BR\" \/>\n<meta property=\"og:type\" content=\"article\" \/>\n<meta property=\"og:title\" content=\"Maluf condenado a indenizar prefeitura de S\u00e3o Paulo em 128 mi por uso de imagem - Notibras\" \/>\n<meta property=\"og:description\" content=\"Deputado federal e ex-prefeito de S\u00e3o Paulo, Paulo Maluf ter\u00e1 de pagar indeniza\u00e7\u00e3o de R$ 128,6 milh\u00f5es \u00e0 prefeitura por ter usado um s\u00edmbolo de sua campanha eleitoral como marca oficial da cidade durante seu mandato na prefeitura (1993-1996). A decis\u00e3o \u00e9 do juiz Fausto Jos\u00e9 Martins Seabra, da 3\u00aa Vara de Fazenda P\u00fablica. Maluf [&hellip;]\" \/>\n<meta property=\"og:url\" content=\"https:\/\/www.notibras.com\/site\/maluf-condenado-a-indenizar-prefeitura-de-sao-paulo-em-128-milhoes-de-reais\/\" \/>\n<meta property=\"og:site_name\" content=\"Notibras\" \/>\n<meta property=\"article:publisher\" content=\"https:\/\/www.facebook.com\/notibras\/\" \/>\n<meta property=\"article:published_time\" content=\"2015-08-21T19:02:22+00:00\" \/>\n<meta property=\"article:modified_time\" content=\"2015-08-21T19:03:08+00:00\" \/>\n<meta property=\"og:image\" content=\"https:\/\/www.notibras.com\/site\/wp-content\/uploads\/2015\/08\/Maluf.jpg\" \/>\n\t<meta property=\"og:image:width\" content=\"720\" \/>\n\t<meta property=\"og:image:height\" content=\"460\" \/>\n\t<meta property=\"og:image:type\" content=\"image\/jpeg\" \/>\n<meta name=\"author\" content=\"Reda\u00e7\u00e3o\" \/>\n<meta name=\"twitter:card\" content=\"summary_large_image\" \/>\n<meta name=\"twitter:creator\" content=\"@Notibras\" \/>\n<meta name=\"twitter:site\" content=\"@Notibras\" \/>\n<meta name=\"twitter:label1\" content=\"Escrito por\" \/>\n\t<meta name=\"twitter:data1\" content=\"Reda\u00e7\u00e3o\" \/>\n\t<meta name=\"twitter:label2\" content=\"Est. tempo de leitura\" \/>\n\t<meta name=\"twitter:data2\" content=\"1 minuto\" \/>\n<script type=\"application\/ld+json\" class=\"yoast-schema-graph\">{\"@context\":\"https:\/\/schema.org\",\"@graph\":[{\"@type\":\"Article\",\"@id\":\"https:\/\/www.notibras.com\/site\/maluf-condenado-a-indenizar-prefeitura-de-sao-paulo-em-128-milhoes-de-reais\/#article\",\"isPartOf\":{\"@id\":\"https:\/\/www.notibras.com\/site\/maluf-condenado-a-indenizar-prefeitura-de-sao-paulo-em-128-milhoes-de-reais\/\"},\"author\":{\"name\":\"Reda\u00e7\u00e3o\",\"@id\":\"https:\/\/www.notibras.com\/site\/#\/schema\/person\/36ab0979449956132d3e5b517ea76ac8\"},\"headline\":\"Maluf condenado a indenizar prefeitura de S\u00e3o Paulo em 128 mi por uso de imagem\",\"datePublished\":\"2015-08-21T19:02:22+00:00\",\"dateModified\":\"2015-08-21T19:03:08+00:00\",\"mainEntityOfPage\":{\"@id\":\"https:\/\/www.notibras.com\/site\/maluf-condenado-a-indenizar-prefeitura-de-sao-paulo-em-128-milhoes-de-reais\/\"},\"wordCount\":219,\"commentCount\":0,\"publisher\":{\"@id\":\"https:\/\/www.notibras.com\/site\/#organization\"},\"image\":{\"@id\":\"https:\/\/www.notibras.com\/site\/maluf-condenado-a-indenizar-prefeitura-de-sao-paulo-em-128-milhoes-de-reais\/#primaryimage\"},\"thumbnailUrl\":\"https:\/\/www.notibras.com\/site\/wp-content\/uploads\/2015\/08\/Maluf.jpg\",\"articleSection\":[\"Brasil\"],\"inLanguage\":\"pt-BR\",\"potentialAction\":[{\"@type\":\"CommentAction\",\"name\":\"Comment\",\"target\":[\"https:\/\/www.notibras.com\/site\/maluf-condenado-a-indenizar-prefeitura-de-sao-paulo-em-128-milhoes-de-reais\/#respond\"]}]},{\"@type\":\"WebPage\",\"@id\":\"https:\/\/www.notibras.com\/site\/maluf-condenado-a-indenizar-prefeitura-de-sao-paulo-em-128-milhoes-de-reais\/\",\"url\":\"https:\/\/www.notibras.com\/site\/maluf-condenado-a-indenizar-prefeitura-de-sao-paulo-em-128-milhoes-de-reais\/\",\"name\":\"Maluf condenado a indenizar prefeitura de S\u00e3o Paulo em 128 mi por uso de imagem - Notibras\",\"isPartOf\":{\"@id\":\"https:\/\/www.notibras.com\/site\/#website\"},\"primaryImageOfPage\":{\"@id\":\"https:\/\/www.notibras.com\/site\/maluf-condenado-a-indenizar-prefeitura-de-sao-paulo-em-128-milhoes-de-reais\/#primaryimage\"},\"image\":{\"@id\":\"https:\/\/www.notibras.com\/site\/maluf-condenado-a-indenizar-prefeitura-de-sao-paulo-em-128-milhoes-de-reais\/#primaryimage\"},\"thumbnailUrl\":\"https:\/\/www.notibras.com\/site\/wp-content\/uploads\/2015\/08\/Maluf.jpg\",\"datePublished\":\"2015-08-21T19:02:22+00:00\",\"dateModified\":\"2015-08-21T19:03:08+00:00\",\"breadcrumb\":{\"@id\":\"https:\/\/www.notibras.com\/site\/maluf-condenado-a-indenizar-prefeitura-de-sao-paulo-em-128-milhoes-de-reais\/#breadcrumb\"},\"inLanguage\":\"pt-BR\",\"potentialAction\":[{\"@type\":\"ReadAction\",\"target\":[\"https:\/\/www.notibras.com\/site\/maluf-condenado-a-indenizar-prefeitura-de-sao-paulo-em-128-milhoes-de-reais\/\"]}]},{\"@type\":\"ImageObject\",\"inLanguage\":\"pt-BR\",\"@id\":\"https:\/\/www.notibras.com\/site\/maluf-condenado-a-indenizar-prefeitura-de-sao-paulo-em-128-milhoes-de-reais\/#primaryimage\",\"url\":\"https:\/\/www.notibras.com\/site\/wp-content\/uploads\/2015\/08\/Maluf.jpg\",\"contentUrl\":\"https:\/\/www.notibras.com\/site\/wp-content\/uploads\/2015\/08\/Maluf.jpg\",\"width\":720,\"height\":460},{\"@type\":\"BreadcrumbList\",\"@id\":\"https:\/\/www.notibras.com\/site\/maluf-condenado-a-indenizar-prefeitura-de-sao-paulo-em-128-milhoes-de-reais\/#breadcrumb\",\"itemListElement\":[{\"@type\":\"ListItem\",\"position\":1,\"name\":\"In\u00edcio\",\"item\":\"https:\/\/www.notibras.com\/site\/\"},{\"@type\":\"ListItem\",\"position\":2,\"name\":\"Maluf condenado a indenizar prefeitura de S\u00e3o Paulo em 128 mi por uso de imagem\"}]},{\"@type\":\"WebSite\",\"@id\":\"https:\/\/www.notibras.com\/site\/#website\",\"url\":\"https:\/\/www.notibras.com\/site\/\",\"name\":\"Notibras\",\"description\":\"Not\u00edcias de Bras\u00edlia, do Brasil e do Mundo\",\"publisher\":{\"@id\":\"https:\/\/www.notibras.com\/site\/#organization\"},\"potentialAction\":[{\"@type\":\"SearchAction\",\"target\":{\"@type\":\"EntryPoint\",\"urlTemplate\":\"https:\/\/www.notibras.com\/site\/?s={search_term_string}\"},\"query-input\":{\"@type\":\"PropertyValueSpecification\",\"valueRequired\":true,\"valueName\":\"search_term_string\"}}],\"inLanguage\":\"pt-BR\"},{\"@type\":\"Organization\",\"@id\":\"https:\/\/www.notibras.com\/site\/#organization\",\"name\":\"Grupo Notibras de Comunica\u00e7\u00e3o\",\"url\":\"https:\/\/www.notibras.com\/site\/\",\"logo\":{\"@type\":\"ImageObject\",\"inLanguage\":\"pt-BR\",\"@id\":\"https:\/\/www.notibras.com\/site\/#\/schema\/logo\/image\/\",\"url\":\"https:\/\/www.notibras.com\/site\/wp-content\/uploads\/2023\/01\/notibras23.png\",\"contentUrl\":\"https:\/\/www.notibras.com\/site\/wp-content\/uploads\/2023\/01\/notibras23.png\",\"width\":350,\"height\":87,\"caption\":\"Grupo Notibras de Comunica\u00e7\u00e3o\"},\"image\":{\"@id\":\"https:\/\/www.notibras.com\/site\/#\/schema\/logo\/image\/\"},\"sameAs\":[\"https:\/\/www.facebook.com\/notibras\/\",\"https:\/\/x.com\/Notibras\",\"https:\/\/www.instagram.com\/notibras\/\"]},{\"@type\":\"Person\",\"@id\":\"https:\/\/www.notibras.com\/site\/#\/schema\/person\/36ab0979449956132d3e5b517ea76ac8\",\"name\":\"Reda\u00e7\u00e3o\",\"image\":{\"@type\":\"ImageObject\",\"inLanguage\":\"pt-BR\",\"@id\":\"https:\/\/secure.gravatar.com\/avatar\/e0a867bdedb85fd243eadf09663511f96fc81e0720a4a42581f334ad4303aa6b?s=96&d=mm&r=g\",\"url\":\"https:\/\/secure.gravatar.com\/avatar\/e0a867bdedb85fd243eadf09663511f96fc81e0720a4a42581f334ad4303aa6b?s=96&d=mm&r=g\",\"contentUrl\":\"https:\/\/secure.gravatar.com\/avatar\/e0a867bdedb85fd243eadf09663511f96fc81e0720a4a42581f334ad4303aa6b?s=96&d=mm&r=g\",\"caption\":\"Reda\u00e7\u00e3o\"}}]}<\/script>\n<!-- \/ Yoast SEO plugin. -->","yoast_head_json":{"title":"Maluf condenado a indenizar prefeitura de S\u00e3o Paulo em 128 mi por uso de imagem - Notibras","robots":{"index":"index","follow":"follow","max-snippet":"max-snippet:-1","max-image-preview":"max-image-preview:large","max-video-preview":"max-video-preview:-1"},"canonical":"https:\/\/www.notibras.com\/site\/maluf-condenado-a-indenizar-prefeitura-de-sao-paulo-em-128-milhoes-de-reais\/","og_locale":"pt_BR","og_type":"article","og_title":"Maluf condenado a indenizar prefeitura de S\u00e3o Paulo em 128 mi por uso de imagem - Notibras","og_description":"Deputado federal e ex-prefeito de S\u00e3o Paulo, Paulo Maluf ter\u00e1 de pagar indeniza\u00e7\u00e3o de R$ 128,6 milh\u00f5es \u00e0 prefeitura por ter usado um s\u00edmbolo de sua campanha eleitoral como marca oficial da cidade durante seu mandato na prefeitura (1993-1996). A decis\u00e3o \u00e9 do juiz Fausto Jos\u00e9 Martins Seabra, da 3\u00aa Vara de Fazenda P\u00fablica. Maluf [&hellip;]","og_url":"https:\/\/www.notibras.com\/site\/maluf-condenado-a-indenizar-prefeitura-de-sao-paulo-em-128-milhoes-de-reais\/","og_site_name":"Notibras","article_publisher":"https:\/\/www.facebook.com\/notibras\/","article_published_time":"2015-08-21T19:02:22+00:00","article_modified_time":"2015-08-21T19:03:08+00:00","og_image":[{"width":720,"height":460,"url":"https:\/\/www.notibras.com\/site\/wp-content\/uploads\/2015\/08\/Maluf.jpg","type":"image\/jpeg"}],"author":"Reda\u00e7\u00e3o","twitter_card":"summary_large_image","twitter_creator":"@Notibras","twitter_site":"@Notibras","twitter_misc":{"Escrito por":"Reda\u00e7\u00e3o","Est. tempo de leitura":"1 minuto"},"schema":{"@context":"https:\/\/schema.org","@graph":[{"@type":"Article","@id":"https:\/\/www.notibras.com\/site\/maluf-condenado-a-indenizar-prefeitura-de-sao-paulo-em-128-milhoes-de-reais\/#article","isPartOf":{"@id":"https:\/\/www.notibras.com\/site\/maluf-condenado-a-indenizar-prefeitura-de-sao-paulo-em-128-milhoes-de-reais\/"},"author":{"name":"Reda\u00e7\u00e3o","@id":"https:\/\/www.notibras.com\/site\/#\/schema\/person\/36ab0979449956132d3e5b517ea76ac8"},"headline":"Maluf condenado a indenizar prefeitura de S\u00e3o Paulo em 128 mi por uso de imagem","datePublished":"2015-08-21T19:02:22+00:00","dateModified":"2015-08-21T19:03:08+00:00","mainEntityOfPage":{"@id":"https:\/\/www.notibras.com\/site\/maluf-condenado-a-indenizar-prefeitura-de-sao-paulo-em-128-milhoes-de-reais\/"},"wordCount":219,"commentCount":0,"publisher":{"@id":"https:\/\/www.notibras.com\/site\/#organization"},"image":{"@id":"https:\/\/www.notibras.com\/site\/maluf-condenado-a-indenizar-prefeitura-de-sao-paulo-em-128-milhoes-de-reais\/#primaryimage"},"thumbnailUrl":"https:\/\/www.notibras.com\/site\/wp-content\/uploads\/2015\/08\/Maluf.jpg","articleSection":["Brasil"],"inLanguage":"pt-BR","potentialAction":[{"@type":"CommentAction","name":"Comment","target":["https:\/\/www.notibras.com\/site\/maluf-condenado-a-indenizar-prefeitura-de-sao-paulo-em-128-milhoes-de-reais\/#respond"]}]},{"@type":"WebPage","@id":"https:\/\/www.notibras.com\/site\/maluf-condenado-a-indenizar-prefeitura-de-sao-paulo-em-128-milhoes-de-reais\/","url":"https:\/\/www.notibras.com\/site\/maluf-condenado-a-indenizar-prefeitura-de-sao-paulo-em-128-milhoes-de-reais\/","name":"Maluf condenado a indenizar prefeitura de S\u00e3o Paulo em 128 mi por uso de imagem - Notibras","isPartOf":{"@id":"https:\/\/www.notibras.com\/site\/#website"},"primaryImageOfPage":{"@id":"https:\/\/www.notibras.com\/site\/maluf-condenado-a-indenizar-prefeitura-de-sao-paulo-em-128-milhoes-de-reais\/#primaryimage"},"image":{"@id":"https:\/\/www.notibras.com\/site\/maluf-condenado-a-indenizar-prefeitura-de-sao-paulo-em-128-milhoes-de-reais\/#primaryimage"},"thumbnailUrl":"https:\/\/www.notibras.com\/site\/wp-content\/uploads\/2015\/08\/Maluf.jpg","datePublished":"2015-08-21T19:02:22+00:00","dateModified":"2015-08-21T19:03:08+00:00","breadcrumb":{"@id":"https:\/\/www.notibras.com\/site\/maluf-condenado-a-indenizar-prefeitura-de-sao-paulo-em-128-milhoes-de-reais\/#breadcrumb"},"inLanguage":"pt-BR","potentialAction":[{"@type":"ReadAction","target":["https:\/\/www.notibras.com\/site\/maluf-condenado-a-indenizar-prefeitura-de-sao-paulo-em-128-milhoes-de-reais\/"]}]},{"@type":"ImageObject","inLanguage":"pt-BR","@id":"https:\/\/www.notibras.com\/site\/maluf-condenado-a-indenizar-prefeitura-de-sao-paulo-em-128-milhoes-de-reais\/#primaryimage","url":"https:\/\/www.notibras.com\/site\/wp-content\/uploads\/2015\/08\/Maluf.jpg","contentUrl":"https:\/\/www.notibras.com\/site\/wp-content\/uploads\/2015\/08\/Maluf.jpg","width":720,"height":460},{"@type":"BreadcrumbList","@id":"https:\/\/www.notibras.com\/site\/maluf-condenado-a-indenizar-prefeitura-de-sao-paulo-em-128-milhoes-de-reais\/#breadcrumb","itemListElement":[{"@type":"ListItem","position":1,"name":"In\u00edcio","item":"https:\/\/www.notibras.com\/site\/"},{"@type":"ListItem","position":2,"name":"Maluf condenado a indenizar prefeitura de S\u00e3o Paulo em 128 mi por uso de imagem"}]},{"@type":"WebSite","@id":"https:\/\/www.notibras.com\/site\/#website","url":"https:\/\/www.notibras.com\/site\/","name":"Notibras","description":"Not\u00edcias de Bras\u00edlia, do Brasil e do Mundo","publisher":{"@id":"https:\/\/www.notibras.com\/site\/#organization"},"potentialAction":[{"@type":"SearchAction","target":{"@type":"EntryPoint","urlTemplate":"https:\/\/www.notibras.com\/site\/?s={search_term_string}"},"query-input":{"@type":"PropertyValueSpecification","valueRequired":true,"valueName":"search_term_string"}}],"inLanguage":"pt-BR"},{"@type":"Organization","@id":"https:\/\/www.notibras.com\/site\/#organization","name":"Grupo Notibras de Comunica\u00e7\u00e3o","url":"https:\/\/www.notibras.com\/site\/","logo":{"@type":"ImageObject","inLanguage":"pt-BR","@id":"https:\/\/www.notibras.com\/site\/#\/schema\/logo\/image\/","url":"https:\/\/www.notibras.com\/site\/wp-content\/uploads\/2023\/01\/notibras23.png","contentUrl":"https:\/\/www.notibras.com\/site\/wp-content\/uploads\/2023\/01\/notibras23.png","width":350,"height":87,"caption":"Grupo Notibras de Comunica\u00e7\u00e3o"},"image":{"@id":"https:\/\/www.notibras.com\/site\/#\/schema\/logo\/image\/"},"sameAs":["https:\/\/www.facebook.com\/notibras\/","https:\/\/x.com\/Notibras","https:\/\/www.instagram.com\/notibras\/"]},{"@type":"Person","@id":"https:\/\/www.notibras.com\/site\/#\/schema\/person\/36ab0979449956132d3e5b517ea76ac8","name":"Reda\u00e7\u00e3o","image":{"@type":"ImageObject","inLanguage":"pt-BR","@id":"https:\/\/secure.gravatar.com\/avatar\/e0a867bdedb85fd243eadf09663511f96fc81e0720a4a42581f334ad4303aa6b?s=96&d=mm&r=g","url":"https:\/\/secure.gravatar.com\/avatar\/e0a867bdedb85fd243eadf09663511f96fc81e0720a4a42581f334ad4303aa6b?s=96&d=mm&r=g","contentUrl":"https:\/\/secure.gravatar.com\/avatar\/e0a867bdedb85fd243eadf09663511f96fc81e0720a4a42581f334ad4303aa6b?s=96&d=mm&r=g","caption":"Reda\u00e7\u00e3o"}}]}},"amp_enabled":true,"_links":{"self":[{"href":"https:\/\/www.notibras.com\/site\/wp-json\/wp\/v2\/posts\/63684","targetHints":{"allow":["GET"]}}],"collection":[{"href":"https:\/\/www.notibras.com\/site\/wp-json\/wp\/v2\/posts"}],"about":[{"href":"https:\/\/www.notibras.com\/site\/wp-json\/wp\/v2\/types\/post"}],"author":[{"embeddable":true,"href":"https:\/\/www.notibras.com\/site\/wp-json\/wp\/v2\/users\/2"}],"replies":[{"embeddable":true,"href":"https:\/\/www.notibras.com\/site\/wp-json\/wp\/v2\/comments?post=63684"}],"version-history":[{"count":2,"href":"https:\/\/www.notibras.com\/site\/wp-json\/wp\/v2\/posts\/63684\/revisions"}],"predecessor-version":[{"id":63687,"href":"https:\/\/www.notibras.com\/site\/wp-json\/wp\/v2\/posts\/63684\/revisions\/63687"}],"wp:featuredmedia":[{"embeddable":true,"href":"https:\/\/www.notibras.com\/site\/wp-json\/wp\/v2\/media\/63685"}],"wp:attachment":[{"href":"https:\/\/www.notibras.com\/site\/wp-json\/wp\/v2\/media?parent=63684"}],"wp:term":[{"taxonomy":"category","embeddable":true,"href":"https:\/\/www.notibras.com\/site\/wp-json\/wp\/v2\/categories?post=63684"},{"taxonomy":"post_tag","embeddable":true,"href":"https:\/\/www.notibras.com\/site\/wp-json\/wp\/v2\/tags?post=63684"}],"curies":[{"name":"wp","href":"https:\/\/api.w.org\/{rel}","templated":true}]}}