{"id":63700,"date":"2015-08-21T14:21:00","date_gmt":"2015-08-21T17:21:00","guid":{"rendered":"http:\/\/www.notibras.com\/site\/?p=63700"},"modified":"2015-08-22T10:27:54","modified_gmt":"2015-08-22T13:27:54","slug":"mulher-fica-11-meses-presa-no-lugar-da-irma-e-exige-indenizacao-de-1-milhao","status":"publish","type":"post","link":"https:\/\/www.notibras.com\/site\/mulher-fica-11-meses-presa-no-lugar-da-irma-e-exige-indenizacao-de-1-milhao\/","title":{"rendered":"Mulher fica 11 meses presa no lugar da irm\u00e3 e cobra uma indeniza\u00e7\u00e3o de R$ 1 milh\u00e3o"},"content":{"rendered":"<p>Foram 11 meses dividindo uma pequena cela da Penitenci\u00e1ria Feminina de Piraju\u00ed (SP) com outras cinco mulheres e mais tr\u00eas meses cumprindo a pena no regime semiaberto. Maristela Borges, 48, foi detida em janeiro de 2014 ap\u00f3s se envolver em um acidente de tr\u00e2nsito no estacionamento de um supermercado da cidade de Assis, distante 483 km de S\u00e3o Paulo, onde vive com os filhos e o marido.<\/p>\n<p>Enquanto era registrado o boletim de ocorr\u00eancia devido ao acidente de tr\u00e2nsito, Maristela foi informada por um policial militar que constava contra ela uma acusa\u00e7\u00e3o por furto de ve\u00edculo e que havia um mandado de pris\u00e3o contra ela. A dona de casa foi detida e conduzida para a delegacia da cidade. &#8220;Fui algemada no p\u00e9 e nas m\u00e3os, meus filhos e meu marido [ficaram] chorando sem entender nada e tentando convencer o policial de algo estava errado&#8221;, lembra.<\/p>\n<p>Como o crime j\u00e1 havia sido transitado em julgado, ela foi transferida para a penitenci\u00e1ria. &#8220;Desde esse momento at\u00e9 a semana passada, quando o tribunal reconheceu o erro, repeti todos os dias que eu era inocente, que n\u00e3o havia furtado ve\u00edculo nenhum&#8221;, afirma.<\/p>\n<p>Maristela afirma que a verdadeira culpada pelo crime era sua irm\u00e3, Maria Concei\u00e7\u00e3o Borges, j\u00e1 morta, que tinha uma extensa ficha criminal. &#8220;Ela sim era bandida, minha irm\u00e3 cometeu todo tipo de crime por causa da droga, pegou 25 anos de cadeia e morreu em 2009, devido ao uso excessivo de drogas e bebidas&#8221;, conta.<\/p>\n<p>&#8220;Quando o ve\u00edculo foi furtado, minha irm\u00e3 chegou a ser detida, mas na delegacia alegou que havia perdido o documento de identidade e para ser fichada deu o meu nome em vez do dela. Ela fez isso muitas vezes, tanto que, al\u00e9m desse crime, tem mais uns oito em que sou apontada como a respons\u00e1vel, mas que na verdade foram cometidos por ela&#8221;, explica.<\/p>\n<p>A dona de casa diz que, como a irm\u00e3 deu o nome dela na hora de ser autuada, com informa\u00e7\u00f5es de idade e o nome dos pais, a pol\u00edcia apenas buscou pela filia\u00e7\u00e3o e &#8220;fichou&#8221; o seu documento, sem se preocupar se as informa\u00e7\u00f5es que ela havia passado eram falsas ou verdadeiras. &#8220;Por isso que, ao passar meus documentos para o policial ap\u00f3s o acidente, constava esse mandado contra mim&#8221;, explica.<\/p>\n<p>Maristela recebeu na \u00faltima semana uma boa not\u00edcia de seu advogado. &#8220;Ele entrou com um pedido de revis\u00e3o criminal no Tribunal de Justi\u00e7a do Estado de S\u00e3o Paulo e conseguiu a exclus\u00e3o do processo e a minha liberdade&#8221;, conta.<\/p>\n<p>O advogado Ernesto N\u00f3bile, contratado pela fam\u00edlia para defesa de Maristela, afirma que o desembargador Fernando Torres Garcia, da Suprema Corte Paulista, reconheceu que houve equ\u00edvoco na pris\u00e3o de Maristela e decidiu pela liberta\u00e7\u00e3o e pela exclus\u00e3o do processo.<\/p>\n<p>&#8220;No dia da pris\u00e3o, n\u00e3o havia o que fazer. O processo j\u00e1 tinha tramitado pela 1\u00aa Vara de Assis e a medida cab\u00edvel foi a que tomamos, que era recorrer ao Tribunal de Justi\u00e7a&#8221;, explica o advogado.<\/p>\n<p>&#8220;O problema \u00e9 que ainda existem outros processos em tramita\u00e7\u00e3o por diversos crimes. Agora precisamos correr em cada comarca para provar o equ\u00edvoco em todos eles, garantir que a dona Maristela n\u00e3o voltar\u00e1 para a cadeia por crimes cometidos pela irm\u00e3, que usava o nome dela sempre que era detida&#8221;, diz N\u00f3bile.<\/p>\n<p>Livre h\u00e1 pouco mais de uma semana, Maristela conta que tem sentido na pele a condi\u00e7\u00e3o de ex-presidi\u00e1ria. &#8220;Perdi a guarda de uma sobrinha que eu criava. Ali\u00e1s, era filha dessa irm\u00e3 bandida, que morreu e deixou essa crian\u00e7a. Meus filhos e meu marido t\u00eam sofrido, diariamente, desde que fui presa, as consequ\u00eancias terr\u00edveis. Agora s\u00f3 quero recome\u00e7ar, mas fica dif\u00edcil, com o fantasma das agress\u00f5es sofridas na penitenci\u00e1ria&#8221;, lamenta.<\/p>\n<p>A fam\u00edlia de Maristela Borges agora come\u00e7a uma luta para que o Estado pague pelo erro cometido. O advogado disse que acionou o Estado por erro judici\u00e1rio e danos morais. A quantia pedida de indeniza\u00e7\u00e3o \u00e9 de R$ 1 milh\u00e3o. &#8220;Nada vai apagar o inferno vivido pela Maristela e o trauma que a pris\u00e3o injusta trouxe para o resto da vida dela, mas o Estado precisa reparar de alguma forma&#8221;, afirma N\u00f3bile.<\/p>\n<p>Ele acredita que a sua cliente dever\u00e1 ser indenizada. &#8220;A decis\u00e3o do Tribunal de Justi\u00e7a reconhecendo o erro, decidindo por libertar a Maristela e excluindo o processo \u00e9 uma promiss\u00f3ria assinada, \u00e9 o reconhecimento do erro cometido&#8221; avalia.<\/p>\n<p>Ele re\u00fane agora documentos e relatos de o quanto a vida de Maristela foi prejudicada com a pris\u00e3o indevida. &#8220;Ela perdeu a guarda da sobrinha, marido e filhos sofreram muito, os filhos principalmente, por ter uma m\u00e3e presa acusada de furto. Imagina como foi a vida dessas crian\u00e7as na escola? A fam\u00edlia toda foi desestruturada por uma senten\u00e7a errada&#8221;, completou.<\/p>\n<p>Sobre o pedido de indeniza\u00e7\u00e3o anunciado pelo advogado de Maristela, a Procuradoria Geral do Estado (PGE) informou por meio da assessoria de comunica\u00e7\u00e3o que ainda n\u00e3o foi notificada sobre a\u00e7\u00e3o e que, por n\u00e3o ter conhecimento do caso, n\u00e3o iria comentar no momento.<\/p>\n<p>A equipe da delegacia onde Maristela foi apresentada limitou-se a informar que na \u00e9poca havia um mandado de pris\u00e3o contra a dona de casa e que o mesmo foi executado pelo delegado que estava de plant\u00e3o.<\/p>\n","protected":false},"excerpt":{"rendered":"<p>Foram 11 meses dividindo uma pequena cela da Penitenci\u00e1ria Feminina de Piraju\u00ed (SP) com outras cinco mulheres e mais tr\u00eas meses cumprindo a pena no regime semiaberto. Maristela Borges, 48, foi detida em janeiro de 2014 ap\u00f3s se envolver em um acidente de tr\u00e2nsito no estacionamento de um supermercado da cidade de Assis, distante 483 [&hellip;]<\/p>\n","protected":false},"author":2,"featured_media":63701,"comment_status":"open","ping_status":"closed","sticky":false,"template":"","format":"standard","meta":{"_acf_changed":false,"footnotes":""},"categories":[16],"tags":[],"class_list":["post-63700","post","type-post","status-publish","format-standard","has-post-thumbnail","hentry","category-brasil"],"acf":[],"yoast_head":"<!-- This site is optimized with the Yoast SEO plugin v27.2 - https:\/\/yoast.com\/product\/yoast-seo-wordpress\/ -->\n<title>Mulher fica 11 meses presa no lugar da irm\u00e3 e cobra uma indeniza\u00e7\u00e3o de R$ 1 milh\u00e3o - Notibras<\/title>\n<meta name=\"robots\" content=\"index, follow, max-snippet:-1, max-image-preview:large, max-video-preview:-1\" \/>\n<link rel=\"canonical\" href=\"https:\/\/www.notibras.com\/site\/mulher-fica-11-meses-presa-no-lugar-da-irma-e-exige-indenizacao-de-1-milhao\/\" \/>\n<meta property=\"og:locale\" content=\"pt_BR\" \/>\n<meta property=\"og:type\" content=\"article\" \/>\n<meta property=\"og:title\" content=\"Mulher fica 11 meses presa no lugar da irm\u00e3 e cobra uma indeniza\u00e7\u00e3o de R$ 1 milh\u00e3o - Notibras\" \/>\n<meta property=\"og:description\" content=\"Foram 11 meses dividindo uma pequena cela da Penitenci\u00e1ria Feminina de Piraju\u00ed (SP) com outras cinco mulheres e mais tr\u00eas meses cumprindo a pena no regime semiaberto. Maristela Borges, 48, foi detida em janeiro de 2014 ap\u00f3s se envolver em um acidente de tr\u00e2nsito no estacionamento de um supermercado da cidade de Assis, distante 483 [&hellip;]\" \/>\n<meta property=\"og:url\" content=\"https:\/\/www.notibras.com\/site\/mulher-fica-11-meses-presa-no-lugar-da-irma-e-exige-indenizacao-de-1-milhao\/\" \/>\n<meta property=\"og:site_name\" content=\"Notibras\" \/>\n<meta property=\"article:publisher\" content=\"https:\/\/www.facebook.com\/notibras\/\" \/>\n<meta property=\"article:published_time\" content=\"2015-08-21T17:21:00+00:00\" \/>\n<meta property=\"article:modified_time\" content=\"2015-08-22T13:27:54+00:00\" \/>\n<meta property=\"og:image\" content=\"https:\/\/www.notibras.com\/site\/wp-content\/uploads\/2015\/08\/maristela-borges-foi-presa-no-lugar-da-irma-1440170564154_300x300.jpg\" \/>\n\t<meta property=\"og:image:width\" content=\"300\" \/>\n\t<meta property=\"og:image:height\" content=\"300\" \/>\n\t<meta property=\"og:image:type\" content=\"image\/jpeg\" \/>\n<meta name=\"author\" content=\"Reda\u00e7\u00e3o\" \/>\n<meta name=\"twitter:card\" content=\"summary_large_image\" \/>\n<meta name=\"twitter:creator\" content=\"@Notibras\" \/>\n<meta name=\"twitter:site\" content=\"@Notibras\" \/>\n<meta name=\"twitter:label1\" content=\"Escrito por\" \/>\n\t<meta name=\"twitter:data1\" content=\"Reda\u00e7\u00e3o\" \/>\n\t<meta name=\"twitter:label2\" content=\"Est. tempo de leitura\" \/>\n\t<meta name=\"twitter:data2\" content=\"5 minutos\" \/>\n<script type=\"application\/ld+json\" class=\"yoast-schema-graph\">{\"@context\":\"https:\/\/schema.org\",\"@graph\":[{\"@type\":\"Article\",\"@id\":\"https:\/\/www.notibras.com\/site\/mulher-fica-11-meses-presa-no-lugar-da-irma-e-exige-indenizacao-de-1-milhao\/#article\",\"isPartOf\":{\"@id\":\"https:\/\/www.notibras.com\/site\/mulher-fica-11-meses-presa-no-lugar-da-irma-e-exige-indenizacao-de-1-milhao\/\"},\"author\":{\"name\":\"Reda\u00e7\u00e3o\",\"@id\":\"https:\/\/www.notibras.com\/site\/#\/schema\/person\/36ab0979449956132d3e5b517ea76ac8\"},\"headline\":\"Mulher fica 11 meses presa no lugar da irm\u00e3 e cobra uma indeniza\u00e7\u00e3o de R$ 1 milh\u00e3o\",\"datePublished\":\"2015-08-21T17:21:00+00:00\",\"dateModified\":\"2015-08-22T13:27:54+00:00\",\"mainEntityOfPage\":{\"@id\":\"https:\/\/www.notibras.com\/site\/mulher-fica-11-meses-presa-no-lugar-da-irma-e-exige-indenizacao-de-1-milhao\/\"},\"wordCount\":946,\"commentCount\":0,\"publisher\":{\"@id\":\"https:\/\/www.notibras.com\/site\/#organization\"},\"image\":{\"@id\":\"https:\/\/www.notibras.com\/site\/mulher-fica-11-meses-presa-no-lugar-da-irma-e-exige-indenizacao-de-1-milhao\/#primaryimage\"},\"thumbnailUrl\":\"https:\/\/www.notibras.com\/site\/wp-content\/uploads\/2015\/08\/maristela-borges-foi-presa-no-lugar-da-irma-1440170564154_300x300.jpg\",\"articleSection\":[\"Brasil\"],\"inLanguage\":\"pt-BR\",\"potentialAction\":[{\"@type\":\"CommentAction\",\"name\":\"Comment\",\"target\":[\"https:\/\/www.notibras.com\/site\/mulher-fica-11-meses-presa-no-lugar-da-irma-e-exige-indenizacao-de-1-milhao\/#respond\"]}]},{\"@type\":\"WebPage\",\"@id\":\"https:\/\/www.notibras.com\/site\/mulher-fica-11-meses-presa-no-lugar-da-irma-e-exige-indenizacao-de-1-milhao\/\",\"url\":\"https:\/\/www.notibras.com\/site\/mulher-fica-11-meses-presa-no-lugar-da-irma-e-exige-indenizacao-de-1-milhao\/\",\"name\":\"Mulher fica 11 meses presa no lugar da irm\u00e3 e cobra uma indeniza\u00e7\u00e3o de R$ 1 milh\u00e3o - Notibras\",\"isPartOf\":{\"@id\":\"https:\/\/www.notibras.com\/site\/#website\"},\"primaryImageOfPage\":{\"@id\":\"https:\/\/www.notibras.com\/site\/mulher-fica-11-meses-presa-no-lugar-da-irma-e-exige-indenizacao-de-1-milhao\/#primaryimage\"},\"image\":{\"@id\":\"https:\/\/www.notibras.com\/site\/mulher-fica-11-meses-presa-no-lugar-da-irma-e-exige-indenizacao-de-1-milhao\/#primaryimage\"},\"thumbnailUrl\":\"https:\/\/www.notibras.com\/site\/wp-content\/uploads\/2015\/08\/maristela-borges-foi-presa-no-lugar-da-irma-1440170564154_300x300.jpg\",\"datePublished\":\"2015-08-21T17:21:00+00:00\",\"dateModified\":\"2015-08-22T13:27:54+00:00\",\"breadcrumb\":{\"@id\":\"https:\/\/www.notibras.com\/site\/mulher-fica-11-meses-presa-no-lugar-da-irma-e-exige-indenizacao-de-1-milhao\/#breadcrumb\"},\"inLanguage\":\"pt-BR\",\"potentialAction\":[{\"@type\":\"ReadAction\",\"target\":[\"https:\/\/www.notibras.com\/site\/mulher-fica-11-meses-presa-no-lugar-da-irma-e-exige-indenizacao-de-1-milhao\/\"]}]},{\"@type\":\"ImageObject\",\"inLanguage\":\"pt-BR\",\"@id\":\"https:\/\/www.notibras.com\/site\/mulher-fica-11-meses-presa-no-lugar-da-irma-e-exige-indenizacao-de-1-milhao\/#primaryimage\",\"url\":\"https:\/\/www.notibras.com\/site\/wp-content\/uploads\/2015\/08\/maristela-borges-foi-presa-no-lugar-da-irma-1440170564154_300x300.jpg\",\"contentUrl\":\"https:\/\/www.notibras.com\/site\/wp-content\/uploads\/2015\/08\/maristela-borges-foi-presa-no-lugar-da-irma-1440170564154_300x300.jpg\",\"width\":300,\"height\":300},{\"@type\":\"BreadcrumbList\",\"@id\":\"https:\/\/www.notibras.com\/site\/mulher-fica-11-meses-presa-no-lugar-da-irma-e-exige-indenizacao-de-1-milhao\/#breadcrumb\",\"itemListElement\":[{\"@type\":\"ListItem\",\"position\":1,\"name\":\"In\u00edcio\",\"item\":\"https:\/\/www.notibras.com\/site\/\"},{\"@type\":\"ListItem\",\"position\":2,\"name\":\"Mulher fica 11 meses presa no lugar da irm\u00e3 e cobra uma indeniza\u00e7\u00e3o de R$ 1 milh\u00e3o\"}]},{\"@type\":\"WebSite\",\"@id\":\"https:\/\/www.notibras.com\/site\/#website\",\"url\":\"https:\/\/www.notibras.com\/site\/\",\"name\":\"Notibras\",\"description\":\"Not\u00edcias de Bras\u00edlia, do Brasil e do Mundo\",\"publisher\":{\"@id\":\"https:\/\/www.notibras.com\/site\/#organization\"},\"potentialAction\":[{\"@type\":\"SearchAction\",\"target\":{\"@type\":\"EntryPoint\",\"urlTemplate\":\"https:\/\/www.notibras.com\/site\/?s={search_term_string}\"},\"query-input\":{\"@type\":\"PropertyValueSpecification\",\"valueRequired\":true,\"valueName\":\"search_term_string\"}}],\"inLanguage\":\"pt-BR\"},{\"@type\":\"Organization\",\"@id\":\"https:\/\/www.notibras.com\/site\/#organization\",\"name\":\"Grupo Notibras de Comunica\u00e7\u00e3o\",\"url\":\"https:\/\/www.notibras.com\/site\/\",\"logo\":{\"@type\":\"ImageObject\",\"inLanguage\":\"pt-BR\",\"@id\":\"https:\/\/www.notibras.com\/site\/#\/schema\/logo\/image\/\",\"url\":\"https:\/\/www.notibras.com\/site\/wp-content\/uploads\/2023\/01\/notibras23.png\",\"contentUrl\":\"https:\/\/www.notibras.com\/site\/wp-content\/uploads\/2023\/01\/notibras23.png\",\"width\":350,\"height\":87,\"caption\":\"Grupo Notibras de Comunica\u00e7\u00e3o\"},\"image\":{\"@id\":\"https:\/\/www.notibras.com\/site\/#\/schema\/logo\/image\/\"},\"sameAs\":[\"https:\/\/www.facebook.com\/notibras\/\",\"https:\/\/x.com\/Notibras\",\"https:\/\/www.instagram.com\/notibras\/\"]},{\"@type\":\"Person\",\"@id\":\"https:\/\/www.notibras.com\/site\/#\/schema\/person\/36ab0979449956132d3e5b517ea76ac8\",\"name\":\"Reda\u00e7\u00e3o\",\"image\":{\"@type\":\"ImageObject\",\"inLanguage\":\"pt-BR\",\"@id\":\"https:\/\/secure.gravatar.com\/avatar\/e0a867bdedb85fd243eadf09663511f96fc81e0720a4a42581f334ad4303aa6b?s=96&d=mm&r=g\",\"url\":\"https:\/\/secure.gravatar.com\/avatar\/e0a867bdedb85fd243eadf09663511f96fc81e0720a4a42581f334ad4303aa6b?s=96&d=mm&r=g\",\"contentUrl\":\"https:\/\/secure.gravatar.com\/avatar\/e0a867bdedb85fd243eadf09663511f96fc81e0720a4a42581f334ad4303aa6b?s=96&d=mm&r=g\",\"caption\":\"Reda\u00e7\u00e3o\"}}]}<\/script>\n<!-- \/ Yoast SEO plugin. -->","yoast_head_json":{"title":"Mulher fica 11 meses presa no lugar da irm\u00e3 e cobra uma indeniza\u00e7\u00e3o de R$ 1 milh\u00e3o - Notibras","robots":{"index":"index","follow":"follow","max-snippet":"max-snippet:-1","max-image-preview":"max-image-preview:large","max-video-preview":"max-video-preview:-1"},"canonical":"https:\/\/www.notibras.com\/site\/mulher-fica-11-meses-presa-no-lugar-da-irma-e-exige-indenizacao-de-1-milhao\/","og_locale":"pt_BR","og_type":"article","og_title":"Mulher fica 11 meses presa no lugar da irm\u00e3 e cobra uma indeniza\u00e7\u00e3o de R$ 1 milh\u00e3o - Notibras","og_description":"Foram 11 meses dividindo uma pequena cela da Penitenci\u00e1ria Feminina de Piraju\u00ed (SP) com outras cinco mulheres e mais tr\u00eas meses cumprindo a pena no regime semiaberto. Maristela Borges, 48, foi detida em janeiro de 2014 ap\u00f3s se envolver em um acidente de tr\u00e2nsito no estacionamento de um supermercado da cidade de Assis, distante 483 [&hellip;]","og_url":"https:\/\/www.notibras.com\/site\/mulher-fica-11-meses-presa-no-lugar-da-irma-e-exige-indenizacao-de-1-milhao\/","og_site_name":"Notibras","article_publisher":"https:\/\/www.facebook.com\/notibras\/","article_published_time":"2015-08-21T17:21:00+00:00","article_modified_time":"2015-08-22T13:27:54+00:00","og_image":[{"width":300,"height":300,"url":"https:\/\/www.notibras.com\/site\/wp-content\/uploads\/2015\/08\/maristela-borges-foi-presa-no-lugar-da-irma-1440170564154_300x300.jpg","type":"image\/jpeg"}],"author":"Reda\u00e7\u00e3o","twitter_card":"summary_large_image","twitter_creator":"@Notibras","twitter_site":"@Notibras","twitter_misc":{"Escrito por":"Reda\u00e7\u00e3o","Est. tempo de leitura":"5 minutos"},"schema":{"@context":"https:\/\/schema.org","@graph":[{"@type":"Article","@id":"https:\/\/www.notibras.com\/site\/mulher-fica-11-meses-presa-no-lugar-da-irma-e-exige-indenizacao-de-1-milhao\/#article","isPartOf":{"@id":"https:\/\/www.notibras.com\/site\/mulher-fica-11-meses-presa-no-lugar-da-irma-e-exige-indenizacao-de-1-milhao\/"},"author":{"name":"Reda\u00e7\u00e3o","@id":"https:\/\/www.notibras.com\/site\/#\/schema\/person\/36ab0979449956132d3e5b517ea76ac8"},"headline":"Mulher fica 11 meses presa no lugar da irm\u00e3 e cobra uma indeniza\u00e7\u00e3o de R$ 1 milh\u00e3o","datePublished":"2015-08-21T17:21:00+00:00","dateModified":"2015-08-22T13:27:54+00:00","mainEntityOfPage":{"@id":"https:\/\/www.notibras.com\/site\/mulher-fica-11-meses-presa-no-lugar-da-irma-e-exige-indenizacao-de-1-milhao\/"},"wordCount":946,"commentCount":0,"publisher":{"@id":"https:\/\/www.notibras.com\/site\/#organization"},"image":{"@id":"https:\/\/www.notibras.com\/site\/mulher-fica-11-meses-presa-no-lugar-da-irma-e-exige-indenizacao-de-1-milhao\/#primaryimage"},"thumbnailUrl":"https:\/\/www.notibras.com\/site\/wp-content\/uploads\/2015\/08\/maristela-borges-foi-presa-no-lugar-da-irma-1440170564154_300x300.jpg","articleSection":["Brasil"],"inLanguage":"pt-BR","potentialAction":[{"@type":"CommentAction","name":"Comment","target":["https:\/\/www.notibras.com\/site\/mulher-fica-11-meses-presa-no-lugar-da-irma-e-exige-indenizacao-de-1-milhao\/#respond"]}]},{"@type":"WebPage","@id":"https:\/\/www.notibras.com\/site\/mulher-fica-11-meses-presa-no-lugar-da-irma-e-exige-indenizacao-de-1-milhao\/","url":"https:\/\/www.notibras.com\/site\/mulher-fica-11-meses-presa-no-lugar-da-irma-e-exige-indenizacao-de-1-milhao\/","name":"Mulher fica 11 meses presa no lugar da irm\u00e3 e cobra uma indeniza\u00e7\u00e3o de R$ 1 milh\u00e3o - Notibras","isPartOf":{"@id":"https:\/\/www.notibras.com\/site\/#website"},"primaryImageOfPage":{"@id":"https:\/\/www.notibras.com\/site\/mulher-fica-11-meses-presa-no-lugar-da-irma-e-exige-indenizacao-de-1-milhao\/#primaryimage"},"image":{"@id":"https:\/\/www.notibras.com\/site\/mulher-fica-11-meses-presa-no-lugar-da-irma-e-exige-indenizacao-de-1-milhao\/#primaryimage"},"thumbnailUrl":"https:\/\/www.notibras.com\/site\/wp-content\/uploads\/2015\/08\/maristela-borges-foi-presa-no-lugar-da-irma-1440170564154_300x300.jpg","datePublished":"2015-08-21T17:21:00+00:00","dateModified":"2015-08-22T13:27:54+00:00","breadcrumb":{"@id":"https:\/\/www.notibras.com\/site\/mulher-fica-11-meses-presa-no-lugar-da-irma-e-exige-indenizacao-de-1-milhao\/#breadcrumb"},"inLanguage":"pt-BR","potentialAction":[{"@type":"ReadAction","target":["https:\/\/www.notibras.com\/site\/mulher-fica-11-meses-presa-no-lugar-da-irma-e-exige-indenizacao-de-1-milhao\/"]}]},{"@type":"ImageObject","inLanguage":"pt-BR","@id":"https:\/\/www.notibras.com\/site\/mulher-fica-11-meses-presa-no-lugar-da-irma-e-exige-indenizacao-de-1-milhao\/#primaryimage","url":"https:\/\/www.notibras.com\/site\/wp-content\/uploads\/2015\/08\/maristela-borges-foi-presa-no-lugar-da-irma-1440170564154_300x300.jpg","contentUrl":"https:\/\/www.notibras.com\/site\/wp-content\/uploads\/2015\/08\/maristela-borges-foi-presa-no-lugar-da-irma-1440170564154_300x300.jpg","width":300,"height":300},{"@type":"BreadcrumbList","@id":"https:\/\/www.notibras.com\/site\/mulher-fica-11-meses-presa-no-lugar-da-irma-e-exige-indenizacao-de-1-milhao\/#breadcrumb","itemListElement":[{"@type":"ListItem","position":1,"name":"In\u00edcio","item":"https:\/\/www.notibras.com\/site\/"},{"@type":"ListItem","position":2,"name":"Mulher fica 11 meses presa no lugar da irm\u00e3 e cobra uma indeniza\u00e7\u00e3o de R$ 1 milh\u00e3o"}]},{"@type":"WebSite","@id":"https:\/\/www.notibras.com\/site\/#website","url":"https:\/\/www.notibras.com\/site\/","name":"Notibras","description":"Not\u00edcias de Bras\u00edlia, do Brasil e do Mundo","publisher":{"@id":"https:\/\/www.notibras.com\/site\/#organization"},"potentialAction":[{"@type":"SearchAction","target":{"@type":"EntryPoint","urlTemplate":"https:\/\/www.notibras.com\/site\/?s={search_term_string}"},"query-input":{"@type":"PropertyValueSpecification","valueRequired":true,"valueName":"search_term_string"}}],"inLanguage":"pt-BR"},{"@type":"Organization","@id":"https:\/\/www.notibras.com\/site\/#organization","name":"Grupo Notibras de Comunica\u00e7\u00e3o","url":"https:\/\/www.notibras.com\/site\/","logo":{"@type":"ImageObject","inLanguage":"pt-BR","@id":"https:\/\/www.notibras.com\/site\/#\/schema\/logo\/image\/","url":"https:\/\/www.notibras.com\/site\/wp-content\/uploads\/2023\/01\/notibras23.png","contentUrl":"https:\/\/www.notibras.com\/site\/wp-content\/uploads\/2023\/01\/notibras23.png","width":350,"height":87,"caption":"Grupo Notibras de Comunica\u00e7\u00e3o"},"image":{"@id":"https:\/\/www.notibras.com\/site\/#\/schema\/logo\/image\/"},"sameAs":["https:\/\/www.facebook.com\/notibras\/","https:\/\/x.com\/Notibras","https:\/\/www.instagram.com\/notibras\/"]},{"@type":"Person","@id":"https:\/\/www.notibras.com\/site\/#\/schema\/person\/36ab0979449956132d3e5b517ea76ac8","name":"Reda\u00e7\u00e3o","image":{"@type":"ImageObject","inLanguage":"pt-BR","@id":"https:\/\/secure.gravatar.com\/avatar\/e0a867bdedb85fd243eadf09663511f96fc81e0720a4a42581f334ad4303aa6b?s=96&d=mm&r=g","url":"https:\/\/secure.gravatar.com\/avatar\/e0a867bdedb85fd243eadf09663511f96fc81e0720a4a42581f334ad4303aa6b?s=96&d=mm&r=g","contentUrl":"https:\/\/secure.gravatar.com\/avatar\/e0a867bdedb85fd243eadf09663511f96fc81e0720a4a42581f334ad4303aa6b?s=96&d=mm&r=g","caption":"Reda\u00e7\u00e3o"}}]}},"amp_enabled":true,"_links":{"self":[{"href":"https:\/\/www.notibras.com\/site\/wp-json\/wp\/v2\/posts\/63700","targetHints":{"allow":["GET"]}}],"collection":[{"href":"https:\/\/www.notibras.com\/site\/wp-json\/wp\/v2\/posts"}],"about":[{"href":"https:\/\/www.notibras.com\/site\/wp-json\/wp\/v2\/types\/post"}],"author":[{"embeddable":true,"href":"https:\/\/www.notibras.com\/site\/wp-json\/wp\/v2\/users\/2"}],"replies":[{"embeddable":true,"href":"https:\/\/www.notibras.com\/site\/wp-json\/wp\/v2\/comments?post=63700"}],"version-history":[{"count":3,"href":"https:\/\/www.notibras.com\/site\/wp-json\/wp\/v2\/posts\/63700\/revisions"}],"predecessor-version":[{"id":63777,"href":"https:\/\/www.notibras.com\/site\/wp-json\/wp\/v2\/posts\/63700\/revisions\/63777"}],"wp:featuredmedia":[{"embeddable":true,"href":"https:\/\/www.notibras.com\/site\/wp-json\/wp\/v2\/media\/63701"}],"wp:attachment":[{"href":"https:\/\/www.notibras.com\/site\/wp-json\/wp\/v2\/media?parent=63700"}],"wp:term":[{"taxonomy":"category","embeddable":true,"href":"https:\/\/www.notibras.com\/site\/wp-json\/wp\/v2\/categories?post=63700"},{"taxonomy":"post_tag","embeddable":true,"href":"https:\/\/www.notibras.com\/site\/wp-json\/wp\/v2\/tags?post=63700"}],"curies":[{"name":"wp","href":"https:\/\/api.w.org\/{rel}","templated":true}]}}