{"id":63710,"date":"2015-08-21T19:39:02","date_gmt":"2015-08-21T22:39:02","guid":{"rendered":"http:\/\/www.notibras.com\/site\/?p=63710"},"modified":"2015-08-22T22:00:24","modified_gmt":"2015-08-23T01:00:24","slug":"rollemberg-de-vilao-a-bom-moco-parece-que-ele-tem-um-pouco","status":"publish","type":"post","link":"https:\/\/www.notibras.com\/site\/rollemberg-de-vilao-a-bom-moco-parece-que-ele-tem-um-pouco\/","title":{"rendered":"Rollemberg, de vil\u00e3o a um bom mo\u00e7o, parece que ele tem um pouco"},"content":{"rendered":"<p>De todos os governos que se passaram pelo Pal\u00e1cio do Buriti nos \u00faltimos tr\u00eas mandatos, observamos um problema frequente com as autoridades: a bipolaridade pol\u00edtica. Essas varia\u00e7\u00f5es comportamentais v\u00eam fazendo com que eles fiquem desacreditados, ou at\u00e9 mesmo, como se suspeita, de deformidade de car\u00e1ter.<\/p>\n<p>Com o governador Rodrigo Rollemberg a coisa n\u00e3o ser\u00e1 diferente. Em poucos meses de mandato, a administra\u00e7\u00e3o desse socialista mais parece um ioi\u00f4. Como aquele brinquedo de crian\u00e7a que vai e volta, Rollemberg vai e volta em suas decis\u00f5es.<\/p>\n<p>Tudo bem que as frases do tipo &#8220;eu costumo voltar atr\u00e1s&#8221; e &#8220;n\u00e3o tenho compromisso com erro&#8221;, ditas pelo ex-presidente Juscelino Kubitschek, podem ter sido fant\u00e1sticas, mas deveriam ser aplicadas quando o mal feito ataca logo o n\u00facleo da situa\u00e7\u00e3o, que \u00e9 o povo?<\/p>\n<p>Essa semana o governador acordou de bom humor. Depois de promover algumas maldades b\u00e1sicas, Rollemberg resolveu passar a r\u00e9gua e voltar a ser uma pessoa humana. Come\u00e7ou comprando as 170 cadeiras adaptadas para os atletas paraol\u00edmpicos, provavelmente tentando encobrir o desgaste ap\u00f3s a viol\u00eancia praticada pela Agefis contra um cadeirante em Vicente Pires. O jeito foi o governador tentar se retratar com a maioria e ainda prometer que Bras\u00edlia ser\u00e1 um exemplo em acessibilidade. Se o governo for exemplo nas atitudes j\u00e1 ficaremos um pouco sensibilizados.<\/p>\n<p>As boas a\u00e7\u00f5es da semana n\u00e3o pararam por a\u00ed. O governador visitou moradores de rua num encontro realizado no Centro POP da Asa Sul, e l\u00e1 o discurso n\u00e3o foi diferente: &#8220;Tenho consci\u00eancia de que precisamos intensificar as pol\u00edticas p\u00fablicas e que o Estado foi omisso em rela\u00e7\u00e3o a essas pessoas ao longo dos anos. Estou convencido de que a capital do Brasil tem que se tornar refer\u00eancia nacional no combate \u00e0 desigualdade&#8221;, discursou Rollemberg.<\/p>\n<p>A semana de boas a\u00e7\u00f5es sociais terminou com a visita ao futuro Restaurante Comunit\u00e1rio do Sol Nascente, que ser\u00e1 o primeiro a oferecer tr\u00eas refei\u00e7\u00f5es por dia.<\/p>\n<p>A paz reinou, mas n\u00e3o se sabe se ser\u00e1 duradoura ou um mero armist\u00edcio. A vis\u00e3o situacional deve priorizar o lado social do problema sempre, principalmente em se tratando de a\u00e7\u00f5es dr\u00e1sticas, e n\u00e3o apenas em situa\u00e7\u00f5es atemporais.<\/p>\n<p>A expectativa \u00e9 a de que Rodrigo Rollemberg acerte o passo. E que, dando continuidade a a\u00e7\u00f5es de interesse da sociedade, fa\u00e7a um governo para todo o Distrito Federal, e n\u00e3o um mero Governo de Bras\u00edlia.<\/p>\n","protected":false},"excerpt":{"rendered":"<p>De todos os governos que se passaram pelo Pal\u00e1cio do Buriti nos \u00faltimos tr\u00eas mandatos, observamos um problema frequente com as autoridades: a bipolaridade pol\u00edtica. Essas varia\u00e7\u00f5es comportamentais v\u00eam fazendo com que eles fiquem desacreditados, ou at\u00e9 mesmo, como se suspeita, de deformidade de car\u00e1ter. Com o governador Rodrigo Rollemberg a coisa n\u00e3o ser\u00e1 diferente. [&hellip;]<\/p>\n","protected":false},"author":2,"featured_media":63711,"comment_status":"open","ping_status":"closed","sticky":false,"template":"","format":"standard","meta":{"_acf_changed":false,"footnotes":""},"categories":[45],"tags":[],"class_list":["post-63710","post","type-post","status-publish","format-standard","has-post-thumbnail","hentry","category-cris"],"acf":[],"yoast_head":"<!-- This site is optimized with the Yoast SEO plugin v27.2 - https:\/\/yoast.com\/product\/yoast-seo-wordpress\/ -->\n<title>Rollemberg, de vil\u00e3o a um bom mo\u00e7o, parece que ele tem um pouco - Notibras<\/title>\n<meta name=\"robots\" content=\"index, follow, max-snippet:-1, max-image-preview:large, max-video-preview:-1\" \/>\n<link rel=\"canonical\" href=\"https:\/\/www.notibras.com\/site\/rollemberg-de-vilao-a-bom-moco-parece-que-ele-tem-um-pouco\/\" \/>\n<meta property=\"og:locale\" content=\"pt_BR\" \/>\n<meta property=\"og:type\" content=\"article\" \/>\n<meta property=\"og:title\" content=\"Rollemberg, de vil\u00e3o a um bom mo\u00e7o, parece que ele tem um pouco - Notibras\" \/>\n<meta property=\"og:description\" content=\"De todos os governos que se passaram pelo Pal\u00e1cio do Buriti nos \u00faltimos tr\u00eas mandatos, observamos um problema frequente com as autoridades: a bipolaridade pol\u00edtica. Essas varia\u00e7\u00f5es comportamentais v\u00eam fazendo com que eles fiquem desacreditados, ou at\u00e9 mesmo, como se suspeita, de deformidade de car\u00e1ter. Com o governador Rodrigo Rollemberg a coisa n\u00e3o ser\u00e1 diferente. [&hellip;]\" \/>\n<meta property=\"og:url\" content=\"https:\/\/www.notibras.com\/site\/rollemberg-de-vilao-a-bom-moco-parece-que-ele-tem-um-pouco\/\" \/>\n<meta property=\"og:site_name\" content=\"Notibras\" \/>\n<meta property=\"article:publisher\" content=\"https:\/\/www.facebook.com\/notibras\/\" \/>\n<meta property=\"article:published_time\" content=\"2015-08-21T22:39:02+00:00\" \/>\n<meta property=\"article:modified_time\" content=\"2015-08-23T01:00:24+00:00\" \/>\n<meta property=\"og:image\" content=\"https:\/\/www.notibras.com\/site\/wp-content\/uploads\/2015\/08\/rollemberg.jpg\" \/>\n\t<meta property=\"og:image:width\" content=\"620\" \/>\n\t<meta property=\"og:image:height\" content=\"465\" \/>\n\t<meta property=\"og:image:type\" content=\"image\/jpeg\" \/>\n<meta name=\"author\" content=\"Reda\u00e7\u00e3o\" \/>\n<meta name=\"twitter:card\" content=\"summary_large_image\" \/>\n<meta name=\"twitter:creator\" content=\"@Notibras\" \/>\n<meta name=\"twitter:site\" content=\"@Notibras\" \/>\n<meta name=\"twitter:label1\" content=\"Escrito por\" \/>\n\t<meta name=\"twitter:data1\" content=\"Reda\u00e7\u00e3o\" \/>\n\t<meta name=\"twitter:label2\" content=\"Est. tempo de leitura\" \/>\n\t<meta name=\"twitter:data2\" content=\"2 minutos\" \/>\n<script type=\"application\/ld+json\" class=\"yoast-schema-graph\">{\"@context\":\"https:\/\/schema.org\",\"@graph\":[{\"@type\":\"Article\",\"@id\":\"https:\/\/www.notibras.com\/site\/rollemberg-de-vilao-a-bom-moco-parece-que-ele-tem-um-pouco\/#article\",\"isPartOf\":{\"@id\":\"https:\/\/www.notibras.com\/site\/rollemberg-de-vilao-a-bom-moco-parece-que-ele-tem-um-pouco\/\"},\"author\":{\"name\":\"Reda\u00e7\u00e3o\",\"@id\":\"https:\/\/www.notibras.com\/site\/#\/schema\/person\/36ab0979449956132d3e5b517ea76ac8\"},\"headline\":\"Rollemberg, de vil\u00e3o a um bom mo\u00e7o, parece que ele tem um pouco\",\"datePublished\":\"2015-08-21T22:39:02+00:00\",\"dateModified\":\"2015-08-23T01:00:24+00:00\",\"mainEntityOfPage\":{\"@id\":\"https:\/\/www.notibras.com\/site\/rollemberg-de-vilao-a-bom-moco-parece-que-ele-tem-um-pouco\/\"},\"wordCount\":446,\"commentCount\":0,\"publisher\":{\"@id\":\"https:\/\/www.notibras.com\/site\/#organization\"},\"image\":{\"@id\":\"https:\/\/www.notibras.com\/site\/rollemberg-de-vilao-a-bom-moco-parece-que-ele-tem-um-pouco\/#primaryimage\"},\"thumbnailUrl\":\"https:\/\/www.notibras.com\/site\/wp-content\/uploads\/2015\/08\/rollemberg.jpg\",\"articleSection\":[\"Cris Oliveira\"],\"inLanguage\":\"pt-BR\",\"potentialAction\":[{\"@type\":\"CommentAction\",\"name\":\"Comment\",\"target\":[\"https:\/\/www.notibras.com\/site\/rollemberg-de-vilao-a-bom-moco-parece-que-ele-tem-um-pouco\/#respond\"]}]},{\"@type\":\"WebPage\",\"@id\":\"https:\/\/www.notibras.com\/site\/rollemberg-de-vilao-a-bom-moco-parece-que-ele-tem-um-pouco\/\",\"url\":\"https:\/\/www.notibras.com\/site\/rollemberg-de-vilao-a-bom-moco-parece-que-ele-tem-um-pouco\/\",\"name\":\"Rollemberg, de vil\u00e3o a um bom mo\u00e7o, parece que ele tem um pouco - Notibras\",\"isPartOf\":{\"@id\":\"https:\/\/www.notibras.com\/site\/#website\"},\"primaryImageOfPage\":{\"@id\":\"https:\/\/www.notibras.com\/site\/rollemberg-de-vilao-a-bom-moco-parece-que-ele-tem-um-pouco\/#primaryimage\"},\"image\":{\"@id\":\"https:\/\/www.notibras.com\/site\/rollemberg-de-vilao-a-bom-moco-parece-que-ele-tem-um-pouco\/#primaryimage\"},\"thumbnailUrl\":\"https:\/\/www.notibras.com\/site\/wp-content\/uploads\/2015\/08\/rollemberg.jpg\",\"datePublished\":\"2015-08-21T22:39:02+00:00\",\"dateModified\":\"2015-08-23T01:00:24+00:00\",\"breadcrumb\":{\"@id\":\"https:\/\/www.notibras.com\/site\/rollemberg-de-vilao-a-bom-moco-parece-que-ele-tem-um-pouco\/#breadcrumb\"},\"inLanguage\":\"pt-BR\",\"potentialAction\":[{\"@type\":\"ReadAction\",\"target\":[\"https:\/\/www.notibras.com\/site\/rollemberg-de-vilao-a-bom-moco-parece-que-ele-tem-um-pouco\/\"]}]},{\"@type\":\"ImageObject\",\"inLanguage\":\"pt-BR\",\"@id\":\"https:\/\/www.notibras.com\/site\/rollemberg-de-vilao-a-bom-moco-parece-que-ele-tem-um-pouco\/#primaryimage\",\"url\":\"https:\/\/www.notibras.com\/site\/wp-content\/uploads\/2015\/08\/rollemberg.jpg\",\"contentUrl\":\"https:\/\/www.notibras.com\/site\/wp-content\/uploads\/2015\/08\/rollemberg.jpg\",\"width\":620,\"height\":465},{\"@type\":\"BreadcrumbList\",\"@id\":\"https:\/\/www.notibras.com\/site\/rollemberg-de-vilao-a-bom-moco-parece-que-ele-tem-um-pouco\/#breadcrumb\",\"itemListElement\":[{\"@type\":\"ListItem\",\"position\":1,\"name\":\"In\u00edcio\",\"item\":\"https:\/\/www.notibras.com\/site\/\"},{\"@type\":\"ListItem\",\"position\":2,\"name\":\"Rollemberg, de vil\u00e3o a um bom mo\u00e7o, parece que ele tem um pouco\"}]},{\"@type\":\"WebSite\",\"@id\":\"https:\/\/www.notibras.com\/site\/#website\",\"url\":\"https:\/\/www.notibras.com\/site\/\",\"name\":\"Notibras\",\"description\":\"Not\u00edcias de Bras\u00edlia, do Brasil e do Mundo\",\"publisher\":{\"@id\":\"https:\/\/www.notibras.com\/site\/#organization\"},\"potentialAction\":[{\"@type\":\"SearchAction\",\"target\":{\"@type\":\"EntryPoint\",\"urlTemplate\":\"https:\/\/www.notibras.com\/site\/?s={search_term_string}\"},\"query-input\":{\"@type\":\"PropertyValueSpecification\",\"valueRequired\":true,\"valueName\":\"search_term_string\"}}],\"inLanguage\":\"pt-BR\"},{\"@type\":\"Organization\",\"@id\":\"https:\/\/www.notibras.com\/site\/#organization\",\"name\":\"Grupo Notibras de Comunica\u00e7\u00e3o\",\"url\":\"https:\/\/www.notibras.com\/site\/\",\"logo\":{\"@type\":\"ImageObject\",\"inLanguage\":\"pt-BR\",\"@id\":\"https:\/\/www.notibras.com\/site\/#\/schema\/logo\/image\/\",\"url\":\"https:\/\/www.notibras.com\/site\/wp-content\/uploads\/2023\/01\/notibras23.png\",\"contentUrl\":\"https:\/\/www.notibras.com\/site\/wp-content\/uploads\/2023\/01\/notibras23.png\",\"width\":350,\"height\":87,\"caption\":\"Grupo Notibras de Comunica\u00e7\u00e3o\"},\"image\":{\"@id\":\"https:\/\/www.notibras.com\/site\/#\/schema\/logo\/image\/\"},\"sameAs\":[\"https:\/\/www.facebook.com\/notibras\/\",\"https:\/\/x.com\/Notibras\",\"https:\/\/www.instagram.com\/notibras\/\"]},{\"@type\":\"Person\",\"@id\":\"https:\/\/www.notibras.com\/site\/#\/schema\/person\/36ab0979449956132d3e5b517ea76ac8\",\"name\":\"Reda\u00e7\u00e3o\",\"image\":{\"@type\":\"ImageObject\",\"inLanguage\":\"pt-BR\",\"@id\":\"https:\/\/secure.gravatar.com\/avatar\/e0a867bdedb85fd243eadf09663511f96fc81e0720a4a42581f334ad4303aa6b?s=96&d=mm&r=g\",\"url\":\"https:\/\/secure.gravatar.com\/avatar\/e0a867bdedb85fd243eadf09663511f96fc81e0720a4a42581f334ad4303aa6b?s=96&d=mm&r=g\",\"contentUrl\":\"https:\/\/secure.gravatar.com\/avatar\/e0a867bdedb85fd243eadf09663511f96fc81e0720a4a42581f334ad4303aa6b?s=96&d=mm&r=g\",\"caption\":\"Reda\u00e7\u00e3o\"}}]}<\/script>\n<!-- \/ Yoast SEO plugin. -->","yoast_head_json":{"title":"Rollemberg, de vil\u00e3o a um bom mo\u00e7o, parece que ele tem um pouco - Notibras","robots":{"index":"index","follow":"follow","max-snippet":"max-snippet:-1","max-image-preview":"max-image-preview:large","max-video-preview":"max-video-preview:-1"},"canonical":"https:\/\/www.notibras.com\/site\/rollemberg-de-vilao-a-bom-moco-parece-que-ele-tem-um-pouco\/","og_locale":"pt_BR","og_type":"article","og_title":"Rollemberg, de vil\u00e3o a um bom mo\u00e7o, parece que ele tem um pouco - Notibras","og_description":"De todos os governos que se passaram pelo Pal\u00e1cio do Buriti nos \u00faltimos tr\u00eas mandatos, observamos um problema frequente com as autoridades: a bipolaridade pol\u00edtica. Essas varia\u00e7\u00f5es comportamentais v\u00eam fazendo com que eles fiquem desacreditados, ou at\u00e9 mesmo, como se suspeita, de deformidade de car\u00e1ter. Com o governador Rodrigo Rollemberg a coisa n\u00e3o ser\u00e1 diferente. [&hellip;]","og_url":"https:\/\/www.notibras.com\/site\/rollemberg-de-vilao-a-bom-moco-parece-que-ele-tem-um-pouco\/","og_site_name":"Notibras","article_publisher":"https:\/\/www.facebook.com\/notibras\/","article_published_time":"2015-08-21T22:39:02+00:00","article_modified_time":"2015-08-23T01:00:24+00:00","og_image":[{"width":620,"height":465,"url":"https:\/\/www.notibras.com\/site\/wp-content\/uploads\/2015\/08\/rollemberg.jpg","type":"image\/jpeg"}],"author":"Reda\u00e7\u00e3o","twitter_card":"summary_large_image","twitter_creator":"@Notibras","twitter_site":"@Notibras","twitter_misc":{"Escrito por":"Reda\u00e7\u00e3o","Est. tempo de leitura":"2 minutos"},"schema":{"@context":"https:\/\/schema.org","@graph":[{"@type":"Article","@id":"https:\/\/www.notibras.com\/site\/rollemberg-de-vilao-a-bom-moco-parece-que-ele-tem-um-pouco\/#article","isPartOf":{"@id":"https:\/\/www.notibras.com\/site\/rollemberg-de-vilao-a-bom-moco-parece-que-ele-tem-um-pouco\/"},"author":{"name":"Reda\u00e7\u00e3o","@id":"https:\/\/www.notibras.com\/site\/#\/schema\/person\/36ab0979449956132d3e5b517ea76ac8"},"headline":"Rollemberg, de vil\u00e3o a um bom mo\u00e7o, parece que ele tem um pouco","datePublished":"2015-08-21T22:39:02+00:00","dateModified":"2015-08-23T01:00:24+00:00","mainEntityOfPage":{"@id":"https:\/\/www.notibras.com\/site\/rollemberg-de-vilao-a-bom-moco-parece-que-ele-tem-um-pouco\/"},"wordCount":446,"commentCount":0,"publisher":{"@id":"https:\/\/www.notibras.com\/site\/#organization"},"image":{"@id":"https:\/\/www.notibras.com\/site\/rollemberg-de-vilao-a-bom-moco-parece-que-ele-tem-um-pouco\/#primaryimage"},"thumbnailUrl":"https:\/\/www.notibras.com\/site\/wp-content\/uploads\/2015\/08\/rollemberg.jpg","articleSection":["Cris Oliveira"],"inLanguage":"pt-BR","potentialAction":[{"@type":"CommentAction","name":"Comment","target":["https:\/\/www.notibras.com\/site\/rollemberg-de-vilao-a-bom-moco-parece-que-ele-tem-um-pouco\/#respond"]}]},{"@type":"WebPage","@id":"https:\/\/www.notibras.com\/site\/rollemberg-de-vilao-a-bom-moco-parece-que-ele-tem-um-pouco\/","url":"https:\/\/www.notibras.com\/site\/rollemberg-de-vilao-a-bom-moco-parece-que-ele-tem-um-pouco\/","name":"Rollemberg, de vil\u00e3o a um bom mo\u00e7o, parece que ele tem um pouco - Notibras","isPartOf":{"@id":"https:\/\/www.notibras.com\/site\/#website"},"primaryImageOfPage":{"@id":"https:\/\/www.notibras.com\/site\/rollemberg-de-vilao-a-bom-moco-parece-que-ele-tem-um-pouco\/#primaryimage"},"image":{"@id":"https:\/\/www.notibras.com\/site\/rollemberg-de-vilao-a-bom-moco-parece-que-ele-tem-um-pouco\/#primaryimage"},"thumbnailUrl":"https:\/\/www.notibras.com\/site\/wp-content\/uploads\/2015\/08\/rollemberg.jpg","datePublished":"2015-08-21T22:39:02+00:00","dateModified":"2015-08-23T01:00:24+00:00","breadcrumb":{"@id":"https:\/\/www.notibras.com\/site\/rollemberg-de-vilao-a-bom-moco-parece-que-ele-tem-um-pouco\/#breadcrumb"},"inLanguage":"pt-BR","potentialAction":[{"@type":"ReadAction","target":["https:\/\/www.notibras.com\/site\/rollemberg-de-vilao-a-bom-moco-parece-que-ele-tem-um-pouco\/"]}]},{"@type":"ImageObject","inLanguage":"pt-BR","@id":"https:\/\/www.notibras.com\/site\/rollemberg-de-vilao-a-bom-moco-parece-que-ele-tem-um-pouco\/#primaryimage","url":"https:\/\/www.notibras.com\/site\/wp-content\/uploads\/2015\/08\/rollemberg.jpg","contentUrl":"https:\/\/www.notibras.com\/site\/wp-content\/uploads\/2015\/08\/rollemberg.jpg","width":620,"height":465},{"@type":"BreadcrumbList","@id":"https:\/\/www.notibras.com\/site\/rollemberg-de-vilao-a-bom-moco-parece-que-ele-tem-um-pouco\/#breadcrumb","itemListElement":[{"@type":"ListItem","position":1,"name":"In\u00edcio","item":"https:\/\/www.notibras.com\/site\/"},{"@type":"ListItem","position":2,"name":"Rollemberg, de vil\u00e3o a um bom mo\u00e7o, parece que ele tem um pouco"}]},{"@type":"WebSite","@id":"https:\/\/www.notibras.com\/site\/#website","url":"https:\/\/www.notibras.com\/site\/","name":"Notibras","description":"Not\u00edcias de Bras\u00edlia, do Brasil e do Mundo","publisher":{"@id":"https:\/\/www.notibras.com\/site\/#organization"},"potentialAction":[{"@type":"SearchAction","target":{"@type":"EntryPoint","urlTemplate":"https:\/\/www.notibras.com\/site\/?s={search_term_string}"},"query-input":{"@type":"PropertyValueSpecification","valueRequired":true,"valueName":"search_term_string"}}],"inLanguage":"pt-BR"},{"@type":"Organization","@id":"https:\/\/www.notibras.com\/site\/#organization","name":"Grupo Notibras de Comunica\u00e7\u00e3o","url":"https:\/\/www.notibras.com\/site\/","logo":{"@type":"ImageObject","inLanguage":"pt-BR","@id":"https:\/\/www.notibras.com\/site\/#\/schema\/logo\/image\/","url":"https:\/\/www.notibras.com\/site\/wp-content\/uploads\/2023\/01\/notibras23.png","contentUrl":"https:\/\/www.notibras.com\/site\/wp-content\/uploads\/2023\/01\/notibras23.png","width":350,"height":87,"caption":"Grupo Notibras de Comunica\u00e7\u00e3o"},"image":{"@id":"https:\/\/www.notibras.com\/site\/#\/schema\/logo\/image\/"},"sameAs":["https:\/\/www.facebook.com\/notibras\/","https:\/\/x.com\/Notibras","https:\/\/www.instagram.com\/notibras\/"]},{"@type":"Person","@id":"https:\/\/www.notibras.com\/site\/#\/schema\/person\/36ab0979449956132d3e5b517ea76ac8","name":"Reda\u00e7\u00e3o","image":{"@type":"ImageObject","inLanguage":"pt-BR","@id":"https:\/\/secure.gravatar.com\/avatar\/e0a867bdedb85fd243eadf09663511f96fc81e0720a4a42581f334ad4303aa6b?s=96&d=mm&r=g","url":"https:\/\/secure.gravatar.com\/avatar\/e0a867bdedb85fd243eadf09663511f96fc81e0720a4a42581f334ad4303aa6b?s=96&d=mm&r=g","contentUrl":"https:\/\/secure.gravatar.com\/avatar\/e0a867bdedb85fd243eadf09663511f96fc81e0720a4a42581f334ad4303aa6b?s=96&d=mm&r=g","caption":"Reda\u00e7\u00e3o"}}]}},"amp_enabled":true,"_links":{"self":[{"href":"https:\/\/www.notibras.com\/site\/wp-json\/wp\/v2\/posts\/63710","targetHints":{"allow":["GET"]}}],"collection":[{"href":"https:\/\/www.notibras.com\/site\/wp-json\/wp\/v2\/posts"}],"about":[{"href":"https:\/\/www.notibras.com\/site\/wp-json\/wp\/v2\/types\/post"}],"author":[{"embeddable":true,"href":"https:\/\/www.notibras.com\/site\/wp-json\/wp\/v2\/users\/2"}],"replies":[{"embeddable":true,"href":"https:\/\/www.notibras.com\/site\/wp-json\/wp\/v2\/comments?post=63710"}],"version-history":[{"count":3,"href":"https:\/\/www.notibras.com\/site\/wp-json\/wp\/v2\/posts\/63710\/revisions"}],"predecessor-version":[{"id":63718,"href":"https:\/\/www.notibras.com\/site\/wp-json\/wp\/v2\/posts\/63710\/revisions\/63718"}],"wp:featuredmedia":[{"embeddable":true,"href":"https:\/\/www.notibras.com\/site\/wp-json\/wp\/v2\/media\/63711"}],"wp:attachment":[{"href":"https:\/\/www.notibras.com\/site\/wp-json\/wp\/v2\/media?parent=63710"}],"wp:term":[{"taxonomy":"category","embeddable":true,"href":"https:\/\/www.notibras.com\/site\/wp-json\/wp\/v2\/categories?post=63710"},{"taxonomy":"post_tag","embeddable":true,"href":"https:\/\/www.notibras.com\/site\/wp-json\/wp\/v2\/tags?post=63710"}],"curies":[{"name":"wp","href":"https:\/\/api.w.org\/{rel}","templated":true}]}}