{"id":63731,"date":"2015-08-22T08:43:13","date_gmt":"2015-08-22T11:43:13","guid":{"rendered":"http:\/\/www.notibras.com\/site\/?p=63731"},"modified":"2015-08-22T09:23:30","modified_gmt":"2015-08-22T12:23:30","slug":"procuradoria-e-policia-federal-comecam-a-investigar-campanha-de-dilma-em-2014","status":"publish","type":"post","link":"https:\/\/www.notibras.com\/site\/procuradoria-e-policia-federal-comecam-a-investigar-campanha-de-dilma-em-2014\/","title":{"rendered":"Procuradoria Geral e Pol\u00edcia Federal come\u00e7am a investigar campanha de Dilma em 2014"},"content":{"rendered":"<p>O ministro Gilmar Mendes, do Tribunal Superior Eleitoral (TSE), determinou nessa sexta-feira (21) que a Procuradoria-Geral da Rep\u00fablica (PGR) e a Pol\u00edcia Federal investiguem eventuais crimes cometidos na presta\u00e7\u00e3o de contas do PT na campanha presidencial de 2014.<\/p>\n<p>A decis\u00e3o foi proferida no processo de presta\u00e7\u00e3o de contas da campanha da presidenta Dilma Rousseff \u00e0 reelei\u00e7\u00e3o. Apesar de a presta\u00e7\u00e3o ter sido aprovada pelo plen\u00e1rio da corte em dezembro do ano passado, o ministro pediu que supostos crimes sejam investigados.<\/p>\n<p>Segundo Mendes, a decis\u00e3o do TSE que aprovou as contas n\u00e3o levou em conta as suspeitas de doa\u00e7\u00f5es il\u00edcitas a partidos investigadas na Opera\u00e7\u00e3o Lava Jato.<\/p>\n<p>&#8220;Importante ressaltar que, julgadas as contas da candidata e do partido em dezembro de 2014, apenas no ano de 2015, com o aprofundamento das investiga\u00e7\u00f5es no suposto esquema de corrup\u00e7\u00e3o ocorrido na Petrobras, vieram a p\u00fablico os relatos de utiliza\u00e7\u00e3o de doa\u00e7\u00e3o de campanha como subterf\u00fagio para pagamento de propina&#8221;, diz o ministro.<\/p>\n<p>Em nota, o ministro da Secretaria de Comunica\u00e7\u00e3o Social, Edinho Silva, diz que &#8220;todas as contribui\u00e7\u00f5es e despesas da campanha de 2014 foram apresentadas ao TSE, que, ap\u00f3s rigorosa sindic\u00e2ncia, aprovou as contas por unanimidade&#8221;.<\/p>\n<p><strong>Andre Richter, ABr<\/strong><\/p>\n","protected":false},"excerpt":{"rendered":"<p>O ministro Gilmar Mendes, do Tribunal Superior Eleitoral (TSE), determinou nessa sexta-feira (21) que a Procuradoria-Geral da Rep\u00fablica (PGR) e a Pol\u00edcia Federal investiguem eventuais crimes cometidos na presta\u00e7\u00e3o de contas do PT na campanha presidencial de 2014. A decis\u00e3o foi proferida no processo de presta\u00e7\u00e3o de contas da campanha da presidenta Dilma Rousseff \u00e0 [&hellip;]<\/p>\n","protected":false},"author":2,"featured_media":63732,"comment_status":"open","ping_status":"closed","sticky":false,"template":"","format":"standard","meta":{"_acf_changed":false,"footnotes":""},"categories":[16],"tags":[],"class_list":["post-63731","post","type-post","status-publish","format-standard","has-post-thumbnail","hentry","category-brasil"],"acf":[],"yoast_head":"<!-- This site is optimized with the Yoast SEO plugin v27.2 - https:\/\/yoast.com\/product\/yoast-seo-wordpress\/ -->\n<title>Procuradoria Geral e Pol\u00edcia Federal come\u00e7am a investigar campanha de Dilma em 2014 - Notibras<\/title>\n<meta name=\"robots\" content=\"index, follow, max-snippet:-1, max-image-preview:large, max-video-preview:-1\" \/>\n<link rel=\"canonical\" href=\"https:\/\/www.notibras.com\/site\/procuradoria-e-policia-federal-comecam-a-investigar-campanha-de-dilma-em-2014\/\" \/>\n<meta property=\"og:locale\" content=\"pt_BR\" \/>\n<meta property=\"og:type\" content=\"article\" \/>\n<meta property=\"og:title\" content=\"Procuradoria Geral e Pol\u00edcia Federal come\u00e7am a investigar campanha de Dilma em 2014 - Notibras\" \/>\n<meta property=\"og:description\" content=\"O ministro Gilmar Mendes, do Tribunal Superior Eleitoral (TSE), determinou nessa sexta-feira (21) que a Procuradoria-Geral da Rep\u00fablica (PGR) e a Pol\u00edcia Federal investiguem eventuais crimes cometidos na presta\u00e7\u00e3o de contas do PT na campanha presidencial de 2014. A decis\u00e3o foi proferida no processo de presta\u00e7\u00e3o de contas da campanha da presidenta Dilma Rousseff \u00e0 [&hellip;]\" \/>\n<meta property=\"og:url\" content=\"https:\/\/www.notibras.com\/site\/procuradoria-e-policia-federal-comecam-a-investigar-campanha-de-dilma-em-2014\/\" \/>\n<meta property=\"og:site_name\" content=\"Notibras\" \/>\n<meta property=\"article:publisher\" content=\"https:\/\/www.facebook.com\/notibras\/\" \/>\n<meta property=\"article:published_time\" content=\"2015-08-22T11:43:13+00:00\" \/>\n<meta property=\"article:modified_time\" content=\"2015-08-22T12:23:30+00:00\" \/>\n<meta property=\"og:image\" content=\"https:\/\/www.notibras.com\/site\/wp-content\/uploads\/2015\/08\/mendes.jpg\" \/>\n\t<meta property=\"og:image:width\" content=\"480\" \/>\n\t<meta property=\"og:image:height\" content=\"320\" \/>\n\t<meta property=\"og:image:type\" content=\"image\/jpeg\" \/>\n<meta name=\"author\" content=\"Reda\u00e7\u00e3o\" \/>\n<meta name=\"twitter:card\" content=\"summary_large_image\" \/>\n<meta name=\"twitter:creator\" content=\"@Notibras\" \/>\n<meta name=\"twitter:site\" content=\"@Notibras\" \/>\n<meta name=\"twitter:label1\" content=\"Escrito por\" \/>\n\t<meta name=\"twitter:data1\" content=\"Reda\u00e7\u00e3o\" \/>\n\t<meta name=\"twitter:label2\" content=\"Est. tempo de leitura\" \/>\n\t<meta name=\"twitter:data2\" content=\"1 minuto\" \/>\n<script type=\"application\/ld+json\" class=\"yoast-schema-graph\">{\"@context\":\"https:\/\/schema.org\",\"@graph\":[{\"@type\":\"Article\",\"@id\":\"https:\/\/www.notibras.com\/site\/procuradoria-e-policia-federal-comecam-a-investigar-campanha-de-dilma-em-2014\/#article\",\"isPartOf\":{\"@id\":\"https:\/\/www.notibras.com\/site\/procuradoria-e-policia-federal-comecam-a-investigar-campanha-de-dilma-em-2014\/\"},\"author\":{\"name\":\"Reda\u00e7\u00e3o\",\"@id\":\"https:\/\/www.notibras.com\/site\/#\/schema\/person\/36ab0979449956132d3e5b517ea76ac8\"},\"headline\":\"Procuradoria Geral e Pol\u00edcia Federal come\u00e7am a investigar campanha de Dilma em 2014\",\"datePublished\":\"2015-08-22T11:43:13+00:00\",\"dateModified\":\"2015-08-22T12:23:30+00:00\",\"mainEntityOfPage\":{\"@id\":\"https:\/\/www.notibras.com\/site\/procuradoria-e-policia-federal-comecam-a-investigar-campanha-de-dilma-em-2014\/\"},\"wordCount\":228,\"commentCount\":0,\"publisher\":{\"@id\":\"https:\/\/www.notibras.com\/site\/#organization\"},\"image\":{\"@id\":\"https:\/\/www.notibras.com\/site\/procuradoria-e-policia-federal-comecam-a-investigar-campanha-de-dilma-em-2014\/#primaryimage\"},\"thumbnailUrl\":\"https:\/\/www.notibras.com\/site\/wp-content\/uploads\/2015\/08\/mendes.jpg\",\"articleSection\":[\"Brasil\"],\"inLanguage\":\"pt-BR\",\"potentialAction\":[{\"@type\":\"CommentAction\",\"name\":\"Comment\",\"target\":[\"https:\/\/www.notibras.com\/site\/procuradoria-e-policia-federal-comecam-a-investigar-campanha-de-dilma-em-2014\/#respond\"]}]},{\"@type\":\"WebPage\",\"@id\":\"https:\/\/www.notibras.com\/site\/procuradoria-e-policia-federal-comecam-a-investigar-campanha-de-dilma-em-2014\/\",\"url\":\"https:\/\/www.notibras.com\/site\/procuradoria-e-policia-federal-comecam-a-investigar-campanha-de-dilma-em-2014\/\",\"name\":\"Procuradoria Geral e Pol\u00edcia Federal come\u00e7am a investigar campanha de Dilma em 2014 - Notibras\",\"isPartOf\":{\"@id\":\"https:\/\/www.notibras.com\/site\/#website\"},\"primaryImageOfPage\":{\"@id\":\"https:\/\/www.notibras.com\/site\/procuradoria-e-policia-federal-comecam-a-investigar-campanha-de-dilma-em-2014\/#primaryimage\"},\"image\":{\"@id\":\"https:\/\/www.notibras.com\/site\/procuradoria-e-policia-federal-comecam-a-investigar-campanha-de-dilma-em-2014\/#primaryimage\"},\"thumbnailUrl\":\"https:\/\/www.notibras.com\/site\/wp-content\/uploads\/2015\/08\/mendes.jpg\",\"datePublished\":\"2015-08-22T11:43:13+00:00\",\"dateModified\":\"2015-08-22T12:23:30+00:00\",\"breadcrumb\":{\"@id\":\"https:\/\/www.notibras.com\/site\/procuradoria-e-policia-federal-comecam-a-investigar-campanha-de-dilma-em-2014\/#breadcrumb\"},\"inLanguage\":\"pt-BR\",\"potentialAction\":[{\"@type\":\"ReadAction\",\"target\":[\"https:\/\/www.notibras.com\/site\/procuradoria-e-policia-federal-comecam-a-investigar-campanha-de-dilma-em-2014\/\"]}]},{\"@type\":\"ImageObject\",\"inLanguage\":\"pt-BR\",\"@id\":\"https:\/\/www.notibras.com\/site\/procuradoria-e-policia-federal-comecam-a-investigar-campanha-de-dilma-em-2014\/#primaryimage\",\"url\":\"https:\/\/www.notibras.com\/site\/wp-content\/uploads\/2015\/08\/mendes.jpg\",\"contentUrl\":\"https:\/\/www.notibras.com\/site\/wp-content\/uploads\/2015\/08\/mendes.jpg\",\"width\":480,\"height\":320},{\"@type\":\"BreadcrumbList\",\"@id\":\"https:\/\/www.notibras.com\/site\/procuradoria-e-policia-federal-comecam-a-investigar-campanha-de-dilma-em-2014\/#breadcrumb\",\"itemListElement\":[{\"@type\":\"ListItem\",\"position\":1,\"name\":\"In\u00edcio\",\"item\":\"https:\/\/www.notibras.com\/site\/\"},{\"@type\":\"ListItem\",\"position\":2,\"name\":\"Procuradoria Geral e Pol\u00edcia Federal come\u00e7am a investigar campanha de Dilma em 2014\"}]},{\"@type\":\"WebSite\",\"@id\":\"https:\/\/www.notibras.com\/site\/#website\",\"url\":\"https:\/\/www.notibras.com\/site\/\",\"name\":\"Notibras\",\"description\":\"Not\u00edcias de Bras\u00edlia, do Brasil e do Mundo\",\"publisher\":{\"@id\":\"https:\/\/www.notibras.com\/site\/#organization\"},\"potentialAction\":[{\"@type\":\"SearchAction\",\"target\":{\"@type\":\"EntryPoint\",\"urlTemplate\":\"https:\/\/www.notibras.com\/site\/?s={search_term_string}\"},\"query-input\":{\"@type\":\"PropertyValueSpecification\",\"valueRequired\":true,\"valueName\":\"search_term_string\"}}],\"inLanguage\":\"pt-BR\"},{\"@type\":\"Organization\",\"@id\":\"https:\/\/www.notibras.com\/site\/#organization\",\"name\":\"Grupo Notibras de Comunica\u00e7\u00e3o\",\"url\":\"https:\/\/www.notibras.com\/site\/\",\"logo\":{\"@type\":\"ImageObject\",\"inLanguage\":\"pt-BR\",\"@id\":\"https:\/\/www.notibras.com\/site\/#\/schema\/logo\/image\/\",\"url\":\"https:\/\/www.notibras.com\/site\/wp-content\/uploads\/2023\/01\/notibras23.png\",\"contentUrl\":\"https:\/\/www.notibras.com\/site\/wp-content\/uploads\/2023\/01\/notibras23.png\",\"width\":350,\"height\":87,\"caption\":\"Grupo Notibras de Comunica\u00e7\u00e3o\"},\"image\":{\"@id\":\"https:\/\/www.notibras.com\/site\/#\/schema\/logo\/image\/\"},\"sameAs\":[\"https:\/\/www.facebook.com\/notibras\/\",\"https:\/\/x.com\/Notibras\",\"https:\/\/www.instagram.com\/notibras\/\"]},{\"@type\":\"Person\",\"@id\":\"https:\/\/www.notibras.com\/site\/#\/schema\/person\/36ab0979449956132d3e5b517ea76ac8\",\"name\":\"Reda\u00e7\u00e3o\",\"image\":{\"@type\":\"ImageObject\",\"inLanguage\":\"pt-BR\",\"@id\":\"https:\/\/secure.gravatar.com\/avatar\/e0a867bdedb85fd243eadf09663511f96fc81e0720a4a42581f334ad4303aa6b?s=96&d=mm&r=g\",\"url\":\"https:\/\/secure.gravatar.com\/avatar\/e0a867bdedb85fd243eadf09663511f96fc81e0720a4a42581f334ad4303aa6b?s=96&d=mm&r=g\",\"contentUrl\":\"https:\/\/secure.gravatar.com\/avatar\/e0a867bdedb85fd243eadf09663511f96fc81e0720a4a42581f334ad4303aa6b?s=96&d=mm&r=g\",\"caption\":\"Reda\u00e7\u00e3o\"}}]}<\/script>\n<!-- \/ Yoast SEO plugin. -->","yoast_head_json":{"title":"Procuradoria Geral e Pol\u00edcia Federal come\u00e7am a investigar campanha de Dilma em 2014 - Notibras","robots":{"index":"index","follow":"follow","max-snippet":"max-snippet:-1","max-image-preview":"max-image-preview:large","max-video-preview":"max-video-preview:-1"},"canonical":"https:\/\/www.notibras.com\/site\/procuradoria-e-policia-federal-comecam-a-investigar-campanha-de-dilma-em-2014\/","og_locale":"pt_BR","og_type":"article","og_title":"Procuradoria Geral e Pol\u00edcia Federal come\u00e7am a investigar campanha de Dilma em 2014 - Notibras","og_description":"O ministro Gilmar Mendes, do Tribunal Superior Eleitoral (TSE), determinou nessa sexta-feira (21) que a Procuradoria-Geral da Rep\u00fablica (PGR) e a Pol\u00edcia Federal investiguem eventuais crimes cometidos na presta\u00e7\u00e3o de contas do PT na campanha presidencial de 2014. A decis\u00e3o foi proferida no processo de presta\u00e7\u00e3o de contas da campanha da presidenta Dilma Rousseff \u00e0 [&hellip;]","og_url":"https:\/\/www.notibras.com\/site\/procuradoria-e-policia-federal-comecam-a-investigar-campanha-de-dilma-em-2014\/","og_site_name":"Notibras","article_publisher":"https:\/\/www.facebook.com\/notibras\/","article_published_time":"2015-08-22T11:43:13+00:00","article_modified_time":"2015-08-22T12:23:30+00:00","og_image":[{"width":480,"height":320,"url":"https:\/\/www.notibras.com\/site\/wp-content\/uploads\/2015\/08\/mendes.jpg","type":"image\/jpeg"}],"author":"Reda\u00e7\u00e3o","twitter_card":"summary_large_image","twitter_creator":"@Notibras","twitter_site":"@Notibras","twitter_misc":{"Escrito por":"Reda\u00e7\u00e3o","Est. tempo de leitura":"1 minuto"},"schema":{"@context":"https:\/\/schema.org","@graph":[{"@type":"Article","@id":"https:\/\/www.notibras.com\/site\/procuradoria-e-policia-federal-comecam-a-investigar-campanha-de-dilma-em-2014\/#article","isPartOf":{"@id":"https:\/\/www.notibras.com\/site\/procuradoria-e-policia-federal-comecam-a-investigar-campanha-de-dilma-em-2014\/"},"author":{"name":"Reda\u00e7\u00e3o","@id":"https:\/\/www.notibras.com\/site\/#\/schema\/person\/36ab0979449956132d3e5b517ea76ac8"},"headline":"Procuradoria Geral e Pol\u00edcia Federal come\u00e7am a investigar campanha de Dilma em 2014","datePublished":"2015-08-22T11:43:13+00:00","dateModified":"2015-08-22T12:23:30+00:00","mainEntityOfPage":{"@id":"https:\/\/www.notibras.com\/site\/procuradoria-e-policia-federal-comecam-a-investigar-campanha-de-dilma-em-2014\/"},"wordCount":228,"commentCount":0,"publisher":{"@id":"https:\/\/www.notibras.com\/site\/#organization"},"image":{"@id":"https:\/\/www.notibras.com\/site\/procuradoria-e-policia-federal-comecam-a-investigar-campanha-de-dilma-em-2014\/#primaryimage"},"thumbnailUrl":"https:\/\/www.notibras.com\/site\/wp-content\/uploads\/2015\/08\/mendes.jpg","articleSection":["Brasil"],"inLanguage":"pt-BR","potentialAction":[{"@type":"CommentAction","name":"Comment","target":["https:\/\/www.notibras.com\/site\/procuradoria-e-policia-federal-comecam-a-investigar-campanha-de-dilma-em-2014\/#respond"]}]},{"@type":"WebPage","@id":"https:\/\/www.notibras.com\/site\/procuradoria-e-policia-federal-comecam-a-investigar-campanha-de-dilma-em-2014\/","url":"https:\/\/www.notibras.com\/site\/procuradoria-e-policia-federal-comecam-a-investigar-campanha-de-dilma-em-2014\/","name":"Procuradoria Geral e Pol\u00edcia Federal come\u00e7am a investigar campanha de Dilma em 2014 - Notibras","isPartOf":{"@id":"https:\/\/www.notibras.com\/site\/#website"},"primaryImageOfPage":{"@id":"https:\/\/www.notibras.com\/site\/procuradoria-e-policia-federal-comecam-a-investigar-campanha-de-dilma-em-2014\/#primaryimage"},"image":{"@id":"https:\/\/www.notibras.com\/site\/procuradoria-e-policia-federal-comecam-a-investigar-campanha-de-dilma-em-2014\/#primaryimage"},"thumbnailUrl":"https:\/\/www.notibras.com\/site\/wp-content\/uploads\/2015\/08\/mendes.jpg","datePublished":"2015-08-22T11:43:13+00:00","dateModified":"2015-08-22T12:23:30+00:00","breadcrumb":{"@id":"https:\/\/www.notibras.com\/site\/procuradoria-e-policia-federal-comecam-a-investigar-campanha-de-dilma-em-2014\/#breadcrumb"},"inLanguage":"pt-BR","potentialAction":[{"@type":"ReadAction","target":["https:\/\/www.notibras.com\/site\/procuradoria-e-policia-federal-comecam-a-investigar-campanha-de-dilma-em-2014\/"]}]},{"@type":"ImageObject","inLanguage":"pt-BR","@id":"https:\/\/www.notibras.com\/site\/procuradoria-e-policia-federal-comecam-a-investigar-campanha-de-dilma-em-2014\/#primaryimage","url":"https:\/\/www.notibras.com\/site\/wp-content\/uploads\/2015\/08\/mendes.jpg","contentUrl":"https:\/\/www.notibras.com\/site\/wp-content\/uploads\/2015\/08\/mendes.jpg","width":480,"height":320},{"@type":"BreadcrumbList","@id":"https:\/\/www.notibras.com\/site\/procuradoria-e-policia-federal-comecam-a-investigar-campanha-de-dilma-em-2014\/#breadcrumb","itemListElement":[{"@type":"ListItem","position":1,"name":"In\u00edcio","item":"https:\/\/www.notibras.com\/site\/"},{"@type":"ListItem","position":2,"name":"Procuradoria Geral e Pol\u00edcia Federal come\u00e7am a investigar campanha de Dilma em 2014"}]},{"@type":"WebSite","@id":"https:\/\/www.notibras.com\/site\/#website","url":"https:\/\/www.notibras.com\/site\/","name":"Notibras","description":"Not\u00edcias de Bras\u00edlia, do Brasil e do Mundo","publisher":{"@id":"https:\/\/www.notibras.com\/site\/#organization"},"potentialAction":[{"@type":"SearchAction","target":{"@type":"EntryPoint","urlTemplate":"https:\/\/www.notibras.com\/site\/?s={search_term_string}"},"query-input":{"@type":"PropertyValueSpecification","valueRequired":true,"valueName":"search_term_string"}}],"inLanguage":"pt-BR"},{"@type":"Organization","@id":"https:\/\/www.notibras.com\/site\/#organization","name":"Grupo Notibras de Comunica\u00e7\u00e3o","url":"https:\/\/www.notibras.com\/site\/","logo":{"@type":"ImageObject","inLanguage":"pt-BR","@id":"https:\/\/www.notibras.com\/site\/#\/schema\/logo\/image\/","url":"https:\/\/www.notibras.com\/site\/wp-content\/uploads\/2023\/01\/notibras23.png","contentUrl":"https:\/\/www.notibras.com\/site\/wp-content\/uploads\/2023\/01\/notibras23.png","width":350,"height":87,"caption":"Grupo Notibras de Comunica\u00e7\u00e3o"},"image":{"@id":"https:\/\/www.notibras.com\/site\/#\/schema\/logo\/image\/"},"sameAs":["https:\/\/www.facebook.com\/notibras\/","https:\/\/x.com\/Notibras","https:\/\/www.instagram.com\/notibras\/"]},{"@type":"Person","@id":"https:\/\/www.notibras.com\/site\/#\/schema\/person\/36ab0979449956132d3e5b517ea76ac8","name":"Reda\u00e7\u00e3o","image":{"@type":"ImageObject","inLanguage":"pt-BR","@id":"https:\/\/secure.gravatar.com\/avatar\/e0a867bdedb85fd243eadf09663511f96fc81e0720a4a42581f334ad4303aa6b?s=96&d=mm&r=g","url":"https:\/\/secure.gravatar.com\/avatar\/e0a867bdedb85fd243eadf09663511f96fc81e0720a4a42581f334ad4303aa6b?s=96&d=mm&r=g","contentUrl":"https:\/\/secure.gravatar.com\/avatar\/e0a867bdedb85fd243eadf09663511f96fc81e0720a4a42581f334ad4303aa6b?s=96&d=mm&r=g","caption":"Reda\u00e7\u00e3o"}}]}},"amp_enabled":true,"_links":{"self":[{"href":"https:\/\/www.notibras.com\/site\/wp-json\/wp\/v2\/posts\/63731","targetHints":{"allow":["GET"]}}],"collection":[{"href":"https:\/\/www.notibras.com\/site\/wp-json\/wp\/v2\/posts"}],"about":[{"href":"https:\/\/www.notibras.com\/site\/wp-json\/wp\/v2\/types\/post"}],"author":[{"embeddable":true,"href":"https:\/\/www.notibras.com\/site\/wp-json\/wp\/v2\/users\/2"}],"replies":[{"embeddable":true,"href":"https:\/\/www.notibras.com\/site\/wp-json\/wp\/v2\/comments?post=63731"}],"version-history":[{"count":3,"href":"https:\/\/www.notibras.com\/site\/wp-json\/wp\/v2\/posts\/63731\/revisions"}],"predecessor-version":[{"id":63744,"href":"https:\/\/www.notibras.com\/site\/wp-json\/wp\/v2\/posts\/63731\/revisions\/63744"}],"wp:featuredmedia":[{"embeddable":true,"href":"https:\/\/www.notibras.com\/site\/wp-json\/wp\/v2\/media\/63732"}],"wp:attachment":[{"href":"https:\/\/www.notibras.com\/site\/wp-json\/wp\/v2\/media?parent=63731"}],"wp:term":[{"taxonomy":"category","embeddable":true,"href":"https:\/\/www.notibras.com\/site\/wp-json\/wp\/v2\/categories?post=63731"},{"taxonomy":"post_tag","embeddable":true,"href":"https:\/\/www.notibras.com\/site\/wp-json\/wp\/v2\/tags?post=63731"}],"curies":[{"name":"wp","href":"https:\/\/api.w.org\/{rel}","templated":true}]}}