{"id":63745,"date":"2015-08-22T09:04:55","date_gmt":"2015-08-22T12:04:55","guid":{"rendered":"http:\/\/www.notibras.com\/site\/?p=63745"},"modified":"2015-08-22T21:46:40","modified_gmt":"2015-08-23T00:46:40","slug":"santa-cruz-se-aproxxima-do-g-4-com-vitoria-de-1-a-0-sobre-o-macae","status":"publish","type":"post","link":"https:\/\/www.notibras.com\/site\/santa-cruz-se-aproxxima-do-g-4-com-vitoria-de-1-a-0-sobre-o-macae\/","title":{"rendered":"Santa Cruz se aproxima do G-4 com vit\u00f3ria apertada de 1 a 0 sobre o Maca\u00e9"},"content":{"rendered":"<p>Pela terceira vez seguida jogando no Arruda, pela S\u00e9rie B, o Santa Cruz precisou do atacante Grafite para vencer um advers\u00e1rio e seguir na briga pelo G-4. E o camisa 23 n\u00e3o desapontou a torcida coral. Num jogo truncado e de duas bolas na trave de Anderson Aquino, Grafite brilhou e marcou o \u00fanico gol da vit\u00f3ria sobre o Maca\u00e9, nesta sexta-feira, pela 20\u00b0 rodada da Segundona.<\/p>\n<p>N\u00e3o \u00e9 exagero algum afirmar que a maior contrata\u00e7\u00e3o do Santa nesta temporada fez a sua melhor partida at\u00e9 o momento. Foi o seu terceiro gol na competi\u00e7\u00e3o. Com o resultado o Santa subiu para a s\u00e9tima coloca\u00e7\u00e3o com 31 pontos, e pode terminar a rodada h\u00e1 dois pontos do G-4.<\/p>\n<p>Para isso ter\u00e1 que torcer contra Bahia, N\u00e1utico e Sampaio Corr\u00eaa, que jogam neste s\u00e1bado. Na pr\u00f3xima rodada o Tricolor do Arruda encara o Paran\u00e1 no Durival de Brito. Do outro lado, o Maca\u00e9 chegou ao oitavo jogo sem vit\u00f3ria e come\u00e7a a se aproximar ainda mais do Z-4. O time carioca ter\u00e1 o Sampaio Corr\u00eaa como pr\u00f3ximo advers\u00e1rio.<\/p>\n","protected":false},"excerpt":{"rendered":"<p>Pela terceira vez seguida jogando no Arruda, pela S\u00e9rie B, o Santa Cruz precisou do atacante Grafite para vencer um advers\u00e1rio e seguir na briga pelo G-4. E o camisa 23 n\u00e3o desapontou a torcida coral. Num jogo truncado e de duas bolas na trave de Anderson Aquino, Grafite brilhou e marcou o \u00fanico gol [&hellip;]<\/p>\n","protected":false},"author":2,"featured_media":63746,"comment_status":"open","ping_status":"closed","sticky":false,"template":"","format":"standard","meta":{"_acf_changed":false,"footnotes":""},"categories":[29],"tags":[],"class_list":["post-63745","post","type-post","status-publish","format-standard","has-post-thumbnail","hentry","category-futebol"],"acf":[],"yoast_head":"<!-- This site is optimized with the Yoast SEO plugin v27.2 - https:\/\/yoast.com\/product\/yoast-seo-wordpress\/ -->\n<title>Santa Cruz se aproxima do G-4 com vit\u00f3ria apertada de 1 a 0 sobre o Maca\u00e9 - Notibras<\/title>\n<meta name=\"robots\" content=\"index, follow, max-snippet:-1, max-image-preview:large, max-video-preview:-1\" \/>\n<link rel=\"canonical\" href=\"https:\/\/www.notibras.com\/site\/santa-cruz-se-aproxxima-do-g-4-com-vitoria-de-1-a-0-sobre-o-macae\/\" \/>\n<meta property=\"og:locale\" content=\"pt_BR\" \/>\n<meta property=\"og:type\" content=\"article\" \/>\n<meta property=\"og:title\" content=\"Santa Cruz se aproxima do G-4 com vit\u00f3ria apertada de 1 a 0 sobre o Maca\u00e9 - Notibras\" \/>\n<meta property=\"og:description\" content=\"Pela terceira vez seguida jogando no Arruda, pela S\u00e9rie B, o Santa Cruz precisou do atacante Grafite para vencer um advers\u00e1rio e seguir na briga pelo G-4. E o camisa 23 n\u00e3o desapontou a torcida coral. Num jogo truncado e de duas bolas na trave de Anderson Aquino, Grafite brilhou e marcou o \u00fanico gol [&hellip;]\" \/>\n<meta property=\"og:url\" content=\"https:\/\/www.notibras.com\/site\/santa-cruz-se-aproxxima-do-g-4-com-vitoria-de-1-a-0-sobre-o-macae\/\" \/>\n<meta property=\"og:site_name\" content=\"Notibras\" \/>\n<meta property=\"article:publisher\" content=\"https:\/\/www.facebook.com\/notibras\/\" \/>\n<meta property=\"article:published_time\" content=\"2015-08-22T12:04:55+00:00\" \/>\n<meta property=\"article:modified_time\" content=\"2015-08-23T00:46:40+00:00\" \/>\n<meta property=\"og:image\" content=\"https:\/\/www.notibras.com\/site\/wp-content\/uploads\/2015\/08\/graifte_frente.jpg\" \/>\n\t<meta property=\"og:image:width\" content=\"770\" \/>\n\t<meta property=\"og:image:height\" content=\"513\" \/>\n\t<meta property=\"og:image:type\" content=\"image\/jpeg\" \/>\n<meta name=\"author\" content=\"Reda\u00e7\u00e3o\" \/>\n<meta name=\"twitter:card\" content=\"summary_large_image\" \/>\n<meta name=\"twitter:creator\" content=\"@Notibras\" \/>\n<meta name=\"twitter:site\" content=\"@Notibras\" \/>\n<meta name=\"twitter:label1\" content=\"Escrito por\" \/>\n\t<meta name=\"twitter:data1\" content=\"Reda\u00e7\u00e3o\" \/>\n\t<meta name=\"twitter:label2\" content=\"Est. tempo de leitura\" \/>\n\t<meta name=\"twitter:data2\" content=\"1 minuto\" \/>\n<script type=\"application\/ld+json\" class=\"yoast-schema-graph\">{\"@context\":\"https:\/\/schema.org\",\"@graph\":[{\"@type\":\"Article\",\"@id\":\"https:\/\/www.notibras.com\/site\/santa-cruz-se-aproxxima-do-g-4-com-vitoria-de-1-a-0-sobre-o-macae\/#article\",\"isPartOf\":{\"@id\":\"https:\/\/www.notibras.com\/site\/santa-cruz-se-aproxxima-do-g-4-com-vitoria-de-1-a-0-sobre-o-macae\/\"},\"author\":{\"name\":\"Reda\u00e7\u00e3o\",\"@id\":\"https:\/\/www.notibras.com\/site\/#\/schema\/person\/36ab0979449956132d3e5b517ea76ac8\"},\"headline\":\"Santa Cruz se aproxima do G-4 com vit\u00f3ria apertada de 1 a 0 sobre o Maca\u00e9\",\"datePublished\":\"2015-08-22T12:04:55+00:00\",\"dateModified\":\"2015-08-23T00:46:40+00:00\",\"mainEntityOfPage\":{\"@id\":\"https:\/\/www.notibras.com\/site\/santa-cruz-se-aproxxima-do-g-4-com-vitoria-de-1-a-0-sobre-o-macae\/\"},\"wordCount\":206,\"commentCount\":0,\"publisher\":{\"@id\":\"https:\/\/www.notibras.com\/site\/#organization\"},\"image\":{\"@id\":\"https:\/\/www.notibras.com\/site\/santa-cruz-se-aproxxima-do-g-4-com-vitoria-de-1-a-0-sobre-o-macae\/#primaryimage\"},\"thumbnailUrl\":\"https:\/\/www.notibras.com\/site\/wp-content\/uploads\/2015\/08\/graifte_frente.jpg\",\"articleSection\":[\"Futebol\"],\"inLanguage\":\"pt-BR\",\"potentialAction\":[{\"@type\":\"CommentAction\",\"name\":\"Comment\",\"target\":[\"https:\/\/www.notibras.com\/site\/santa-cruz-se-aproxxima-do-g-4-com-vitoria-de-1-a-0-sobre-o-macae\/#respond\"]}]},{\"@type\":\"WebPage\",\"@id\":\"https:\/\/www.notibras.com\/site\/santa-cruz-se-aproxxima-do-g-4-com-vitoria-de-1-a-0-sobre-o-macae\/\",\"url\":\"https:\/\/www.notibras.com\/site\/santa-cruz-se-aproxxima-do-g-4-com-vitoria-de-1-a-0-sobre-o-macae\/\",\"name\":\"Santa Cruz se aproxima do G-4 com vit\u00f3ria apertada de 1 a 0 sobre o Maca\u00e9 - Notibras\",\"isPartOf\":{\"@id\":\"https:\/\/www.notibras.com\/site\/#website\"},\"primaryImageOfPage\":{\"@id\":\"https:\/\/www.notibras.com\/site\/santa-cruz-se-aproxxima-do-g-4-com-vitoria-de-1-a-0-sobre-o-macae\/#primaryimage\"},\"image\":{\"@id\":\"https:\/\/www.notibras.com\/site\/santa-cruz-se-aproxxima-do-g-4-com-vitoria-de-1-a-0-sobre-o-macae\/#primaryimage\"},\"thumbnailUrl\":\"https:\/\/www.notibras.com\/site\/wp-content\/uploads\/2015\/08\/graifte_frente.jpg\",\"datePublished\":\"2015-08-22T12:04:55+00:00\",\"dateModified\":\"2015-08-23T00:46:40+00:00\",\"breadcrumb\":{\"@id\":\"https:\/\/www.notibras.com\/site\/santa-cruz-se-aproxxima-do-g-4-com-vitoria-de-1-a-0-sobre-o-macae\/#breadcrumb\"},\"inLanguage\":\"pt-BR\",\"potentialAction\":[{\"@type\":\"ReadAction\",\"target\":[\"https:\/\/www.notibras.com\/site\/santa-cruz-se-aproxxima-do-g-4-com-vitoria-de-1-a-0-sobre-o-macae\/\"]}]},{\"@type\":\"ImageObject\",\"inLanguage\":\"pt-BR\",\"@id\":\"https:\/\/www.notibras.com\/site\/santa-cruz-se-aproxxima-do-g-4-com-vitoria-de-1-a-0-sobre-o-macae\/#primaryimage\",\"url\":\"https:\/\/www.notibras.com\/site\/wp-content\/uploads\/2015\/08\/graifte_frente.jpg\",\"contentUrl\":\"https:\/\/www.notibras.com\/site\/wp-content\/uploads\/2015\/08\/graifte_frente.jpg\",\"width\":770,\"height\":513},{\"@type\":\"BreadcrumbList\",\"@id\":\"https:\/\/www.notibras.com\/site\/santa-cruz-se-aproxxima-do-g-4-com-vitoria-de-1-a-0-sobre-o-macae\/#breadcrumb\",\"itemListElement\":[{\"@type\":\"ListItem\",\"position\":1,\"name\":\"In\u00edcio\",\"item\":\"https:\/\/www.notibras.com\/site\/\"},{\"@type\":\"ListItem\",\"position\":2,\"name\":\"Santa Cruz se aproxima do G-4 com vit\u00f3ria apertada de 1 a 0 sobre o Maca\u00e9\"}]},{\"@type\":\"WebSite\",\"@id\":\"https:\/\/www.notibras.com\/site\/#website\",\"url\":\"https:\/\/www.notibras.com\/site\/\",\"name\":\"Notibras\",\"description\":\"Not\u00edcias de Bras\u00edlia, do Brasil e do Mundo\",\"publisher\":{\"@id\":\"https:\/\/www.notibras.com\/site\/#organization\"},\"potentialAction\":[{\"@type\":\"SearchAction\",\"target\":{\"@type\":\"EntryPoint\",\"urlTemplate\":\"https:\/\/www.notibras.com\/site\/?s={search_term_string}\"},\"query-input\":{\"@type\":\"PropertyValueSpecification\",\"valueRequired\":true,\"valueName\":\"search_term_string\"}}],\"inLanguage\":\"pt-BR\"},{\"@type\":\"Organization\",\"@id\":\"https:\/\/www.notibras.com\/site\/#organization\",\"name\":\"Grupo Notibras de Comunica\u00e7\u00e3o\",\"url\":\"https:\/\/www.notibras.com\/site\/\",\"logo\":{\"@type\":\"ImageObject\",\"inLanguage\":\"pt-BR\",\"@id\":\"https:\/\/www.notibras.com\/site\/#\/schema\/logo\/image\/\",\"url\":\"https:\/\/www.notibras.com\/site\/wp-content\/uploads\/2023\/01\/notibras23.png\",\"contentUrl\":\"https:\/\/www.notibras.com\/site\/wp-content\/uploads\/2023\/01\/notibras23.png\",\"width\":350,\"height\":87,\"caption\":\"Grupo Notibras de Comunica\u00e7\u00e3o\"},\"image\":{\"@id\":\"https:\/\/www.notibras.com\/site\/#\/schema\/logo\/image\/\"},\"sameAs\":[\"https:\/\/www.facebook.com\/notibras\/\",\"https:\/\/x.com\/Notibras\",\"https:\/\/www.instagram.com\/notibras\/\"]},{\"@type\":\"Person\",\"@id\":\"https:\/\/www.notibras.com\/site\/#\/schema\/person\/36ab0979449956132d3e5b517ea76ac8\",\"name\":\"Reda\u00e7\u00e3o\",\"image\":{\"@type\":\"ImageObject\",\"inLanguage\":\"pt-BR\",\"@id\":\"https:\/\/secure.gravatar.com\/avatar\/e0a867bdedb85fd243eadf09663511f96fc81e0720a4a42581f334ad4303aa6b?s=96&d=mm&r=g\",\"url\":\"https:\/\/secure.gravatar.com\/avatar\/e0a867bdedb85fd243eadf09663511f96fc81e0720a4a42581f334ad4303aa6b?s=96&d=mm&r=g\",\"contentUrl\":\"https:\/\/secure.gravatar.com\/avatar\/e0a867bdedb85fd243eadf09663511f96fc81e0720a4a42581f334ad4303aa6b?s=96&d=mm&r=g\",\"caption\":\"Reda\u00e7\u00e3o\"}}]}<\/script>\n<!-- \/ Yoast SEO plugin. -->","yoast_head_json":{"title":"Santa Cruz se aproxima do G-4 com vit\u00f3ria apertada de 1 a 0 sobre o Maca\u00e9 - Notibras","robots":{"index":"index","follow":"follow","max-snippet":"max-snippet:-1","max-image-preview":"max-image-preview:large","max-video-preview":"max-video-preview:-1"},"canonical":"https:\/\/www.notibras.com\/site\/santa-cruz-se-aproxxima-do-g-4-com-vitoria-de-1-a-0-sobre-o-macae\/","og_locale":"pt_BR","og_type":"article","og_title":"Santa Cruz se aproxima do G-4 com vit\u00f3ria apertada de 1 a 0 sobre o Maca\u00e9 - Notibras","og_description":"Pela terceira vez seguida jogando no Arruda, pela S\u00e9rie B, o Santa Cruz precisou do atacante Grafite para vencer um advers\u00e1rio e seguir na briga pelo G-4. E o camisa 23 n\u00e3o desapontou a torcida coral. Num jogo truncado e de duas bolas na trave de Anderson Aquino, Grafite brilhou e marcou o \u00fanico gol [&hellip;]","og_url":"https:\/\/www.notibras.com\/site\/santa-cruz-se-aproxxima-do-g-4-com-vitoria-de-1-a-0-sobre-o-macae\/","og_site_name":"Notibras","article_publisher":"https:\/\/www.facebook.com\/notibras\/","article_published_time":"2015-08-22T12:04:55+00:00","article_modified_time":"2015-08-23T00:46:40+00:00","og_image":[{"width":770,"height":513,"url":"https:\/\/www.notibras.com\/site\/wp-content\/uploads\/2015\/08\/graifte_frente.jpg","type":"image\/jpeg"}],"author":"Reda\u00e7\u00e3o","twitter_card":"summary_large_image","twitter_creator":"@Notibras","twitter_site":"@Notibras","twitter_misc":{"Escrito por":"Reda\u00e7\u00e3o","Est. tempo de leitura":"1 minuto"},"schema":{"@context":"https:\/\/schema.org","@graph":[{"@type":"Article","@id":"https:\/\/www.notibras.com\/site\/santa-cruz-se-aproxxima-do-g-4-com-vitoria-de-1-a-0-sobre-o-macae\/#article","isPartOf":{"@id":"https:\/\/www.notibras.com\/site\/santa-cruz-se-aproxxima-do-g-4-com-vitoria-de-1-a-0-sobre-o-macae\/"},"author":{"name":"Reda\u00e7\u00e3o","@id":"https:\/\/www.notibras.com\/site\/#\/schema\/person\/36ab0979449956132d3e5b517ea76ac8"},"headline":"Santa Cruz se aproxima do G-4 com vit\u00f3ria apertada de 1 a 0 sobre o Maca\u00e9","datePublished":"2015-08-22T12:04:55+00:00","dateModified":"2015-08-23T00:46:40+00:00","mainEntityOfPage":{"@id":"https:\/\/www.notibras.com\/site\/santa-cruz-se-aproxxima-do-g-4-com-vitoria-de-1-a-0-sobre-o-macae\/"},"wordCount":206,"commentCount":0,"publisher":{"@id":"https:\/\/www.notibras.com\/site\/#organization"},"image":{"@id":"https:\/\/www.notibras.com\/site\/santa-cruz-se-aproxxima-do-g-4-com-vitoria-de-1-a-0-sobre-o-macae\/#primaryimage"},"thumbnailUrl":"https:\/\/www.notibras.com\/site\/wp-content\/uploads\/2015\/08\/graifte_frente.jpg","articleSection":["Futebol"],"inLanguage":"pt-BR","potentialAction":[{"@type":"CommentAction","name":"Comment","target":["https:\/\/www.notibras.com\/site\/santa-cruz-se-aproxxima-do-g-4-com-vitoria-de-1-a-0-sobre-o-macae\/#respond"]}]},{"@type":"WebPage","@id":"https:\/\/www.notibras.com\/site\/santa-cruz-se-aproxxima-do-g-4-com-vitoria-de-1-a-0-sobre-o-macae\/","url":"https:\/\/www.notibras.com\/site\/santa-cruz-se-aproxxima-do-g-4-com-vitoria-de-1-a-0-sobre-o-macae\/","name":"Santa Cruz se aproxima do G-4 com vit\u00f3ria apertada de 1 a 0 sobre o Maca\u00e9 - Notibras","isPartOf":{"@id":"https:\/\/www.notibras.com\/site\/#website"},"primaryImageOfPage":{"@id":"https:\/\/www.notibras.com\/site\/santa-cruz-se-aproxxima-do-g-4-com-vitoria-de-1-a-0-sobre-o-macae\/#primaryimage"},"image":{"@id":"https:\/\/www.notibras.com\/site\/santa-cruz-se-aproxxima-do-g-4-com-vitoria-de-1-a-0-sobre-o-macae\/#primaryimage"},"thumbnailUrl":"https:\/\/www.notibras.com\/site\/wp-content\/uploads\/2015\/08\/graifte_frente.jpg","datePublished":"2015-08-22T12:04:55+00:00","dateModified":"2015-08-23T00:46:40+00:00","breadcrumb":{"@id":"https:\/\/www.notibras.com\/site\/santa-cruz-se-aproxxima-do-g-4-com-vitoria-de-1-a-0-sobre-o-macae\/#breadcrumb"},"inLanguage":"pt-BR","potentialAction":[{"@type":"ReadAction","target":["https:\/\/www.notibras.com\/site\/santa-cruz-se-aproxxima-do-g-4-com-vitoria-de-1-a-0-sobre-o-macae\/"]}]},{"@type":"ImageObject","inLanguage":"pt-BR","@id":"https:\/\/www.notibras.com\/site\/santa-cruz-se-aproxxima-do-g-4-com-vitoria-de-1-a-0-sobre-o-macae\/#primaryimage","url":"https:\/\/www.notibras.com\/site\/wp-content\/uploads\/2015\/08\/graifte_frente.jpg","contentUrl":"https:\/\/www.notibras.com\/site\/wp-content\/uploads\/2015\/08\/graifte_frente.jpg","width":770,"height":513},{"@type":"BreadcrumbList","@id":"https:\/\/www.notibras.com\/site\/santa-cruz-se-aproxxima-do-g-4-com-vitoria-de-1-a-0-sobre-o-macae\/#breadcrumb","itemListElement":[{"@type":"ListItem","position":1,"name":"In\u00edcio","item":"https:\/\/www.notibras.com\/site\/"},{"@type":"ListItem","position":2,"name":"Santa Cruz se aproxima do G-4 com vit\u00f3ria apertada de 1 a 0 sobre o Maca\u00e9"}]},{"@type":"WebSite","@id":"https:\/\/www.notibras.com\/site\/#website","url":"https:\/\/www.notibras.com\/site\/","name":"Notibras","description":"Not\u00edcias de Bras\u00edlia, do Brasil e do Mundo","publisher":{"@id":"https:\/\/www.notibras.com\/site\/#organization"},"potentialAction":[{"@type":"SearchAction","target":{"@type":"EntryPoint","urlTemplate":"https:\/\/www.notibras.com\/site\/?s={search_term_string}"},"query-input":{"@type":"PropertyValueSpecification","valueRequired":true,"valueName":"search_term_string"}}],"inLanguage":"pt-BR"},{"@type":"Organization","@id":"https:\/\/www.notibras.com\/site\/#organization","name":"Grupo Notibras de Comunica\u00e7\u00e3o","url":"https:\/\/www.notibras.com\/site\/","logo":{"@type":"ImageObject","inLanguage":"pt-BR","@id":"https:\/\/www.notibras.com\/site\/#\/schema\/logo\/image\/","url":"https:\/\/www.notibras.com\/site\/wp-content\/uploads\/2023\/01\/notibras23.png","contentUrl":"https:\/\/www.notibras.com\/site\/wp-content\/uploads\/2023\/01\/notibras23.png","width":350,"height":87,"caption":"Grupo Notibras de Comunica\u00e7\u00e3o"},"image":{"@id":"https:\/\/www.notibras.com\/site\/#\/schema\/logo\/image\/"},"sameAs":["https:\/\/www.facebook.com\/notibras\/","https:\/\/x.com\/Notibras","https:\/\/www.instagram.com\/notibras\/"]},{"@type":"Person","@id":"https:\/\/www.notibras.com\/site\/#\/schema\/person\/36ab0979449956132d3e5b517ea76ac8","name":"Reda\u00e7\u00e3o","image":{"@type":"ImageObject","inLanguage":"pt-BR","@id":"https:\/\/secure.gravatar.com\/avatar\/e0a867bdedb85fd243eadf09663511f96fc81e0720a4a42581f334ad4303aa6b?s=96&d=mm&r=g","url":"https:\/\/secure.gravatar.com\/avatar\/e0a867bdedb85fd243eadf09663511f96fc81e0720a4a42581f334ad4303aa6b?s=96&d=mm&r=g","contentUrl":"https:\/\/secure.gravatar.com\/avatar\/e0a867bdedb85fd243eadf09663511f96fc81e0720a4a42581f334ad4303aa6b?s=96&d=mm&r=g","caption":"Reda\u00e7\u00e3o"}}]}},"amp_enabled":true,"_links":{"self":[{"href":"https:\/\/www.notibras.com\/site\/wp-json\/wp\/v2\/posts\/63745","targetHints":{"allow":["GET"]}}],"collection":[{"href":"https:\/\/www.notibras.com\/site\/wp-json\/wp\/v2\/posts"}],"about":[{"href":"https:\/\/www.notibras.com\/site\/wp-json\/wp\/v2\/types\/post"}],"author":[{"embeddable":true,"href":"https:\/\/www.notibras.com\/site\/wp-json\/wp\/v2\/users\/2"}],"replies":[{"embeddable":true,"href":"https:\/\/www.notibras.com\/site\/wp-json\/wp\/v2\/comments?post=63745"}],"version-history":[{"count":3,"href":"https:\/\/www.notibras.com\/site\/wp-json\/wp\/v2\/posts\/63745\/revisions"}],"predecessor-version":[{"id":63845,"href":"https:\/\/www.notibras.com\/site\/wp-json\/wp\/v2\/posts\/63745\/revisions\/63845"}],"wp:featuredmedia":[{"embeddable":true,"href":"https:\/\/www.notibras.com\/site\/wp-json\/wp\/v2\/media\/63746"}],"wp:attachment":[{"href":"https:\/\/www.notibras.com\/site\/wp-json\/wp\/v2\/media?parent=63745"}],"wp:term":[{"taxonomy":"category","embeddable":true,"href":"https:\/\/www.notibras.com\/site\/wp-json\/wp\/v2\/categories?post=63745"},{"taxonomy":"post_tag","embeddable":true,"href":"https:\/\/www.notibras.com\/site\/wp-json\/wp\/v2\/tags?post=63745"}],"curies":[{"name":"wp","href":"https:\/\/api.w.org\/{rel}","templated":true}]}}