{"id":63751,"date":"2015-08-22T07:08:44","date_gmt":"2015-08-22T10:08:44","guid":{"rendered":"http:\/\/www.notibras.com\/site\/?p=63751"},"modified":"2015-08-22T09:17:11","modified_gmt":"2015-08-22T12:17:11","slug":"vasco-vai-motivado-ao-serra-dourada-para-tentar-recuperacao-e-evitar-segundona","status":"publish","type":"post","link":"https:\/\/www.notibras.com\/site\/vasco-vai-motivado-ao-serra-dourada-para-tentar-recuperacao-e-evitar-segundona\/","title":{"rendered":"Vasco vai motivado a Goi\u00e1s para tentar a recupera\u00e7\u00e3o e evitar cair na Segundona"},"content":{"rendered":"<p>O Vasco come\u00e7a sua campanha no segundo turno do Brasileir\u00e3o neste s\u00e1bado, \u00e0s 18h30, no Serra Dourada, com seu terceiro t\u00e9cnico no Brasileir\u00e3o 2015.<\/p>\n<p>Jorginho, que fez sua estreia na equipe quarta-feira na Copa do Brasil, assumiu o lugar do demitido Celso Roth. Ser\u00e1 o terceiro trabalho do treinador na S\u00e9rie A. Ele j\u00e1 atuou no Figueirense, em 2011, e na Ponte Preta, em 2013, quando acabou sendo rebaixado.<\/p>\n<p>Foram 65 jogos, com aproveitamento de 42,05%. No primeiro turno, em S\u00e3o Janu\u00e1rio, houve empate sem gols no confronto.<\/p>\n<p>Os goianos apresentam a segunda pior campanha em casa na temporada.\u00a0 N\u00e3o vencem h\u00e1 tr\u00eas partidas em Goi\u00e2nia. O \u00faltimo sucesso aconteceu no m\u00eas de julho (4 a 1 contra o Santos). O retrospecto contra o Vasco n\u00e3o \u00e9 dos mais favor\u00e1veis.<\/p>\n<p>O Goi\u00e1s n\u00e3o consegue derrotar o time carioca no Serra Dourada desde 2006, quando marcou 2 (V\u00edtor e Souza) a 0. Depois, em quatro partidas, perdeu duas e empatou as outras. O \u00e1rbitro ser\u00e1 o paulista Luiz Fl\u00e1vio de Oliveira, vinculado \u00e0 Federa\u00e7\u00e3o Paulista e Integrante do quadro da Fifa (Federa\u00e7\u00e3o Internacional de Futebol).<\/p>\n<p>Ele tem 69 media\u00e7\u00f5es na S\u00e9rie A, sendo 11 nesta temporada. Arbitrou cinco jogos do Goi\u00e1s (um empate e quatro derrotas) e sete do Vasco (duas vit\u00f3rias, tr\u00eas empates e duas derrotas).<\/p>\n","protected":false},"excerpt":{"rendered":"<p>O Vasco come\u00e7a sua campanha no segundo turno do Brasileir\u00e3o neste s\u00e1bado, \u00e0s 18h30, no Serra Dourada, com seu terceiro t\u00e9cnico no Brasileir\u00e3o 2015. Jorginho, que fez sua estreia na equipe quarta-feira na Copa do Brasil, assumiu o lugar do demitido Celso Roth. Ser\u00e1 o terceiro trabalho do treinador na S\u00e9rie A. Ele j\u00e1 atuou [&hellip;]<\/p>\n","protected":false},"author":2,"featured_media":63752,"comment_status":"open","ping_status":"closed","sticky":false,"template":"","format":"standard","meta":{"_acf_changed":false,"footnotes":""},"categories":[29],"tags":[],"class_list":["post-63751","post","type-post","status-publish","format-standard","has-post-thumbnail","hentry","category-futebol"],"acf":[],"yoast_head":"<!-- This site is optimized with the Yoast SEO plugin v27.2 - https:\/\/yoast.com\/product\/yoast-seo-wordpress\/ -->\n<title>Vasco vai motivado a Goi\u00e1s para tentar a recupera\u00e7\u00e3o e evitar cair na Segundona - Notibras<\/title>\n<meta name=\"robots\" content=\"index, follow, max-snippet:-1, max-image-preview:large, max-video-preview:-1\" \/>\n<link rel=\"canonical\" href=\"https:\/\/www.notibras.com\/site\/vasco-vai-motivado-ao-serra-dourada-para-tentar-recuperacao-e-evitar-segundona\/\" \/>\n<meta property=\"og:locale\" content=\"pt_BR\" \/>\n<meta property=\"og:type\" content=\"article\" \/>\n<meta property=\"og:title\" content=\"Vasco vai motivado a Goi\u00e1s para tentar a recupera\u00e7\u00e3o e evitar cair na Segundona - Notibras\" \/>\n<meta property=\"og:description\" content=\"O Vasco come\u00e7a sua campanha no segundo turno do Brasileir\u00e3o neste s\u00e1bado, \u00e0s 18h30, no Serra Dourada, com seu terceiro t\u00e9cnico no Brasileir\u00e3o 2015. Jorginho, que fez sua estreia na equipe quarta-feira na Copa do Brasil, assumiu o lugar do demitido Celso Roth. Ser\u00e1 o terceiro trabalho do treinador na S\u00e9rie A. Ele j\u00e1 atuou [&hellip;]\" \/>\n<meta property=\"og:url\" content=\"https:\/\/www.notibras.com\/site\/vasco-vai-motivado-ao-serra-dourada-para-tentar-recuperacao-e-evitar-segundona\/\" \/>\n<meta property=\"og:site_name\" content=\"Notibras\" \/>\n<meta property=\"article:publisher\" content=\"https:\/\/www.facebook.com\/notibras\/\" \/>\n<meta property=\"article:published_time\" content=\"2015-08-22T10:08:44+00:00\" \/>\n<meta property=\"article:modified_time\" content=\"2015-08-22T12:17:11+00:00\" \/>\n<meta property=\"og:image\" content=\"https:\/\/www.notibras.com\/site\/wp-content\/uploads\/2015\/08\/137abo76llcx3c04e0wmi3xvn.jpg\" \/>\n\t<meta property=\"og:image:width\" content=\"620\" \/>\n\t<meta property=\"og:image:height\" content=\"415\" \/>\n\t<meta property=\"og:image:type\" content=\"image\/jpeg\" \/>\n<meta name=\"author\" content=\"Reda\u00e7\u00e3o\" \/>\n<meta name=\"twitter:card\" content=\"summary_large_image\" \/>\n<meta name=\"twitter:creator\" content=\"@Notibras\" \/>\n<meta name=\"twitter:site\" content=\"@Notibras\" \/>\n<meta name=\"twitter:label1\" content=\"Escrito por\" \/>\n\t<meta name=\"twitter:data1\" content=\"Reda\u00e7\u00e3o\" \/>\n\t<meta name=\"twitter:label2\" content=\"Est. tempo de leitura\" \/>\n\t<meta name=\"twitter:data2\" content=\"1 minuto\" \/>\n<script type=\"application\/ld+json\" class=\"yoast-schema-graph\">{\"@context\":\"https:\/\/schema.org\",\"@graph\":[{\"@type\":\"Article\",\"@id\":\"https:\/\/www.notibras.com\/site\/vasco-vai-motivado-ao-serra-dourada-para-tentar-recuperacao-e-evitar-segundona\/#article\",\"isPartOf\":{\"@id\":\"https:\/\/www.notibras.com\/site\/vasco-vai-motivado-ao-serra-dourada-para-tentar-recuperacao-e-evitar-segundona\/\"},\"author\":{\"name\":\"Reda\u00e7\u00e3o\",\"@id\":\"https:\/\/www.notibras.com\/site\/#\/schema\/person\/36ab0979449956132d3e5b517ea76ac8\"},\"headline\":\"Vasco vai motivado a Goi\u00e1s para tentar a recupera\u00e7\u00e3o e evitar cair na Segundona\",\"datePublished\":\"2015-08-22T10:08:44+00:00\",\"dateModified\":\"2015-08-22T12:17:11+00:00\",\"mainEntityOfPage\":{\"@id\":\"https:\/\/www.notibras.com\/site\/vasco-vai-motivado-ao-serra-dourada-para-tentar-recuperacao-e-evitar-segundona\/\"},\"wordCount\":243,\"commentCount\":0,\"publisher\":{\"@id\":\"https:\/\/www.notibras.com\/site\/#organization\"},\"image\":{\"@id\":\"https:\/\/www.notibras.com\/site\/vasco-vai-motivado-ao-serra-dourada-para-tentar-recuperacao-e-evitar-segundona\/#primaryimage\"},\"thumbnailUrl\":\"https:\/\/www.notibras.com\/site\/wp-content\/uploads\/2015\/08\/137abo76llcx3c04e0wmi3xvn.jpg\",\"articleSection\":[\"Futebol\"],\"inLanguage\":\"pt-BR\",\"potentialAction\":[{\"@type\":\"CommentAction\",\"name\":\"Comment\",\"target\":[\"https:\/\/www.notibras.com\/site\/vasco-vai-motivado-ao-serra-dourada-para-tentar-recuperacao-e-evitar-segundona\/#respond\"]}]},{\"@type\":\"WebPage\",\"@id\":\"https:\/\/www.notibras.com\/site\/vasco-vai-motivado-ao-serra-dourada-para-tentar-recuperacao-e-evitar-segundona\/\",\"url\":\"https:\/\/www.notibras.com\/site\/vasco-vai-motivado-ao-serra-dourada-para-tentar-recuperacao-e-evitar-segundona\/\",\"name\":\"Vasco vai motivado a Goi\u00e1s para tentar a recupera\u00e7\u00e3o e evitar cair na Segundona - Notibras\",\"isPartOf\":{\"@id\":\"https:\/\/www.notibras.com\/site\/#website\"},\"primaryImageOfPage\":{\"@id\":\"https:\/\/www.notibras.com\/site\/vasco-vai-motivado-ao-serra-dourada-para-tentar-recuperacao-e-evitar-segundona\/#primaryimage\"},\"image\":{\"@id\":\"https:\/\/www.notibras.com\/site\/vasco-vai-motivado-ao-serra-dourada-para-tentar-recuperacao-e-evitar-segundona\/#primaryimage\"},\"thumbnailUrl\":\"https:\/\/www.notibras.com\/site\/wp-content\/uploads\/2015\/08\/137abo76llcx3c04e0wmi3xvn.jpg\",\"datePublished\":\"2015-08-22T10:08:44+00:00\",\"dateModified\":\"2015-08-22T12:17:11+00:00\",\"breadcrumb\":{\"@id\":\"https:\/\/www.notibras.com\/site\/vasco-vai-motivado-ao-serra-dourada-para-tentar-recuperacao-e-evitar-segundona\/#breadcrumb\"},\"inLanguage\":\"pt-BR\",\"potentialAction\":[{\"@type\":\"ReadAction\",\"target\":[\"https:\/\/www.notibras.com\/site\/vasco-vai-motivado-ao-serra-dourada-para-tentar-recuperacao-e-evitar-segundona\/\"]}]},{\"@type\":\"ImageObject\",\"inLanguage\":\"pt-BR\",\"@id\":\"https:\/\/www.notibras.com\/site\/vasco-vai-motivado-ao-serra-dourada-para-tentar-recuperacao-e-evitar-segundona\/#primaryimage\",\"url\":\"https:\/\/www.notibras.com\/site\/wp-content\/uploads\/2015\/08\/137abo76llcx3c04e0wmi3xvn.jpg\",\"contentUrl\":\"https:\/\/www.notibras.com\/site\/wp-content\/uploads\/2015\/08\/137abo76llcx3c04e0wmi3xvn.jpg\",\"width\":620,\"height\":415},{\"@type\":\"BreadcrumbList\",\"@id\":\"https:\/\/www.notibras.com\/site\/vasco-vai-motivado-ao-serra-dourada-para-tentar-recuperacao-e-evitar-segundona\/#breadcrumb\",\"itemListElement\":[{\"@type\":\"ListItem\",\"position\":1,\"name\":\"In\u00edcio\",\"item\":\"https:\/\/www.notibras.com\/site\/\"},{\"@type\":\"ListItem\",\"position\":2,\"name\":\"Vasco vai motivado a Goi\u00e1s para tentar a recupera\u00e7\u00e3o e evitar cair na Segundona\"}]},{\"@type\":\"WebSite\",\"@id\":\"https:\/\/www.notibras.com\/site\/#website\",\"url\":\"https:\/\/www.notibras.com\/site\/\",\"name\":\"Notibras\",\"description\":\"Not\u00edcias de Bras\u00edlia, do Brasil e do Mundo\",\"publisher\":{\"@id\":\"https:\/\/www.notibras.com\/site\/#organization\"},\"potentialAction\":[{\"@type\":\"SearchAction\",\"target\":{\"@type\":\"EntryPoint\",\"urlTemplate\":\"https:\/\/www.notibras.com\/site\/?s={search_term_string}\"},\"query-input\":{\"@type\":\"PropertyValueSpecification\",\"valueRequired\":true,\"valueName\":\"search_term_string\"}}],\"inLanguage\":\"pt-BR\"},{\"@type\":\"Organization\",\"@id\":\"https:\/\/www.notibras.com\/site\/#organization\",\"name\":\"Grupo Notibras de Comunica\u00e7\u00e3o\",\"url\":\"https:\/\/www.notibras.com\/site\/\",\"logo\":{\"@type\":\"ImageObject\",\"inLanguage\":\"pt-BR\",\"@id\":\"https:\/\/www.notibras.com\/site\/#\/schema\/logo\/image\/\",\"url\":\"https:\/\/www.notibras.com\/site\/wp-content\/uploads\/2023\/01\/notibras23.png\",\"contentUrl\":\"https:\/\/www.notibras.com\/site\/wp-content\/uploads\/2023\/01\/notibras23.png\",\"width\":350,\"height\":87,\"caption\":\"Grupo Notibras de Comunica\u00e7\u00e3o\"},\"image\":{\"@id\":\"https:\/\/www.notibras.com\/site\/#\/schema\/logo\/image\/\"},\"sameAs\":[\"https:\/\/www.facebook.com\/notibras\/\",\"https:\/\/x.com\/Notibras\",\"https:\/\/www.instagram.com\/notibras\/\"]},{\"@type\":\"Person\",\"@id\":\"https:\/\/www.notibras.com\/site\/#\/schema\/person\/36ab0979449956132d3e5b517ea76ac8\",\"name\":\"Reda\u00e7\u00e3o\",\"image\":{\"@type\":\"ImageObject\",\"inLanguage\":\"pt-BR\",\"@id\":\"https:\/\/secure.gravatar.com\/avatar\/e0a867bdedb85fd243eadf09663511f96fc81e0720a4a42581f334ad4303aa6b?s=96&d=mm&r=g\",\"url\":\"https:\/\/secure.gravatar.com\/avatar\/e0a867bdedb85fd243eadf09663511f96fc81e0720a4a42581f334ad4303aa6b?s=96&d=mm&r=g\",\"contentUrl\":\"https:\/\/secure.gravatar.com\/avatar\/e0a867bdedb85fd243eadf09663511f96fc81e0720a4a42581f334ad4303aa6b?s=96&d=mm&r=g\",\"caption\":\"Reda\u00e7\u00e3o\"}}]}<\/script>\n<!-- \/ Yoast SEO plugin. -->","yoast_head_json":{"title":"Vasco vai motivado a Goi\u00e1s para tentar a recupera\u00e7\u00e3o e evitar cair na Segundona - Notibras","robots":{"index":"index","follow":"follow","max-snippet":"max-snippet:-1","max-image-preview":"max-image-preview:large","max-video-preview":"max-video-preview:-1"},"canonical":"https:\/\/www.notibras.com\/site\/vasco-vai-motivado-ao-serra-dourada-para-tentar-recuperacao-e-evitar-segundona\/","og_locale":"pt_BR","og_type":"article","og_title":"Vasco vai motivado a Goi\u00e1s para tentar a recupera\u00e7\u00e3o e evitar cair na Segundona - Notibras","og_description":"O Vasco come\u00e7a sua campanha no segundo turno do Brasileir\u00e3o neste s\u00e1bado, \u00e0s 18h30, no Serra Dourada, com seu terceiro t\u00e9cnico no Brasileir\u00e3o 2015. Jorginho, que fez sua estreia na equipe quarta-feira na Copa do Brasil, assumiu o lugar do demitido Celso Roth. Ser\u00e1 o terceiro trabalho do treinador na S\u00e9rie A. Ele j\u00e1 atuou [&hellip;]","og_url":"https:\/\/www.notibras.com\/site\/vasco-vai-motivado-ao-serra-dourada-para-tentar-recuperacao-e-evitar-segundona\/","og_site_name":"Notibras","article_publisher":"https:\/\/www.facebook.com\/notibras\/","article_published_time":"2015-08-22T10:08:44+00:00","article_modified_time":"2015-08-22T12:17:11+00:00","og_image":[{"width":620,"height":415,"url":"https:\/\/www.notibras.com\/site\/wp-content\/uploads\/2015\/08\/137abo76llcx3c04e0wmi3xvn.jpg","type":"image\/jpeg"}],"author":"Reda\u00e7\u00e3o","twitter_card":"summary_large_image","twitter_creator":"@Notibras","twitter_site":"@Notibras","twitter_misc":{"Escrito por":"Reda\u00e7\u00e3o","Est. tempo de leitura":"1 minuto"},"schema":{"@context":"https:\/\/schema.org","@graph":[{"@type":"Article","@id":"https:\/\/www.notibras.com\/site\/vasco-vai-motivado-ao-serra-dourada-para-tentar-recuperacao-e-evitar-segundona\/#article","isPartOf":{"@id":"https:\/\/www.notibras.com\/site\/vasco-vai-motivado-ao-serra-dourada-para-tentar-recuperacao-e-evitar-segundona\/"},"author":{"name":"Reda\u00e7\u00e3o","@id":"https:\/\/www.notibras.com\/site\/#\/schema\/person\/36ab0979449956132d3e5b517ea76ac8"},"headline":"Vasco vai motivado a Goi\u00e1s para tentar a recupera\u00e7\u00e3o e evitar cair na Segundona","datePublished":"2015-08-22T10:08:44+00:00","dateModified":"2015-08-22T12:17:11+00:00","mainEntityOfPage":{"@id":"https:\/\/www.notibras.com\/site\/vasco-vai-motivado-ao-serra-dourada-para-tentar-recuperacao-e-evitar-segundona\/"},"wordCount":243,"commentCount":0,"publisher":{"@id":"https:\/\/www.notibras.com\/site\/#organization"},"image":{"@id":"https:\/\/www.notibras.com\/site\/vasco-vai-motivado-ao-serra-dourada-para-tentar-recuperacao-e-evitar-segundona\/#primaryimage"},"thumbnailUrl":"https:\/\/www.notibras.com\/site\/wp-content\/uploads\/2015\/08\/137abo76llcx3c04e0wmi3xvn.jpg","articleSection":["Futebol"],"inLanguage":"pt-BR","potentialAction":[{"@type":"CommentAction","name":"Comment","target":["https:\/\/www.notibras.com\/site\/vasco-vai-motivado-ao-serra-dourada-para-tentar-recuperacao-e-evitar-segundona\/#respond"]}]},{"@type":"WebPage","@id":"https:\/\/www.notibras.com\/site\/vasco-vai-motivado-ao-serra-dourada-para-tentar-recuperacao-e-evitar-segundona\/","url":"https:\/\/www.notibras.com\/site\/vasco-vai-motivado-ao-serra-dourada-para-tentar-recuperacao-e-evitar-segundona\/","name":"Vasco vai motivado a Goi\u00e1s para tentar a recupera\u00e7\u00e3o e evitar cair na Segundona - Notibras","isPartOf":{"@id":"https:\/\/www.notibras.com\/site\/#website"},"primaryImageOfPage":{"@id":"https:\/\/www.notibras.com\/site\/vasco-vai-motivado-ao-serra-dourada-para-tentar-recuperacao-e-evitar-segundona\/#primaryimage"},"image":{"@id":"https:\/\/www.notibras.com\/site\/vasco-vai-motivado-ao-serra-dourada-para-tentar-recuperacao-e-evitar-segundona\/#primaryimage"},"thumbnailUrl":"https:\/\/www.notibras.com\/site\/wp-content\/uploads\/2015\/08\/137abo76llcx3c04e0wmi3xvn.jpg","datePublished":"2015-08-22T10:08:44+00:00","dateModified":"2015-08-22T12:17:11+00:00","breadcrumb":{"@id":"https:\/\/www.notibras.com\/site\/vasco-vai-motivado-ao-serra-dourada-para-tentar-recuperacao-e-evitar-segundona\/#breadcrumb"},"inLanguage":"pt-BR","potentialAction":[{"@type":"ReadAction","target":["https:\/\/www.notibras.com\/site\/vasco-vai-motivado-ao-serra-dourada-para-tentar-recuperacao-e-evitar-segundona\/"]}]},{"@type":"ImageObject","inLanguage":"pt-BR","@id":"https:\/\/www.notibras.com\/site\/vasco-vai-motivado-ao-serra-dourada-para-tentar-recuperacao-e-evitar-segundona\/#primaryimage","url":"https:\/\/www.notibras.com\/site\/wp-content\/uploads\/2015\/08\/137abo76llcx3c04e0wmi3xvn.jpg","contentUrl":"https:\/\/www.notibras.com\/site\/wp-content\/uploads\/2015\/08\/137abo76llcx3c04e0wmi3xvn.jpg","width":620,"height":415},{"@type":"BreadcrumbList","@id":"https:\/\/www.notibras.com\/site\/vasco-vai-motivado-ao-serra-dourada-para-tentar-recuperacao-e-evitar-segundona\/#breadcrumb","itemListElement":[{"@type":"ListItem","position":1,"name":"In\u00edcio","item":"https:\/\/www.notibras.com\/site\/"},{"@type":"ListItem","position":2,"name":"Vasco vai motivado a Goi\u00e1s para tentar a recupera\u00e7\u00e3o e evitar cair na Segundona"}]},{"@type":"WebSite","@id":"https:\/\/www.notibras.com\/site\/#website","url":"https:\/\/www.notibras.com\/site\/","name":"Notibras","description":"Not\u00edcias de Bras\u00edlia, do Brasil e do Mundo","publisher":{"@id":"https:\/\/www.notibras.com\/site\/#organization"},"potentialAction":[{"@type":"SearchAction","target":{"@type":"EntryPoint","urlTemplate":"https:\/\/www.notibras.com\/site\/?s={search_term_string}"},"query-input":{"@type":"PropertyValueSpecification","valueRequired":true,"valueName":"search_term_string"}}],"inLanguage":"pt-BR"},{"@type":"Organization","@id":"https:\/\/www.notibras.com\/site\/#organization","name":"Grupo Notibras de Comunica\u00e7\u00e3o","url":"https:\/\/www.notibras.com\/site\/","logo":{"@type":"ImageObject","inLanguage":"pt-BR","@id":"https:\/\/www.notibras.com\/site\/#\/schema\/logo\/image\/","url":"https:\/\/www.notibras.com\/site\/wp-content\/uploads\/2023\/01\/notibras23.png","contentUrl":"https:\/\/www.notibras.com\/site\/wp-content\/uploads\/2023\/01\/notibras23.png","width":350,"height":87,"caption":"Grupo Notibras de Comunica\u00e7\u00e3o"},"image":{"@id":"https:\/\/www.notibras.com\/site\/#\/schema\/logo\/image\/"},"sameAs":["https:\/\/www.facebook.com\/notibras\/","https:\/\/x.com\/Notibras","https:\/\/www.instagram.com\/notibras\/"]},{"@type":"Person","@id":"https:\/\/www.notibras.com\/site\/#\/schema\/person\/36ab0979449956132d3e5b517ea76ac8","name":"Reda\u00e7\u00e3o","image":{"@type":"ImageObject","inLanguage":"pt-BR","@id":"https:\/\/secure.gravatar.com\/avatar\/e0a867bdedb85fd243eadf09663511f96fc81e0720a4a42581f334ad4303aa6b?s=96&d=mm&r=g","url":"https:\/\/secure.gravatar.com\/avatar\/e0a867bdedb85fd243eadf09663511f96fc81e0720a4a42581f334ad4303aa6b?s=96&d=mm&r=g","contentUrl":"https:\/\/secure.gravatar.com\/avatar\/e0a867bdedb85fd243eadf09663511f96fc81e0720a4a42581f334ad4303aa6b?s=96&d=mm&r=g","caption":"Reda\u00e7\u00e3o"}}]}},"amp_enabled":true,"_links":{"self":[{"href":"https:\/\/www.notibras.com\/site\/wp-json\/wp\/v2\/posts\/63751","targetHints":{"allow":["GET"]}}],"collection":[{"href":"https:\/\/www.notibras.com\/site\/wp-json\/wp\/v2\/posts"}],"about":[{"href":"https:\/\/www.notibras.com\/site\/wp-json\/wp\/v2\/types\/post"}],"author":[{"embeddable":true,"href":"https:\/\/www.notibras.com\/site\/wp-json\/wp\/v2\/users\/2"}],"replies":[{"embeddable":true,"href":"https:\/\/www.notibras.com\/site\/wp-json\/wp\/v2\/comments?post=63751"}],"version-history":[{"count":3,"href":"https:\/\/www.notibras.com\/site\/wp-json\/wp\/v2\/posts\/63751\/revisions"}],"predecessor-version":[{"id":63756,"href":"https:\/\/www.notibras.com\/site\/wp-json\/wp\/v2\/posts\/63751\/revisions\/63756"}],"wp:featuredmedia":[{"embeddable":true,"href":"https:\/\/www.notibras.com\/site\/wp-json\/wp\/v2\/media\/63752"}],"wp:attachment":[{"href":"https:\/\/www.notibras.com\/site\/wp-json\/wp\/v2\/media?parent=63751"}],"wp:term":[{"taxonomy":"category","embeddable":true,"href":"https:\/\/www.notibras.com\/site\/wp-json\/wp\/v2\/categories?post=63751"},{"taxonomy":"post_tag","embeddable":true,"href":"https:\/\/www.notibras.com\/site\/wp-json\/wp\/v2\/tags?post=63751"}],"curies":[{"name":"wp","href":"https:\/\/api.w.org\/{rel}","templated":true}]}}