{"id":63814,"date":"2015-08-22T20:52:46","date_gmt":"2015-08-22T23:52:46","guid":{"rendered":"http:\/\/www.notibras.com\/site\/?p=63814"},"modified":"2015-08-22T20:52:46","modified_gmt":"2015-08-22T23:52:46","slug":"caso-cunha-tera-sangria-e-sera-longo-e-doloroso-preve-analista-politico-do-diap","status":"publish","type":"post","link":"https:\/\/www.notibras.com\/site\/caso-cunha-tera-sangria-e-sera-longo-e-doloroso-preve-analista-politico-do-diap\/","title":{"rendered":"Caso Cunha ter\u00e1 sangria e ser\u00e1 longo e doloroso, prev\u00ea analista pol\u00edtico do Diap"},"content":{"rendered":"<p>No Congresso ou no Supremo Tribunal Federal (STF), o desfecho de uma poss\u00edvel investiga\u00e7\u00e3o sobre o presidente da C\u00e2mara, Eduardo Cunha (PMDB-RJ), n\u00e3o deve ser r\u00e1pido. Diante da den\u00fancia apresentada pelo procurador-geral da Rep\u00fablica, Rodrigo Janot, que acusa o parlamentar de lavagem de dinheiro e corrup\u00e7\u00e3o ativa, com base nas investiga\u00e7\u00f5es da Opera\u00e7\u00e3o Lava Jato, os dois \u00f3rg\u00e3os precisam seguir um passo a passo previsto em ritos espec\u00edficos que podem arrastar o processo por anos.<\/p>\n<p>Analista pol\u00edtico, Ant\u00f4nio Augusto de Queiroz, diretor de Documenta\u00e7\u00e3o do Departamento Intersindical de Assessoria Parlamentar (Diap), duvida que o processo seja conclu\u00eddo antes do fim do mandato de Cunha na presid\u00eancia \u2013 de dois anos, segundo o Regimento Interno.&#8221;<br \/>\nSegundo Queiroz, um eventual pedido de afastamento por decis\u00e3o do STF ou do Conselho de \u00c9tica da C\u00e2mara teria de passar pelo plen\u00e1rio da Casa. \u201cA Constitui\u00e7\u00e3o n\u00e3o autoriza destituir certo poder sem autoriza\u00e7\u00e3o da casa que ele preside\u201d, disse o analista.<\/p>\n<p>Para Queiroz, o caminho mais curto seria a ren\u00fancia de Cunha. Queiroz disse acreditar que o parlamentar \u201cn\u00e3o vai aguentar a press\u00e3o\u201d. Reconhecido como um dos pesquisadores com maior quantidade de dados sobre opini\u00f5es de parlamentares brasileiros, o analista pol\u00edtico afirma que, dos 513 deputados, um ter\u00e7o defende a perman\u00eancia de Cunha, um ter\u00e7o quer sua sa\u00edda e o outro ter\u00e7o n\u00e3o manifesta posi\u00e7\u00e3o.<\/p>\n<p>Eduardo Cunha segue irredut\u00edvel sobre a eventual ren\u00fancia. Desde que a den\u00fancia foi oficializada, ele tem declarado ser inocente e estar sereno diante das acusa\u00e7\u00f5es. Na sexta-feira (21), o deputado deixou claro: \u201cn\u00e3o h\u00e1 a menor possibilidade de n\u00e3o continuar \u00e0 frente da C\u00e2mara at\u00e9 o fim do mandato para o qual fui eleito\u201d. Cunha garantiu que ningu\u00e9m vai \u201cconstrang\u00ea-lo\u201d e desafiou qualquer advogado a encontrar provas na den\u00fancia de Janot. \u201cN\u00e3o h\u00e1 uma \u00fanica prova contra mim em todas as p\u00e1ginas\u201d, afirmou.<\/p>\n<p><strong>Partidos divididos<\/strong><\/p>\n<p>Ant\u00f4nio Queiroz lembra que \u201co simples fato de ter dado entrado na den\u00fancia j\u00e1 \u00e9 elemento suficiente para que algum partido adote a\u00e7\u00f5es pol\u00edticas ou correcionais no \u00e2mbito da Casa\u201d. Isso significa que os partidos podem pedir abertura de um processo de cassa\u00e7\u00e3o no Conselho de \u00c9tica, mesmo antes de uma decis\u00e3o do Supremo. Deputados do PSOL, PSB, PT, PPS, PDT, PMDB, PR, PSC, Pros e PTB j\u00e1 pediram o afastamento de Cunha, classificando sua situa\u00e7\u00e3o como \u201cinsustent\u00e1vel\u201d.<\/p>\n<p>Se houver apresenta\u00e7\u00e3o de um pedido de cassa\u00e7\u00e3o, o Conselho de \u00c9tica define um relator, cujo parecer vai influir na aceita\u00e7\u00e3o ou n\u00e3o do pedido. O acusado tem 10 dias para encaminhar seus argumentos de defesa. Se o processo for iniciado, o colegiado tem 40 dias \u00fateis para dilig\u00eancias, nos casos de perda de mandato, ou 30 dias se o pedido for para suspens\u00e3o de mandato.<\/p>\n<p>A partir da\u00ed, os integrantes do Conselho t\u00eam mais 10 dias para decidir se h\u00e1 proced\u00eancia no pedido e se ela \u00e9 parcial ou total. Caso haja sinaliza\u00e7\u00e3o para perda ou suspens\u00e3o do mandato, o acusado tem mais cinco dias para recorrer \u00e0 Comiss\u00e3o de Constitui\u00e7\u00e3o e Justi\u00e7a (CCJ), que tem mais cinco dias para se manifestar.<\/p>\n<p>Se a CCJ n\u00e3o acatar o recurso, o parecer do Conselho de \u00c9tica \u00e9 lido no plen\u00e1rio da C\u00e2mara e fica pronto para ser votado. A Mesa da Casa tem prazo de 90 dias para incluir o pedido de cassa\u00e7\u00e3o na ordem do dia do plen\u00e1rio. A partir do momento em que entra em pauta, tranca-se a vota\u00e7\u00e3o de qualquer outra proposi\u00e7\u00e3o. Qualquer cidad\u00e3o tamb\u00e9m pode entrar com representa\u00e7\u00e3o contra Cunha e o processo passar\u00e1 pelo mesmo rito do Conselho de \u00c9tica, mas, antes, ter\u00e1 de ser analisado pela Corregedoria da C\u00e2mara.<\/p>\n<p><strong>Supremo<\/strong><\/p>\n<p>A den\u00fancia apresentada por Janot apenas oficializa a acusa\u00e7\u00e3o contra Eduardo Cunha. A investiga\u00e7\u00e3o sobre a participa\u00e7\u00e3o do deputado em crimes de corrup\u00e7\u00e3o passiva e lavagem de dinheiro envolvendo irregularidades na Petrobras ainda precisa cumprir uma s\u00e9rie de exig\u00eancias.<\/p>\n<p>O relator dos processos da Opera\u00e7\u00e3o Lava Jato no Supremo Tribunal Federal (STF), ministro Teori Zavascki, ter\u00e1 de notificar a defesa de Cunha e esperar a resposta, que pode ser enviada em 15 dias.<\/p>\n<p>Depois disso, o Minist\u00e9rio P\u00fablico Federal (MPF) ainda pode rebater a defesa. Apenas a partir da\u00ed, o plen\u00e1rio do STF se re\u00fane para decidir se aceita ou n\u00e3o a den\u00fancia. Caso aceite, o parlamentar vira r\u00e9u e \u00e9 aberta a a\u00e7\u00e3o penal em que come\u00e7am a ser tomados depoimentos, apresentadas provas e contestadas as informa\u00e7\u00f5es. Somente ap\u00f3s esse tr\u00e2mite, ocorre o julgamento final.<\/p>\n<p>Na hip\u00f3tese de o STF condenar Eduardo Cunha, a C\u00e2mara ter\u00e1 de avaliar a cassa\u00e7\u00e3o do parlamentar. De acordo com a Secretaria-Geral da Mesa da Casa, a decis\u00e3o da Corte precisa passar pela sindic\u00e2ncia da Corregedoria, que tem 30 dias para an\u00e1lise, prorrog\u00e1veis por mais 30, . Depois disso, o Conselho de \u00c9tica ainda ter\u00e1 de se manifestar antes de o processo chegar finalmente ao plen\u00e1rio, onde a vota\u00e7\u00e3o \u00e9 aberta.<\/p>\n<p><strong>Presidentes acusados<\/strong><\/p>\n<p>Na hist\u00f3ria da C\u00e2mara, Cunha \u00e9 o terceiro deputado a enfrentar uma situa\u00e7\u00e3o de den\u00fancia como presidente da Casa. O atual deputado estadual Ibsen Pinheiro (PMDB-RS), que ocupou a mesma cadeira entre 1991 e 1993, acabou sendo cassado em maio de 1994, acusado de envolvimento em esquema de emendas parlamentares. Ele foi investigado pela Comiss\u00e3o Parlamentar de Inqu\u00e9rito (CPI) dos An\u00f5es do Or\u00e7amento.<\/p>\n<p>A acusa\u00e7\u00e3o que associou seu nome ao esc\u00e2ndalo, baseada em suposta movimenta\u00e7\u00e3o de US$ 1milh\u00e3o, acabou sendo desmentida. O desmentido ocorreu mais de dez anos depois e Ibsen acabou ineleg\u00edvel por oito anos, como determina a Lei da Ficha Limpa. O peemedebista ga\u00facho comandou a C\u00e2mara durante o processo de impeachment do ent\u00e3o presidente Fernando Collor, hoje senador e tamb\u00e9m inclu\u00eddo na lista de Janot.<\/p>\n<p>Em setembro de 2005, o ent\u00e3o deputado Severino Cavalcanti (PP-PE) renunciou \u00e0 presid\u00eancia da C\u00e2mara, ap\u00f3s 218 dias no cargo. Cavalcanti foi acusado de cobrar propinas mensais de R$ 10 mil do dono de um restaurante que funcionava na Casa. A propina garantia a renova\u00e7\u00e3o do contrato de concess\u00e3o do servi\u00e7o, acertada durante o per\u00edodo em que ele ocupou a Primeira-Secretaria, entre 2001 e 2002.<\/p>\n<p>No comando da C\u00e2mara, o ex-parlamentar tamb\u00e9m foi alvo de procuradores da Rep\u00fablica do Distrito Federal, que pediram abertura de investiga\u00e7\u00e3o contra ele ao Tribunal de Contas da Uni\u00e3o (TCU) por pr\u00e1tica de nepotismo.<\/p>\n<p><strong>Carolina Gon\u00e7alves, ABr<\/strong><\/p>\n","protected":false},"excerpt":{"rendered":"<p>No Congresso ou no Supremo Tribunal Federal (STF), o desfecho de uma poss\u00edvel investiga\u00e7\u00e3o sobre o presidente da C\u00e2mara, Eduardo Cunha (PMDB-RJ), n\u00e3o deve ser r\u00e1pido. Diante da den\u00fancia apresentada pelo procurador-geral da Rep\u00fablica, Rodrigo Janot, que acusa o parlamentar de lavagem de dinheiro e corrup\u00e7\u00e3o ativa, com base nas investiga\u00e7\u00f5es da Opera\u00e7\u00e3o Lava Jato, [&hellip;]<\/p>\n","protected":false},"author":2,"featured_media":63815,"comment_status":"open","ping_status":"closed","sticky":false,"template":"","format":"standard","meta":{"_acf_changed":false,"footnotes":""},"categories":[16],"tags":[],"class_list":["post-63814","post","type-post","status-publish","format-standard","has-post-thumbnail","hentry","category-brasil"],"acf":[],"yoast_head":"<!-- This site is optimized with the Yoast SEO plugin v27.2 - https:\/\/yoast.com\/product\/yoast-seo-wordpress\/ -->\n<title>Caso Cunha ter\u00e1 sangria e ser\u00e1 longo e doloroso, prev\u00ea analista pol\u00edtico do Diap - Notibras<\/title>\n<meta name=\"robots\" content=\"index, follow, max-snippet:-1, max-image-preview:large, max-video-preview:-1\" \/>\n<link rel=\"canonical\" href=\"https:\/\/www.notibras.com\/site\/caso-cunha-tera-sangria-e-sera-longo-e-doloroso-preve-analista-politico-do-diap\/\" \/>\n<meta property=\"og:locale\" content=\"pt_BR\" \/>\n<meta property=\"og:type\" content=\"article\" \/>\n<meta property=\"og:title\" content=\"Caso Cunha ter\u00e1 sangria e ser\u00e1 longo e doloroso, prev\u00ea analista pol\u00edtico do Diap - Notibras\" \/>\n<meta property=\"og:description\" content=\"No Congresso ou no Supremo Tribunal Federal (STF), o desfecho de uma poss\u00edvel investiga\u00e7\u00e3o sobre o presidente da C\u00e2mara, Eduardo Cunha (PMDB-RJ), n\u00e3o deve ser r\u00e1pido. Diante da den\u00fancia apresentada pelo procurador-geral da Rep\u00fablica, Rodrigo Janot, que acusa o parlamentar de lavagem de dinheiro e corrup\u00e7\u00e3o ativa, com base nas investiga\u00e7\u00f5es da Opera\u00e7\u00e3o Lava Jato, [&hellip;]\" \/>\n<meta property=\"og:url\" content=\"https:\/\/www.notibras.com\/site\/caso-cunha-tera-sangria-e-sera-longo-e-doloroso-preve-analista-politico-do-diap\/\" \/>\n<meta property=\"og:site_name\" content=\"Notibras\" \/>\n<meta property=\"article:publisher\" content=\"https:\/\/www.facebook.com\/notibras\/\" \/>\n<meta property=\"article:published_time\" content=\"2015-08-22T23:52:46+00:00\" \/>\n<meta property=\"og:image\" content=\"https:\/\/www.notibras.com\/site\/wp-content\/uploads\/2015\/08\/aaq.jpg\" \/>\n\t<meta property=\"og:image:width\" content=\"2003\" \/>\n\t<meta property=\"og:image:height\" content=\"1312\" \/>\n\t<meta property=\"og:image:type\" content=\"image\/jpeg\" \/>\n<meta name=\"author\" content=\"Reda\u00e7\u00e3o\" \/>\n<meta name=\"twitter:card\" content=\"summary_large_image\" \/>\n<meta name=\"twitter:creator\" content=\"@Notibras\" \/>\n<meta name=\"twitter:site\" content=\"@Notibras\" \/>\n<meta name=\"twitter:label1\" content=\"Escrito por\" \/>\n\t<meta name=\"twitter:data1\" content=\"Reda\u00e7\u00e3o\" \/>\n\t<meta name=\"twitter:label2\" content=\"Est. tempo de leitura\" \/>\n\t<meta name=\"twitter:data2\" content=\"6 minutos\" \/>\n<script type=\"application\/ld+json\" class=\"yoast-schema-graph\">{\"@context\":\"https:\/\/schema.org\",\"@graph\":[{\"@type\":\"Article\",\"@id\":\"https:\/\/www.notibras.com\/site\/caso-cunha-tera-sangria-e-sera-longo-e-doloroso-preve-analista-politico-do-diap\/#article\",\"isPartOf\":{\"@id\":\"https:\/\/www.notibras.com\/site\/caso-cunha-tera-sangria-e-sera-longo-e-doloroso-preve-analista-politico-do-diap\/\"},\"author\":{\"name\":\"Reda\u00e7\u00e3o\",\"@id\":\"https:\/\/www.notibras.com\/site\/#\/schema\/person\/36ab0979449956132d3e5b517ea76ac8\"},\"headline\":\"Caso Cunha ter\u00e1 sangria e ser\u00e1 longo e doloroso, prev\u00ea analista pol\u00edtico do Diap\",\"datePublished\":\"2015-08-22T23:52:46+00:00\",\"mainEntityOfPage\":{\"@id\":\"https:\/\/www.notibras.com\/site\/caso-cunha-tera-sangria-e-sera-longo-e-doloroso-preve-analista-politico-do-diap\/\"},\"wordCount\":1165,\"commentCount\":0,\"publisher\":{\"@id\":\"https:\/\/www.notibras.com\/site\/#organization\"},\"image\":{\"@id\":\"https:\/\/www.notibras.com\/site\/caso-cunha-tera-sangria-e-sera-longo-e-doloroso-preve-analista-politico-do-diap\/#primaryimage\"},\"thumbnailUrl\":\"https:\/\/www.notibras.com\/site\/wp-content\/uploads\/2015\/08\/aaq.jpg\",\"articleSection\":[\"Brasil\"],\"inLanguage\":\"pt-BR\",\"potentialAction\":[{\"@type\":\"CommentAction\",\"name\":\"Comment\",\"target\":[\"https:\/\/www.notibras.com\/site\/caso-cunha-tera-sangria-e-sera-longo-e-doloroso-preve-analista-politico-do-diap\/#respond\"]}]},{\"@type\":\"WebPage\",\"@id\":\"https:\/\/www.notibras.com\/site\/caso-cunha-tera-sangria-e-sera-longo-e-doloroso-preve-analista-politico-do-diap\/\",\"url\":\"https:\/\/www.notibras.com\/site\/caso-cunha-tera-sangria-e-sera-longo-e-doloroso-preve-analista-politico-do-diap\/\",\"name\":\"Caso Cunha ter\u00e1 sangria e ser\u00e1 longo e doloroso, prev\u00ea analista pol\u00edtico do Diap - Notibras\",\"isPartOf\":{\"@id\":\"https:\/\/www.notibras.com\/site\/#website\"},\"primaryImageOfPage\":{\"@id\":\"https:\/\/www.notibras.com\/site\/caso-cunha-tera-sangria-e-sera-longo-e-doloroso-preve-analista-politico-do-diap\/#primaryimage\"},\"image\":{\"@id\":\"https:\/\/www.notibras.com\/site\/caso-cunha-tera-sangria-e-sera-longo-e-doloroso-preve-analista-politico-do-diap\/#primaryimage\"},\"thumbnailUrl\":\"https:\/\/www.notibras.com\/site\/wp-content\/uploads\/2015\/08\/aaq.jpg\",\"datePublished\":\"2015-08-22T23:52:46+00:00\",\"breadcrumb\":{\"@id\":\"https:\/\/www.notibras.com\/site\/caso-cunha-tera-sangria-e-sera-longo-e-doloroso-preve-analista-politico-do-diap\/#breadcrumb\"},\"inLanguage\":\"pt-BR\",\"potentialAction\":[{\"@type\":\"ReadAction\",\"target\":[\"https:\/\/www.notibras.com\/site\/caso-cunha-tera-sangria-e-sera-longo-e-doloroso-preve-analista-politico-do-diap\/\"]}]},{\"@type\":\"ImageObject\",\"inLanguage\":\"pt-BR\",\"@id\":\"https:\/\/www.notibras.com\/site\/caso-cunha-tera-sangria-e-sera-longo-e-doloroso-preve-analista-politico-do-diap\/#primaryimage\",\"url\":\"https:\/\/www.notibras.com\/site\/wp-content\/uploads\/2015\/08\/aaq.jpg\",\"contentUrl\":\"https:\/\/www.notibras.com\/site\/wp-content\/uploads\/2015\/08\/aaq.jpg\",\"width\":2003,\"height\":1312},{\"@type\":\"BreadcrumbList\",\"@id\":\"https:\/\/www.notibras.com\/site\/caso-cunha-tera-sangria-e-sera-longo-e-doloroso-preve-analista-politico-do-diap\/#breadcrumb\",\"itemListElement\":[{\"@type\":\"ListItem\",\"position\":1,\"name\":\"In\u00edcio\",\"item\":\"https:\/\/www.notibras.com\/site\/\"},{\"@type\":\"ListItem\",\"position\":2,\"name\":\"Caso Cunha ter\u00e1 sangria e ser\u00e1 longo e doloroso, prev\u00ea analista pol\u00edtico do Diap\"}]},{\"@type\":\"WebSite\",\"@id\":\"https:\/\/www.notibras.com\/site\/#website\",\"url\":\"https:\/\/www.notibras.com\/site\/\",\"name\":\"Notibras\",\"description\":\"Not\u00edcias de Bras\u00edlia, do Brasil e do Mundo\",\"publisher\":{\"@id\":\"https:\/\/www.notibras.com\/site\/#organization\"},\"potentialAction\":[{\"@type\":\"SearchAction\",\"target\":{\"@type\":\"EntryPoint\",\"urlTemplate\":\"https:\/\/www.notibras.com\/site\/?s={search_term_string}\"},\"query-input\":{\"@type\":\"PropertyValueSpecification\",\"valueRequired\":true,\"valueName\":\"search_term_string\"}}],\"inLanguage\":\"pt-BR\"},{\"@type\":\"Organization\",\"@id\":\"https:\/\/www.notibras.com\/site\/#organization\",\"name\":\"Grupo Notibras de Comunica\u00e7\u00e3o\",\"url\":\"https:\/\/www.notibras.com\/site\/\",\"logo\":{\"@type\":\"ImageObject\",\"inLanguage\":\"pt-BR\",\"@id\":\"https:\/\/www.notibras.com\/site\/#\/schema\/logo\/image\/\",\"url\":\"https:\/\/www.notibras.com\/site\/wp-content\/uploads\/2023\/01\/notibras23.png\",\"contentUrl\":\"https:\/\/www.notibras.com\/site\/wp-content\/uploads\/2023\/01\/notibras23.png\",\"width\":350,\"height\":87,\"caption\":\"Grupo Notibras de Comunica\u00e7\u00e3o\"},\"image\":{\"@id\":\"https:\/\/www.notibras.com\/site\/#\/schema\/logo\/image\/\"},\"sameAs\":[\"https:\/\/www.facebook.com\/notibras\/\",\"https:\/\/x.com\/Notibras\",\"https:\/\/www.instagram.com\/notibras\/\"]},{\"@type\":\"Person\",\"@id\":\"https:\/\/www.notibras.com\/site\/#\/schema\/person\/36ab0979449956132d3e5b517ea76ac8\",\"name\":\"Reda\u00e7\u00e3o\",\"image\":{\"@type\":\"ImageObject\",\"inLanguage\":\"pt-BR\",\"@id\":\"https:\/\/secure.gravatar.com\/avatar\/e0a867bdedb85fd243eadf09663511f96fc81e0720a4a42581f334ad4303aa6b?s=96&d=mm&r=g\",\"url\":\"https:\/\/secure.gravatar.com\/avatar\/e0a867bdedb85fd243eadf09663511f96fc81e0720a4a42581f334ad4303aa6b?s=96&d=mm&r=g\",\"contentUrl\":\"https:\/\/secure.gravatar.com\/avatar\/e0a867bdedb85fd243eadf09663511f96fc81e0720a4a42581f334ad4303aa6b?s=96&d=mm&r=g\",\"caption\":\"Reda\u00e7\u00e3o\"}}]}<\/script>\n<!-- \/ Yoast SEO plugin. -->","yoast_head_json":{"title":"Caso Cunha ter\u00e1 sangria e ser\u00e1 longo e doloroso, prev\u00ea analista pol\u00edtico do Diap - Notibras","robots":{"index":"index","follow":"follow","max-snippet":"max-snippet:-1","max-image-preview":"max-image-preview:large","max-video-preview":"max-video-preview:-1"},"canonical":"https:\/\/www.notibras.com\/site\/caso-cunha-tera-sangria-e-sera-longo-e-doloroso-preve-analista-politico-do-diap\/","og_locale":"pt_BR","og_type":"article","og_title":"Caso Cunha ter\u00e1 sangria e ser\u00e1 longo e doloroso, prev\u00ea analista pol\u00edtico do Diap - Notibras","og_description":"No Congresso ou no Supremo Tribunal Federal (STF), o desfecho de uma poss\u00edvel investiga\u00e7\u00e3o sobre o presidente da C\u00e2mara, Eduardo Cunha (PMDB-RJ), n\u00e3o deve ser r\u00e1pido. Diante da den\u00fancia apresentada pelo procurador-geral da Rep\u00fablica, Rodrigo Janot, que acusa o parlamentar de lavagem de dinheiro e corrup\u00e7\u00e3o ativa, com base nas investiga\u00e7\u00f5es da Opera\u00e7\u00e3o Lava Jato, [&hellip;]","og_url":"https:\/\/www.notibras.com\/site\/caso-cunha-tera-sangria-e-sera-longo-e-doloroso-preve-analista-politico-do-diap\/","og_site_name":"Notibras","article_publisher":"https:\/\/www.facebook.com\/notibras\/","article_published_time":"2015-08-22T23:52:46+00:00","og_image":[{"width":2003,"height":1312,"url":"https:\/\/www.notibras.com\/site\/wp-content\/uploads\/2015\/08\/aaq.jpg","type":"image\/jpeg"}],"author":"Reda\u00e7\u00e3o","twitter_card":"summary_large_image","twitter_creator":"@Notibras","twitter_site":"@Notibras","twitter_misc":{"Escrito por":"Reda\u00e7\u00e3o","Est. tempo de leitura":"6 minutos"},"schema":{"@context":"https:\/\/schema.org","@graph":[{"@type":"Article","@id":"https:\/\/www.notibras.com\/site\/caso-cunha-tera-sangria-e-sera-longo-e-doloroso-preve-analista-politico-do-diap\/#article","isPartOf":{"@id":"https:\/\/www.notibras.com\/site\/caso-cunha-tera-sangria-e-sera-longo-e-doloroso-preve-analista-politico-do-diap\/"},"author":{"name":"Reda\u00e7\u00e3o","@id":"https:\/\/www.notibras.com\/site\/#\/schema\/person\/36ab0979449956132d3e5b517ea76ac8"},"headline":"Caso Cunha ter\u00e1 sangria e ser\u00e1 longo e doloroso, prev\u00ea analista pol\u00edtico do Diap","datePublished":"2015-08-22T23:52:46+00:00","mainEntityOfPage":{"@id":"https:\/\/www.notibras.com\/site\/caso-cunha-tera-sangria-e-sera-longo-e-doloroso-preve-analista-politico-do-diap\/"},"wordCount":1165,"commentCount":0,"publisher":{"@id":"https:\/\/www.notibras.com\/site\/#organization"},"image":{"@id":"https:\/\/www.notibras.com\/site\/caso-cunha-tera-sangria-e-sera-longo-e-doloroso-preve-analista-politico-do-diap\/#primaryimage"},"thumbnailUrl":"https:\/\/www.notibras.com\/site\/wp-content\/uploads\/2015\/08\/aaq.jpg","articleSection":["Brasil"],"inLanguage":"pt-BR","potentialAction":[{"@type":"CommentAction","name":"Comment","target":["https:\/\/www.notibras.com\/site\/caso-cunha-tera-sangria-e-sera-longo-e-doloroso-preve-analista-politico-do-diap\/#respond"]}]},{"@type":"WebPage","@id":"https:\/\/www.notibras.com\/site\/caso-cunha-tera-sangria-e-sera-longo-e-doloroso-preve-analista-politico-do-diap\/","url":"https:\/\/www.notibras.com\/site\/caso-cunha-tera-sangria-e-sera-longo-e-doloroso-preve-analista-politico-do-diap\/","name":"Caso Cunha ter\u00e1 sangria e ser\u00e1 longo e doloroso, prev\u00ea analista pol\u00edtico do Diap - Notibras","isPartOf":{"@id":"https:\/\/www.notibras.com\/site\/#website"},"primaryImageOfPage":{"@id":"https:\/\/www.notibras.com\/site\/caso-cunha-tera-sangria-e-sera-longo-e-doloroso-preve-analista-politico-do-diap\/#primaryimage"},"image":{"@id":"https:\/\/www.notibras.com\/site\/caso-cunha-tera-sangria-e-sera-longo-e-doloroso-preve-analista-politico-do-diap\/#primaryimage"},"thumbnailUrl":"https:\/\/www.notibras.com\/site\/wp-content\/uploads\/2015\/08\/aaq.jpg","datePublished":"2015-08-22T23:52:46+00:00","breadcrumb":{"@id":"https:\/\/www.notibras.com\/site\/caso-cunha-tera-sangria-e-sera-longo-e-doloroso-preve-analista-politico-do-diap\/#breadcrumb"},"inLanguage":"pt-BR","potentialAction":[{"@type":"ReadAction","target":["https:\/\/www.notibras.com\/site\/caso-cunha-tera-sangria-e-sera-longo-e-doloroso-preve-analista-politico-do-diap\/"]}]},{"@type":"ImageObject","inLanguage":"pt-BR","@id":"https:\/\/www.notibras.com\/site\/caso-cunha-tera-sangria-e-sera-longo-e-doloroso-preve-analista-politico-do-diap\/#primaryimage","url":"https:\/\/www.notibras.com\/site\/wp-content\/uploads\/2015\/08\/aaq.jpg","contentUrl":"https:\/\/www.notibras.com\/site\/wp-content\/uploads\/2015\/08\/aaq.jpg","width":2003,"height":1312},{"@type":"BreadcrumbList","@id":"https:\/\/www.notibras.com\/site\/caso-cunha-tera-sangria-e-sera-longo-e-doloroso-preve-analista-politico-do-diap\/#breadcrumb","itemListElement":[{"@type":"ListItem","position":1,"name":"In\u00edcio","item":"https:\/\/www.notibras.com\/site\/"},{"@type":"ListItem","position":2,"name":"Caso Cunha ter\u00e1 sangria e ser\u00e1 longo e doloroso, prev\u00ea analista pol\u00edtico do Diap"}]},{"@type":"WebSite","@id":"https:\/\/www.notibras.com\/site\/#website","url":"https:\/\/www.notibras.com\/site\/","name":"Notibras","description":"Not\u00edcias de Bras\u00edlia, do Brasil e do Mundo","publisher":{"@id":"https:\/\/www.notibras.com\/site\/#organization"},"potentialAction":[{"@type":"SearchAction","target":{"@type":"EntryPoint","urlTemplate":"https:\/\/www.notibras.com\/site\/?s={search_term_string}"},"query-input":{"@type":"PropertyValueSpecification","valueRequired":true,"valueName":"search_term_string"}}],"inLanguage":"pt-BR"},{"@type":"Organization","@id":"https:\/\/www.notibras.com\/site\/#organization","name":"Grupo Notibras de Comunica\u00e7\u00e3o","url":"https:\/\/www.notibras.com\/site\/","logo":{"@type":"ImageObject","inLanguage":"pt-BR","@id":"https:\/\/www.notibras.com\/site\/#\/schema\/logo\/image\/","url":"https:\/\/www.notibras.com\/site\/wp-content\/uploads\/2023\/01\/notibras23.png","contentUrl":"https:\/\/www.notibras.com\/site\/wp-content\/uploads\/2023\/01\/notibras23.png","width":350,"height":87,"caption":"Grupo Notibras de Comunica\u00e7\u00e3o"},"image":{"@id":"https:\/\/www.notibras.com\/site\/#\/schema\/logo\/image\/"},"sameAs":["https:\/\/www.facebook.com\/notibras\/","https:\/\/x.com\/Notibras","https:\/\/www.instagram.com\/notibras\/"]},{"@type":"Person","@id":"https:\/\/www.notibras.com\/site\/#\/schema\/person\/36ab0979449956132d3e5b517ea76ac8","name":"Reda\u00e7\u00e3o","image":{"@type":"ImageObject","inLanguage":"pt-BR","@id":"https:\/\/secure.gravatar.com\/avatar\/e0a867bdedb85fd243eadf09663511f96fc81e0720a4a42581f334ad4303aa6b?s=96&d=mm&r=g","url":"https:\/\/secure.gravatar.com\/avatar\/e0a867bdedb85fd243eadf09663511f96fc81e0720a4a42581f334ad4303aa6b?s=96&d=mm&r=g","contentUrl":"https:\/\/secure.gravatar.com\/avatar\/e0a867bdedb85fd243eadf09663511f96fc81e0720a4a42581f334ad4303aa6b?s=96&d=mm&r=g","caption":"Reda\u00e7\u00e3o"}}]}},"amp_enabled":true,"_links":{"self":[{"href":"https:\/\/www.notibras.com\/site\/wp-json\/wp\/v2\/posts\/63814","targetHints":{"allow":["GET"]}}],"collection":[{"href":"https:\/\/www.notibras.com\/site\/wp-json\/wp\/v2\/posts"}],"about":[{"href":"https:\/\/www.notibras.com\/site\/wp-json\/wp\/v2\/types\/post"}],"author":[{"embeddable":true,"href":"https:\/\/www.notibras.com\/site\/wp-json\/wp\/v2\/users\/2"}],"replies":[{"embeddable":true,"href":"https:\/\/www.notibras.com\/site\/wp-json\/wp\/v2\/comments?post=63814"}],"version-history":[{"count":1,"href":"https:\/\/www.notibras.com\/site\/wp-json\/wp\/v2\/posts\/63814\/revisions"}],"predecessor-version":[{"id":63816,"href":"https:\/\/www.notibras.com\/site\/wp-json\/wp\/v2\/posts\/63814\/revisions\/63816"}],"wp:featuredmedia":[{"embeddable":true,"href":"https:\/\/www.notibras.com\/site\/wp-json\/wp\/v2\/media\/63815"}],"wp:attachment":[{"href":"https:\/\/www.notibras.com\/site\/wp-json\/wp\/v2\/media?parent=63814"}],"wp:term":[{"taxonomy":"category","embeddable":true,"href":"https:\/\/www.notibras.com\/site\/wp-json\/wp\/v2\/categories?post=63814"},{"taxonomy":"post_tag","embeddable":true,"href":"https:\/\/www.notibras.com\/site\/wp-json\/wp\/v2\/tags?post=63814"}],"curies":[{"name":"wp","href":"https:\/\/api.w.org\/{rel}","templated":true}]}}