{"id":63817,"date":"2015-08-22T23:59:17","date_gmt":"2015-08-23T02:59:17","guid":{"rendered":"http:\/\/www.notibras.com\/site\/?p=63817"},"modified":"2015-08-23T03:02:32","modified_gmt":"2015-08-23T06:02:32","slug":"vasco-tem-dois-expulsos-e-volta-para-o-rio-goleado-pelo-goias","status":"publish","type":"post","link":"https:\/\/www.notibras.com\/site\/vasco-tem-dois-expulsos-e-volta-para-o-rio-goleado-pelo-goias\/","title":{"rendered":"Vasco tem dois expulsos e volta para o Rio goleado pelo Goi\u00e1s"},"content":{"rendered":"<p>O Vasco demonstrou nos primeiros cinco minutos do jogo contra o Goi\u00e1s, no Serra Dourada, que era um time mudado. Mas foi mera ilus\u00e3o. O time provou, no decorrer da partida, que deixou no Rio a obedi\u00eancia t\u00e1tica e a determina\u00e7\u00e3o com as quais golpeou o Flamengo no primeiro jogo da Copa do Brasil.<\/p>\n<p>Neste domingo, foi um time perdido em praticamente todos os sentidos em Goi\u00e2nia\u00a0e s\u00f3 escapou de um vexame formid\u00e1vel por preciosismo do Goi\u00e1s, que venceu por 3 a 0, mantendo os cruz-maltinos em situa\u00e7\u00e3o desesperadora no Brasileiro, pois al\u00e9m de lanterna, o Vasco perde em todo os quesitos de desempate.<\/p>\n<p>O time da casa j\u00e1 saiu atropelando, deixando o advers\u00e1rio at\u00f4nito, e de tal forma que abriu o placar logo aos quatro minutos: Gimenez cobrou lateral e Bruno Henrique desviou de cabe\u00e7a para o estreante Z\u00e9 Love, que acertou uma bela bicicleta. Da\u00ed em diante, o Vasco viveu aut\u00eantico pesadelo, tamb\u00e9m ditado por um terr\u00edvel descontrole emocional. Aos oito, Z\u00e9 Love, sem marca\u00e7\u00e3o, bateu para fora. Aos 11, Erik chutou na trave. Aos 15, Christianno puxou Bruno Henrique na \u00e1rea, em p\u00eanalti, observado pelo assistente Alex Ang Ribeiro, que Erik cobrou \u00e0 esquerda: 2 a 0.<\/p>\n<p>Aos 20, Jorge Henrique foi expulso, ao reagir a um p\u00e9 alto de Bruno Henrique. Na realidade, n\u00e3o seria absurdo afirmar que a arbitragem exagerou, pois houve viol\u00eancia de ambos os lados, e mais, algumas pancadas do Goi\u00e1s tamb\u00e9m n\u00e3o mereceram advert\u00eancia. Nos acr\u00e9scimos, Bruno Henrique desperdi\u00e7ou outra chance, batendo para defesa de Mart\u00edn Silva.<\/p>\n<p>O time verde retornou recuado, em ritmo mais cadenciado, atraindo o Vasco, para liquidar nos contra-ataques. Num deles, aos 30, Mart\u00edn Silva deu rebote em finaliza\u00e7\u00e3o de Bruno Henrique, e Rodrigo &#8211; que tamb\u00e9m levou o vermelho &#8211; empurrou Erik, que apanharia a sobra. Erik cobrou o p\u00eanalti e fez 3 a 0. O Goi\u00e1s perdeu mais gols. S\u00e1bado, 29, o Vasco recebe o Figueirense em S\u00e3o Janu\u00e1rio. Qual o time que se apresentar\u00e1? O da Copa do Brasil ou o do Brasileiro?<\/p>\n<p>O Vasco segue na \u00faltima coloca\u00e7\u00e3o, em 20\u00b0 lugar, com 13 pontos. O pr\u00f3ximo compromisso do Cruz-Maltino \u00e9 pela Copa do Brasil, contra o Flamengo, nesta quarta-feira.<\/p>\n<p>J\u00e1 o Goi\u00e1s deixou a zona de rebaixamento, chegando aos 22 pontos e abrindo dois de vantagem para o Ava\u00ed, atualmente o clube que abre a zona de rebaixamento. O pr\u00f3ximo jogo do Esmeraldino \u00e9 contra o Atl\u00e9tico-PR, 30 de agosto, domingo, na Arena da Baixada.<\/p>\n","protected":false},"excerpt":{"rendered":"<p>O Vasco demonstrou nos primeiros cinco minutos do jogo contra o Goi\u00e1s, no Serra Dourada, que era um time mudado. Mas foi mera ilus\u00e3o. O time provou, no decorrer da partida, que deixou no Rio a obedi\u00eancia t\u00e1tica e a determina\u00e7\u00e3o com as quais golpeou o Flamengo no primeiro jogo da Copa do Brasil. Neste [&hellip;]<\/p>\n","protected":false},"author":2,"featured_media":63818,"comment_status":"open","ping_status":"closed","sticky":false,"template":"","format":"standard","meta":{"_acf_changed":false,"footnotes":""},"categories":[29],"tags":[],"class_list":["post-63817","post","type-post","status-publish","format-standard","has-post-thumbnail","hentry","category-futebol"],"acf":[],"yoast_head":"<!-- This site is optimized with the Yoast SEO plugin v27.2 - https:\/\/yoast.com\/product\/yoast-seo-wordpress\/ -->\n<title>Vasco tem dois expulsos e volta para o Rio goleado pelo Goi\u00e1s - Notibras<\/title>\n<meta name=\"robots\" content=\"index, follow, max-snippet:-1, max-image-preview:large, max-video-preview:-1\" \/>\n<link rel=\"canonical\" href=\"https:\/\/www.notibras.com\/site\/vasco-tem-dois-expulsos-e-volta-para-o-rio-goleado-pelo-goias\/\" \/>\n<meta property=\"og:locale\" content=\"pt_BR\" \/>\n<meta property=\"og:type\" content=\"article\" \/>\n<meta property=\"og:title\" content=\"Vasco tem dois expulsos e volta para o Rio goleado pelo Goi\u00e1s - Notibras\" \/>\n<meta property=\"og:description\" content=\"O Vasco demonstrou nos primeiros cinco minutos do jogo contra o Goi\u00e1s, no Serra Dourada, que era um time mudado. Mas foi mera ilus\u00e3o. O time provou, no decorrer da partida, que deixou no Rio a obedi\u00eancia t\u00e1tica e a determina\u00e7\u00e3o com as quais golpeou o Flamengo no primeiro jogo da Copa do Brasil. Neste [&hellip;]\" \/>\n<meta property=\"og:url\" content=\"https:\/\/www.notibras.com\/site\/vasco-tem-dois-expulsos-e-volta-para-o-rio-goleado-pelo-goias\/\" \/>\n<meta property=\"og:site_name\" content=\"Notibras\" \/>\n<meta property=\"article:publisher\" content=\"https:\/\/www.facebook.com\/notibras\/\" \/>\n<meta property=\"article:published_time\" content=\"2015-08-23T02:59:17+00:00\" \/>\n<meta property=\"article:modified_time\" content=\"2015-08-23T06:02:32+00:00\" \/>\n<meta property=\"og:image\" content=\"https:\/\/www.notibras.com\/site\/wp-content\/uploads\/2015\/08\/Goias-Vasco-imagens-fotoAdalberto-MarquesAGIF_LANIMA20150822_0162_38.jpg\" \/>\n\t<meta property=\"og:image:width\" content=\"585\" \/>\n\t<meta property=\"og:image:height\" content=\"395\" \/>\n\t<meta property=\"og:image:type\" content=\"image\/jpeg\" \/>\n<meta name=\"author\" content=\"Reda\u00e7\u00e3o\" \/>\n<meta name=\"twitter:card\" content=\"summary_large_image\" \/>\n<meta name=\"twitter:creator\" content=\"@Notibras\" \/>\n<meta name=\"twitter:site\" content=\"@Notibras\" \/>\n<meta name=\"twitter:label1\" content=\"Escrito por\" \/>\n\t<meta name=\"twitter:data1\" content=\"Reda\u00e7\u00e3o\" \/>\n\t<meta name=\"twitter:label2\" content=\"Est. tempo de leitura\" \/>\n\t<meta name=\"twitter:data2\" content=\"2 minutos\" \/>\n<script type=\"application\/ld+json\" class=\"yoast-schema-graph\">{\"@context\":\"https:\/\/schema.org\",\"@graph\":[{\"@type\":\"Article\",\"@id\":\"https:\/\/www.notibras.com\/site\/vasco-tem-dois-expulsos-e-volta-para-o-rio-goleado-pelo-goias\/#article\",\"isPartOf\":{\"@id\":\"https:\/\/www.notibras.com\/site\/vasco-tem-dois-expulsos-e-volta-para-o-rio-goleado-pelo-goias\/\"},\"author\":{\"name\":\"Reda\u00e7\u00e3o\",\"@id\":\"https:\/\/www.notibras.com\/site\/#\/schema\/person\/36ab0979449956132d3e5b517ea76ac8\"},\"headline\":\"Vasco tem dois expulsos e volta para o Rio goleado pelo Goi\u00e1s\",\"datePublished\":\"2015-08-23T02:59:17+00:00\",\"dateModified\":\"2015-08-23T06:02:32+00:00\",\"mainEntityOfPage\":{\"@id\":\"https:\/\/www.notibras.com\/site\/vasco-tem-dois-expulsos-e-volta-para-o-rio-goleado-pelo-goias\/\"},\"wordCount\":447,\"commentCount\":0,\"publisher\":{\"@id\":\"https:\/\/www.notibras.com\/site\/#organization\"},\"image\":{\"@id\":\"https:\/\/www.notibras.com\/site\/vasco-tem-dois-expulsos-e-volta-para-o-rio-goleado-pelo-goias\/#primaryimage\"},\"thumbnailUrl\":\"https:\/\/www.notibras.com\/site\/wp-content\/uploads\/2015\/08\/Goias-Vasco-imagens-fotoAdalberto-MarquesAGIF_LANIMA20150822_0162_38.jpg\",\"articleSection\":[\"Futebol\"],\"inLanguage\":\"pt-BR\",\"potentialAction\":[{\"@type\":\"CommentAction\",\"name\":\"Comment\",\"target\":[\"https:\/\/www.notibras.com\/site\/vasco-tem-dois-expulsos-e-volta-para-o-rio-goleado-pelo-goias\/#respond\"]}]},{\"@type\":\"WebPage\",\"@id\":\"https:\/\/www.notibras.com\/site\/vasco-tem-dois-expulsos-e-volta-para-o-rio-goleado-pelo-goias\/\",\"url\":\"https:\/\/www.notibras.com\/site\/vasco-tem-dois-expulsos-e-volta-para-o-rio-goleado-pelo-goias\/\",\"name\":\"Vasco tem dois expulsos e volta para o Rio goleado pelo Goi\u00e1s - Notibras\",\"isPartOf\":{\"@id\":\"https:\/\/www.notibras.com\/site\/#website\"},\"primaryImageOfPage\":{\"@id\":\"https:\/\/www.notibras.com\/site\/vasco-tem-dois-expulsos-e-volta-para-o-rio-goleado-pelo-goias\/#primaryimage\"},\"image\":{\"@id\":\"https:\/\/www.notibras.com\/site\/vasco-tem-dois-expulsos-e-volta-para-o-rio-goleado-pelo-goias\/#primaryimage\"},\"thumbnailUrl\":\"https:\/\/www.notibras.com\/site\/wp-content\/uploads\/2015\/08\/Goias-Vasco-imagens-fotoAdalberto-MarquesAGIF_LANIMA20150822_0162_38.jpg\",\"datePublished\":\"2015-08-23T02:59:17+00:00\",\"dateModified\":\"2015-08-23T06:02:32+00:00\",\"breadcrumb\":{\"@id\":\"https:\/\/www.notibras.com\/site\/vasco-tem-dois-expulsos-e-volta-para-o-rio-goleado-pelo-goias\/#breadcrumb\"},\"inLanguage\":\"pt-BR\",\"potentialAction\":[{\"@type\":\"ReadAction\",\"target\":[\"https:\/\/www.notibras.com\/site\/vasco-tem-dois-expulsos-e-volta-para-o-rio-goleado-pelo-goias\/\"]}]},{\"@type\":\"ImageObject\",\"inLanguage\":\"pt-BR\",\"@id\":\"https:\/\/www.notibras.com\/site\/vasco-tem-dois-expulsos-e-volta-para-o-rio-goleado-pelo-goias\/#primaryimage\",\"url\":\"https:\/\/www.notibras.com\/site\/wp-content\/uploads\/2015\/08\/Goias-Vasco-imagens-fotoAdalberto-MarquesAGIF_LANIMA20150822_0162_38.jpg\",\"contentUrl\":\"https:\/\/www.notibras.com\/site\/wp-content\/uploads\/2015\/08\/Goias-Vasco-imagens-fotoAdalberto-MarquesAGIF_LANIMA20150822_0162_38.jpg\",\"width\":585,\"height\":395},{\"@type\":\"BreadcrumbList\",\"@id\":\"https:\/\/www.notibras.com\/site\/vasco-tem-dois-expulsos-e-volta-para-o-rio-goleado-pelo-goias\/#breadcrumb\",\"itemListElement\":[{\"@type\":\"ListItem\",\"position\":1,\"name\":\"In\u00edcio\",\"item\":\"https:\/\/www.notibras.com\/site\/\"},{\"@type\":\"ListItem\",\"position\":2,\"name\":\"Vasco tem dois expulsos e volta para o Rio goleado pelo Goi\u00e1s\"}]},{\"@type\":\"WebSite\",\"@id\":\"https:\/\/www.notibras.com\/site\/#website\",\"url\":\"https:\/\/www.notibras.com\/site\/\",\"name\":\"Notibras\",\"description\":\"Not\u00edcias de Bras\u00edlia, do Brasil e do Mundo\",\"publisher\":{\"@id\":\"https:\/\/www.notibras.com\/site\/#organization\"},\"potentialAction\":[{\"@type\":\"SearchAction\",\"target\":{\"@type\":\"EntryPoint\",\"urlTemplate\":\"https:\/\/www.notibras.com\/site\/?s={search_term_string}\"},\"query-input\":{\"@type\":\"PropertyValueSpecification\",\"valueRequired\":true,\"valueName\":\"search_term_string\"}}],\"inLanguage\":\"pt-BR\"},{\"@type\":\"Organization\",\"@id\":\"https:\/\/www.notibras.com\/site\/#organization\",\"name\":\"Grupo Notibras de Comunica\u00e7\u00e3o\",\"url\":\"https:\/\/www.notibras.com\/site\/\",\"logo\":{\"@type\":\"ImageObject\",\"inLanguage\":\"pt-BR\",\"@id\":\"https:\/\/www.notibras.com\/site\/#\/schema\/logo\/image\/\",\"url\":\"https:\/\/www.notibras.com\/site\/wp-content\/uploads\/2023\/01\/notibras23.png\",\"contentUrl\":\"https:\/\/www.notibras.com\/site\/wp-content\/uploads\/2023\/01\/notibras23.png\",\"width\":350,\"height\":87,\"caption\":\"Grupo Notibras de Comunica\u00e7\u00e3o\"},\"image\":{\"@id\":\"https:\/\/www.notibras.com\/site\/#\/schema\/logo\/image\/\"},\"sameAs\":[\"https:\/\/www.facebook.com\/notibras\/\",\"https:\/\/x.com\/Notibras\",\"https:\/\/www.instagram.com\/notibras\/\"]},{\"@type\":\"Person\",\"@id\":\"https:\/\/www.notibras.com\/site\/#\/schema\/person\/36ab0979449956132d3e5b517ea76ac8\",\"name\":\"Reda\u00e7\u00e3o\",\"image\":{\"@type\":\"ImageObject\",\"inLanguage\":\"pt-BR\",\"@id\":\"https:\/\/secure.gravatar.com\/avatar\/e0a867bdedb85fd243eadf09663511f96fc81e0720a4a42581f334ad4303aa6b?s=96&d=mm&r=g\",\"url\":\"https:\/\/secure.gravatar.com\/avatar\/e0a867bdedb85fd243eadf09663511f96fc81e0720a4a42581f334ad4303aa6b?s=96&d=mm&r=g\",\"contentUrl\":\"https:\/\/secure.gravatar.com\/avatar\/e0a867bdedb85fd243eadf09663511f96fc81e0720a4a42581f334ad4303aa6b?s=96&d=mm&r=g\",\"caption\":\"Reda\u00e7\u00e3o\"}}]}<\/script>\n<!-- \/ Yoast SEO plugin. -->","yoast_head_json":{"title":"Vasco tem dois expulsos e volta para o Rio goleado pelo Goi\u00e1s - Notibras","robots":{"index":"index","follow":"follow","max-snippet":"max-snippet:-1","max-image-preview":"max-image-preview:large","max-video-preview":"max-video-preview:-1"},"canonical":"https:\/\/www.notibras.com\/site\/vasco-tem-dois-expulsos-e-volta-para-o-rio-goleado-pelo-goias\/","og_locale":"pt_BR","og_type":"article","og_title":"Vasco tem dois expulsos e volta para o Rio goleado pelo Goi\u00e1s - Notibras","og_description":"O Vasco demonstrou nos primeiros cinco minutos do jogo contra o Goi\u00e1s, no Serra Dourada, que era um time mudado. Mas foi mera ilus\u00e3o. O time provou, no decorrer da partida, que deixou no Rio a obedi\u00eancia t\u00e1tica e a determina\u00e7\u00e3o com as quais golpeou o Flamengo no primeiro jogo da Copa do Brasil. Neste [&hellip;]","og_url":"https:\/\/www.notibras.com\/site\/vasco-tem-dois-expulsos-e-volta-para-o-rio-goleado-pelo-goias\/","og_site_name":"Notibras","article_publisher":"https:\/\/www.facebook.com\/notibras\/","article_published_time":"2015-08-23T02:59:17+00:00","article_modified_time":"2015-08-23T06:02:32+00:00","og_image":[{"width":585,"height":395,"url":"https:\/\/www.notibras.com\/site\/wp-content\/uploads\/2015\/08\/Goias-Vasco-imagens-fotoAdalberto-MarquesAGIF_LANIMA20150822_0162_38.jpg","type":"image\/jpeg"}],"author":"Reda\u00e7\u00e3o","twitter_card":"summary_large_image","twitter_creator":"@Notibras","twitter_site":"@Notibras","twitter_misc":{"Escrito por":"Reda\u00e7\u00e3o","Est. tempo de leitura":"2 minutos"},"schema":{"@context":"https:\/\/schema.org","@graph":[{"@type":"Article","@id":"https:\/\/www.notibras.com\/site\/vasco-tem-dois-expulsos-e-volta-para-o-rio-goleado-pelo-goias\/#article","isPartOf":{"@id":"https:\/\/www.notibras.com\/site\/vasco-tem-dois-expulsos-e-volta-para-o-rio-goleado-pelo-goias\/"},"author":{"name":"Reda\u00e7\u00e3o","@id":"https:\/\/www.notibras.com\/site\/#\/schema\/person\/36ab0979449956132d3e5b517ea76ac8"},"headline":"Vasco tem dois expulsos e volta para o Rio goleado pelo Goi\u00e1s","datePublished":"2015-08-23T02:59:17+00:00","dateModified":"2015-08-23T06:02:32+00:00","mainEntityOfPage":{"@id":"https:\/\/www.notibras.com\/site\/vasco-tem-dois-expulsos-e-volta-para-o-rio-goleado-pelo-goias\/"},"wordCount":447,"commentCount":0,"publisher":{"@id":"https:\/\/www.notibras.com\/site\/#organization"},"image":{"@id":"https:\/\/www.notibras.com\/site\/vasco-tem-dois-expulsos-e-volta-para-o-rio-goleado-pelo-goias\/#primaryimage"},"thumbnailUrl":"https:\/\/www.notibras.com\/site\/wp-content\/uploads\/2015\/08\/Goias-Vasco-imagens-fotoAdalberto-MarquesAGIF_LANIMA20150822_0162_38.jpg","articleSection":["Futebol"],"inLanguage":"pt-BR","potentialAction":[{"@type":"CommentAction","name":"Comment","target":["https:\/\/www.notibras.com\/site\/vasco-tem-dois-expulsos-e-volta-para-o-rio-goleado-pelo-goias\/#respond"]}]},{"@type":"WebPage","@id":"https:\/\/www.notibras.com\/site\/vasco-tem-dois-expulsos-e-volta-para-o-rio-goleado-pelo-goias\/","url":"https:\/\/www.notibras.com\/site\/vasco-tem-dois-expulsos-e-volta-para-o-rio-goleado-pelo-goias\/","name":"Vasco tem dois expulsos e volta para o Rio goleado pelo Goi\u00e1s - Notibras","isPartOf":{"@id":"https:\/\/www.notibras.com\/site\/#website"},"primaryImageOfPage":{"@id":"https:\/\/www.notibras.com\/site\/vasco-tem-dois-expulsos-e-volta-para-o-rio-goleado-pelo-goias\/#primaryimage"},"image":{"@id":"https:\/\/www.notibras.com\/site\/vasco-tem-dois-expulsos-e-volta-para-o-rio-goleado-pelo-goias\/#primaryimage"},"thumbnailUrl":"https:\/\/www.notibras.com\/site\/wp-content\/uploads\/2015\/08\/Goias-Vasco-imagens-fotoAdalberto-MarquesAGIF_LANIMA20150822_0162_38.jpg","datePublished":"2015-08-23T02:59:17+00:00","dateModified":"2015-08-23T06:02:32+00:00","breadcrumb":{"@id":"https:\/\/www.notibras.com\/site\/vasco-tem-dois-expulsos-e-volta-para-o-rio-goleado-pelo-goias\/#breadcrumb"},"inLanguage":"pt-BR","potentialAction":[{"@type":"ReadAction","target":["https:\/\/www.notibras.com\/site\/vasco-tem-dois-expulsos-e-volta-para-o-rio-goleado-pelo-goias\/"]}]},{"@type":"ImageObject","inLanguage":"pt-BR","@id":"https:\/\/www.notibras.com\/site\/vasco-tem-dois-expulsos-e-volta-para-o-rio-goleado-pelo-goias\/#primaryimage","url":"https:\/\/www.notibras.com\/site\/wp-content\/uploads\/2015\/08\/Goias-Vasco-imagens-fotoAdalberto-MarquesAGIF_LANIMA20150822_0162_38.jpg","contentUrl":"https:\/\/www.notibras.com\/site\/wp-content\/uploads\/2015\/08\/Goias-Vasco-imagens-fotoAdalberto-MarquesAGIF_LANIMA20150822_0162_38.jpg","width":585,"height":395},{"@type":"BreadcrumbList","@id":"https:\/\/www.notibras.com\/site\/vasco-tem-dois-expulsos-e-volta-para-o-rio-goleado-pelo-goias\/#breadcrumb","itemListElement":[{"@type":"ListItem","position":1,"name":"In\u00edcio","item":"https:\/\/www.notibras.com\/site\/"},{"@type":"ListItem","position":2,"name":"Vasco tem dois expulsos e volta para o Rio goleado pelo Goi\u00e1s"}]},{"@type":"WebSite","@id":"https:\/\/www.notibras.com\/site\/#website","url":"https:\/\/www.notibras.com\/site\/","name":"Notibras","description":"Not\u00edcias de Bras\u00edlia, do Brasil e do Mundo","publisher":{"@id":"https:\/\/www.notibras.com\/site\/#organization"},"potentialAction":[{"@type":"SearchAction","target":{"@type":"EntryPoint","urlTemplate":"https:\/\/www.notibras.com\/site\/?s={search_term_string}"},"query-input":{"@type":"PropertyValueSpecification","valueRequired":true,"valueName":"search_term_string"}}],"inLanguage":"pt-BR"},{"@type":"Organization","@id":"https:\/\/www.notibras.com\/site\/#organization","name":"Grupo Notibras de Comunica\u00e7\u00e3o","url":"https:\/\/www.notibras.com\/site\/","logo":{"@type":"ImageObject","inLanguage":"pt-BR","@id":"https:\/\/www.notibras.com\/site\/#\/schema\/logo\/image\/","url":"https:\/\/www.notibras.com\/site\/wp-content\/uploads\/2023\/01\/notibras23.png","contentUrl":"https:\/\/www.notibras.com\/site\/wp-content\/uploads\/2023\/01\/notibras23.png","width":350,"height":87,"caption":"Grupo Notibras de Comunica\u00e7\u00e3o"},"image":{"@id":"https:\/\/www.notibras.com\/site\/#\/schema\/logo\/image\/"},"sameAs":["https:\/\/www.facebook.com\/notibras\/","https:\/\/x.com\/Notibras","https:\/\/www.instagram.com\/notibras\/"]},{"@type":"Person","@id":"https:\/\/www.notibras.com\/site\/#\/schema\/person\/36ab0979449956132d3e5b517ea76ac8","name":"Reda\u00e7\u00e3o","image":{"@type":"ImageObject","inLanguage":"pt-BR","@id":"https:\/\/secure.gravatar.com\/avatar\/e0a867bdedb85fd243eadf09663511f96fc81e0720a4a42581f334ad4303aa6b?s=96&d=mm&r=g","url":"https:\/\/secure.gravatar.com\/avatar\/e0a867bdedb85fd243eadf09663511f96fc81e0720a4a42581f334ad4303aa6b?s=96&d=mm&r=g","contentUrl":"https:\/\/secure.gravatar.com\/avatar\/e0a867bdedb85fd243eadf09663511f96fc81e0720a4a42581f334ad4303aa6b?s=96&d=mm&r=g","caption":"Reda\u00e7\u00e3o"}}]}},"amp_enabled":true,"_links":{"self":[{"href":"https:\/\/www.notibras.com\/site\/wp-json\/wp\/v2\/posts\/63817","targetHints":{"allow":["GET"]}}],"collection":[{"href":"https:\/\/www.notibras.com\/site\/wp-json\/wp\/v2\/posts"}],"about":[{"href":"https:\/\/www.notibras.com\/site\/wp-json\/wp\/v2\/types\/post"}],"author":[{"embeddable":true,"href":"https:\/\/www.notibras.com\/site\/wp-json\/wp\/v2\/users\/2"}],"replies":[{"embeddable":true,"href":"https:\/\/www.notibras.com\/site\/wp-json\/wp\/v2\/comments?post=63817"}],"version-history":[{"count":1,"href":"https:\/\/www.notibras.com\/site\/wp-json\/wp\/v2\/posts\/63817\/revisions"}],"predecessor-version":[{"id":63819,"href":"https:\/\/www.notibras.com\/site\/wp-json\/wp\/v2\/posts\/63817\/revisions\/63819"}],"wp:featuredmedia":[{"embeddable":true,"href":"https:\/\/www.notibras.com\/site\/wp-json\/wp\/v2\/media\/63818"}],"wp:attachment":[{"href":"https:\/\/www.notibras.com\/site\/wp-json\/wp\/v2\/media?parent=63817"}],"wp:term":[{"taxonomy":"category","embeddable":true,"href":"https:\/\/www.notibras.com\/site\/wp-json\/wp\/v2\/categories?post=63817"},{"taxonomy":"post_tag","embeddable":true,"href":"https:\/\/www.notibras.com\/site\/wp-json\/wp\/v2\/tags?post=63817"}],"curies":[{"name":"wp","href":"https:\/\/api.w.org\/{rel}","templated":true}]}}