{"id":6384,"date":"2014-04-09T13:07:40","date_gmt":"2014-04-09T16:07:40","guid":{"rendered":"http:\/\/www.notibras.com\/site\/?p=6384"},"modified":"2014-04-09T13:19:59","modified_gmt":"2014-04-09T16:19:59","slug":"planalto-da-no-na-oposicao-e-inclui-metro-e-suape-na-cpi-da-petrobras","status":"publish","type":"post","link":"https:\/\/www.notibras.com\/site\/planalto-da-no-na-oposicao-e-inclui-metro-e-suape-na-cpi-da-petrobras\/","title":{"rendered":"Planalto d\u00e1 n\u00f3 na Oposi\u00e7\u00e3o; Metr\u00f4 e Suape entram na CPI"},"content":{"rendered":"<p>A Comiss\u00e3o de Constitui\u00e7\u00e3o e Justi\u00e7a (CCJ) do Senado definiu nesta quarta-feira que a CPI da Petrobras ser\u00e1 ampla, como pretende o governo, com inclus\u00e3o de den\u00fancias de cartel no Metr\u00f4 de S\u00e3o Paulo e de irregularidades envolvendo o porto de Suape, entre outros temas. A decis\u00e3o, que desagrada a oposi\u00e7\u00e3o, segue para o plen\u00e1rio da Casa.<\/p>\n<p>Em protesto, senadores oposicionistas, que foram ao Supremo Tribunal Federal (STF) para garantir a CPI exclusiva da Petrobras, deixaram o plen\u00e1rio da comiss\u00e3o. A senadora Gleisi Hoffmann (PT-PR) chegou a tentar impedir a decis\u00e3o sem a presen\u00e7a dos opositores, mas o presidente da CCJ, Vital do R\u00eago (PMDB-PB), disse que a vota\u00e7\u00e3o era simb\u00f3lica.<\/p>\n<p>A CCJ analisava duas quest\u00f5es de ordem sobre a instala\u00e7\u00e3o de uma CPI da Petrobras. A oposi\u00e7\u00e3o busca uma comiss\u00e3o exclusiva para investigar den\u00fancias contra a Petrobras, enquanto o governo reagiu com uma proposta para incluir temas sens\u00edveis ao PSDB e PSB, patrocinadores da CPI e principais opositores da presidente Dilma Rousseff no cen\u00e1rio eleitoral de 2014.<\/p>\n<p>Gleisi questionou a CPI da oposi\u00e7\u00e3o, por ver \u201cfatos desconexos\u201d nos pedidos de investiga\u00e7\u00e3o da Petrobras. O l\u00edder do PSDB, Aloysio Nunes (SP), tamb\u00e9m contestou a proposta do governo, que inclui Metr\u00f4 e porto de Suape na CPI da Petrobras.<\/p>\n<p>O presidente do Senado, Renan Calheiros (PMDB-AL), decidiu na semana passada que a CPI poderia ser ampla, mas deixou para a CCJ analisar a quest\u00e3o. Com maioria governista, a comiss\u00e3o seguiu o parecer do senador Romero Juc\u00e1 (PMDB-RR), que relatou as quest\u00f5es de ordem e entendeu que n\u00e3o havia impedimento para a CPI ser ampliada.<\/p>\n<p>Juc\u00e1 preponderou, no entanto, que n\u00e3o h\u00e1 uma regra clara sobre instala\u00e7\u00e3o de CPI, e pediu para a Advocacia do Senado provocar o STF para verificar se a cria\u00e7\u00e3o de investiga\u00e7\u00f5es com diversos fatos \u00e9 constitucional. A decis\u00e3o, no entanto, n\u00e3o inviabiliza a CPI atual.<\/p>\n<p>\u201cEsse relat\u00f3rio que eu apresento prev\u00ea a instala\u00e7\u00e3o imediata da CPI. Portanto, ningu\u00e9m est\u00e1 aqui escondendo CPI, ningu\u00e9m est\u00e1 aqui tergiversando, ningu\u00e9m est\u00e1 enterrando CPI, ningu\u00e9m est\u00e1 fazendo nada disso. Todos os quatro temas propostos pela oposi\u00e7\u00e3o est\u00e3o na CPI proposta. Se algum desses temas n\u00e3o estivesse, eu iria propor duas CPIs diferentes, porque um conte\u00fado n\u00e3o estaria dentro do outro\u201d, disse Juc\u00e1, ontem.<\/p>\n<p>A oposi\u00e7\u00e3o, por outro lado, acredita que a pulveriza\u00e7\u00e3o de temas na CPI vai tirar o foco da investiga\u00e7\u00e3o da estatal. \u201cPelo fato de a maioria controlar a agenda das CPIs, pelo fato de ser maioria, pelo fato de ser maioria \u00e9 que essa CPI do fim do mundo que vossas excel\u00eancias prop\u00f5em servir\u00e1 apenas para obstaculizar a investiga\u00e7\u00e3o da Petrobras, porque demorar\u00e3o um tempo infinito sobre os outros aspectos que foram agregados a ela para nunca chegar \u00e0 Petrobras. \u00c9 esse o objetivo do governo\u201d, disse o l\u00edder do PSDB.<\/p>\n<p>\u201cN\u00e3o estou discutindo se \u00e9 poss\u00edvel agregar ou n\u00e3o fatos. O problema \u00e9 que essa CPI chapa branca \u00e9 uma CPI diversionista, \u00e9 para jogar areia nos olhos dos outros, apenas isso. Se quisessem apurar realmente metr\u00f4, ent\u00e3o, que constitu\u00edssem uma CPI aut\u00f4noma. Eu seria o primeiro a assin\u00e1-la\u201d, acrescentou.<\/p>\n<p>A senadora Gleisi Hoffmann lembrou casos em que a situa\u00e7\u00e3o evitou CPIs em governos anteriores ao do PT. Ela prometeu tamb\u00e9m entrar com um mandado de seguran\u00e7a no STF contra a CPI da oposi\u00e7\u00e3o, mas n\u00e3o deu detalhes se manteria a posi\u00e7\u00e3o com a aprova\u00e7\u00e3o da comiss\u00e3o proposta pelo governo.<\/p>\n<p>A CPI ampliada prev\u00ea a investiga\u00e7\u00e3o de irregularidades envolvendo a compra da reginaria de Pasadena, nos EUA, pela Petrobras; o lan\u00e7amento de plataformas inacabadas; o pagamento de propina a funcion\u00e1rios da estatal; e o superfaturamento na constru\u00e7\u00e3o de refinarias.<\/p>\n<p>A comiss\u00e3o investigaria tamb\u00e9m, como incluiu o governo, atividades da Petrobras e do porto de Suape para a constru\u00e7\u00e3o da refinaria Abreu e Lima, em Pernambuco; e contratos de aquisi\u00e7\u00e3o, manuten\u00e7\u00e3o e opera\u00e7\u00e3o de trens, metr\u00f4s e sistemas auxiliares em S\u00e3o Paulo e no Distrito Federal, que envolvam empresas referidas no acordo de leni\u00eancia firmado pela Siemens.<\/p>\n","protected":false},"excerpt":{"rendered":"<p>A Comiss\u00e3o de Constitui\u00e7\u00e3o e Justi\u00e7a (CCJ) do Senado definiu nesta quarta-feira que a CPI da Petrobras ser\u00e1 ampla, como pretende o governo, com inclus\u00e3o de den\u00fancias de cartel no Metr\u00f4 de S\u00e3o Paulo e de irregularidades envolvendo o porto de Suape, entre outros temas. A decis\u00e3o, que desagrada a oposi\u00e7\u00e3o, segue para o plen\u00e1rio [&hellip;]<\/p>\n","protected":false},"author":2,"featured_media":6385,"comment_status":"open","ping_status":"closed","sticky":false,"template":"","format":"standard","meta":{"_acf_changed":false,"footnotes":""},"categories":[16],"tags":[],"class_list":["post-6384","post","type-post","status-publish","format-standard","has-post-thumbnail","hentry","category-brasil"],"acf":[],"yoast_head":"<!-- This site is optimized with the Yoast SEO plugin v27.2 - https:\/\/yoast.com\/product\/yoast-seo-wordpress\/ -->\n<title>Planalto d\u00e1 n\u00f3 na Oposi\u00e7\u00e3o; Metr\u00f4 e Suape entram na CPI - Notibras<\/title>\n<meta name=\"robots\" content=\"index, follow, max-snippet:-1, max-image-preview:large, max-video-preview:-1\" \/>\n<link rel=\"canonical\" href=\"https:\/\/www.notibras.com\/site\/planalto-da-no-na-oposicao-e-inclui-metro-e-suape-na-cpi-da-petrobras\/\" \/>\n<meta property=\"og:locale\" content=\"pt_BR\" \/>\n<meta property=\"og:type\" content=\"article\" \/>\n<meta property=\"og:title\" content=\"Planalto d\u00e1 n\u00f3 na Oposi\u00e7\u00e3o; Metr\u00f4 e Suape entram na CPI - Notibras\" \/>\n<meta property=\"og:description\" content=\"A Comiss\u00e3o de Constitui\u00e7\u00e3o e Justi\u00e7a (CCJ) do Senado definiu nesta quarta-feira que a CPI da Petrobras ser\u00e1 ampla, como pretende o governo, com inclus\u00e3o de den\u00fancias de cartel no Metr\u00f4 de S\u00e3o Paulo e de irregularidades envolvendo o porto de Suape, entre outros temas. A decis\u00e3o, que desagrada a oposi\u00e7\u00e3o, segue para o plen\u00e1rio [&hellip;]\" \/>\n<meta property=\"og:url\" content=\"https:\/\/www.notibras.com\/site\/planalto-da-no-na-oposicao-e-inclui-metro-e-suape-na-cpi-da-petrobras\/\" \/>\n<meta property=\"og:site_name\" content=\"Notibras\" \/>\n<meta property=\"article:publisher\" content=\"https:\/\/www.facebook.com\/notibras\/\" \/>\n<meta property=\"article:published_time\" content=\"2014-04-09T16:07:40+00:00\" \/>\n<meta property=\"article:modified_time\" content=\"2014-04-09T16:19:59+00:00\" \/>\n<meta property=\"og:image\" content=\"https:\/\/www.notibras.com\/site\/wp-content\/uploads\/2014\/04\/910361-cpi_1.jpg\" \/>\n\t<meta property=\"og:image:width\" content=\"992\" \/>\n\t<meta property=\"og:image:height\" content=\"720\" \/>\n\t<meta property=\"og:image:type\" content=\"image\/jpeg\" \/>\n<meta name=\"author\" content=\"Reda\u00e7\u00e3o\" \/>\n<meta name=\"twitter:card\" content=\"summary_large_image\" \/>\n<meta name=\"twitter:creator\" content=\"@Notibras\" \/>\n<meta name=\"twitter:site\" content=\"@Notibras\" \/>\n<meta name=\"twitter:label1\" content=\"Escrito por\" \/>\n\t<meta name=\"twitter:data1\" content=\"Reda\u00e7\u00e3o\" \/>\n\t<meta name=\"twitter:label2\" content=\"Est. tempo de leitura\" \/>\n\t<meta name=\"twitter:data2\" content=\"4 minutos\" \/>\n<script type=\"application\/ld+json\" class=\"yoast-schema-graph\">{\"@context\":\"https:\/\/schema.org\",\"@graph\":[{\"@type\":\"Article\",\"@id\":\"https:\/\/www.notibras.com\/site\/planalto-da-no-na-oposicao-e-inclui-metro-e-suape-na-cpi-da-petrobras\/#article\",\"isPartOf\":{\"@id\":\"https:\/\/www.notibras.com\/site\/planalto-da-no-na-oposicao-e-inclui-metro-e-suape-na-cpi-da-petrobras\/\"},\"author\":{\"name\":\"Reda\u00e7\u00e3o\",\"@id\":\"https:\/\/www.notibras.com\/site\/#\/schema\/person\/36ab0979449956132d3e5b517ea76ac8\"},\"headline\":\"Planalto d\u00e1 n\u00f3 na Oposi\u00e7\u00e3o; Metr\u00f4 e Suape entram na CPI\",\"datePublished\":\"2014-04-09T16:07:40+00:00\",\"dateModified\":\"2014-04-09T16:19:59+00:00\",\"mainEntityOfPage\":{\"@id\":\"https:\/\/www.notibras.com\/site\/planalto-da-no-na-oposicao-e-inclui-metro-e-suape-na-cpi-da-petrobras\/\"},\"wordCount\":746,\"commentCount\":0,\"publisher\":{\"@id\":\"https:\/\/www.notibras.com\/site\/#organization\"},\"image\":{\"@id\":\"https:\/\/www.notibras.com\/site\/planalto-da-no-na-oposicao-e-inclui-metro-e-suape-na-cpi-da-petrobras\/#primaryimage\"},\"thumbnailUrl\":\"https:\/\/www.notibras.com\/site\/wp-content\/uploads\/2014\/04\/910361-cpi_1.jpg\",\"articleSection\":[\"Brasil\"],\"inLanguage\":\"pt-BR\",\"potentialAction\":[{\"@type\":\"CommentAction\",\"name\":\"Comment\",\"target\":[\"https:\/\/www.notibras.com\/site\/planalto-da-no-na-oposicao-e-inclui-metro-e-suape-na-cpi-da-petrobras\/#respond\"]}]},{\"@type\":\"WebPage\",\"@id\":\"https:\/\/www.notibras.com\/site\/planalto-da-no-na-oposicao-e-inclui-metro-e-suape-na-cpi-da-petrobras\/\",\"url\":\"https:\/\/www.notibras.com\/site\/planalto-da-no-na-oposicao-e-inclui-metro-e-suape-na-cpi-da-petrobras\/\",\"name\":\"Planalto d\u00e1 n\u00f3 na Oposi\u00e7\u00e3o; Metr\u00f4 e Suape entram na CPI - Notibras\",\"isPartOf\":{\"@id\":\"https:\/\/www.notibras.com\/site\/#website\"},\"primaryImageOfPage\":{\"@id\":\"https:\/\/www.notibras.com\/site\/planalto-da-no-na-oposicao-e-inclui-metro-e-suape-na-cpi-da-petrobras\/#primaryimage\"},\"image\":{\"@id\":\"https:\/\/www.notibras.com\/site\/planalto-da-no-na-oposicao-e-inclui-metro-e-suape-na-cpi-da-petrobras\/#primaryimage\"},\"thumbnailUrl\":\"https:\/\/www.notibras.com\/site\/wp-content\/uploads\/2014\/04\/910361-cpi_1.jpg\",\"datePublished\":\"2014-04-09T16:07:40+00:00\",\"dateModified\":\"2014-04-09T16:19:59+00:00\",\"breadcrumb\":{\"@id\":\"https:\/\/www.notibras.com\/site\/planalto-da-no-na-oposicao-e-inclui-metro-e-suape-na-cpi-da-petrobras\/#breadcrumb\"},\"inLanguage\":\"pt-BR\",\"potentialAction\":[{\"@type\":\"ReadAction\",\"target\":[\"https:\/\/www.notibras.com\/site\/planalto-da-no-na-oposicao-e-inclui-metro-e-suape-na-cpi-da-petrobras\/\"]}]},{\"@type\":\"ImageObject\",\"inLanguage\":\"pt-BR\",\"@id\":\"https:\/\/www.notibras.com\/site\/planalto-da-no-na-oposicao-e-inclui-metro-e-suape-na-cpi-da-petrobras\/#primaryimage\",\"url\":\"https:\/\/www.notibras.com\/site\/wp-content\/uploads\/2014\/04\/910361-cpi_1.jpg\",\"contentUrl\":\"https:\/\/www.notibras.com\/site\/wp-content\/uploads\/2014\/04\/910361-cpi_1.jpg\",\"width\":992,\"height\":720},{\"@type\":\"BreadcrumbList\",\"@id\":\"https:\/\/www.notibras.com\/site\/planalto-da-no-na-oposicao-e-inclui-metro-e-suape-na-cpi-da-petrobras\/#breadcrumb\",\"itemListElement\":[{\"@type\":\"ListItem\",\"position\":1,\"name\":\"In\u00edcio\",\"item\":\"https:\/\/www.notibras.com\/site\/\"},{\"@type\":\"ListItem\",\"position\":2,\"name\":\"Planalto d\u00e1 n\u00f3 na Oposi\u00e7\u00e3o; Metr\u00f4 e Suape entram na CPI\"}]},{\"@type\":\"WebSite\",\"@id\":\"https:\/\/www.notibras.com\/site\/#website\",\"url\":\"https:\/\/www.notibras.com\/site\/\",\"name\":\"Notibras\",\"description\":\"Not\u00edcias de Bras\u00edlia, do Brasil e do Mundo\",\"publisher\":{\"@id\":\"https:\/\/www.notibras.com\/site\/#organization\"},\"potentialAction\":[{\"@type\":\"SearchAction\",\"target\":{\"@type\":\"EntryPoint\",\"urlTemplate\":\"https:\/\/www.notibras.com\/site\/?s={search_term_string}\"},\"query-input\":{\"@type\":\"PropertyValueSpecification\",\"valueRequired\":true,\"valueName\":\"search_term_string\"}}],\"inLanguage\":\"pt-BR\"},{\"@type\":\"Organization\",\"@id\":\"https:\/\/www.notibras.com\/site\/#organization\",\"name\":\"Grupo Notibras de Comunica\u00e7\u00e3o\",\"url\":\"https:\/\/www.notibras.com\/site\/\",\"logo\":{\"@type\":\"ImageObject\",\"inLanguage\":\"pt-BR\",\"@id\":\"https:\/\/www.notibras.com\/site\/#\/schema\/logo\/image\/\",\"url\":\"https:\/\/www.notibras.com\/site\/wp-content\/uploads\/2023\/01\/notibras23.png\",\"contentUrl\":\"https:\/\/www.notibras.com\/site\/wp-content\/uploads\/2023\/01\/notibras23.png\",\"width\":350,\"height\":87,\"caption\":\"Grupo Notibras de Comunica\u00e7\u00e3o\"},\"image\":{\"@id\":\"https:\/\/www.notibras.com\/site\/#\/schema\/logo\/image\/\"},\"sameAs\":[\"https:\/\/www.facebook.com\/notibras\/\",\"https:\/\/x.com\/Notibras\",\"https:\/\/www.instagram.com\/notibras\/\"]},{\"@type\":\"Person\",\"@id\":\"https:\/\/www.notibras.com\/site\/#\/schema\/person\/36ab0979449956132d3e5b517ea76ac8\",\"name\":\"Reda\u00e7\u00e3o\",\"image\":{\"@type\":\"ImageObject\",\"inLanguage\":\"pt-BR\",\"@id\":\"https:\/\/secure.gravatar.com\/avatar\/e0a867bdedb85fd243eadf09663511f96fc81e0720a4a42581f334ad4303aa6b?s=96&d=mm&r=g\",\"url\":\"https:\/\/secure.gravatar.com\/avatar\/e0a867bdedb85fd243eadf09663511f96fc81e0720a4a42581f334ad4303aa6b?s=96&d=mm&r=g\",\"contentUrl\":\"https:\/\/secure.gravatar.com\/avatar\/e0a867bdedb85fd243eadf09663511f96fc81e0720a4a42581f334ad4303aa6b?s=96&d=mm&r=g\",\"caption\":\"Reda\u00e7\u00e3o\"}}]}<\/script>\n<!-- \/ Yoast SEO plugin. -->","yoast_head_json":{"title":"Planalto d\u00e1 n\u00f3 na Oposi\u00e7\u00e3o; Metr\u00f4 e Suape entram na CPI - Notibras","robots":{"index":"index","follow":"follow","max-snippet":"max-snippet:-1","max-image-preview":"max-image-preview:large","max-video-preview":"max-video-preview:-1"},"canonical":"https:\/\/www.notibras.com\/site\/planalto-da-no-na-oposicao-e-inclui-metro-e-suape-na-cpi-da-petrobras\/","og_locale":"pt_BR","og_type":"article","og_title":"Planalto d\u00e1 n\u00f3 na Oposi\u00e7\u00e3o; Metr\u00f4 e Suape entram na CPI - Notibras","og_description":"A Comiss\u00e3o de Constitui\u00e7\u00e3o e Justi\u00e7a (CCJ) do Senado definiu nesta quarta-feira que a CPI da Petrobras ser\u00e1 ampla, como pretende o governo, com inclus\u00e3o de den\u00fancias de cartel no Metr\u00f4 de S\u00e3o Paulo e de irregularidades envolvendo o porto de Suape, entre outros temas. A decis\u00e3o, que desagrada a oposi\u00e7\u00e3o, segue para o plen\u00e1rio [&hellip;]","og_url":"https:\/\/www.notibras.com\/site\/planalto-da-no-na-oposicao-e-inclui-metro-e-suape-na-cpi-da-petrobras\/","og_site_name":"Notibras","article_publisher":"https:\/\/www.facebook.com\/notibras\/","article_published_time":"2014-04-09T16:07:40+00:00","article_modified_time":"2014-04-09T16:19:59+00:00","og_image":[{"width":992,"height":720,"url":"https:\/\/www.notibras.com\/site\/wp-content\/uploads\/2014\/04\/910361-cpi_1.jpg","type":"image\/jpeg"}],"author":"Reda\u00e7\u00e3o","twitter_card":"summary_large_image","twitter_creator":"@Notibras","twitter_site":"@Notibras","twitter_misc":{"Escrito por":"Reda\u00e7\u00e3o","Est. tempo de leitura":"4 minutos"},"schema":{"@context":"https:\/\/schema.org","@graph":[{"@type":"Article","@id":"https:\/\/www.notibras.com\/site\/planalto-da-no-na-oposicao-e-inclui-metro-e-suape-na-cpi-da-petrobras\/#article","isPartOf":{"@id":"https:\/\/www.notibras.com\/site\/planalto-da-no-na-oposicao-e-inclui-metro-e-suape-na-cpi-da-petrobras\/"},"author":{"name":"Reda\u00e7\u00e3o","@id":"https:\/\/www.notibras.com\/site\/#\/schema\/person\/36ab0979449956132d3e5b517ea76ac8"},"headline":"Planalto d\u00e1 n\u00f3 na Oposi\u00e7\u00e3o; Metr\u00f4 e Suape entram na CPI","datePublished":"2014-04-09T16:07:40+00:00","dateModified":"2014-04-09T16:19:59+00:00","mainEntityOfPage":{"@id":"https:\/\/www.notibras.com\/site\/planalto-da-no-na-oposicao-e-inclui-metro-e-suape-na-cpi-da-petrobras\/"},"wordCount":746,"commentCount":0,"publisher":{"@id":"https:\/\/www.notibras.com\/site\/#organization"},"image":{"@id":"https:\/\/www.notibras.com\/site\/planalto-da-no-na-oposicao-e-inclui-metro-e-suape-na-cpi-da-petrobras\/#primaryimage"},"thumbnailUrl":"https:\/\/www.notibras.com\/site\/wp-content\/uploads\/2014\/04\/910361-cpi_1.jpg","articleSection":["Brasil"],"inLanguage":"pt-BR","potentialAction":[{"@type":"CommentAction","name":"Comment","target":["https:\/\/www.notibras.com\/site\/planalto-da-no-na-oposicao-e-inclui-metro-e-suape-na-cpi-da-petrobras\/#respond"]}]},{"@type":"WebPage","@id":"https:\/\/www.notibras.com\/site\/planalto-da-no-na-oposicao-e-inclui-metro-e-suape-na-cpi-da-petrobras\/","url":"https:\/\/www.notibras.com\/site\/planalto-da-no-na-oposicao-e-inclui-metro-e-suape-na-cpi-da-petrobras\/","name":"Planalto d\u00e1 n\u00f3 na Oposi\u00e7\u00e3o; Metr\u00f4 e Suape entram na CPI - Notibras","isPartOf":{"@id":"https:\/\/www.notibras.com\/site\/#website"},"primaryImageOfPage":{"@id":"https:\/\/www.notibras.com\/site\/planalto-da-no-na-oposicao-e-inclui-metro-e-suape-na-cpi-da-petrobras\/#primaryimage"},"image":{"@id":"https:\/\/www.notibras.com\/site\/planalto-da-no-na-oposicao-e-inclui-metro-e-suape-na-cpi-da-petrobras\/#primaryimage"},"thumbnailUrl":"https:\/\/www.notibras.com\/site\/wp-content\/uploads\/2014\/04\/910361-cpi_1.jpg","datePublished":"2014-04-09T16:07:40+00:00","dateModified":"2014-04-09T16:19:59+00:00","breadcrumb":{"@id":"https:\/\/www.notibras.com\/site\/planalto-da-no-na-oposicao-e-inclui-metro-e-suape-na-cpi-da-petrobras\/#breadcrumb"},"inLanguage":"pt-BR","potentialAction":[{"@type":"ReadAction","target":["https:\/\/www.notibras.com\/site\/planalto-da-no-na-oposicao-e-inclui-metro-e-suape-na-cpi-da-petrobras\/"]}]},{"@type":"ImageObject","inLanguage":"pt-BR","@id":"https:\/\/www.notibras.com\/site\/planalto-da-no-na-oposicao-e-inclui-metro-e-suape-na-cpi-da-petrobras\/#primaryimage","url":"https:\/\/www.notibras.com\/site\/wp-content\/uploads\/2014\/04\/910361-cpi_1.jpg","contentUrl":"https:\/\/www.notibras.com\/site\/wp-content\/uploads\/2014\/04\/910361-cpi_1.jpg","width":992,"height":720},{"@type":"BreadcrumbList","@id":"https:\/\/www.notibras.com\/site\/planalto-da-no-na-oposicao-e-inclui-metro-e-suape-na-cpi-da-petrobras\/#breadcrumb","itemListElement":[{"@type":"ListItem","position":1,"name":"In\u00edcio","item":"https:\/\/www.notibras.com\/site\/"},{"@type":"ListItem","position":2,"name":"Planalto d\u00e1 n\u00f3 na Oposi\u00e7\u00e3o; Metr\u00f4 e Suape entram na CPI"}]},{"@type":"WebSite","@id":"https:\/\/www.notibras.com\/site\/#website","url":"https:\/\/www.notibras.com\/site\/","name":"Notibras","description":"Not\u00edcias de Bras\u00edlia, do Brasil e do Mundo","publisher":{"@id":"https:\/\/www.notibras.com\/site\/#organization"},"potentialAction":[{"@type":"SearchAction","target":{"@type":"EntryPoint","urlTemplate":"https:\/\/www.notibras.com\/site\/?s={search_term_string}"},"query-input":{"@type":"PropertyValueSpecification","valueRequired":true,"valueName":"search_term_string"}}],"inLanguage":"pt-BR"},{"@type":"Organization","@id":"https:\/\/www.notibras.com\/site\/#organization","name":"Grupo Notibras de Comunica\u00e7\u00e3o","url":"https:\/\/www.notibras.com\/site\/","logo":{"@type":"ImageObject","inLanguage":"pt-BR","@id":"https:\/\/www.notibras.com\/site\/#\/schema\/logo\/image\/","url":"https:\/\/www.notibras.com\/site\/wp-content\/uploads\/2023\/01\/notibras23.png","contentUrl":"https:\/\/www.notibras.com\/site\/wp-content\/uploads\/2023\/01\/notibras23.png","width":350,"height":87,"caption":"Grupo Notibras de Comunica\u00e7\u00e3o"},"image":{"@id":"https:\/\/www.notibras.com\/site\/#\/schema\/logo\/image\/"},"sameAs":["https:\/\/www.facebook.com\/notibras\/","https:\/\/x.com\/Notibras","https:\/\/www.instagram.com\/notibras\/"]},{"@type":"Person","@id":"https:\/\/www.notibras.com\/site\/#\/schema\/person\/36ab0979449956132d3e5b517ea76ac8","name":"Reda\u00e7\u00e3o","image":{"@type":"ImageObject","inLanguage":"pt-BR","@id":"https:\/\/secure.gravatar.com\/avatar\/e0a867bdedb85fd243eadf09663511f96fc81e0720a4a42581f334ad4303aa6b?s=96&d=mm&r=g","url":"https:\/\/secure.gravatar.com\/avatar\/e0a867bdedb85fd243eadf09663511f96fc81e0720a4a42581f334ad4303aa6b?s=96&d=mm&r=g","contentUrl":"https:\/\/secure.gravatar.com\/avatar\/e0a867bdedb85fd243eadf09663511f96fc81e0720a4a42581f334ad4303aa6b?s=96&d=mm&r=g","caption":"Reda\u00e7\u00e3o"}}]}},"amp_enabled":true,"_links":{"self":[{"href":"https:\/\/www.notibras.com\/site\/wp-json\/wp\/v2\/posts\/6384","targetHints":{"allow":["GET"]}}],"collection":[{"href":"https:\/\/www.notibras.com\/site\/wp-json\/wp\/v2\/posts"}],"about":[{"href":"https:\/\/www.notibras.com\/site\/wp-json\/wp\/v2\/types\/post"}],"author":[{"embeddable":true,"href":"https:\/\/www.notibras.com\/site\/wp-json\/wp\/v2\/users\/2"}],"replies":[{"embeddable":true,"href":"https:\/\/www.notibras.com\/site\/wp-json\/wp\/v2\/comments?post=6384"}],"version-history":[{"count":0,"href":"https:\/\/www.notibras.com\/site\/wp-json\/wp\/v2\/posts\/6384\/revisions"}],"wp:featuredmedia":[{"embeddable":true,"href":"https:\/\/www.notibras.com\/site\/wp-json\/wp\/v2\/media\/6385"}],"wp:attachment":[{"href":"https:\/\/www.notibras.com\/site\/wp-json\/wp\/v2\/media?parent=6384"}],"wp:term":[{"taxonomy":"category","embeddable":true,"href":"https:\/\/www.notibras.com\/site\/wp-json\/wp\/v2\/categories?post=6384"},{"taxonomy":"post_tag","embeddable":true,"href":"https:\/\/www.notibras.com\/site\/wp-json\/wp\/v2\/tags?post=6384"}],"curies":[{"name":"wp","href":"https:\/\/api.w.org\/{rel}","templated":true}]}}