{"id":63954,"date":"2015-08-23T13:48:18","date_gmt":"2015-08-23T16:48:18","guid":{"rendered":"http:\/\/www.notibras.com\/site\/?p=63954"},"modified":"2015-08-23T14:49:53","modified_gmt":"2015-08-23T17:49:53","slug":"ponte-para-na-trave-de-grohe-e-gremio-comemora-empate-sem-gols-em-campinas","status":"publish","type":"post","link":"https:\/\/www.notibras.com\/site\/ponte-para-na-trave-de-grohe-e-gremio-comemora-empate-sem-gols-em-campinas\/","title":{"rendered":"Ponte para na trave de Grohe e Gr\u00eamio comemora empate sem gols em Campinas"},"content":{"rendered":"<p>Na manh\u00e3 deste domingo, Ponte Preta e Gr\u00eamio empataram em 0 a 0 no Mois\u00e9s Lucarelli, pela 20\u00aa rodada do Campeonato Brasileiro. Em Campinas, a Macaca foi superior ao Tricolor Ga\u00facho, que contou com a trave, duas vezes, e uma segura atua\u00e7\u00e3o de Marcelo Grohe para manter o placar inalterado.<\/p>\n<p>Com o empate, o Gr\u00eamio chega aos 37 pontos na tabela do Brasileir\u00e3o: s\u00e3o quatro jogos sem derrota na competi\u00e7\u00e3o. J\u00e1 a Ponte Preta agora soma 27 pontos e mant\u00e9m uma dist\u00e2ncia consider\u00e1vel da zona de rebaixamento.<\/p>\n<p>Na pr\u00f3xima rodada, a 21\u00aa do Brasileir\u00e3o, o Gr\u00eamio volta a atuar \u00e0s 11h do domingo. No dia 30, o desafio ser\u00e1 contra o Coritiba, em Porto Alegre. A Ponte Preta enfrentar\u00e1 no s\u00e1bado, \u00e0s 21h, o S\u00e3o Paulo no Morumbi.<\/p>\n","protected":false},"excerpt":{"rendered":"<p>Na manh\u00e3 deste domingo, Ponte Preta e Gr\u00eamio empataram em 0 a 0 no Mois\u00e9s Lucarelli, pela 20\u00aa rodada do Campeonato Brasileiro. Em Campinas, a Macaca foi superior ao Tricolor Ga\u00facho, que contou com a trave, duas vezes, e uma segura atua\u00e7\u00e3o de Marcelo Grohe para manter o placar inalterado. Com o empate, o Gr\u00eamio [&hellip;]<\/p>\n","protected":false},"author":2,"featured_media":63955,"comment_status":"open","ping_status":"closed","sticky":false,"template":"","format":"standard","meta":{"_acf_changed":false,"footnotes":""},"categories":[29],"tags":[],"class_list":["post-63954","post","type-post","status-publish","format-standard","has-post-thumbnail","hentry","category-futebol"],"acf":[],"yoast_head":"<!-- This site is optimized with the Yoast SEO plugin v27.2 - https:\/\/yoast.com\/product\/yoast-seo-wordpress\/ -->\n<title>Ponte para na trave de Grohe e Gr\u00eamio comemora empate sem gols em Campinas - Notibras<\/title>\n<meta name=\"robots\" content=\"index, follow, max-snippet:-1, max-image-preview:large, max-video-preview:-1\" \/>\n<link rel=\"canonical\" href=\"https:\/\/www.notibras.com\/site\/ponte-para-na-trave-de-grohe-e-gremio-comemora-empate-sem-gols-em-campinas\/\" \/>\n<meta property=\"og:locale\" content=\"pt_BR\" \/>\n<meta property=\"og:type\" content=\"article\" \/>\n<meta property=\"og:title\" content=\"Ponte para na trave de Grohe e Gr\u00eamio comemora empate sem gols em Campinas - Notibras\" \/>\n<meta property=\"og:description\" content=\"Na manh\u00e3 deste domingo, Ponte Preta e Gr\u00eamio empataram em 0 a 0 no Mois\u00e9s Lucarelli, pela 20\u00aa rodada do Campeonato Brasileiro. Em Campinas, a Macaca foi superior ao Tricolor Ga\u00facho, que contou com a trave, duas vezes, e uma segura atua\u00e7\u00e3o de Marcelo Grohe para manter o placar inalterado. Com o empate, o Gr\u00eamio [&hellip;]\" \/>\n<meta property=\"og:url\" content=\"https:\/\/www.notibras.com\/site\/ponte-para-na-trave-de-grohe-e-gremio-comemora-empate-sem-gols-em-campinas\/\" \/>\n<meta property=\"og:site_name\" content=\"Notibras\" \/>\n<meta property=\"article:publisher\" content=\"https:\/\/www.facebook.com\/notibras\/\" \/>\n<meta property=\"article:published_time\" content=\"2015-08-23T16:48:18+00:00\" \/>\n<meta property=\"article:modified_time\" content=\"2015-08-23T17:49:53+00:00\" \/>\n<meta property=\"og:image\" content=\"https:\/\/www.notibras.com\/site\/wp-content\/uploads\/2015\/08\/Preta-Gremio-Fernando-CalzzaniPhoto-PressLancepress_LANIMA20150823_0071_54.jpg\" \/>\n\t<meta property=\"og:image:width\" content=\"302\" \/>\n\t<meta property=\"og:image:height\" content=\"226\" \/>\n\t<meta property=\"og:image:type\" content=\"image\/jpeg\" \/>\n<meta name=\"author\" content=\"Reda\u00e7\u00e3o\" \/>\n<meta name=\"twitter:card\" content=\"summary_large_image\" \/>\n<meta name=\"twitter:creator\" content=\"@Notibras\" \/>\n<meta name=\"twitter:site\" content=\"@Notibras\" \/>\n<meta name=\"twitter:label1\" content=\"Escrito por\" \/>\n\t<meta name=\"twitter:data1\" content=\"Reda\u00e7\u00e3o\" \/>\n\t<meta name=\"twitter:label2\" content=\"Est. tempo de leitura\" \/>\n\t<meta name=\"twitter:data2\" content=\"1 minuto\" \/>\n<script type=\"application\/ld+json\" class=\"yoast-schema-graph\">{\"@context\":\"https:\/\/schema.org\",\"@graph\":[{\"@type\":\"Article\",\"@id\":\"https:\/\/www.notibras.com\/site\/ponte-para-na-trave-de-grohe-e-gremio-comemora-empate-sem-gols-em-campinas\/#article\",\"isPartOf\":{\"@id\":\"https:\/\/www.notibras.com\/site\/ponte-para-na-trave-de-grohe-e-gremio-comemora-empate-sem-gols-em-campinas\/\"},\"author\":{\"name\":\"Reda\u00e7\u00e3o\",\"@id\":\"https:\/\/www.notibras.com\/site\/#\/schema\/person\/36ab0979449956132d3e5b517ea76ac8\"},\"headline\":\"Ponte para na trave de Grohe e Gr\u00eamio comemora empate sem gols em Campinas\",\"datePublished\":\"2015-08-23T16:48:18+00:00\",\"dateModified\":\"2015-08-23T17:49:53+00:00\",\"mainEntityOfPage\":{\"@id\":\"https:\/\/www.notibras.com\/site\/ponte-para-na-trave-de-grohe-e-gremio-comemora-empate-sem-gols-em-campinas\/\"},\"wordCount\":152,\"commentCount\":0,\"publisher\":{\"@id\":\"https:\/\/www.notibras.com\/site\/#organization\"},\"image\":{\"@id\":\"https:\/\/www.notibras.com\/site\/ponte-para-na-trave-de-grohe-e-gremio-comemora-empate-sem-gols-em-campinas\/#primaryimage\"},\"thumbnailUrl\":\"https:\/\/www.notibras.com\/site\/wp-content\/uploads\/2015\/08\/Preta-Gremio-Fernando-CalzzaniPhoto-PressLancepress_LANIMA20150823_0071_54.jpg\",\"articleSection\":[\"Futebol\"],\"inLanguage\":\"pt-BR\",\"potentialAction\":[{\"@type\":\"CommentAction\",\"name\":\"Comment\",\"target\":[\"https:\/\/www.notibras.com\/site\/ponte-para-na-trave-de-grohe-e-gremio-comemora-empate-sem-gols-em-campinas\/#respond\"]}]},{\"@type\":\"WebPage\",\"@id\":\"https:\/\/www.notibras.com\/site\/ponte-para-na-trave-de-grohe-e-gremio-comemora-empate-sem-gols-em-campinas\/\",\"url\":\"https:\/\/www.notibras.com\/site\/ponte-para-na-trave-de-grohe-e-gremio-comemora-empate-sem-gols-em-campinas\/\",\"name\":\"Ponte para na trave de Grohe e Gr\u00eamio comemora empate sem gols em Campinas - Notibras\",\"isPartOf\":{\"@id\":\"https:\/\/www.notibras.com\/site\/#website\"},\"primaryImageOfPage\":{\"@id\":\"https:\/\/www.notibras.com\/site\/ponte-para-na-trave-de-grohe-e-gremio-comemora-empate-sem-gols-em-campinas\/#primaryimage\"},\"image\":{\"@id\":\"https:\/\/www.notibras.com\/site\/ponte-para-na-trave-de-grohe-e-gremio-comemora-empate-sem-gols-em-campinas\/#primaryimage\"},\"thumbnailUrl\":\"https:\/\/www.notibras.com\/site\/wp-content\/uploads\/2015\/08\/Preta-Gremio-Fernando-CalzzaniPhoto-PressLancepress_LANIMA20150823_0071_54.jpg\",\"datePublished\":\"2015-08-23T16:48:18+00:00\",\"dateModified\":\"2015-08-23T17:49:53+00:00\",\"breadcrumb\":{\"@id\":\"https:\/\/www.notibras.com\/site\/ponte-para-na-trave-de-grohe-e-gremio-comemora-empate-sem-gols-em-campinas\/#breadcrumb\"},\"inLanguage\":\"pt-BR\",\"potentialAction\":[{\"@type\":\"ReadAction\",\"target\":[\"https:\/\/www.notibras.com\/site\/ponte-para-na-trave-de-grohe-e-gremio-comemora-empate-sem-gols-em-campinas\/\"]}]},{\"@type\":\"ImageObject\",\"inLanguage\":\"pt-BR\",\"@id\":\"https:\/\/www.notibras.com\/site\/ponte-para-na-trave-de-grohe-e-gremio-comemora-empate-sem-gols-em-campinas\/#primaryimage\",\"url\":\"https:\/\/www.notibras.com\/site\/wp-content\/uploads\/2015\/08\/Preta-Gremio-Fernando-CalzzaniPhoto-PressLancepress_LANIMA20150823_0071_54.jpg\",\"contentUrl\":\"https:\/\/www.notibras.com\/site\/wp-content\/uploads\/2015\/08\/Preta-Gremio-Fernando-CalzzaniPhoto-PressLancepress_LANIMA20150823_0071_54.jpg\",\"width\":302,\"height\":226},{\"@type\":\"BreadcrumbList\",\"@id\":\"https:\/\/www.notibras.com\/site\/ponte-para-na-trave-de-grohe-e-gremio-comemora-empate-sem-gols-em-campinas\/#breadcrumb\",\"itemListElement\":[{\"@type\":\"ListItem\",\"position\":1,\"name\":\"In\u00edcio\",\"item\":\"https:\/\/www.notibras.com\/site\/\"},{\"@type\":\"ListItem\",\"position\":2,\"name\":\"Ponte para na trave de Grohe e Gr\u00eamio comemora empate sem gols em Campinas\"}]},{\"@type\":\"WebSite\",\"@id\":\"https:\/\/www.notibras.com\/site\/#website\",\"url\":\"https:\/\/www.notibras.com\/site\/\",\"name\":\"Notibras\",\"description\":\"Not\u00edcias de Bras\u00edlia, do Brasil e do Mundo\",\"publisher\":{\"@id\":\"https:\/\/www.notibras.com\/site\/#organization\"},\"potentialAction\":[{\"@type\":\"SearchAction\",\"target\":{\"@type\":\"EntryPoint\",\"urlTemplate\":\"https:\/\/www.notibras.com\/site\/?s={search_term_string}\"},\"query-input\":{\"@type\":\"PropertyValueSpecification\",\"valueRequired\":true,\"valueName\":\"search_term_string\"}}],\"inLanguage\":\"pt-BR\"},{\"@type\":\"Organization\",\"@id\":\"https:\/\/www.notibras.com\/site\/#organization\",\"name\":\"Grupo Notibras de Comunica\u00e7\u00e3o\",\"url\":\"https:\/\/www.notibras.com\/site\/\",\"logo\":{\"@type\":\"ImageObject\",\"inLanguage\":\"pt-BR\",\"@id\":\"https:\/\/www.notibras.com\/site\/#\/schema\/logo\/image\/\",\"url\":\"https:\/\/www.notibras.com\/site\/wp-content\/uploads\/2023\/01\/notibras23.png\",\"contentUrl\":\"https:\/\/www.notibras.com\/site\/wp-content\/uploads\/2023\/01\/notibras23.png\",\"width\":350,\"height\":87,\"caption\":\"Grupo Notibras de Comunica\u00e7\u00e3o\"},\"image\":{\"@id\":\"https:\/\/www.notibras.com\/site\/#\/schema\/logo\/image\/\"},\"sameAs\":[\"https:\/\/www.facebook.com\/notibras\/\",\"https:\/\/x.com\/Notibras\",\"https:\/\/www.instagram.com\/notibras\/\"]},{\"@type\":\"Person\",\"@id\":\"https:\/\/www.notibras.com\/site\/#\/schema\/person\/36ab0979449956132d3e5b517ea76ac8\",\"name\":\"Reda\u00e7\u00e3o\",\"image\":{\"@type\":\"ImageObject\",\"inLanguage\":\"pt-BR\",\"@id\":\"https:\/\/secure.gravatar.com\/avatar\/e0a867bdedb85fd243eadf09663511f96fc81e0720a4a42581f334ad4303aa6b?s=96&d=mm&r=g\",\"url\":\"https:\/\/secure.gravatar.com\/avatar\/e0a867bdedb85fd243eadf09663511f96fc81e0720a4a42581f334ad4303aa6b?s=96&d=mm&r=g\",\"contentUrl\":\"https:\/\/secure.gravatar.com\/avatar\/e0a867bdedb85fd243eadf09663511f96fc81e0720a4a42581f334ad4303aa6b?s=96&d=mm&r=g\",\"caption\":\"Reda\u00e7\u00e3o\"}}]}<\/script>\n<!-- \/ Yoast SEO plugin. -->","yoast_head_json":{"title":"Ponte para na trave de Grohe e Gr\u00eamio comemora empate sem gols em Campinas - Notibras","robots":{"index":"index","follow":"follow","max-snippet":"max-snippet:-1","max-image-preview":"max-image-preview:large","max-video-preview":"max-video-preview:-1"},"canonical":"https:\/\/www.notibras.com\/site\/ponte-para-na-trave-de-grohe-e-gremio-comemora-empate-sem-gols-em-campinas\/","og_locale":"pt_BR","og_type":"article","og_title":"Ponte para na trave de Grohe e Gr\u00eamio comemora empate sem gols em Campinas - Notibras","og_description":"Na manh\u00e3 deste domingo, Ponte Preta e Gr\u00eamio empataram em 0 a 0 no Mois\u00e9s Lucarelli, pela 20\u00aa rodada do Campeonato Brasileiro. Em Campinas, a Macaca foi superior ao Tricolor Ga\u00facho, que contou com a trave, duas vezes, e uma segura atua\u00e7\u00e3o de Marcelo Grohe para manter o placar inalterado. Com o empate, o Gr\u00eamio [&hellip;]","og_url":"https:\/\/www.notibras.com\/site\/ponte-para-na-trave-de-grohe-e-gremio-comemora-empate-sem-gols-em-campinas\/","og_site_name":"Notibras","article_publisher":"https:\/\/www.facebook.com\/notibras\/","article_published_time":"2015-08-23T16:48:18+00:00","article_modified_time":"2015-08-23T17:49:53+00:00","og_image":[{"width":302,"height":226,"url":"https:\/\/www.notibras.com\/site\/wp-content\/uploads\/2015\/08\/Preta-Gremio-Fernando-CalzzaniPhoto-PressLancepress_LANIMA20150823_0071_54.jpg","type":"image\/jpeg"}],"author":"Reda\u00e7\u00e3o","twitter_card":"summary_large_image","twitter_creator":"@Notibras","twitter_site":"@Notibras","twitter_misc":{"Escrito por":"Reda\u00e7\u00e3o","Est. tempo de leitura":"1 minuto"},"schema":{"@context":"https:\/\/schema.org","@graph":[{"@type":"Article","@id":"https:\/\/www.notibras.com\/site\/ponte-para-na-trave-de-grohe-e-gremio-comemora-empate-sem-gols-em-campinas\/#article","isPartOf":{"@id":"https:\/\/www.notibras.com\/site\/ponte-para-na-trave-de-grohe-e-gremio-comemora-empate-sem-gols-em-campinas\/"},"author":{"name":"Reda\u00e7\u00e3o","@id":"https:\/\/www.notibras.com\/site\/#\/schema\/person\/36ab0979449956132d3e5b517ea76ac8"},"headline":"Ponte para na trave de Grohe e Gr\u00eamio comemora empate sem gols em Campinas","datePublished":"2015-08-23T16:48:18+00:00","dateModified":"2015-08-23T17:49:53+00:00","mainEntityOfPage":{"@id":"https:\/\/www.notibras.com\/site\/ponte-para-na-trave-de-grohe-e-gremio-comemora-empate-sem-gols-em-campinas\/"},"wordCount":152,"commentCount":0,"publisher":{"@id":"https:\/\/www.notibras.com\/site\/#organization"},"image":{"@id":"https:\/\/www.notibras.com\/site\/ponte-para-na-trave-de-grohe-e-gremio-comemora-empate-sem-gols-em-campinas\/#primaryimage"},"thumbnailUrl":"https:\/\/www.notibras.com\/site\/wp-content\/uploads\/2015\/08\/Preta-Gremio-Fernando-CalzzaniPhoto-PressLancepress_LANIMA20150823_0071_54.jpg","articleSection":["Futebol"],"inLanguage":"pt-BR","potentialAction":[{"@type":"CommentAction","name":"Comment","target":["https:\/\/www.notibras.com\/site\/ponte-para-na-trave-de-grohe-e-gremio-comemora-empate-sem-gols-em-campinas\/#respond"]}]},{"@type":"WebPage","@id":"https:\/\/www.notibras.com\/site\/ponte-para-na-trave-de-grohe-e-gremio-comemora-empate-sem-gols-em-campinas\/","url":"https:\/\/www.notibras.com\/site\/ponte-para-na-trave-de-grohe-e-gremio-comemora-empate-sem-gols-em-campinas\/","name":"Ponte para na trave de Grohe e Gr\u00eamio comemora empate sem gols em Campinas - Notibras","isPartOf":{"@id":"https:\/\/www.notibras.com\/site\/#website"},"primaryImageOfPage":{"@id":"https:\/\/www.notibras.com\/site\/ponte-para-na-trave-de-grohe-e-gremio-comemora-empate-sem-gols-em-campinas\/#primaryimage"},"image":{"@id":"https:\/\/www.notibras.com\/site\/ponte-para-na-trave-de-grohe-e-gremio-comemora-empate-sem-gols-em-campinas\/#primaryimage"},"thumbnailUrl":"https:\/\/www.notibras.com\/site\/wp-content\/uploads\/2015\/08\/Preta-Gremio-Fernando-CalzzaniPhoto-PressLancepress_LANIMA20150823_0071_54.jpg","datePublished":"2015-08-23T16:48:18+00:00","dateModified":"2015-08-23T17:49:53+00:00","breadcrumb":{"@id":"https:\/\/www.notibras.com\/site\/ponte-para-na-trave-de-grohe-e-gremio-comemora-empate-sem-gols-em-campinas\/#breadcrumb"},"inLanguage":"pt-BR","potentialAction":[{"@type":"ReadAction","target":["https:\/\/www.notibras.com\/site\/ponte-para-na-trave-de-grohe-e-gremio-comemora-empate-sem-gols-em-campinas\/"]}]},{"@type":"ImageObject","inLanguage":"pt-BR","@id":"https:\/\/www.notibras.com\/site\/ponte-para-na-trave-de-grohe-e-gremio-comemora-empate-sem-gols-em-campinas\/#primaryimage","url":"https:\/\/www.notibras.com\/site\/wp-content\/uploads\/2015\/08\/Preta-Gremio-Fernando-CalzzaniPhoto-PressLancepress_LANIMA20150823_0071_54.jpg","contentUrl":"https:\/\/www.notibras.com\/site\/wp-content\/uploads\/2015\/08\/Preta-Gremio-Fernando-CalzzaniPhoto-PressLancepress_LANIMA20150823_0071_54.jpg","width":302,"height":226},{"@type":"BreadcrumbList","@id":"https:\/\/www.notibras.com\/site\/ponte-para-na-trave-de-grohe-e-gremio-comemora-empate-sem-gols-em-campinas\/#breadcrumb","itemListElement":[{"@type":"ListItem","position":1,"name":"In\u00edcio","item":"https:\/\/www.notibras.com\/site\/"},{"@type":"ListItem","position":2,"name":"Ponte para na trave de Grohe e Gr\u00eamio comemora empate sem gols em Campinas"}]},{"@type":"WebSite","@id":"https:\/\/www.notibras.com\/site\/#website","url":"https:\/\/www.notibras.com\/site\/","name":"Notibras","description":"Not\u00edcias de Bras\u00edlia, do Brasil e do Mundo","publisher":{"@id":"https:\/\/www.notibras.com\/site\/#organization"},"potentialAction":[{"@type":"SearchAction","target":{"@type":"EntryPoint","urlTemplate":"https:\/\/www.notibras.com\/site\/?s={search_term_string}"},"query-input":{"@type":"PropertyValueSpecification","valueRequired":true,"valueName":"search_term_string"}}],"inLanguage":"pt-BR"},{"@type":"Organization","@id":"https:\/\/www.notibras.com\/site\/#organization","name":"Grupo Notibras de Comunica\u00e7\u00e3o","url":"https:\/\/www.notibras.com\/site\/","logo":{"@type":"ImageObject","inLanguage":"pt-BR","@id":"https:\/\/www.notibras.com\/site\/#\/schema\/logo\/image\/","url":"https:\/\/www.notibras.com\/site\/wp-content\/uploads\/2023\/01\/notibras23.png","contentUrl":"https:\/\/www.notibras.com\/site\/wp-content\/uploads\/2023\/01\/notibras23.png","width":350,"height":87,"caption":"Grupo Notibras de Comunica\u00e7\u00e3o"},"image":{"@id":"https:\/\/www.notibras.com\/site\/#\/schema\/logo\/image\/"},"sameAs":["https:\/\/www.facebook.com\/notibras\/","https:\/\/x.com\/Notibras","https:\/\/www.instagram.com\/notibras\/"]},{"@type":"Person","@id":"https:\/\/www.notibras.com\/site\/#\/schema\/person\/36ab0979449956132d3e5b517ea76ac8","name":"Reda\u00e7\u00e3o","image":{"@type":"ImageObject","inLanguage":"pt-BR","@id":"https:\/\/secure.gravatar.com\/avatar\/e0a867bdedb85fd243eadf09663511f96fc81e0720a4a42581f334ad4303aa6b?s=96&d=mm&r=g","url":"https:\/\/secure.gravatar.com\/avatar\/e0a867bdedb85fd243eadf09663511f96fc81e0720a4a42581f334ad4303aa6b?s=96&d=mm&r=g","contentUrl":"https:\/\/secure.gravatar.com\/avatar\/e0a867bdedb85fd243eadf09663511f96fc81e0720a4a42581f334ad4303aa6b?s=96&d=mm&r=g","caption":"Reda\u00e7\u00e3o"}}]}},"amp_enabled":true,"_links":{"self":[{"href":"https:\/\/www.notibras.com\/site\/wp-json\/wp\/v2\/posts\/63954","targetHints":{"allow":["GET"]}}],"collection":[{"href":"https:\/\/www.notibras.com\/site\/wp-json\/wp\/v2\/posts"}],"about":[{"href":"https:\/\/www.notibras.com\/site\/wp-json\/wp\/v2\/types\/post"}],"author":[{"embeddable":true,"href":"https:\/\/www.notibras.com\/site\/wp-json\/wp\/v2\/users\/2"}],"replies":[{"embeddable":true,"href":"https:\/\/www.notibras.com\/site\/wp-json\/wp\/v2\/comments?post=63954"}],"version-history":[{"count":1,"href":"https:\/\/www.notibras.com\/site\/wp-json\/wp\/v2\/posts\/63954\/revisions"}],"predecessor-version":[{"id":63956,"href":"https:\/\/www.notibras.com\/site\/wp-json\/wp\/v2\/posts\/63954\/revisions\/63956"}],"wp:featuredmedia":[{"embeddable":true,"href":"https:\/\/www.notibras.com\/site\/wp-json\/wp\/v2\/media\/63955"}],"wp:attachment":[{"href":"https:\/\/www.notibras.com\/site\/wp-json\/wp\/v2\/media?parent=63954"}],"wp:term":[{"taxonomy":"category","embeddable":true,"href":"https:\/\/www.notibras.com\/site\/wp-json\/wp\/v2\/categories?post=63954"},{"taxonomy":"post_tag","embeddable":true,"href":"https:\/\/www.notibras.com\/site\/wp-json\/wp\/v2\/tags?post=63954"}],"curies":[{"name":"wp","href":"https:\/\/api.w.org\/{rel}","templated":true}]}}